{"id":44451,"date":"2018-08-16T22:37:36","date_gmt":"2018-08-17T03:37:36","guid":{"rendered":"http:\/\/www.lospoliticosveracruz.com.mx\/?p=44451"},"modified":"2018-08-16T22:37:36","modified_gmt":"2018-08-17T03:37:36","slug":"el-chile-de-ros","status":"publish","type":"post","link":"https:\/\/lospoliticosveracruz.com\/?p=44451","title":{"rendered":"El chile de Ros"},"content":{"rendered":"<p dir=\"ltr\"><strong>Salvador Mu\u00f1oz<\/strong><\/p>\n<p dir=\"ltr\"><em>Los Pol\u00edticos<\/em><\/p>\n<p>&nbsp;<\/p>\n<p dir=\"ltr\">\n<p dir=\"ltr\">La propuesta de Luis Eduardo Ros Mart\u00ednez de hacer del Chile Xalape\u00f1o el distintivo tur\u00edstico de la Atenas Veracruzana, ha calado profundo en algunas personas como en el presidente de la Uni\u00f3n de Empresarios Hoteleros de la Regi\u00f3n, de Cultura y Aventura, Marcos Su\u00e1rez Dom\u00ednguez, por considerar que es una p\u00e9sima idea, a tal grado que prefiere la grandota de Am\u00e9rico Z\u00fa\u00f1iga\u2026 \u00bfla recuerdan? \u00a1La XL!<\/p>\n<p dir=\"ltr\">La verdad, no s\u00e9 si sea una buena o mala idea hacer del Chile Xalape\u00f1o el \u00edcono de la esta ciudad\u2026 asumo que tendr\u00eda que llevarse a consulta aunque faltar\u00eda ver si la acepta el alcalde Hip\u00f3lito Rodr\u00edguez Herrero\u2026<\/p>\n<p dir=\"ltr\">Pero\u2026 imagine por un momento el lector que el Chile Xalape\u00f1o sea nuestro \u00edcono tur\u00edstico en la capital veracruzana\u2026 por supuesto que en lugar de la Araucaria que est\u00e1 a la entrada de la ciudad llegando por el Puerto, tendr\u00eda que cambiarse para poner all\u00ed \u00a1un enorme chile!<\/p>\n<p dir=\"ltr\">En los accesos a la ciudad, bien valdr\u00eda la pena poner sendos anuncios que le dieran una bienvenida al turista, con algo ad hoc al emblema chiludo: \u201cVisitantes, si\u00e9ntanse como en su casa\u201d.<\/p>\n<p dir=\"ltr\">El gentilicio de \u201cxalape\u00f1o\u201d tendr\u00eda que cambiarse por el de \u201cXalapito\u201d, digo, para estar a tono\u2026 yo, como soy muy penudo, tengo que decir que soy de origen chayotero\u2026 \u00a1la pena me gana! \u00a1qu\u00e9 puedo hacer!<\/p>\n<p dir=\"ltr\">Ros Mart\u00ednez tendr\u00eda que echar abajo la Feria de las Flores para hacer una Feria del Chile, donde si hubiera ciclos de cine, la cinta emblem\u00e1tica tendr\u00eda que ser la obra de Fabrizio Prada y sus \u201cChiles Xalape\u00f1os\u201d, \u00a0y por qu\u00e9 no, crear mesas de debate sobre las recetas de Sor Juana In\u00e9s de la Cruz con este ingrediente o los datos que aporta Salvador Novo al respecto en la vieja Tenochtitl\u00e1n\u2026 conste, puse Novo y no Ovo\u2026 \u00bfs\u00ed saben qu\u00e9 es Ovo, verdad? \u00a1Chin! \u00a1Solito me alburee!<\/p>\n<p dir=\"ltr\">Ahora, con eso de que somos hermanos de qui\u00e9n sabe cu\u00e1ntas ciudades en M\u00e9xico y en el mundo, primero, antes que nada, tendr\u00edamos que refrendar esta figura con Toluca para que ahora s\u00ed, le di\u00e9ramos la mano al chorizo y ellos a su vez, al chile.<\/p>\n<p dir=\"ltr\">Y si se trata de aspirar a proyecciones internacionales, habr\u00eda que hermanar a Chile con Xalapa, para parafrasear esa c\u00e9lebre frase que no recuerdo qui\u00e9n dijo: Xalapa para los chilenos, \u00a1y Chile para los xalape\u00f1os!<\/p>\n<p dir=\"ltr\">Ya despu\u00e9s habr\u00eda que intentar hacerlo con Culiac\u00e1n o Detroit.<\/p>\n<p dir=\"ltr\">Por supuesto, el famoso mercado de La Rotonda tendr\u00eda que ponerle m\u00e1s chile a sus gorditas y quiz\u00e1s hasta este eslogan le podr\u00eda funcionar: \u201cNo es lo mismo ench\u00edlame esta gorda, que eng\u00f3rdame este chile\u201d.<\/p>\n<p dir=\"ltr\">Dato cultural: En algunas regiones, a las gordas igual se les conoce como picadas y en Orizaba, por ejemplo, las conocemos como memelas\u2026 ahora, en t\u00e9rminos eufem\u00edsticos, sea sincero, \u00bfqu\u00e9 se oye mejor? La gorda con chile, la picada con chile o la memela\u2026 luego se los explico.<\/p>\n<p dir=\"ltr\">Claro que llevar al Chile Xalape\u00f1o como \u00edcono de nuestra capital, conllevar\u00eda riesgos por darle la importancia que per se, deber\u00eda de tener\u2026 \u00bfno me cree? Le pongo este ejemplo: Si usted fuera a un restaurante, en lugar de un platillo de papas en chile, \u00a1se tendr\u00eda que pedir un chile en papas!<\/p>\n<p dir=\"ltr\">S\u00f3lo imaginen la albureada que le dar\u00edan al alcalde Hip\u00f3lito Rodr\u00edguez Herrero cuando le dijeran que m\u00e1s que el Chile Xalape\u00f1o, su preferido es el Manzano\u2026 (Chiste local: su jefe de prensa es el amigo Guillermo Manzano).<\/p>\n<p dir=\"ltr\">Y si a Hip\u00f3lito le gusta el Manzano\u2026 \u00bfal Gober Yunes le gusta jalar puro poblano?<\/p>\n<p dir=\"ltr\">Se los resumo; Aunque creo que antes de que se haga realidad esta propuesta, de hacer del chile xalape\u00f1o el emblema tur\u00edstico de la capital veracruzano, se tendr\u00eda que checar si no la tienen registrada nuestros pol\u00edticos porque vaya que durante a\u00f1os \u00a1nos han dado puro chile!<\/p>\n<p>&nbsp;<\/p>\n<p dir=\"ltr\"><span style=\"color: #008000;\"><a style=\"color: #008000;\" href=\"mailto:smcainito@gmail.com\" target=\"_blank\" rel=\"noopener noreferrer\" data-auth=\"NotApplicable\">smcainito@gmail.com<\/a><\/span><\/p>\n","protected":false},"excerpt":{"rendered":"<p>Salvador Mu\u00f1oz Los Pol\u00edticos &nbsp; La propuesta de Luis Eduardo Ros Mart\u00ednez de hacer del Chile Xalape\u00f1o el distintivo tur\u00edstico de la Atenas Veracruzana, ha calado profundo en algunas personas como en el presidente de la Uni\u00f3n de Empresarios Hoteleros de la Regi\u00f3n, de Cultura y Aventura, Marcos Su\u00e1rez Dom\u00ednguez, por considerar que es una [&hellip;]<\/p>\n","protected":false},"author":2,"featured_media":0,"comment_status":"open","ping_status":"open","sticky":false,"template":"","format":"standard","meta":{"tdm_status":"","tdm_grid_status":"","footnotes":""},"categories":[70],"tags":[11259,12367,6204,2618],"class_list":{"0":"post-44451","1":"post","2":"type-post","3":"status-publish","4":"format-standard","6":"category-de-opinion","7":"tag-chiles-xalapenos","8":"tag-luis-eduardo-ros-martinez","9":"tag-marcos-suarez-dominguez","10":"tag-sor-juana-ines-de-la-cruz"},"yoast_head":"<!-- This site is optimized with the Yoast SEO plugin v27.4 - https:\/\/yoast.com\/product\/yoast-seo-wordpress\/ -->\n<title>El chile de Ros - Los pol\u00edticos Veracruz<\/title>\n<meta name=\"robots\" content=\"index, follow, max-snippet:-1, max-image-preview:large, max-video-preview:-1\" \/>\n<link rel=\"canonical\" href=\"https:\/\/lospoliticosveracruz.com\/?p=44451\" \/>\n<meta property=\"og:locale\" content=\"es_ES\" \/>\n<meta property=\"og:type\" content=\"article\" \/>\n<meta property=\"og:title\" content=\"El chile de Ros - Los pol\u00edticos Veracruz\" \/>\n<meta property=\"og:description\" content=\"Salvador Mu\u00f1oz Los Pol\u00edticos &nbsp; La propuesta de Luis Eduardo Ros Mart\u00ednez de hacer del Chile Xalape\u00f1o el distintivo tur\u00edstico de la Atenas Veracruzana, ha calado profundo en algunas personas como en el presidente de la Uni\u00f3n de Empresarios Hoteleros de la Regi\u00f3n, de Cultura y Aventura, Marcos Su\u00e1rez Dom\u00ednguez, por considerar que es una [&hellip;]\" \/>\n<meta property=\"og:url\" content=\"https:\/\/lospoliticosveracruz.com\/?p=44451\" \/>\n<meta property=\"og:site_name\" content=\"Los pol\u00edticos Veracruz\" \/>\n<meta property=\"article:publisher\" content=\"https:\/\/www.facebook.com\/people\/Notimemes-de-los-Polticos\/61565672886568\/\" \/>\n<meta property=\"article:published_time\" content=\"2018-08-17T03:37:36+00:00\" \/>\n<meta property=\"og:image\" content=\"https:\/\/lospoliticosveracruz.com\/wp-content\/uploads\/2016\/07\/Logo-Dor.jpg\" \/>\n\t<meta property=\"og:image:width\" content=\"200\" \/>\n\t<meta property=\"og:image:height\" content=\"200\" \/>\n\t<meta property=\"og:image:type\" content=\"image\/jpeg\" \/>\n<meta name=\"author\" content=\"Lo viste en Los Pol\u00edticos\" \/>\n<meta name=\"twitter:card\" content=\"summary_large_image\" \/>\n<meta name=\"twitter:creator\" content=\"@LosPoliticosVer\" \/>\n<meta name=\"twitter:site\" content=\"@LosPoliticosVer\" \/>\n<meta name=\"twitter:label1\" content=\"Escrito por\" \/>\n\t<meta name=\"twitter:data1\" content=\"Lo viste en Los Pol\u00edticos\" \/>\n\t<meta name=\"twitter:label2\" content=\"Tiempo de lectura\" \/>\n\t<meta name=\"twitter:data2\" content=\"4 minutos\" \/>\n<script type=\"application\/ld+json\" class=\"yoast-schema-graph\">{\"@context\":\"https:\\\/\\\/schema.org\",\"@graph\":[{\"@type\":\"Article\",\"@id\":\"https:\\\/\\\/lospoliticosveracruz.com\\\/?p=44451#article\",\"isPartOf\":{\"@id\":\"https:\\\/\\\/lospoliticosveracruz.com\\\/?p=44451\"},\"author\":{\"name\":\"Lo viste en Los Pol\u00edticos\",\"@id\":\"https:\\\/\\\/lospoliticosveracruz.com\\\/#\\\/schema\\\/person\\\/b8702bb0e538456e6efd07080bf2a4a2\"},\"headline\":\"El chile de Ros\",\"datePublished\":\"2018-08-17T03:37:36+00:00\",\"mainEntityOfPage\":{\"@id\":\"https:\\\/\\\/lospoliticosveracruz.com\\\/?p=44451\"},\"wordCount\":717,\"commentCount\":0,\"publisher\":{\"@id\":\"https:\\\/\\\/lospoliticosveracruz.com\\\/#organization\"},\"keywords\":[\"Chiles Xalape\u00f1os\",\"Luis Eduardo Ros Mart\u00ednez\",\"Marcos Su\u00e1rez Dom\u00ednguez\",\"Sor Juana In\u00e9s de la Cruz\"],\"articleSection\":[\"De Opini\u00f3n\"],\"inLanguage\":\"es\",\"potentialAction\":[{\"@type\":\"CommentAction\",\"name\":\"Comment\",\"target\":[\"https:\\\/\\\/lospoliticosveracruz.com\\\/?p=44451#respond\"]}]},{\"@type\":\"WebPage\",\"@id\":\"https:\\\/\\\/lospoliticosveracruz.com\\\/?p=44451\",\"url\":\"https:\\\/\\\/lospoliticosveracruz.com\\\/?p=44451\",\"name\":\"El chile de Ros - Los pol\u00edticos Veracruz\",\"isPartOf\":{\"@id\":\"https:\\\/\\\/lospoliticosveracruz.com\\\/#website\"},\"datePublished\":\"2018-08-17T03:37:36+00:00\",\"breadcrumb\":{\"@id\":\"https:\\\/\\\/lospoliticosveracruz.com\\\/?p=44451#breadcrumb\"},\"inLanguage\":\"es\",\"potentialAction\":[{\"@type\":\"ReadAction\",\"target\":[\"https:\\\/\\\/lospoliticosveracruz.com\\\/?p=44451\"]}]},{\"@type\":\"BreadcrumbList\",\"@id\":\"https:\\\/\\\/lospoliticosveracruz.com\\\/?p=44451#breadcrumb\",\"itemListElement\":[{\"@type\":\"ListItem\",\"position\":1,\"name\":\"Portada\",\"item\":\"https:\\\/\\\/lospoliticosveracruz.com\\\/\"},{\"@type\":\"ListItem\",\"position\":2,\"name\":\"El chile de Ros\"}]},{\"@type\":\"WebSite\",\"@id\":\"https:\\\/\\\/lospoliticosveracruz.com\\\/#website\",\"url\":\"https:\\\/\\\/lospoliticosveracruz.com\\\/\",\"name\":\"Los pol\u00edticos Veracruz\",\"description\":\"\",\"publisher\":{\"@id\":\"https:\\\/\\\/lospoliticosveracruz.com\\\/#organization\"},\"potentialAction\":[{\"@type\":\"SearchAction\",\"target\":{\"@type\":\"EntryPoint\",\"urlTemplate\":\"https:\\\/\\\/lospoliticosveracruz.com\\\/?s={search_term_string}\"},\"query-input\":{\"@type\":\"PropertyValueSpecification\",\"valueRequired\":true,\"valueName\":\"search_term_string\"}}],\"inLanguage\":\"es\"},{\"@type\":\"Organization\",\"@id\":\"https:\\\/\\\/lospoliticosveracruz.com\\\/#organization\",\"name\":\"Los pol\u00edticos Veracruz\",\"url\":\"https:\\\/\\\/lospoliticosveracruz.com\\\/\",\"logo\":{\"@type\":\"ImageObject\",\"inLanguage\":\"es\",\"@id\":\"https:\\\/\\\/lospoliticosveracruz.com\\\/#\\\/schema\\\/logo\\\/image\\\/\",\"url\":\"https:\\\/\\\/lospoliticosveracruz.com\\\/wp-content\\\/uploads\\\/2025\\\/12\\\/Logo-Nuevo-LOS-POLITICOS-1.jpg\",\"contentUrl\":\"https:\\\/\\\/lospoliticosveracruz.com\\\/wp-content\\\/uploads\\\/2025\\\/12\\\/Logo-Nuevo-LOS-POLITICOS-1.jpg\",\"width\":260,\"height\":70,\"caption\":\"Los pol\u00edticos Veracruz\"},\"image\":{\"@id\":\"https:\\\/\\\/lospoliticosveracruz.com\\\/#\\\/schema\\\/logo\\\/image\\\/\"},\"sameAs\":[\"https:\\\/\\\/www.facebook.com\\\/people\\\/Notimemes-de-los-Polticos\\\/61565672886568\\\/\",\"https:\\\/\\\/x.com\\\/LosPoliticosVer\"]},{\"@type\":\"Person\",\"@id\":\"https:\\\/\\\/lospoliticosveracruz.com\\\/#\\\/schema\\\/person\\\/b8702bb0e538456e6efd07080bf2a4a2\",\"name\":\"Lo viste en Los Pol\u00edticos\",\"image\":{\"@type\":\"ImageObject\",\"inLanguage\":\"es\",\"@id\":\"https:\\\/\\\/secure.gravatar.com\\\/avatar\\\/3a8de04a2656d44082be478bd6c086daa447c4651605818287b9532d3d0bd435?s=96&d=mm&r=g\",\"url\":\"https:\\\/\\\/secure.gravatar.com\\\/avatar\\\/3a8de04a2656d44082be478bd6c086daa447c4651605818287b9532d3d0bd435?s=96&d=mm&r=g\",\"contentUrl\":\"https:\\\/\\\/secure.gravatar.com\\\/avatar\\\/3a8de04a2656d44082be478bd6c086daa447c4651605818287b9532d3d0bd435?s=96&d=mm&r=g\",\"caption\":\"Lo viste en Los Pol\u00edticos\"},\"url\":\"https:\\\/\\\/lospoliticosveracruz.com\\\/?author=2\"}]}<\/script>\n<!-- \/ Yoast SEO plugin. -->","yoast_head_json":{"title":"El chile de Ros - Los pol\u00edticos Veracruz","robots":{"index":"index","follow":"follow","max-snippet":"max-snippet:-1","max-image-preview":"max-image-preview:large","max-video-preview":"max-video-preview:-1"},"canonical":"https:\/\/lospoliticosveracruz.com\/?p=44451","og_locale":"es_ES","og_type":"article","og_title":"El chile de Ros - Los pol\u00edticos Veracruz","og_description":"Salvador Mu\u00f1oz Los Pol\u00edticos &nbsp; La propuesta de Luis Eduardo Ros Mart\u00ednez de hacer del Chile Xalape\u00f1o el distintivo tur\u00edstico de la Atenas Veracruzana, ha calado profundo en algunas personas como en el presidente de la Uni\u00f3n de Empresarios Hoteleros de la Regi\u00f3n, de Cultura y Aventura, Marcos Su\u00e1rez Dom\u00ednguez, por considerar que es una [&hellip;]","og_url":"https:\/\/lospoliticosveracruz.com\/?p=44451","og_site_name":"Los pol\u00edticos Veracruz","article_publisher":"https:\/\/www.facebook.com\/people\/Notimemes-de-los-Polticos\/61565672886568\/","article_published_time":"2018-08-17T03:37:36+00:00","og_image":[{"width":200,"height":200,"url":"https:\/\/lospoliticosveracruz.com\/wp-content\/uploads\/2016\/07\/Logo-Dor.jpg","type":"image\/jpeg"}],"author":"Lo viste en Los Pol\u00edticos","twitter_card":"summary_large_image","twitter_creator":"@LosPoliticosVer","twitter_site":"@LosPoliticosVer","twitter_misc":{"Escrito por":"Lo viste en Los Pol\u00edticos","Tiempo de lectura":"4 minutos"},"schema":{"@context":"https:\/\/schema.org","@graph":[{"@type":"Article","@id":"https:\/\/lospoliticosveracruz.com\/?p=44451#article","isPartOf":{"@id":"https:\/\/lospoliticosveracruz.com\/?p=44451"},"author":{"name":"Lo viste en Los Pol\u00edticos","@id":"https:\/\/lospoliticosveracruz.com\/#\/schema\/person\/b8702bb0e538456e6efd07080bf2a4a2"},"headline":"El chile de Ros","datePublished":"2018-08-17T03:37:36+00:00","mainEntityOfPage":{"@id":"https:\/\/lospoliticosveracruz.com\/?p=44451"},"wordCount":717,"commentCount":0,"publisher":{"@id":"https:\/\/lospoliticosveracruz.com\/#organization"},"keywords":["Chiles Xalape\u00f1os","Luis Eduardo Ros Mart\u00ednez","Marcos Su\u00e1rez Dom\u00ednguez","Sor Juana In\u00e9s de la Cruz"],"articleSection":["De Opini\u00f3n"],"inLanguage":"es","potentialAction":[{"@type":"CommentAction","name":"Comment","target":["https:\/\/lospoliticosveracruz.com\/?p=44451#respond"]}]},{"@type":"WebPage","@id":"https:\/\/lospoliticosveracruz.com\/?p=44451","url":"https:\/\/lospoliticosveracruz.com\/?p=44451","name":"El chile de Ros - Los pol\u00edticos Veracruz","isPartOf":{"@id":"https:\/\/lospoliticosveracruz.com\/#website"},"datePublished":"2018-08-17T03:37:36+00:00","breadcrumb":{"@id":"https:\/\/lospoliticosveracruz.com\/?p=44451#breadcrumb"},"inLanguage":"es","potentialAction":[{"@type":"ReadAction","target":["https:\/\/lospoliticosveracruz.com\/?p=44451"]}]},{"@type":"BreadcrumbList","@id":"https:\/\/lospoliticosveracruz.com\/?p=44451#breadcrumb","itemListElement":[{"@type":"ListItem","position":1,"name":"Portada","item":"https:\/\/lospoliticosveracruz.com\/"},{"@type":"ListItem","position":2,"name":"El chile de Ros"}]},{"@type":"WebSite","@id":"https:\/\/lospoliticosveracruz.com\/#website","url":"https:\/\/lospoliticosveracruz.com\/","name":"Los pol\u00edticos Veracruz","description":"","publisher":{"@id":"https:\/\/lospoliticosveracruz.com\/#organization"},"potentialAction":[{"@type":"SearchAction","target":{"@type":"EntryPoint","urlTemplate":"https:\/\/lospoliticosveracruz.com\/?s={search_term_string}"},"query-input":{"@type":"PropertyValueSpecification","valueRequired":true,"valueName":"search_term_string"}}],"inLanguage":"es"},{"@type":"Organization","@id":"https:\/\/lospoliticosveracruz.com\/#organization","name":"Los pol\u00edticos Veracruz","url":"https:\/\/lospoliticosveracruz.com\/","logo":{"@type":"ImageObject","inLanguage":"es","@id":"https:\/\/lospoliticosveracruz.com\/#\/schema\/logo\/image\/","url":"https:\/\/lospoliticosveracruz.com\/wp-content\/uploads\/2025\/12\/Logo-Nuevo-LOS-POLITICOS-1.jpg","contentUrl":"https:\/\/lospoliticosveracruz.com\/wp-content\/uploads\/2025\/12\/Logo-Nuevo-LOS-POLITICOS-1.jpg","width":260,"height":70,"caption":"Los pol\u00edticos Veracruz"},"image":{"@id":"https:\/\/lospoliticosveracruz.com\/#\/schema\/logo\/image\/"},"sameAs":["https:\/\/www.facebook.com\/people\/Notimemes-de-los-Polticos\/61565672886568\/","https:\/\/x.com\/LosPoliticosVer"]},{"@type":"Person","@id":"https:\/\/lospoliticosveracruz.com\/#\/schema\/person\/b8702bb0e538456e6efd07080bf2a4a2","name":"Lo viste en Los Pol\u00edticos","image":{"@type":"ImageObject","inLanguage":"es","@id":"https:\/\/secure.gravatar.com\/avatar\/3a8de04a2656d44082be478bd6c086daa447c4651605818287b9532d3d0bd435?s=96&d=mm&r=g","url":"https:\/\/secure.gravatar.com\/avatar\/3a8de04a2656d44082be478bd6c086daa447c4651605818287b9532d3d0bd435?s=96&d=mm&r=g","contentUrl":"https:\/\/secure.gravatar.com\/avatar\/3a8de04a2656d44082be478bd6c086daa447c4651605818287b9532d3d0bd435?s=96&d=mm&r=g","caption":"Lo viste en Los Pol\u00edticos"},"url":"https:\/\/lospoliticosveracruz.com\/?author=2"}]}},"_links":{"self":[{"href":"https:\/\/lospoliticosveracruz.com\/index.php?rest_route=\/wp\/v2\/posts\/44451","targetHints":{"allow":["GET"]}}],"collection":[{"href":"https:\/\/lospoliticosveracruz.com\/index.php?rest_route=\/wp\/v2\/posts"}],"about":[{"href":"https:\/\/lospoliticosveracruz.com\/index.php?rest_route=\/wp\/v2\/types\/post"}],"author":[{"embeddable":true,"href":"https:\/\/lospoliticosveracruz.com\/index.php?rest_route=\/wp\/v2\/users\/2"}],"replies":[{"embeddable":true,"href":"https:\/\/lospoliticosveracruz.com\/index.php?rest_route=%2Fwp%2Fv2%2Fcomments&post=44451"}],"version-history":[{"count":1,"href":"https:\/\/lospoliticosveracruz.com\/index.php?rest_route=\/wp\/v2\/posts\/44451\/revisions"}],"predecessor-version":[{"id":44452,"href":"https:\/\/lospoliticosveracruz.com\/index.php?rest_route=\/wp\/v2\/posts\/44451\/revisions\/44452"}],"wp:attachment":[{"href":"https:\/\/lospoliticosveracruz.com\/index.php?rest_route=%2Fwp%2Fv2%2Fmedia&parent=44451"}],"wp:term":[{"taxonomy":"category","embeddable":true,"href":"https:\/\/lospoliticosveracruz.com\/index.php?rest_route=%2Fwp%2Fv2%2Fcategories&post=44451"},{"taxonomy":"post_tag","embeddable":true,"href":"https:\/\/lospoliticosveracruz.com\/index.php?rest_route=%2Fwp%2Fv2%2Ftags&post=44451"}],"curies":[{"name":"wp","href":"https:\/\/api.w.org\/{rel}","templated":true}]}}