{"id":44489,"date":"2018-08-19T17:05:18","date_gmt":"2018-08-19T22:05:18","guid":{"rendered":"http:\/\/www.lospoliticosveracruz.com.mx\/?p=44489"},"modified":"2018-08-19T17:05:18","modified_gmt":"2018-08-19T22:05:18","slug":"la-circunvalacion-ahora-lazaro-cardenas","status":"publish","type":"post","link":"https:\/\/lospoliticosveracruz.com\/?p=44489","title":{"rendered":"La Circunvalaci\u00f3n (ahora L\u00e1zaro C\u00e1rdenas)"},"content":{"rendered":"<p class=\"m_793948454570143515ydpfc6639adMsoNormal\"><strong><span lang=\"ES\">Edgar Landa Hern\u00e1ndez<\/span><\/strong><\/p>\n<p class=\"m_793948454570143515ydpfc6639adMsoNormal\"><em>Fin de siglo<\/em><\/p>\n<p class=\"m_793948454570143515ydpfc6639adMsoNormal\"><span lang=\"ES\">La antigua avenida Circunvalaci\u00f3n, ahora llamada L\u00e1zaro C\u00e1rdenas, desde sus inicios se ha envuelto en un sinf\u00edn de sucesos tr\u00e1gicos debido al tr\u00e1fico inmoderado, as\u00ed como de diversos percances vehiculares provocados\u00a0por\u00a0la velocidad inmoderada, carencia de pericia al conducir, manejar con cansancio o bajo el influjo de alguna sustancia prohibida; otras m\u00e1s, por cafres que no tienen ni una pizca de cultura vial y ven en esa arteria una forma de desfogar sus frustraciones, cobrando vidas de gentes inocentes que su \u00fanico error fue estar en el momento y lugar equivocado.<\/span><\/p>\n<p class=\"m_793948454570143515ydpfc6639adMsoNormal\"><span lang=\"ES\">Tan solo basta ver las noticias regularmente y nos percataremos de un sinn\u00famero de accidentes automovil\u00edsticos, algunos \u00fanicamente terminan en eso, en un solo susto, y en otros son funestas las consecuencias.<\/span><\/p>\n<p class=\"m_793948454570143515ydpfc6639adMsoNormal\"><span lang=\"ES\">Mientras no circulemos de una forma adecuada, respetando nuestros carriles y sobre todo la velocidad, tendremos \u00edndices elevados de accidentes. Aunado a la falta de previsi\u00f3n de mantenimiento de nuestros veh\u00edculos automotores.<\/span><\/p>\n<p class=\"m_793948454570143515ydpfc6639adMsoNormal\"><span lang=\"ES\">La avenida l\u00e1zaro c\u00e1rdenas no es peligrosa, los peligrosos somos los conductores que lo hacemos de forma temeraria no respetando los lineamientos de tr\u00e1nsito.<\/span><\/p>\n<p class=\"m_793948454570143515ydpfc6639adMsoNormal\"><span lang=\"ES\">Si regularmente circulas por esta transitada arteria citadina hazlo siempre a la defensiva, utiliza de forma adecuada tus luces direccionales, as\u00ed como las intermitentes; s\u00e9 de los que hacen la diferencia y no te conviertas en una estad\u00edstica m\u00e1s de esta fat\u00eddica avenida.<\/span><\/p>\n","protected":false},"excerpt":{"rendered":"<p>Edgar Landa Hern\u00e1ndez Fin de siglo La antigua avenida Circunvalaci\u00f3n, ahora llamada L\u00e1zaro C\u00e1rdenas, desde sus inicios se ha envuelto en un sinf\u00edn de sucesos tr\u00e1gicos debido al tr\u00e1fico inmoderado, as\u00ed como de diversos percances vehiculares provocados\u00a0por\u00a0la velocidad inmoderada, carencia de pericia al conducir, manejar con cansancio o bajo el influjo de alguna sustancia prohibida; [&hellip;]<\/p>\n","protected":false},"author":2,"featured_media":0,"comment_status":"open","ping_status":"open","sticky":false,"template":"","format":"standard","meta":{"tdm_status":"","tdm_grid_status":"","footnotes":""},"categories":[70],"tags":[12415,96],"class_list":{"0":"post-44489","1":"post","2":"type-post","3":"status-publish","4":"format-standard","6":"category-de-opinion","7":"tag-circunvalacion","8":"tag-xalapa"},"yoast_head":"<!-- This site is optimized with the Yoast SEO plugin v27.4 - https:\/\/yoast.com\/product\/yoast-seo-wordpress\/ -->\n<title>La Circunvalaci\u00f3n (ahora L\u00e1zaro C\u00e1rdenas) - Los pol\u00edticos Veracruz<\/title>\n<meta name=\"robots\" content=\"index, follow, max-snippet:-1, max-image-preview:large, max-video-preview:-1\" \/>\n<link rel=\"canonical\" href=\"https:\/\/lospoliticosveracruz.com\/?p=44489\" \/>\n<meta property=\"og:locale\" content=\"es_ES\" \/>\n<meta property=\"og:type\" content=\"article\" \/>\n<meta property=\"og:title\" content=\"La Circunvalaci\u00f3n (ahora L\u00e1zaro C\u00e1rdenas) - Los pol\u00edticos Veracruz\" \/>\n<meta property=\"og:description\" content=\"Edgar Landa Hern\u00e1ndez Fin de siglo La antigua avenida Circunvalaci\u00f3n, ahora llamada L\u00e1zaro C\u00e1rdenas, desde sus inicios se ha envuelto en un sinf\u00edn de sucesos tr\u00e1gicos debido al tr\u00e1fico inmoderado, as\u00ed como de diversos percances vehiculares provocados\u00a0por\u00a0la velocidad inmoderada, carencia de pericia al conducir, manejar con cansancio o bajo el influjo de alguna sustancia prohibida; [&hellip;]\" \/>\n<meta property=\"og:url\" content=\"https:\/\/lospoliticosveracruz.com\/?p=44489\" \/>\n<meta property=\"og:site_name\" content=\"Los pol\u00edticos Veracruz\" \/>\n<meta property=\"article:publisher\" content=\"https:\/\/www.facebook.com\/people\/Notimemes-de-los-Polticos\/61565672886568\/\" \/>\n<meta property=\"article:published_time\" content=\"2018-08-19T22:05:18+00:00\" \/>\n<meta property=\"og:image\" content=\"https:\/\/lospoliticosveracruz.com\/wp-content\/uploads\/2016\/07\/Logo-Dor.jpg\" \/>\n\t<meta property=\"og:image:width\" content=\"200\" \/>\n\t<meta property=\"og:image:height\" content=\"200\" \/>\n\t<meta property=\"og:image:type\" content=\"image\/jpeg\" \/>\n<meta name=\"author\" content=\"Lo viste en Los Pol\u00edticos\" \/>\n<meta name=\"twitter:card\" content=\"summary_large_image\" \/>\n<meta name=\"twitter:creator\" content=\"@LosPoliticosVer\" \/>\n<meta name=\"twitter:site\" content=\"@LosPoliticosVer\" \/>\n<meta name=\"twitter:label1\" content=\"Escrito por\" \/>\n\t<meta name=\"twitter:data1\" content=\"Lo viste en Los Pol\u00edticos\" \/>\n\t<meta name=\"twitter:label2\" content=\"Tiempo de lectura\" \/>\n\t<meta name=\"twitter:data2\" content=\"1 minuto\" \/>\n<script type=\"application\/ld+json\" class=\"yoast-schema-graph\">{\"@context\":\"https:\\\/\\\/schema.org\",\"@graph\":[{\"@type\":\"Article\",\"@id\":\"https:\\\/\\\/lospoliticosveracruz.com\\\/?p=44489#article\",\"isPartOf\":{\"@id\":\"https:\\\/\\\/lospoliticosveracruz.com\\\/?p=44489\"},\"author\":{\"name\":\"Lo viste en Los Pol\u00edticos\",\"@id\":\"https:\\\/\\\/lospoliticosveracruz.com\\\/#\\\/schema\\\/person\\\/b8702bb0e538456e6efd07080bf2a4a2\"},\"headline\":\"La Circunvalaci\u00f3n (ahora L\u00e1zaro C\u00e1rdenas)\",\"datePublished\":\"2018-08-19T22:05:18+00:00\",\"mainEntityOfPage\":{\"@id\":\"https:\\\/\\\/lospoliticosveracruz.com\\\/?p=44489\"},\"wordCount\":255,\"commentCount\":0,\"publisher\":{\"@id\":\"https:\\\/\\\/lospoliticosveracruz.com\\\/#organization\"},\"keywords\":[\"Circunvalaci\u00f3n\",\"Xalapa\"],\"articleSection\":[\"De Opini\u00f3n\"],\"inLanguage\":\"es\",\"potentialAction\":[{\"@type\":\"CommentAction\",\"name\":\"Comment\",\"target\":[\"https:\\\/\\\/lospoliticosveracruz.com\\\/?p=44489#respond\"]}]},{\"@type\":\"WebPage\",\"@id\":\"https:\\\/\\\/lospoliticosveracruz.com\\\/?p=44489\",\"url\":\"https:\\\/\\\/lospoliticosveracruz.com\\\/?p=44489\",\"name\":\"La Circunvalaci\u00f3n (ahora L\u00e1zaro C\u00e1rdenas) - Los pol\u00edticos Veracruz\",\"isPartOf\":{\"@id\":\"https:\\\/\\\/lospoliticosveracruz.com\\\/#website\"},\"datePublished\":\"2018-08-19T22:05:18+00:00\",\"breadcrumb\":{\"@id\":\"https:\\\/\\\/lospoliticosveracruz.com\\\/?p=44489#breadcrumb\"},\"inLanguage\":\"es\",\"potentialAction\":[{\"@type\":\"ReadAction\",\"target\":[\"https:\\\/\\\/lospoliticosveracruz.com\\\/?p=44489\"]}]},{\"@type\":\"BreadcrumbList\",\"@id\":\"https:\\\/\\\/lospoliticosveracruz.com\\\/?p=44489#breadcrumb\",\"itemListElement\":[{\"@type\":\"ListItem\",\"position\":1,\"name\":\"Portada\",\"item\":\"https:\\\/\\\/lospoliticosveracruz.com\\\/\"},{\"@type\":\"ListItem\",\"position\":2,\"name\":\"La Circunvalaci\u00f3n (ahora L\u00e1zaro C\u00e1rdenas)\"}]},{\"@type\":\"WebSite\",\"@id\":\"https:\\\/\\\/lospoliticosveracruz.com\\\/#website\",\"url\":\"https:\\\/\\\/lospoliticosveracruz.com\\\/\",\"name\":\"Los pol\u00edticos Veracruz\",\"description\":\"\",\"publisher\":{\"@id\":\"https:\\\/\\\/lospoliticosveracruz.com\\\/#organization\"},\"potentialAction\":[{\"@type\":\"SearchAction\",\"target\":{\"@type\":\"EntryPoint\",\"urlTemplate\":\"https:\\\/\\\/lospoliticosveracruz.com\\\/?s={search_term_string}\"},\"query-input\":{\"@type\":\"PropertyValueSpecification\",\"valueRequired\":true,\"valueName\":\"search_term_string\"}}],\"inLanguage\":\"es\"},{\"@type\":\"Organization\",\"@id\":\"https:\\\/\\\/lospoliticosveracruz.com\\\/#organization\",\"name\":\"Los pol\u00edticos Veracruz\",\"url\":\"https:\\\/\\\/lospoliticosveracruz.com\\\/\",\"logo\":{\"@type\":\"ImageObject\",\"inLanguage\":\"es\",\"@id\":\"https:\\\/\\\/lospoliticosveracruz.com\\\/#\\\/schema\\\/logo\\\/image\\\/\",\"url\":\"https:\\\/\\\/lospoliticosveracruz.com\\\/wp-content\\\/uploads\\\/2025\\\/12\\\/Logo-Nuevo-LOS-POLITICOS-1.jpg\",\"contentUrl\":\"https:\\\/\\\/lospoliticosveracruz.com\\\/wp-content\\\/uploads\\\/2025\\\/12\\\/Logo-Nuevo-LOS-POLITICOS-1.jpg\",\"width\":260,\"height\":70,\"caption\":\"Los pol\u00edticos Veracruz\"},\"image\":{\"@id\":\"https:\\\/\\\/lospoliticosveracruz.com\\\/#\\\/schema\\\/logo\\\/image\\\/\"},\"sameAs\":[\"https:\\\/\\\/www.facebook.com\\\/people\\\/Notimemes-de-los-Polticos\\\/61565672886568\\\/\",\"https:\\\/\\\/x.com\\\/LosPoliticosVer\"]},{\"@type\":\"Person\",\"@id\":\"https:\\\/\\\/lospoliticosveracruz.com\\\/#\\\/schema\\\/person\\\/b8702bb0e538456e6efd07080bf2a4a2\",\"name\":\"Lo viste en Los Pol\u00edticos\",\"image\":{\"@type\":\"ImageObject\",\"inLanguage\":\"es\",\"@id\":\"https:\\\/\\\/secure.gravatar.com\\\/avatar\\\/3a8de04a2656d44082be478bd6c086daa447c4651605818287b9532d3d0bd435?s=96&d=mm&r=g\",\"url\":\"https:\\\/\\\/secure.gravatar.com\\\/avatar\\\/3a8de04a2656d44082be478bd6c086daa447c4651605818287b9532d3d0bd435?s=96&d=mm&r=g\",\"contentUrl\":\"https:\\\/\\\/secure.gravatar.com\\\/avatar\\\/3a8de04a2656d44082be478bd6c086daa447c4651605818287b9532d3d0bd435?s=96&d=mm&r=g\",\"caption\":\"Lo viste en Los Pol\u00edticos\"},\"url\":\"https:\\\/\\\/lospoliticosveracruz.com\\\/?author=2\"}]}<\/script>\n<!-- \/ Yoast SEO plugin. -->","yoast_head_json":{"title":"La Circunvalaci\u00f3n (ahora L\u00e1zaro C\u00e1rdenas) - Los pol\u00edticos Veracruz","robots":{"index":"index","follow":"follow","max-snippet":"max-snippet:-1","max-image-preview":"max-image-preview:large","max-video-preview":"max-video-preview:-1"},"canonical":"https:\/\/lospoliticosveracruz.com\/?p=44489","og_locale":"es_ES","og_type":"article","og_title":"La Circunvalaci\u00f3n (ahora L\u00e1zaro C\u00e1rdenas) - Los pol\u00edticos Veracruz","og_description":"Edgar Landa Hern\u00e1ndez Fin de siglo La antigua avenida Circunvalaci\u00f3n, ahora llamada L\u00e1zaro C\u00e1rdenas, desde sus inicios se ha envuelto en un sinf\u00edn de sucesos tr\u00e1gicos debido al tr\u00e1fico inmoderado, as\u00ed como de diversos percances vehiculares provocados\u00a0por\u00a0la velocidad inmoderada, carencia de pericia al conducir, manejar con cansancio o bajo el influjo de alguna sustancia prohibida; [&hellip;]","og_url":"https:\/\/lospoliticosveracruz.com\/?p=44489","og_site_name":"Los pol\u00edticos Veracruz","article_publisher":"https:\/\/www.facebook.com\/people\/Notimemes-de-los-Polticos\/61565672886568\/","article_published_time":"2018-08-19T22:05:18+00:00","og_image":[{"width":200,"height":200,"url":"https:\/\/lospoliticosveracruz.com\/wp-content\/uploads\/2016\/07\/Logo-Dor.jpg","type":"image\/jpeg"}],"author":"Lo viste en Los Pol\u00edticos","twitter_card":"summary_large_image","twitter_creator":"@LosPoliticosVer","twitter_site":"@LosPoliticosVer","twitter_misc":{"Escrito por":"Lo viste en Los Pol\u00edticos","Tiempo de lectura":"1 minuto"},"schema":{"@context":"https:\/\/schema.org","@graph":[{"@type":"Article","@id":"https:\/\/lospoliticosveracruz.com\/?p=44489#article","isPartOf":{"@id":"https:\/\/lospoliticosveracruz.com\/?p=44489"},"author":{"name":"Lo viste en Los Pol\u00edticos","@id":"https:\/\/lospoliticosveracruz.com\/#\/schema\/person\/b8702bb0e538456e6efd07080bf2a4a2"},"headline":"La Circunvalaci\u00f3n (ahora L\u00e1zaro C\u00e1rdenas)","datePublished":"2018-08-19T22:05:18+00:00","mainEntityOfPage":{"@id":"https:\/\/lospoliticosveracruz.com\/?p=44489"},"wordCount":255,"commentCount":0,"publisher":{"@id":"https:\/\/lospoliticosveracruz.com\/#organization"},"keywords":["Circunvalaci\u00f3n","Xalapa"],"articleSection":["De Opini\u00f3n"],"inLanguage":"es","potentialAction":[{"@type":"CommentAction","name":"Comment","target":["https:\/\/lospoliticosveracruz.com\/?p=44489#respond"]}]},{"@type":"WebPage","@id":"https:\/\/lospoliticosveracruz.com\/?p=44489","url":"https:\/\/lospoliticosveracruz.com\/?p=44489","name":"La Circunvalaci\u00f3n (ahora L\u00e1zaro C\u00e1rdenas) - Los pol\u00edticos Veracruz","isPartOf":{"@id":"https:\/\/lospoliticosveracruz.com\/#website"},"datePublished":"2018-08-19T22:05:18+00:00","breadcrumb":{"@id":"https:\/\/lospoliticosveracruz.com\/?p=44489#breadcrumb"},"inLanguage":"es","potentialAction":[{"@type":"ReadAction","target":["https:\/\/lospoliticosveracruz.com\/?p=44489"]}]},{"@type":"BreadcrumbList","@id":"https:\/\/lospoliticosveracruz.com\/?p=44489#breadcrumb","itemListElement":[{"@type":"ListItem","position":1,"name":"Portada","item":"https:\/\/lospoliticosveracruz.com\/"},{"@type":"ListItem","position":2,"name":"La Circunvalaci\u00f3n (ahora L\u00e1zaro C\u00e1rdenas)"}]},{"@type":"WebSite","@id":"https:\/\/lospoliticosveracruz.com\/#website","url":"https:\/\/lospoliticosveracruz.com\/","name":"Los pol\u00edticos Veracruz","description":"","publisher":{"@id":"https:\/\/lospoliticosveracruz.com\/#organization"},"potentialAction":[{"@type":"SearchAction","target":{"@type":"EntryPoint","urlTemplate":"https:\/\/lospoliticosveracruz.com\/?s={search_term_string}"},"query-input":{"@type":"PropertyValueSpecification","valueRequired":true,"valueName":"search_term_string"}}],"inLanguage":"es"},{"@type":"Organization","@id":"https:\/\/lospoliticosveracruz.com\/#organization","name":"Los pol\u00edticos Veracruz","url":"https:\/\/lospoliticosveracruz.com\/","logo":{"@type":"ImageObject","inLanguage":"es","@id":"https:\/\/lospoliticosveracruz.com\/#\/schema\/logo\/image\/","url":"https:\/\/lospoliticosveracruz.com\/wp-content\/uploads\/2025\/12\/Logo-Nuevo-LOS-POLITICOS-1.jpg","contentUrl":"https:\/\/lospoliticosveracruz.com\/wp-content\/uploads\/2025\/12\/Logo-Nuevo-LOS-POLITICOS-1.jpg","width":260,"height":70,"caption":"Los pol\u00edticos Veracruz"},"image":{"@id":"https:\/\/lospoliticosveracruz.com\/#\/schema\/logo\/image\/"},"sameAs":["https:\/\/www.facebook.com\/people\/Notimemes-de-los-Polticos\/61565672886568\/","https:\/\/x.com\/LosPoliticosVer"]},{"@type":"Person","@id":"https:\/\/lospoliticosveracruz.com\/#\/schema\/person\/b8702bb0e538456e6efd07080bf2a4a2","name":"Lo viste en Los Pol\u00edticos","image":{"@type":"ImageObject","inLanguage":"es","@id":"https:\/\/secure.gravatar.com\/avatar\/3a8de04a2656d44082be478bd6c086daa447c4651605818287b9532d3d0bd435?s=96&d=mm&r=g","url":"https:\/\/secure.gravatar.com\/avatar\/3a8de04a2656d44082be478bd6c086daa447c4651605818287b9532d3d0bd435?s=96&d=mm&r=g","contentUrl":"https:\/\/secure.gravatar.com\/avatar\/3a8de04a2656d44082be478bd6c086daa447c4651605818287b9532d3d0bd435?s=96&d=mm&r=g","caption":"Lo viste en Los Pol\u00edticos"},"url":"https:\/\/lospoliticosveracruz.com\/?author=2"}]}},"_links":{"self":[{"href":"https:\/\/lospoliticosveracruz.com\/index.php?rest_route=\/wp\/v2\/posts\/44489","targetHints":{"allow":["GET"]}}],"collection":[{"href":"https:\/\/lospoliticosveracruz.com\/index.php?rest_route=\/wp\/v2\/posts"}],"about":[{"href":"https:\/\/lospoliticosveracruz.com\/index.php?rest_route=\/wp\/v2\/types\/post"}],"author":[{"embeddable":true,"href":"https:\/\/lospoliticosveracruz.com\/index.php?rest_route=\/wp\/v2\/users\/2"}],"replies":[{"embeddable":true,"href":"https:\/\/lospoliticosveracruz.com\/index.php?rest_route=%2Fwp%2Fv2%2Fcomments&post=44489"}],"version-history":[{"count":1,"href":"https:\/\/lospoliticosveracruz.com\/index.php?rest_route=\/wp\/v2\/posts\/44489\/revisions"}],"predecessor-version":[{"id":44491,"href":"https:\/\/lospoliticosveracruz.com\/index.php?rest_route=\/wp\/v2\/posts\/44489\/revisions\/44491"}],"wp:attachment":[{"href":"https:\/\/lospoliticosveracruz.com\/index.php?rest_route=%2Fwp%2Fv2%2Fmedia&parent=44489"}],"wp:term":[{"taxonomy":"category","embeddable":true,"href":"https:\/\/lospoliticosveracruz.com\/index.php?rest_route=%2Fwp%2Fv2%2Fcategories&post=44489"},{"taxonomy":"post_tag","embeddable":true,"href":"https:\/\/lospoliticosveracruz.com\/index.php?rest_route=%2Fwp%2Fv2%2Ftags&post=44489"}],"curies":[{"name":"wp","href":"https:\/\/api.w.org\/{rel}","templated":true}]}}