{"id":44496,"date":"2018-08-19T22:36:13","date_gmt":"2018-08-20T03:36:13","guid":{"rendered":"http:\/\/www.lospoliticosveracruz.com.mx\/?p=44496"},"modified":"2018-08-19T22:36:13","modified_gmt":"2018-08-20T03:36:13","slug":"manuel-vs-cuitlahuac-nahle","status":"publish","type":"post","link":"https:\/\/lospoliticosveracruz.com\/?p=44496","title":{"rendered":"Manuel vs Cuitl\u00e1huac-Nahle"},"content":{"rendered":"<p><strong>Salvador Mu\u00f1oz<\/strong><\/p>\n<p><em>Los Pol\u00edticos<\/em><\/p>\n<p>&nbsp;<\/p>\n<p>&nbsp;<\/p>\n<p>Hace a\u00f1os, cuando volvi\u00f3 a Veracruz, ten\u00eda una meta fija: Llegaba a la entidad con el firme prop\u00f3sito de ser Gobernador. Por principio, fue subsecretario de Gobierno; luego diputado local (eso s\u00ed, con un tropez\u00f3n), presidente del PRI y Senador\u2026 en su proyecto del retorno a Veracruz, s\u00f3lo alcanz\u00f3 a ser candidato a Gobernador\u2026 los votos no le favorecieron. Habr\u00e1 que ver ahora, despu\u00e9s de que deje el esca\u00f1o en la C\u00e1mara Alta, qu\u00e9 le depare el destino a H\u00e9ctor Yunes Landa\u2026<\/p>\n<p>La breve historia del regreso del chole\u00f1o a Veracruz es tan similar a la de Manuel Huerta Ladr\u00f3n de Guevara, el dirigente de Morena\u2026<\/p>\n<p>II<\/p>\n<p>A su regreso a Veracruz, este egresado de la Universidad Veracruzana entra con el Pie Izquierdo, pero no por mala suerte, sino porque lo hace como dirigente estatal de Morena, partido que en el nuevo siglo, ejerce el papel que en su momento lo hizo el Frente Democr\u00e1tico Nacional en 1988, aglutinando al pensamiento de centro-izquierda y de izquierda, pero lo m\u00e1s importante, el rechazo generalizado contra el PRI. S\u00ed, igual pudi\u00e9ramos decir que el Frente, es el Antecedente del PRD, como el PRD lo es de Morena.<\/p>\n<p>III<\/p>\n<p>Si bien nunca ha dicho en abierto si tuvo aspiraci\u00f3n a la Gubernatura, se recuerda que en nuestra pol\u00edtica veracruzana mucho se parafrasea eso de que en cada pol\u00edtico hay un candidato a la Gubernatura, a la alcald\u00eda o a la curul\u2026 lo que s\u00ed dej\u00f3 entrever fue su aspiraci\u00f3n a la senadur\u00eda, al grado de que cuando sali\u00f3 la posibilidad de que junto con Roc\u00edo Nahle la acompa\u00f1ara Ricardo Ahued, fue c\u00e9lebre su expresi\u00f3n sobre el empresario pl\u00e1stico: \u201cS\u00f3lo ser\u00eda aceptado Ricardo Ahued para lavar los ba\u00f1os de Morena\u201d&#8230; a los pocos d\u00edas tuvo que recular. Entonces su aspiraci\u00f3n pas\u00f3 a Diputado federal\u2026 o m\u00ednimo una \u201cPluri\u201d.<\/p>\n<p>IV<\/p>\n<p>Lo cierto es que hubo la selecci\u00f3n de candidatos tanto uninominales como plurinominales y Manuel Huerta Ladr\u00f3n de Guevara se qued\u00f3 en su papel de Dirigente estatal de Morena con el consabido hecho de que en noviembre del 18, se tiene que dar el relevo en la dirigencia del partido\u2026<\/p>\n<p>Por supuesto, Manuel Huerta ni siquiera figuraba en el imaginario del Gabinete de Cuitl\u00e1huac y conforme se han ido acomodando los escenarios en lo que ser\u00e1 la LXV Legislatura local \u00a1menos! Tanto en el primero como en el segundo, s\u00f3lo dos grupos son los que se mueven all\u00ed: el equipo de Cuitl\u00e1huac como el de Roc\u00edo Nahle\u2026 de no ser por ese anuncio que hizo Andr\u00e9s Manuel L\u00f3pez Obrador, donde le confiere el cargo de Coordinador estatal para el Programa de Desarrollo en Veracruz, Manuel Huerta estar\u00eda m\u00e1s fr\u00edo que nalga de ping\u00fcino. Hasta donde se sabe, este tipo de funcionarios concentrar\u00e1 facultades para la toma de decisiones, ejecuci\u00f3n de pol\u00edticas p\u00fablicas y hasta las definiciones en el ejercicio del gasto\u2026<\/p>\n<p>Lo que ser\u00eda interesante saber qu\u00e9 es lo que obliga a dos grupos (Cuitl\u00e1huac y Nahle) a congelar al dirigente estatal de Morena, y a\u00fan m\u00e1s interesante: qui\u00e9n de estos tres personajes (Garc\u00eda, Roc\u00edo y Manuel) goza de todas las confianzas del Presidente electo\u2026 esto se sabr\u00e1 conforme cada quien asuma sus responsabilidades y ver c\u00f3mo las desarrollan y desempe\u00f1an\u2026 mientras tanto, Huerta Ladr\u00f3n de Guevara empez\u00f3 a hacer m\u00fasculo.<\/p>\n<p>smcainito@gmail.com<\/p>\n","protected":false},"excerpt":{"rendered":"<p>Salvador Mu\u00f1oz Los Pol\u00edticos &nbsp; &nbsp; Hace a\u00f1os, cuando volvi\u00f3 a Veracruz, ten\u00eda una meta fija: Llegaba a la entidad con el firme prop\u00f3sito de ser Gobernador. Por principio, fue subsecretario de Gobierno; luego diputado local (eso s\u00ed, con un tropez\u00f3n), presidente del PRI y Senador\u2026 en su proyecto del retorno a Veracruz, s\u00f3lo alcanz\u00f3 [&hellip;]<\/p>\n","protected":false},"author":2,"featured_media":0,"comment_status":"open","ping_status":"open","sticky":false,"template":"","format":"standard","meta":{"tdm_status":"","tdm_grid_status":"","footnotes":""},"categories":[70],"tags":[1681,1850,3578],"class_list":{"0":"post-44496","1":"post","2":"type-post","3":"status-publish","4":"format-standard","6":"category-de-opinion","7":"tag-cuitlahuac-garcia","8":"tag-manuel-huerta-ladron-de-guevara","9":"tag-rocio-nahle"},"yoast_head":"<!-- This site is optimized with the Yoast SEO plugin v27.4 - https:\/\/yoast.com\/product\/yoast-seo-wordpress\/ -->\n<title>Manuel vs Cuitl\u00e1huac-Nahle - Los pol\u00edticos Veracruz<\/title>\n<meta name=\"robots\" content=\"index, follow, max-snippet:-1, max-image-preview:large, max-video-preview:-1\" \/>\n<link rel=\"canonical\" href=\"https:\/\/lospoliticosveracruz.com\/?p=44496\" \/>\n<meta property=\"og:locale\" content=\"es_ES\" \/>\n<meta property=\"og:type\" content=\"article\" \/>\n<meta property=\"og:title\" content=\"Manuel vs Cuitl\u00e1huac-Nahle - Los pol\u00edticos Veracruz\" \/>\n<meta property=\"og:description\" content=\"Salvador Mu\u00f1oz Los Pol\u00edticos &nbsp; &nbsp; Hace a\u00f1os, cuando volvi\u00f3 a Veracruz, ten\u00eda una meta fija: Llegaba a la entidad con el firme prop\u00f3sito de ser Gobernador. Por principio, fue subsecretario de Gobierno; luego diputado local (eso s\u00ed, con un tropez\u00f3n), presidente del PRI y Senador\u2026 en su proyecto del retorno a Veracruz, s\u00f3lo alcanz\u00f3 [&hellip;]\" \/>\n<meta property=\"og:url\" content=\"https:\/\/lospoliticosveracruz.com\/?p=44496\" \/>\n<meta property=\"og:site_name\" content=\"Los pol\u00edticos Veracruz\" \/>\n<meta property=\"article:publisher\" content=\"https:\/\/www.facebook.com\/people\/Notimemes-de-los-Polticos\/61565672886568\/\" \/>\n<meta property=\"article:published_time\" content=\"2018-08-20T03:36:13+00:00\" \/>\n<meta property=\"og:image\" content=\"https:\/\/lospoliticosveracruz.com\/wp-content\/uploads\/2016\/07\/Logo-Dor.jpg\" \/>\n\t<meta property=\"og:image:width\" content=\"200\" \/>\n\t<meta property=\"og:image:height\" content=\"200\" \/>\n\t<meta property=\"og:image:type\" content=\"image\/jpeg\" \/>\n<meta name=\"author\" content=\"Lo viste en Los Pol\u00edticos\" \/>\n<meta name=\"twitter:card\" content=\"summary_large_image\" \/>\n<meta name=\"twitter:creator\" content=\"@LosPoliticosVer\" \/>\n<meta name=\"twitter:site\" content=\"@LosPoliticosVer\" \/>\n<meta name=\"twitter:label1\" content=\"Escrito por\" \/>\n\t<meta name=\"twitter:data1\" content=\"Lo viste en Los Pol\u00edticos\" \/>\n\t<meta name=\"twitter:label2\" content=\"Tiempo de lectura\" \/>\n\t<meta name=\"twitter:data2\" content=\"3 minutos\" \/>\n<script type=\"application\/ld+json\" class=\"yoast-schema-graph\">{\"@context\":\"https:\\\/\\\/schema.org\",\"@graph\":[{\"@type\":\"Article\",\"@id\":\"https:\\\/\\\/lospoliticosveracruz.com\\\/?p=44496#article\",\"isPartOf\":{\"@id\":\"https:\\\/\\\/lospoliticosveracruz.com\\\/?p=44496\"},\"author\":{\"name\":\"Lo viste en Los Pol\u00edticos\",\"@id\":\"https:\\\/\\\/lospoliticosveracruz.com\\\/#\\\/schema\\\/person\\\/b8702bb0e538456e6efd07080bf2a4a2\"},\"headline\":\"Manuel vs Cuitl\u00e1huac-Nahle\",\"datePublished\":\"2018-08-20T03:36:13+00:00\",\"mainEntityOfPage\":{\"@id\":\"https:\\\/\\\/lospoliticosveracruz.com\\\/?p=44496\"},\"wordCount\":616,\"commentCount\":0,\"publisher\":{\"@id\":\"https:\\\/\\\/lospoliticosveracruz.com\\\/#organization\"},\"keywords\":[\"Cuitl\u00e1huac Garc\u00eda\",\"Manuel Huerta Ladr\u00f3n de Guevara\",\"Roc\u00edo Nahle\"],\"articleSection\":[\"De Opini\u00f3n\"],\"inLanguage\":\"es\",\"potentialAction\":[{\"@type\":\"CommentAction\",\"name\":\"Comment\",\"target\":[\"https:\\\/\\\/lospoliticosveracruz.com\\\/?p=44496#respond\"]}]},{\"@type\":\"WebPage\",\"@id\":\"https:\\\/\\\/lospoliticosveracruz.com\\\/?p=44496\",\"url\":\"https:\\\/\\\/lospoliticosveracruz.com\\\/?p=44496\",\"name\":\"Manuel vs Cuitl\u00e1huac-Nahle - Los pol\u00edticos Veracruz\",\"isPartOf\":{\"@id\":\"https:\\\/\\\/lospoliticosveracruz.com\\\/#website\"},\"datePublished\":\"2018-08-20T03:36:13+00:00\",\"breadcrumb\":{\"@id\":\"https:\\\/\\\/lospoliticosveracruz.com\\\/?p=44496#breadcrumb\"},\"inLanguage\":\"es\",\"potentialAction\":[{\"@type\":\"ReadAction\",\"target\":[\"https:\\\/\\\/lospoliticosveracruz.com\\\/?p=44496\"]}]},{\"@type\":\"BreadcrumbList\",\"@id\":\"https:\\\/\\\/lospoliticosveracruz.com\\\/?p=44496#breadcrumb\",\"itemListElement\":[{\"@type\":\"ListItem\",\"position\":1,\"name\":\"Portada\",\"item\":\"https:\\\/\\\/lospoliticosveracruz.com\\\/\"},{\"@type\":\"ListItem\",\"position\":2,\"name\":\"Manuel vs Cuitl\u00e1huac-Nahle\"}]},{\"@type\":\"WebSite\",\"@id\":\"https:\\\/\\\/lospoliticosveracruz.com\\\/#website\",\"url\":\"https:\\\/\\\/lospoliticosveracruz.com\\\/\",\"name\":\"Los pol\u00edticos Veracruz\",\"description\":\"\",\"publisher\":{\"@id\":\"https:\\\/\\\/lospoliticosveracruz.com\\\/#organization\"},\"potentialAction\":[{\"@type\":\"SearchAction\",\"target\":{\"@type\":\"EntryPoint\",\"urlTemplate\":\"https:\\\/\\\/lospoliticosveracruz.com\\\/?s={search_term_string}\"},\"query-input\":{\"@type\":\"PropertyValueSpecification\",\"valueRequired\":true,\"valueName\":\"search_term_string\"}}],\"inLanguage\":\"es\"},{\"@type\":\"Organization\",\"@id\":\"https:\\\/\\\/lospoliticosveracruz.com\\\/#organization\",\"name\":\"Los pol\u00edticos Veracruz\",\"url\":\"https:\\\/\\\/lospoliticosveracruz.com\\\/\",\"logo\":{\"@type\":\"ImageObject\",\"inLanguage\":\"es\",\"@id\":\"https:\\\/\\\/lospoliticosveracruz.com\\\/#\\\/schema\\\/logo\\\/image\\\/\",\"url\":\"https:\\\/\\\/lospoliticosveracruz.com\\\/wp-content\\\/uploads\\\/2025\\\/12\\\/Logo-Nuevo-LOS-POLITICOS-1.jpg\",\"contentUrl\":\"https:\\\/\\\/lospoliticosveracruz.com\\\/wp-content\\\/uploads\\\/2025\\\/12\\\/Logo-Nuevo-LOS-POLITICOS-1.jpg\",\"width\":260,\"height\":70,\"caption\":\"Los pol\u00edticos Veracruz\"},\"image\":{\"@id\":\"https:\\\/\\\/lospoliticosveracruz.com\\\/#\\\/schema\\\/logo\\\/image\\\/\"},\"sameAs\":[\"https:\\\/\\\/www.facebook.com\\\/people\\\/Notimemes-de-los-Polticos\\\/61565672886568\\\/\",\"https:\\\/\\\/x.com\\\/LosPoliticosVer\"]},{\"@type\":\"Person\",\"@id\":\"https:\\\/\\\/lospoliticosveracruz.com\\\/#\\\/schema\\\/person\\\/b8702bb0e538456e6efd07080bf2a4a2\",\"name\":\"Lo viste en Los Pol\u00edticos\",\"image\":{\"@type\":\"ImageObject\",\"inLanguage\":\"es\",\"@id\":\"https:\\\/\\\/secure.gravatar.com\\\/avatar\\\/3a8de04a2656d44082be478bd6c086daa447c4651605818287b9532d3d0bd435?s=96&d=mm&r=g\",\"url\":\"https:\\\/\\\/secure.gravatar.com\\\/avatar\\\/3a8de04a2656d44082be478bd6c086daa447c4651605818287b9532d3d0bd435?s=96&d=mm&r=g\",\"contentUrl\":\"https:\\\/\\\/secure.gravatar.com\\\/avatar\\\/3a8de04a2656d44082be478bd6c086daa447c4651605818287b9532d3d0bd435?s=96&d=mm&r=g\",\"caption\":\"Lo viste en Los Pol\u00edticos\"},\"url\":\"https:\\\/\\\/lospoliticosveracruz.com\\\/?author=2\"}]}<\/script>\n<!-- \/ Yoast SEO plugin. -->","yoast_head_json":{"title":"Manuel vs Cuitl\u00e1huac-Nahle - Los pol\u00edticos Veracruz","robots":{"index":"index","follow":"follow","max-snippet":"max-snippet:-1","max-image-preview":"max-image-preview:large","max-video-preview":"max-video-preview:-1"},"canonical":"https:\/\/lospoliticosveracruz.com\/?p=44496","og_locale":"es_ES","og_type":"article","og_title":"Manuel vs Cuitl\u00e1huac-Nahle - Los pol\u00edticos Veracruz","og_description":"Salvador Mu\u00f1oz Los Pol\u00edticos &nbsp; &nbsp; Hace a\u00f1os, cuando volvi\u00f3 a Veracruz, ten\u00eda una meta fija: Llegaba a la entidad con el firme prop\u00f3sito de ser Gobernador. Por principio, fue subsecretario de Gobierno; luego diputado local (eso s\u00ed, con un tropez\u00f3n), presidente del PRI y Senador\u2026 en su proyecto del retorno a Veracruz, s\u00f3lo alcanz\u00f3 [&hellip;]","og_url":"https:\/\/lospoliticosveracruz.com\/?p=44496","og_site_name":"Los pol\u00edticos Veracruz","article_publisher":"https:\/\/www.facebook.com\/people\/Notimemes-de-los-Polticos\/61565672886568\/","article_published_time":"2018-08-20T03:36:13+00:00","og_image":[{"width":200,"height":200,"url":"https:\/\/lospoliticosveracruz.com\/wp-content\/uploads\/2016\/07\/Logo-Dor.jpg","type":"image\/jpeg"}],"author":"Lo viste en Los Pol\u00edticos","twitter_card":"summary_large_image","twitter_creator":"@LosPoliticosVer","twitter_site":"@LosPoliticosVer","twitter_misc":{"Escrito por":"Lo viste en Los Pol\u00edticos","Tiempo de lectura":"3 minutos"},"schema":{"@context":"https:\/\/schema.org","@graph":[{"@type":"Article","@id":"https:\/\/lospoliticosveracruz.com\/?p=44496#article","isPartOf":{"@id":"https:\/\/lospoliticosveracruz.com\/?p=44496"},"author":{"name":"Lo viste en Los Pol\u00edticos","@id":"https:\/\/lospoliticosveracruz.com\/#\/schema\/person\/b8702bb0e538456e6efd07080bf2a4a2"},"headline":"Manuel vs Cuitl\u00e1huac-Nahle","datePublished":"2018-08-20T03:36:13+00:00","mainEntityOfPage":{"@id":"https:\/\/lospoliticosveracruz.com\/?p=44496"},"wordCount":616,"commentCount":0,"publisher":{"@id":"https:\/\/lospoliticosveracruz.com\/#organization"},"keywords":["Cuitl\u00e1huac Garc\u00eda","Manuel Huerta Ladr\u00f3n de Guevara","Roc\u00edo Nahle"],"articleSection":["De Opini\u00f3n"],"inLanguage":"es","potentialAction":[{"@type":"CommentAction","name":"Comment","target":["https:\/\/lospoliticosveracruz.com\/?p=44496#respond"]}]},{"@type":"WebPage","@id":"https:\/\/lospoliticosveracruz.com\/?p=44496","url":"https:\/\/lospoliticosveracruz.com\/?p=44496","name":"Manuel vs Cuitl\u00e1huac-Nahle - Los pol\u00edticos Veracruz","isPartOf":{"@id":"https:\/\/lospoliticosveracruz.com\/#website"},"datePublished":"2018-08-20T03:36:13+00:00","breadcrumb":{"@id":"https:\/\/lospoliticosveracruz.com\/?p=44496#breadcrumb"},"inLanguage":"es","potentialAction":[{"@type":"ReadAction","target":["https:\/\/lospoliticosveracruz.com\/?p=44496"]}]},{"@type":"BreadcrumbList","@id":"https:\/\/lospoliticosveracruz.com\/?p=44496#breadcrumb","itemListElement":[{"@type":"ListItem","position":1,"name":"Portada","item":"https:\/\/lospoliticosveracruz.com\/"},{"@type":"ListItem","position":2,"name":"Manuel vs Cuitl\u00e1huac-Nahle"}]},{"@type":"WebSite","@id":"https:\/\/lospoliticosveracruz.com\/#website","url":"https:\/\/lospoliticosveracruz.com\/","name":"Los pol\u00edticos Veracruz","description":"","publisher":{"@id":"https:\/\/lospoliticosveracruz.com\/#organization"},"potentialAction":[{"@type":"SearchAction","target":{"@type":"EntryPoint","urlTemplate":"https:\/\/lospoliticosveracruz.com\/?s={search_term_string}"},"query-input":{"@type":"PropertyValueSpecification","valueRequired":true,"valueName":"search_term_string"}}],"inLanguage":"es"},{"@type":"Organization","@id":"https:\/\/lospoliticosveracruz.com\/#organization","name":"Los pol\u00edticos Veracruz","url":"https:\/\/lospoliticosveracruz.com\/","logo":{"@type":"ImageObject","inLanguage":"es","@id":"https:\/\/lospoliticosveracruz.com\/#\/schema\/logo\/image\/","url":"https:\/\/lospoliticosveracruz.com\/wp-content\/uploads\/2025\/12\/Logo-Nuevo-LOS-POLITICOS-1.jpg","contentUrl":"https:\/\/lospoliticosveracruz.com\/wp-content\/uploads\/2025\/12\/Logo-Nuevo-LOS-POLITICOS-1.jpg","width":260,"height":70,"caption":"Los pol\u00edticos Veracruz"},"image":{"@id":"https:\/\/lospoliticosveracruz.com\/#\/schema\/logo\/image\/"},"sameAs":["https:\/\/www.facebook.com\/people\/Notimemes-de-los-Polticos\/61565672886568\/","https:\/\/x.com\/LosPoliticosVer"]},{"@type":"Person","@id":"https:\/\/lospoliticosveracruz.com\/#\/schema\/person\/b8702bb0e538456e6efd07080bf2a4a2","name":"Lo viste en Los Pol\u00edticos","image":{"@type":"ImageObject","inLanguage":"es","@id":"https:\/\/secure.gravatar.com\/avatar\/3a8de04a2656d44082be478bd6c086daa447c4651605818287b9532d3d0bd435?s=96&d=mm&r=g","url":"https:\/\/secure.gravatar.com\/avatar\/3a8de04a2656d44082be478bd6c086daa447c4651605818287b9532d3d0bd435?s=96&d=mm&r=g","contentUrl":"https:\/\/secure.gravatar.com\/avatar\/3a8de04a2656d44082be478bd6c086daa447c4651605818287b9532d3d0bd435?s=96&d=mm&r=g","caption":"Lo viste en Los Pol\u00edticos"},"url":"https:\/\/lospoliticosveracruz.com\/?author=2"}]}},"_links":{"self":[{"href":"https:\/\/lospoliticosveracruz.com\/index.php?rest_route=\/wp\/v2\/posts\/44496","targetHints":{"allow":["GET"]}}],"collection":[{"href":"https:\/\/lospoliticosveracruz.com\/index.php?rest_route=\/wp\/v2\/posts"}],"about":[{"href":"https:\/\/lospoliticosveracruz.com\/index.php?rest_route=\/wp\/v2\/types\/post"}],"author":[{"embeddable":true,"href":"https:\/\/lospoliticosveracruz.com\/index.php?rest_route=\/wp\/v2\/users\/2"}],"replies":[{"embeddable":true,"href":"https:\/\/lospoliticosveracruz.com\/index.php?rest_route=%2Fwp%2Fv2%2Fcomments&post=44496"}],"version-history":[{"count":1,"href":"https:\/\/lospoliticosveracruz.com\/index.php?rest_route=\/wp\/v2\/posts\/44496\/revisions"}],"predecessor-version":[{"id":44498,"href":"https:\/\/lospoliticosveracruz.com\/index.php?rest_route=\/wp\/v2\/posts\/44496\/revisions\/44498"}],"wp:attachment":[{"href":"https:\/\/lospoliticosveracruz.com\/index.php?rest_route=%2Fwp%2Fv2%2Fmedia&parent=44496"}],"wp:term":[{"taxonomy":"category","embeddable":true,"href":"https:\/\/lospoliticosveracruz.com\/index.php?rest_route=%2Fwp%2Fv2%2Fcategories&post=44496"},{"taxonomy":"post_tag","embeddable":true,"href":"https:\/\/lospoliticosveracruz.com\/index.php?rest_route=%2Fwp%2Fv2%2Ftags&post=44496"}],"curies":[{"name":"wp","href":"https:\/\/api.w.org\/{rel}","templated":true}]}}