{"id":44620,"date":"2018-08-30T22:55:57","date_gmt":"2018-08-31T03:55:57","guid":{"rendered":"http:\/\/www.lospoliticosveracruz.com.mx\/?p=44620"},"modified":"2018-08-30T18:43:56","modified_gmt":"2018-08-30T23:43:56","slug":"apuntan-a-carreon-por-la-sev","status":"publish","type":"post","link":"https:\/\/lospoliticosveracruz.com\/?p=44620","title":{"rendered":"Apuntan a Carre\u00f3n por la SEV"},"content":{"rendered":"<p><strong>Salvador Mu\u00f1oz<\/strong><\/p>\n<p><em>Los Pol\u00edticos<\/em><br \/>\nEra un fin de a\u00f1o y ah\u00ed est\u00e1bamos entre un grupo de j\u00f3venes que bailaban que daba gusto salsa, cumbia, chunchaca&#8230; \u00a1vamos! \u00a1lo que les pusieran!, pero no dejaba de destacar la entonces diputada Jacqueline Garc\u00eda Hern\u00e1ndez que se dejaba llevar no s\u00f3lo por el comp\u00e1s de una cumbia, sino por el ritmo que le imprim\u00eda su pareja de baile&#8230; \u201cUn matrimonio africano \/ esclavos de un espa\u00f1ol \/ \u00e9l les daba muy mal trato \/ Y a su negra le peg\u00f3&#8230;\u201d<br \/>\nViene a cuento esto porque hace unos d\u00edas citaba que \u201cparec\u00eda\u201d que Zenyazen ten\u00eda allanado el camino rumbo a la Secretar\u00eda de Educaci\u00f3n, teniendo m\u00e1s m\u00e9ritos que su recalcitrante lucha contra la Reforma Educativa que otra cosa&#8230; dije \u201cparec\u00eda\u201d, porque ya sali\u00f3 otra figura que empiezan a citar para ocupar tal cargo en Veracruz&#8230; Eduardo Carre\u00f3n Mu\u00f1oz.<br \/>\nII<br \/>\nA Eduardo Carre\u00f3n lo conoc\u00ed en esa fiesta de fin de a\u00f1o&#8230; si no mal recuerdo, en ese entonces era presidente del partido Nueva Alianza y se caracterizaba su dirigencia por agrupar a j\u00f3venes, tanto, que igual, en ese entonces, Carre\u00f3n Mu\u00f1oz no alcanzaba los 30 a\u00f1os y ya ten\u00eda en su haber dos elecciones, una federal y otra estatal, que llev\u00f3 al Panal una buena cantidad de votos que hasta el momento no se ha vuelto a repetir&#8230; estamos hablando del lapso entre 2011 y 2015.<br \/>\nPara estas fechas, Eduardo ha de rondar por los 33 a\u00f1os y a pesar de su juventud, si su palmar\u00e9s pol\u00edtico es \u201cimpresionanti\u201d, el acad\u00e9mico lo es todav\u00eda m\u00e1s&#8230;<br \/>\nIII<br \/>\nTras dejar la dirigencia del Panal, abandon\u00f3 la pol\u00edtica para entregarse de lleno a una de las actividades que m\u00e1s disfruta&#8230; la academia&#8230; pero si ustedes lo hubieran visto bailar aquella noche, igual que yo pensar\u00edan que la salsa es su mayor deleite.<br \/>\nEl nativo de Guti\u00e9rrez Zamora lleg\u00f3 a Huatusco para encabezar la rector\u00eda de la Universidad Polit\u00e9cnica de aquel municipio, que adem\u00e1s cuenta con sedes en Orizaba, Tihuatl\u00e1n y Chocam\u00e1n, y en menos de a\u00f1o y medio, elevo\u0301 la matr\u00edcula de la instituci\u00f3n de 398 alumnos a mil 50&#8230;<br \/>\nAgregue que es autor de dos o tres libros (si no es que me qued\u00e9 corto), pero recuerdo uno que se llam\u00f3 \u201cEl Profeta\u201d o algo as\u00ed&#8230; la verdad, nunca tuve oportunidad de leerlo ni tenerlo a mi alcance.<br \/>\nIV<br \/>\nPor supuesto, Eduardo Carre\u00f3n Mu\u00f1oz no deja de ser pol\u00e9mico por cualquier lado que se le vea&#8230; para muchos, su inquietud no deja de ser chocante, porque si no escribe libros, \u00a1los vende!, \u00a1ya da conferencias!, \u00a1ya est\u00e1 bailando salsa!, \u00a1ya se ech\u00f3 un palomazo!, \u00a1ya se disfraz\u00f3 de \u201cEl Sombrerero\u201d y subi\u00f3 su foto a las redes!, o ya cre\u00f3 una estructura para detectar l\u00edderes juveniles y agruparlos en \u201cGeneraci\u00f3n Nacional\u201d&#8230;<br \/>\nAhora que, si bien es cierto, tiene rato que dej\u00f3 de participar en pol\u00edtica y a la vez, en Nueva Alianza, lo cierto es que hay sectores dentro de ese mismo partido, as\u00ed como de las mismas Redes Sociales Progresistas Magisteriales apegadas a Morena, que no ven con desagrado la postulaci\u00f3n de Carre\u00f3n Mu\u00f1oz, cuyos palmar\u00e9s, tanto en lo acad\u00e9mico como en lo pol\u00edtico, aventajan mucho a Escobar Garc\u00eda&#8230; y si a eso se le agrega que al ritmo de salsa, pudiera ser otro tema en el que coincidan el gobernador electo y el ex rector de la Universidad Polit\u00e9cnica de Huatusco, posiblemente a Zenyazen le tocar\u00eda bailar con la m\u00e1s fea&#8230; \u201cY fue all\u00ed \/ Se rebel\u00f3 el negro guapo \/ tom\u00f3 venganza por su amor \/ y a\u00fan se escucha en la verja\/ \u00a1No le pegue a mi negra!\u201d<br \/>\nsmcainito@gmail.com<\/p>\n","protected":false},"excerpt":{"rendered":"<p>Salvador Mu\u00f1oz Los Pol\u00edticos Era un fin de a\u00f1o y ah\u00ed est\u00e1bamos entre un grupo de j\u00f3venes que bailaban que daba gusto salsa, cumbia, chunchaca&#8230; \u00a1vamos! \u00a1lo que les pusieran!, pero no dejaba de destacar la entonces diputada Jacqueline Garc\u00eda Hern\u00e1ndez que se dejaba llevar no s\u00f3lo por el comp\u00e1s de una cumbia, sino por [&hellip;]<\/p>\n","protected":false},"author":2,"featured_media":0,"comment_status":"open","ping_status":"open","sticky":false,"template":"","format":"standard","meta":{"tdm_status":"","tdm_grid_status":"","footnotes":""},"categories":[70],"tags":[1237,4165,2432,12372],"class_list":{"0":"post-44620","1":"post","2":"type-post","3":"status-publish","4":"format-standard","6":"category-de-opinion","7":"tag-eduardo-carreon-munoz","8":"tag-reforma-educativa","9":"tag-secretaria-de-educacion-de-veracruz","10":"tag-zenyazen-escobar-garcia"},"yoast_head":"<!-- This site is optimized with the Yoast SEO plugin v27.4 - https:\/\/yoast.com\/product\/yoast-seo-wordpress\/ -->\n<title>Apuntan a Carre\u00f3n por la SEV - Los pol\u00edticos Veracruz<\/title>\n<meta name=\"robots\" content=\"index, follow, max-snippet:-1, max-image-preview:large, max-video-preview:-1\" \/>\n<link rel=\"canonical\" href=\"https:\/\/lospoliticosveracruz.com\/?p=44620\" \/>\n<meta property=\"og:locale\" content=\"es_ES\" \/>\n<meta property=\"og:type\" content=\"article\" \/>\n<meta property=\"og:title\" content=\"Apuntan a Carre\u00f3n por la SEV - Los pol\u00edticos Veracruz\" \/>\n<meta property=\"og:description\" content=\"Salvador Mu\u00f1oz Los Pol\u00edticos Era un fin de a\u00f1o y ah\u00ed est\u00e1bamos entre un grupo de j\u00f3venes que bailaban que daba gusto salsa, cumbia, chunchaca&#8230; \u00a1vamos! \u00a1lo que les pusieran!, pero no dejaba de destacar la entonces diputada Jacqueline Garc\u00eda Hern\u00e1ndez que se dejaba llevar no s\u00f3lo por el comp\u00e1s de una cumbia, sino por [&hellip;]\" \/>\n<meta property=\"og:url\" content=\"https:\/\/lospoliticosveracruz.com\/?p=44620\" \/>\n<meta property=\"og:site_name\" content=\"Los pol\u00edticos Veracruz\" \/>\n<meta property=\"article:publisher\" content=\"https:\/\/www.facebook.com\/people\/Notimemes-de-los-Polticos\/61565672886568\/\" \/>\n<meta property=\"article:published_time\" content=\"2018-08-31T03:55:57+00:00\" \/>\n<meta property=\"og:image\" content=\"https:\/\/lospoliticosveracruz.com\/wp-content\/uploads\/2016\/07\/Logo-Dor.jpg\" \/>\n\t<meta property=\"og:image:width\" content=\"200\" \/>\n\t<meta property=\"og:image:height\" content=\"200\" \/>\n\t<meta property=\"og:image:type\" content=\"image\/jpeg\" \/>\n<meta name=\"author\" content=\"Lo viste en Los Pol\u00edticos\" \/>\n<meta name=\"twitter:card\" content=\"summary_large_image\" \/>\n<meta name=\"twitter:creator\" content=\"@LosPoliticosVer\" \/>\n<meta name=\"twitter:site\" content=\"@LosPoliticosVer\" \/>\n<meta name=\"twitter:label1\" content=\"Escrito por\" \/>\n\t<meta name=\"twitter:data1\" content=\"Lo viste en Los Pol\u00edticos\" \/>\n\t<meta name=\"twitter:label2\" content=\"Tiempo de lectura\" \/>\n\t<meta name=\"twitter:data2\" content=\"3 minutos\" \/>\n<script type=\"application\/ld+json\" class=\"yoast-schema-graph\">{\"@context\":\"https:\\\/\\\/schema.org\",\"@graph\":[{\"@type\":\"Article\",\"@id\":\"https:\\\/\\\/lospoliticosveracruz.com\\\/?p=44620#article\",\"isPartOf\":{\"@id\":\"https:\\\/\\\/lospoliticosveracruz.com\\\/?p=44620\"},\"author\":{\"name\":\"Lo viste en Los Pol\u00edticos\",\"@id\":\"https:\\\/\\\/lospoliticosveracruz.com\\\/#\\\/schema\\\/person\\\/b8702bb0e538456e6efd07080bf2a4a2\"},\"headline\":\"Apuntan a Carre\u00f3n por la SEV\",\"datePublished\":\"2018-08-31T03:55:57+00:00\",\"mainEntityOfPage\":{\"@id\":\"https:\\\/\\\/lospoliticosveracruz.com\\\/?p=44620\"},\"wordCount\":666,\"commentCount\":2,\"publisher\":{\"@id\":\"https:\\\/\\\/lospoliticosveracruz.com\\\/#organization\"},\"keywords\":[\"Eduardo Carre\u00f3n Mu\u00f1oz\",\"Reforma Educativa\",\"Secretar\u00eda de Educaci\u00f3n de Veracruz\",\"Zenyazen Escobar Garc\u00eda\"],\"articleSection\":[\"De Opini\u00f3n\"],\"inLanguage\":\"es\",\"potentialAction\":[{\"@type\":\"CommentAction\",\"name\":\"Comment\",\"target\":[\"https:\\\/\\\/lospoliticosveracruz.com\\\/?p=44620#respond\"]}]},{\"@type\":\"WebPage\",\"@id\":\"https:\\\/\\\/lospoliticosveracruz.com\\\/?p=44620\",\"url\":\"https:\\\/\\\/lospoliticosveracruz.com\\\/?p=44620\",\"name\":\"Apuntan a Carre\u00f3n por la SEV - Los pol\u00edticos Veracruz\",\"isPartOf\":{\"@id\":\"https:\\\/\\\/lospoliticosveracruz.com\\\/#website\"},\"datePublished\":\"2018-08-31T03:55:57+00:00\",\"breadcrumb\":{\"@id\":\"https:\\\/\\\/lospoliticosveracruz.com\\\/?p=44620#breadcrumb\"},\"inLanguage\":\"es\",\"potentialAction\":[{\"@type\":\"ReadAction\",\"target\":[\"https:\\\/\\\/lospoliticosveracruz.com\\\/?p=44620\"]}]},{\"@type\":\"BreadcrumbList\",\"@id\":\"https:\\\/\\\/lospoliticosveracruz.com\\\/?p=44620#breadcrumb\",\"itemListElement\":[{\"@type\":\"ListItem\",\"position\":1,\"name\":\"Portada\",\"item\":\"https:\\\/\\\/lospoliticosveracruz.com\\\/\"},{\"@type\":\"ListItem\",\"position\":2,\"name\":\"Apuntan a Carre\u00f3n por la SEV\"}]},{\"@type\":\"WebSite\",\"@id\":\"https:\\\/\\\/lospoliticosveracruz.com\\\/#website\",\"url\":\"https:\\\/\\\/lospoliticosveracruz.com\\\/\",\"name\":\"Los pol\u00edticos Veracruz\",\"description\":\"\",\"publisher\":{\"@id\":\"https:\\\/\\\/lospoliticosveracruz.com\\\/#organization\"},\"potentialAction\":[{\"@type\":\"SearchAction\",\"target\":{\"@type\":\"EntryPoint\",\"urlTemplate\":\"https:\\\/\\\/lospoliticosveracruz.com\\\/?s={search_term_string}\"},\"query-input\":{\"@type\":\"PropertyValueSpecification\",\"valueRequired\":true,\"valueName\":\"search_term_string\"}}],\"inLanguage\":\"es\"},{\"@type\":\"Organization\",\"@id\":\"https:\\\/\\\/lospoliticosveracruz.com\\\/#organization\",\"name\":\"Los pol\u00edticos Veracruz\",\"url\":\"https:\\\/\\\/lospoliticosveracruz.com\\\/\",\"logo\":{\"@type\":\"ImageObject\",\"inLanguage\":\"es\",\"@id\":\"https:\\\/\\\/lospoliticosveracruz.com\\\/#\\\/schema\\\/logo\\\/image\\\/\",\"url\":\"https:\\\/\\\/lospoliticosveracruz.com\\\/wp-content\\\/uploads\\\/2025\\\/12\\\/Logo-Nuevo-LOS-POLITICOS-1.jpg\",\"contentUrl\":\"https:\\\/\\\/lospoliticosveracruz.com\\\/wp-content\\\/uploads\\\/2025\\\/12\\\/Logo-Nuevo-LOS-POLITICOS-1.jpg\",\"width\":260,\"height\":70,\"caption\":\"Los pol\u00edticos Veracruz\"},\"image\":{\"@id\":\"https:\\\/\\\/lospoliticosveracruz.com\\\/#\\\/schema\\\/logo\\\/image\\\/\"},\"sameAs\":[\"https:\\\/\\\/www.facebook.com\\\/people\\\/Notimemes-de-los-Polticos\\\/61565672886568\\\/\",\"https:\\\/\\\/x.com\\\/LosPoliticosVer\"]},{\"@type\":\"Person\",\"@id\":\"https:\\\/\\\/lospoliticosveracruz.com\\\/#\\\/schema\\\/person\\\/b8702bb0e538456e6efd07080bf2a4a2\",\"name\":\"Lo viste en Los Pol\u00edticos\",\"image\":{\"@type\":\"ImageObject\",\"inLanguage\":\"es\",\"@id\":\"https:\\\/\\\/secure.gravatar.com\\\/avatar\\\/3a8de04a2656d44082be478bd6c086daa447c4651605818287b9532d3d0bd435?s=96&d=mm&r=g\",\"url\":\"https:\\\/\\\/secure.gravatar.com\\\/avatar\\\/3a8de04a2656d44082be478bd6c086daa447c4651605818287b9532d3d0bd435?s=96&d=mm&r=g\",\"contentUrl\":\"https:\\\/\\\/secure.gravatar.com\\\/avatar\\\/3a8de04a2656d44082be478bd6c086daa447c4651605818287b9532d3d0bd435?s=96&d=mm&r=g\",\"caption\":\"Lo viste en Los Pol\u00edticos\"},\"url\":\"https:\\\/\\\/lospoliticosveracruz.com\\\/?author=2\"}]}<\/script>\n<!-- \/ Yoast SEO plugin. -->","yoast_head_json":{"title":"Apuntan a Carre\u00f3n por la SEV - Los pol\u00edticos Veracruz","robots":{"index":"index","follow":"follow","max-snippet":"max-snippet:-1","max-image-preview":"max-image-preview:large","max-video-preview":"max-video-preview:-1"},"canonical":"https:\/\/lospoliticosveracruz.com\/?p=44620","og_locale":"es_ES","og_type":"article","og_title":"Apuntan a Carre\u00f3n por la SEV - Los pol\u00edticos Veracruz","og_description":"Salvador Mu\u00f1oz Los Pol\u00edticos Era un fin de a\u00f1o y ah\u00ed est\u00e1bamos entre un grupo de j\u00f3venes que bailaban que daba gusto salsa, cumbia, chunchaca&#8230; \u00a1vamos! \u00a1lo que les pusieran!, pero no dejaba de destacar la entonces diputada Jacqueline Garc\u00eda Hern\u00e1ndez que se dejaba llevar no s\u00f3lo por el comp\u00e1s de una cumbia, sino por [&hellip;]","og_url":"https:\/\/lospoliticosveracruz.com\/?p=44620","og_site_name":"Los pol\u00edticos Veracruz","article_publisher":"https:\/\/www.facebook.com\/people\/Notimemes-de-los-Polticos\/61565672886568\/","article_published_time":"2018-08-31T03:55:57+00:00","og_image":[{"width":200,"height":200,"url":"https:\/\/lospoliticosveracruz.com\/wp-content\/uploads\/2016\/07\/Logo-Dor.jpg","type":"image\/jpeg"}],"author":"Lo viste en Los Pol\u00edticos","twitter_card":"summary_large_image","twitter_creator":"@LosPoliticosVer","twitter_site":"@LosPoliticosVer","twitter_misc":{"Escrito por":"Lo viste en Los Pol\u00edticos","Tiempo de lectura":"3 minutos"},"schema":{"@context":"https:\/\/schema.org","@graph":[{"@type":"Article","@id":"https:\/\/lospoliticosveracruz.com\/?p=44620#article","isPartOf":{"@id":"https:\/\/lospoliticosveracruz.com\/?p=44620"},"author":{"name":"Lo viste en Los Pol\u00edticos","@id":"https:\/\/lospoliticosveracruz.com\/#\/schema\/person\/b8702bb0e538456e6efd07080bf2a4a2"},"headline":"Apuntan a Carre\u00f3n por la SEV","datePublished":"2018-08-31T03:55:57+00:00","mainEntityOfPage":{"@id":"https:\/\/lospoliticosveracruz.com\/?p=44620"},"wordCount":666,"commentCount":2,"publisher":{"@id":"https:\/\/lospoliticosveracruz.com\/#organization"},"keywords":["Eduardo Carre\u00f3n Mu\u00f1oz","Reforma Educativa","Secretar\u00eda de Educaci\u00f3n de Veracruz","Zenyazen Escobar Garc\u00eda"],"articleSection":["De Opini\u00f3n"],"inLanguage":"es","potentialAction":[{"@type":"CommentAction","name":"Comment","target":["https:\/\/lospoliticosveracruz.com\/?p=44620#respond"]}]},{"@type":"WebPage","@id":"https:\/\/lospoliticosveracruz.com\/?p=44620","url":"https:\/\/lospoliticosveracruz.com\/?p=44620","name":"Apuntan a Carre\u00f3n por la SEV - Los pol\u00edticos Veracruz","isPartOf":{"@id":"https:\/\/lospoliticosveracruz.com\/#website"},"datePublished":"2018-08-31T03:55:57+00:00","breadcrumb":{"@id":"https:\/\/lospoliticosveracruz.com\/?p=44620#breadcrumb"},"inLanguage":"es","potentialAction":[{"@type":"ReadAction","target":["https:\/\/lospoliticosveracruz.com\/?p=44620"]}]},{"@type":"BreadcrumbList","@id":"https:\/\/lospoliticosveracruz.com\/?p=44620#breadcrumb","itemListElement":[{"@type":"ListItem","position":1,"name":"Portada","item":"https:\/\/lospoliticosveracruz.com\/"},{"@type":"ListItem","position":2,"name":"Apuntan a Carre\u00f3n por la SEV"}]},{"@type":"WebSite","@id":"https:\/\/lospoliticosveracruz.com\/#website","url":"https:\/\/lospoliticosveracruz.com\/","name":"Los pol\u00edticos Veracruz","description":"","publisher":{"@id":"https:\/\/lospoliticosveracruz.com\/#organization"},"potentialAction":[{"@type":"SearchAction","target":{"@type":"EntryPoint","urlTemplate":"https:\/\/lospoliticosveracruz.com\/?s={search_term_string}"},"query-input":{"@type":"PropertyValueSpecification","valueRequired":true,"valueName":"search_term_string"}}],"inLanguage":"es"},{"@type":"Organization","@id":"https:\/\/lospoliticosveracruz.com\/#organization","name":"Los pol\u00edticos Veracruz","url":"https:\/\/lospoliticosveracruz.com\/","logo":{"@type":"ImageObject","inLanguage":"es","@id":"https:\/\/lospoliticosveracruz.com\/#\/schema\/logo\/image\/","url":"https:\/\/lospoliticosveracruz.com\/wp-content\/uploads\/2025\/12\/Logo-Nuevo-LOS-POLITICOS-1.jpg","contentUrl":"https:\/\/lospoliticosveracruz.com\/wp-content\/uploads\/2025\/12\/Logo-Nuevo-LOS-POLITICOS-1.jpg","width":260,"height":70,"caption":"Los pol\u00edticos Veracruz"},"image":{"@id":"https:\/\/lospoliticosveracruz.com\/#\/schema\/logo\/image\/"},"sameAs":["https:\/\/www.facebook.com\/people\/Notimemes-de-los-Polticos\/61565672886568\/","https:\/\/x.com\/LosPoliticosVer"]},{"@type":"Person","@id":"https:\/\/lospoliticosveracruz.com\/#\/schema\/person\/b8702bb0e538456e6efd07080bf2a4a2","name":"Lo viste en Los Pol\u00edticos","image":{"@type":"ImageObject","inLanguage":"es","@id":"https:\/\/secure.gravatar.com\/avatar\/3a8de04a2656d44082be478bd6c086daa447c4651605818287b9532d3d0bd435?s=96&d=mm&r=g","url":"https:\/\/secure.gravatar.com\/avatar\/3a8de04a2656d44082be478bd6c086daa447c4651605818287b9532d3d0bd435?s=96&d=mm&r=g","contentUrl":"https:\/\/secure.gravatar.com\/avatar\/3a8de04a2656d44082be478bd6c086daa447c4651605818287b9532d3d0bd435?s=96&d=mm&r=g","caption":"Lo viste en Los Pol\u00edticos"},"url":"https:\/\/lospoliticosveracruz.com\/?author=2"}]}},"_links":{"self":[{"href":"https:\/\/lospoliticosveracruz.com\/index.php?rest_route=\/wp\/v2\/posts\/44620","targetHints":{"allow":["GET"]}}],"collection":[{"href":"https:\/\/lospoliticosveracruz.com\/index.php?rest_route=\/wp\/v2\/posts"}],"about":[{"href":"https:\/\/lospoliticosveracruz.com\/index.php?rest_route=\/wp\/v2\/types\/post"}],"author":[{"embeddable":true,"href":"https:\/\/lospoliticosveracruz.com\/index.php?rest_route=\/wp\/v2\/users\/2"}],"replies":[{"embeddable":true,"href":"https:\/\/lospoliticosveracruz.com\/index.php?rest_route=%2Fwp%2Fv2%2Fcomments&post=44620"}],"version-history":[{"count":4,"href":"https:\/\/lospoliticosveracruz.com\/index.php?rest_route=\/wp\/v2\/posts\/44620\/revisions"}],"predecessor-version":[{"id":44736,"href":"https:\/\/lospoliticosveracruz.com\/index.php?rest_route=\/wp\/v2\/posts\/44620\/revisions\/44736"}],"wp:attachment":[{"href":"https:\/\/lospoliticosveracruz.com\/index.php?rest_route=%2Fwp%2Fv2%2Fmedia&parent=44620"}],"wp:term":[{"taxonomy":"category","embeddable":true,"href":"https:\/\/lospoliticosveracruz.com\/index.php?rest_route=%2Fwp%2Fv2%2Fcategories&post=44620"},{"taxonomy":"post_tag","embeddable":true,"href":"https:\/\/lospoliticosveracruz.com\/index.php?rest_route=%2Fwp%2Fv2%2Ftags&post=44620"}],"curies":[{"name":"wp","href":"https:\/\/api.w.org\/{rel}","templated":true}]}}