{"id":44684,"date":"2018-08-28T22:32:35","date_gmt":"2018-08-29T03:32:35","guid":{"rendered":"http:\/\/www.lospoliticosveracruz.com.mx\/?p=44684"},"modified":"2018-08-28T22:32:35","modified_gmt":"2018-08-29T03:32:35","slug":"comisiones-de-derechos-humanos-un-elefante-blanco-institucional","status":"publish","type":"post","link":"https:\/\/lospoliticosveracruz.com\/?p=44684","title":{"rendered":"Comisiones de derechos humanos, un elefante blanco institucional"},"content":{"rendered":"<p><strong>Felipe de Jes\u00fas Fern\u00e1ndez Basilio<\/strong><\/p>\n<p><em>Desde a Janela<\/em><\/p>\n<p>&nbsp;<\/p>\n<p>&nbsp;<\/p>\n<p>Cuentan las antiguas cr\u00f3nicas siamesas que cuando un monarca quer\u00eda halagar y a la vez arruinar a un noble, le regalaba un majestuoso elefante albino, animal que era muy apreciado por su rareza pero que su manutenci\u00f3n resultaba muy costosa y su utilidad era nula pero que como era bonito y se lo hab\u00eda regalado el soberano lo ten\u00eda que mantener y ese mantenimiento a la larga le causaba la ruina financiera.<\/p>\n<p>Por ello ahora decimos que cuando un gobierno, enti\u00e9ndase \u00e9ste como una administraci\u00f3n, construye una obra fastuosa, la cual se ve bonita pero que en la pr\u00e1ctica carece de utilidad debido a que o no es aprovechada por ineptitud de quien la hizo o de quien le sucede en el cargo o se hizo por capricho, sin verificar si existe la suficiente demanda en los servicios que d\u00e9 para justificar su creaci\u00f3n y si a ello le sumamos que sus costos de operaci\u00f3n y de mantenimiento son mayores a los beneficios que proporciona; nos encontramos frente a lo que coloquialmente llamamos un \u201celefante blanco\u201d.<\/p>\n<p>De ellos tenemos much\u00edsimos ejemplos en todo el mundo, tan solo basta con ver los estadios que se construyen ya sea para albergar un mundial de futbol o unos juegos ol\u00edmpicos, los cuales salvo que sean construidos en pa\u00edses o ciudades que cuenten con equipos o competencias permanentes que hagan uso de ellos, se convierten en cargas para quienes los construyeron por lo pesado de su mantenimiento y la escaza utilidad que tienen una vez pasada la competencia para la que fueron creados.<\/p>\n<p>A nivel local tenemos en Veracruz algunos ejemplos como el Agrocentro que fue construido en tiempos de Miguel alem\u00e1n y que, por su inutilidad tuvo que ser entregado a la iniciativa privada o el vel\u00f3dromo que fue construido para los Juegos Centroamericanos y del Caribe y que hoy en d\u00eda no sirve para casi nada pero que cuesta mucho su mantenimiento.<\/p>\n<p>Pues bien, estos elefantes blancos no solo existen en la construcci\u00f3n de infraestructura costosa e in\u00fatil, sino que tambi\u00e9n est\u00e1n presentes en el campo institucional y sucede as\u00ed cuando constitucionalmente se crean instituciones que resultan de escaza utilidad social y que cuesta bastante caro mantenerlas.<\/p>\n<p>Y tenemos muchas pero esta vez me quiero detener en una, ya que debiera tener mayor impacto social debido al fin para el que fue creada y sin embargo por su manera de operar es un verdadero elefante blanco; me refiero a la Comisi\u00f3n de<\/p>\n<p>Derechos Humanos, ya sea \u00e9sta nacional o estatal, ya que para el caso es lo mismo debido a que por su mal dise\u00f1o y su aun peor selecci\u00f3n de integrantes, son meros \u00f3rganos contemplativos en lugar de verdaderos defensores de los derechos humanos.<\/p>\n<p>En efecto, dichas comisiones est\u00e1n mal dise\u00f1adas en virtud de que la ley que regula sus facultades pone todo tipo de candados a su actuaci\u00f3n y as\u00ed tenemos que lo que estas comisiones producen, es decir el principal resultado de su actividad, son meras \u201crecomendaciones\u201d muy medi\u00e1ticas pero no vinculantes, toda vez que por ley el Estado no est\u00e1 obligado a acatarlas, es decir se trata de en el mejor de los casos de un consejo; cuando debiera de ser una obligaci\u00f3n, toda vez que se supone que est\u00e1n integradas por especialistas en la protecci\u00f3n de los derechos humanos y si encuentran que se est\u00e1 violentando alg\u00fan derecho humano es porque as\u00ed es, ya que como se dijo sus integrantes debieran de ser expertos en la materia y por lo mismo justificar\u00edan la violaci\u00f3n a los derechos fundamentales encontrada.<\/p>\n<p>Otra traba legal que las comisiones de los derechos humanos tienen en nuestro pa\u00eds es que cuando existe alg\u00fan conflicto legal o la presunta violaci\u00f3n de los derechos humanos proviene de una decisi\u00f3n judicial, \u00e9stas ya no pueden intervenir y yo me pregunto \u00bfacaso el poder judicial no es parte del Estado? O \u00bf\u00e9ste no puede violar un derecho humano?, claro que s\u00ed lo puede hacer y muchos de ustedes me dir\u00e1n \u00bfQu\u00e9 no existe para eso el juicio de amparo?, y la respuesta es s\u00ed y no. S\u00ed, porque el amparo es una forma de combatir un acto arbitrario por parte de la autoridad y no, porque este juicio no est\u00e1 al alcance de todos, ya que como sucede con toda acci\u00f3n judicial, se requiere cumplir con muchos formalismos que lo hacen lento y muchas veces resulta improcedente por no cumplirse con alguno. Teniendo como resultado que cuando se resuelve, si es que se resuelve, la afectaci\u00f3n al derecho humano ya se consum\u00f3.<\/p>\n<p>As\u00ed mismo tambi\u00e9n hace inoperantes a las comisiones de derechos humanos el que la mayor\u00eda de su personal est\u00e1 conformado por acad\u00e9micos que desconocen la realidad social del pa\u00eds o del estado en la que opera, ya que su perfil profesional es diferente al que se requiere para tener una instituci\u00f3n que reaccione de manera pr\u00e1ctica ante una violaci\u00f3n a los derechos humanos y no se dedique a la mera contemplaci\u00f3n y an\u00e1lisis de gabinete de las violaciones a los derechos humanos y tenemos un ejemplo claro de este problema en la Comisi\u00f3n Estatal de Derechos Humanos de Veracruz, la cual no act\u00faa casi nunca cuando hace falta pero que si les preguntamos acerca de su gesti\u00f3n, nos salen con sendos estudios conformados por un gran caudal de datos estad\u00edsticos que han recopilado en sus oficinas.<\/p>\n<p>La conclusi\u00f3n que podemos hacer al respecto es que por una parte debido al mal dise\u00f1o legal, quiz\u00e1 hecho m\u00e1s por cumplir pactos internacionales que por verdaderamente proteger los derechos humanos de las personas que se encuentran en M\u00e9xico, el cual resulta muy limitativo en las atribuciones conferidas a las comisiones de derechos humanos y por la otra con la p\u00e9sima integraci\u00f3n de dichos \u00f3rganos, conformada en su mayor\u00eda por acad\u00e9micos que no son luchadores sociales; tenemos como resultado un gran elefante blanco, mismo que es improductivo y muy costoso debido a que los sueldos que el Estado paga son altos y lo m\u00e1s doloroso es que nos damos el lujo de tener ese elefante blanco institucional en un \u00e1rea que es de tanta importancia como lo es la protecci\u00f3n de los derechos humanos.<\/p>\n<p>felfebas@gmail.com<\/p>\n<p>Twitter: @FelipeFBasilio<\/p>\n","protected":false},"excerpt":{"rendered":"<p>Felipe de Jes\u00fas Fern\u00e1ndez Basilio Desde a Janela &nbsp; &nbsp; Cuentan las antiguas cr\u00f3nicas siamesas que cuando un monarca quer\u00eda halagar y a la vez arruinar a un noble, le regalaba un majestuoso elefante albino, animal que era muy apreciado por su rareza pero que su manutenci\u00f3n resultaba muy costosa y su utilidad era nula [&hellip;]<\/p>\n","protected":false},"author":2,"featured_media":0,"comment_status":"open","ping_status":"open","sticky":false,"template":"","format":"standard","meta":{"tdm_status":"","tdm_grid_status":"","footnotes":""},"categories":[70],"tags":[4430],"class_list":{"0":"post-44684","1":"post","2":"type-post","3":"status-publish","4":"format-standard","6":"category-de-opinion","7":"tag-derechos-humanos"},"yoast_head":"<!-- This site is optimized with the Yoast SEO plugin v27.4 - https:\/\/yoast.com\/product\/yoast-seo-wordpress\/ -->\n<title>Comisiones de derechos humanos, un elefante blanco institucional - Los pol\u00edticos Veracruz<\/title>\n<meta name=\"robots\" content=\"index, follow, max-snippet:-1, max-image-preview:large, max-video-preview:-1\" \/>\n<link rel=\"canonical\" href=\"https:\/\/lospoliticosveracruz.com\/?p=44684\" \/>\n<meta property=\"og:locale\" content=\"es_ES\" \/>\n<meta property=\"og:type\" content=\"article\" \/>\n<meta property=\"og:title\" content=\"Comisiones de derechos humanos, un elefante blanco institucional - Los pol\u00edticos Veracruz\" \/>\n<meta property=\"og:description\" content=\"Felipe de Jes\u00fas Fern\u00e1ndez Basilio Desde a Janela &nbsp; &nbsp; Cuentan las antiguas cr\u00f3nicas siamesas que cuando un monarca quer\u00eda halagar y a la vez arruinar a un noble, le regalaba un majestuoso elefante albino, animal que era muy apreciado por su rareza pero que su manutenci\u00f3n resultaba muy costosa y su utilidad era nula [&hellip;]\" \/>\n<meta property=\"og:url\" content=\"https:\/\/lospoliticosveracruz.com\/?p=44684\" \/>\n<meta property=\"og:site_name\" content=\"Los pol\u00edticos Veracruz\" \/>\n<meta property=\"article:publisher\" content=\"https:\/\/www.facebook.com\/people\/Notimemes-de-los-Polticos\/61565672886568\/\" \/>\n<meta property=\"article:published_time\" content=\"2018-08-29T03:32:35+00:00\" \/>\n<meta property=\"og:image\" content=\"https:\/\/lospoliticosveracruz.com\/wp-content\/uploads\/2016\/07\/Logo-Dor.jpg\" \/>\n\t<meta property=\"og:image:width\" content=\"200\" \/>\n\t<meta property=\"og:image:height\" content=\"200\" \/>\n\t<meta property=\"og:image:type\" content=\"image\/jpeg\" \/>\n<meta name=\"author\" content=\"Lo viste en Los Pol\u00edticos\" \/>\n<meta name=\"twitter:card\" content=\"summary_large_image\" \/>\n<meta name=\"twitter:creator\" content=\"@LosPoliticosVer\" \/>\n<meta name=\"twitter:site\" content=\"@LosPoliticosVer\" \/>\n<meta name=\"twitter:label1\" content=\"Escrito por\" \/>\n\t<meta name=\"twitter:data1\" content=\"Lo viste en Los Pol\u00edticos\" \/>\n\t<meta name=\"twitter:label2\" content=\"Tiempo de lectura\" \/>\n\t<meta name=\"twitter:data2\" content=\"6 minutos\" \/>\n<script type=\"application\/ld+json\" class=\"yoast-schema-graph\">{\"@context\":\"https:\\\/\\\/schema.org\",\"@graph\":[{\"@type\":\"Article\",\"@id\":\"https:\\\/\\\/lospoliticosveracruz.com\\\/?p=44684#article\",\"isPartOf\":{\"@id\":\"https:\\\/\\\/lospoliticosveracruz.com\\\/?p=44684\"},\"author\":{\"name\":\"Lo viste en Los Pol\u00edticos\",\"@id\":\"https:\\\/\\\/lospoliticosveracruz.com\\\/#\\\/schema\\\/person\\\/b8702bb0e538456e6efd07080bf2a4a2\"},\"headline\":\"Comisiones de derechos humanos, un elefante blanco institucional\",\"datePublished\":\"2018-08-29T03:32:35+00:00\",\"mainEntityOfPage\":{\"@id\":\"https:\\\/\\\/lospoliticosveracruz.com\\\/?p=44684\"},\"wordCount\":1114,\"commentCount\":0,\"publisher\":{\"@id\":\"https:\\\/\\\/lospoliticosveracruz.com\\\/#organization\"},\"keywords\":[\"derechos humanos\"],\"articleSection\":[\"De Opini\u00f3n\"],\"inLanguage\":\"es\",\"potentialAction\":[{\"@type\":\"CommentAction\",\"name\":\"Comment\",\"target\":[\"https:\\\/\\\/lospoliticosveracruz.com\\\/?p=44684#respond\"]}]},{\"@type\":\"WebPage\",\"@id\":\"https:\\\/\\\/lospoliticosveracruz.com\\\/?p=44684\",\"url\":\"https:\\\/\\\/lospoliticosveracruz.com\\\/?p=44684\",\"name\":\"Comisiones de derechos humanos, un elefante blanco institucional - Los pol\u00edticos Veracruz\",\"isPartOf\":{\"@id\":\"https:\\\/\\\/lospoliticosveracruz.com\\\/#website\"},\"datePublished\":\"2018-08-29T03:32:35+00:00\",\"breadcrumb\":{\"@id\":\"https:\\\/\\\/lospoliticosveracruz.com\\\/?p=44684#breadcrumb\"},\"inLanguage\":\"es\",\"potentialAction\":[{\"@type\":\"ReadAction\",\"target\":[\"https:\\\/\\\/lospoliticosveracruz.com\\\/?p=44684\"]}]},{\"@type\":\"BreadcrumbList\",\"@id\":\"https:\\\/\\\/lospoliticosveracruz.com\\\/?p=44684#breadcrumb\",\"itemListElement\":[{\"@type\":\"ListItem\",\"position\":1,\"name\":\"Portada\",\"item\":\"https:\\\/\\\/lospoliticosveracruz.com\\\/\"},{\"@type\":\"ListItem\",\"position\":2,\"name\":\"Comisiones de derechos humanos, un elefante blanco institucional\"}]},{\"@type\":\"WebSite\",\"@id\":\"https:\\\/\\\/lospoliticosveracruz.com\\\/#website\",\"url\":\"https:\\\/\\\/lospoliticosveracruz.com\\\/\",\"name\":\"Los pol\u00edticos Veracruz\",\"description\":\"\",\"publisher\":{\"@id\":\"https:\\\/\\\/lospoliticosveracruz.com\\\/#organization\"},\"potentialAction\":[{\"@type\":\"SearchAction\",\"target\":{\"@type\":\"EntryPoint\",\"urlTemplate\":\"https:\\\/\\\/lospoliticosveracruz.com\\\/?s={search_term_string}\"},\"query-input\":{\"@type\":\"PropertyValueSpecification\",\"valueRequired\":true,\"valueName\":\"search_term_string\"}}],\"inLanguage\":\"es\"},{\"@type\":\"Organization\",\"@id\":\"https:\\\/\\\/lospoliticosveracruz.com\\\/#organization\",\"name\":\"Los pol\u00edticos Veracruz\",\"url\":\"https:\\\/\\\/lospoliticosveracruz.com\\\/\",\"logo\":{\"@type\":\"ImageObject\",\"inLanguage\":\"es\",\"@id\":\"https:\\\/\\\/lospoliticosveracruz.com\\\/#\\\/schema\\\/logo\\\/image\\\/\",\"url\":\"https:\\\/\\\/lospoliticosveracruz.com\\\/wp-content\\\/uploads\\\/2025\\\/12\\\/Logo-Nuevo-LOS-POLITICOS-1.jpg\",\"contentUrl\":\"https:\\\/\\\/lospoliticosveracruz.com\\\/wp-content\\\/uploads\\\/2025\\\/12\\\/Logo-Nuevo-LOS-POLITICOS-1.jpg\",\"width\":260,\"height\":70,\"caption\":\"Los pol\u00edticos Veracruz\"},\"image\":{\"@id\":\"https:\\\/\\\/lospoliticosveracruz.com\\\/#\\\/schema\\\/logo\\\/image\\\/\"},\"sameAs\":[\"https:\\\/\\\/www.facebook.com\\\/people\\\/Notimemes-de-los-Polticos\\\/61565672886568\\\/\",\"https:\\\/\\\/x.com\\\/LosPoliticosVer\"]},{\"@type\":\"Person\",\"@id\":\"https:\\\/\\\/lospoliticosveracruz.com\\\/#\\\/schema\\\/person\\\/b8702bb0e538456e6efd07080bf2a4a2\",\"name\":\"Lo viste en Los Pol\u00edticos\",\"image\":{\"@type\":\"ImageObject\",\"inLanguage\":\"es\",\"@id\":\"https:\\\/\\\/secure.gravatar.com\\\/avatar\\\/3a8de04a2656d44082be478bd6c086daa447c4651605818287b9532d3d0bd435?s=96&d=mm&r=g\",\"url\":\"https:\\\/\\\/secure.gravatar.com\\\/avatar\\\/3a8de04a2656d44082be478bd6c086daa447c4651605818287b9532d3d0bd435?s=96&d=mm&r=g\",\"contentUrl\":\"https:\\\/\\\/secure.gravatar.com\\\/avatar\\\/3a8de04a2656d44082be478bd6c086daa447c4651605818287b9532d3d0bd435?s=96&d=mm&r=g\",\"caption\":\"Lo viste en Los Pol\u00edticos\"},\"url\":\"https:\\\/\\\/lospoliticosveracruz.com\\\/?author=2\"}]}<\/script>\n<!-- \/ Yoast SEO plugin. -->","yoast_head_json":{"title":"Comisiones de derechos humanos, un elefante blanco institucional - Los pol\u00edticos Veracruz","robots":{"index":"index","follow":"follow","max-snippet":"max-snippet:-1","max-image-preview":"max-image-preview:large","max-video-preview":"max-video-preview:-1"},"canonical":"https:\/\/lospoliticosveracruz.com\/?p=44684","og_locale":"es_ES","og_type":"article","og_title":"Comisiones de derechos humanos, un elefante blanco institucional - Los pol\u00edticos Veracruz","og_description":"Felipe de Jes\u00fas Fern\u00e1ndez Basilio Desde a Janela &nbsp; &nbsp; Cuentan las antiguas cr\u00f3nicas siamesas que cuando un monarca quer\u00eda halagar y a la vez arruinar a un noble, le regalaba un majestuoso elefante albino, animal que era muy apreciado por su rareza pero que su manutenci\u00f3n resultaba muy costosa y su utilidad era nula [&hellip;]","og_url":"https:\/\/lospoliticosveracruz.com\/?p=44684","og_site_name":"Los pol\u00edticos Veracruz","article_publisher":"https:\/\/www.facebook.com\/people\/Notimemes-de-los-Polticos\/61565672886568\/","article_published_time":"2018-08-29T03:32:35+00:00","og_image":[{"width":200,"height":200,"url":"https:\/\/lospoliticosveracruz.com\/wp-content\/uploads\/2016\/07\/Logo-Dor.jpg","type":"image\/jpeg"}],"author":"Lo viste en Los Pol\u00edticos","twitter_card":"summary_large_image","twitter_creator":"@LosPoliticosVer","twitter_site":"@LosPoliticosVer","twitter_misc":{"Escrito por":"Lo viste en Los Pol\u00edticos","Tiempo de lectura":"6 minutos"},"schema":{"@context":"https:\/\/schema.org","@graph":[{"@type":"Article","@id":"https:\/\/lospoliticosveracruz.com\/?p=44684#article","isPartOf":{"@id":"https:\/\/lospoliticosveracruz.com\/?p=44684"},"author":{"name":"Lo viste en Los Pol\u00edticos","@id":"https:\/\/lospoliticosveracruz.com\/#\/schema\/person\/b8702bb0e538456e6efd07080bf2a4a2"},"headline":"Comisiones de derechos humanos, un elefante blanco institucional","datePublished":"2018-08-29T03:32:35+00:00","mainEntityOfPage":{"@id":"https:\/\/lospoliticosveracruz.com\/?p=44684"},"wordCount":1114,"commentCount":0,"publisher":{"@id":"https:\/\/lospoliticosveracruz.com\/#organization"},"keywords":["derechos humanos"],"articleSection":["De Opini\u00f3n"],"inLanguage":"es","potentialAction":[{"@type":"CommentAction","name":"Comment","target":["https:\/\/lospoliticosveracruz.com\/?p=44684#respond"]}]},{"@type":"WebPage","@id":"https:\/\/lospoliticosveracruz.com\/?p=44684","url":"https:\/\/lospoliticosveracruz.com\/?p=44684","name":"Comisiones de derechos humanos, un elefante blanco institucional - Los pol\u00edticos Veracruz","isPartOf":{"@id":"https:\/\/lospoliticosveracruz.com\/#website"},"datePublished":"2018-08-29T03:32:35+00:00","breadcrumb":{"@id":"https:\/\/lospoliticosveracruz.com\/?p=44684#breadcrumb"},"inLanguage":"es","potentialAction":[{"@type":"ReadAction","target":["https:\/\/lospoliticosveracruz.com\/?p=44684"]}]},{"@type":"BreadcrumbList","@id":"https:\/\/lospoliticosveracruz.com\/?p=44684#breadcrumb","itemListElement":[{"@type":"ListItem","position":1,"name":"Portada","item":"https:\/\/lospoliticosveracruz.com\/"},{"@type":"ListItem","position":2,"name":"Comisiones de derechos humanos, un elefante blanco institucional"}]},{"@type":"WebSite","@id":"https:\/\/lospoliticosveracruz.com\/#website","url":"https:\/\/lospoliticosveracruz.com\/","name":"Los pol\u00edticos Veracruz","description":"","publisher":{"@id":"https:\/\/lospoliticosveracruz.com\/#organization"},"potentialAction":[{"@type":"SearchAction","target":{"@type":"EntryPoint","urlTemplate":"https:\/\/lospoliticosveracruz.com\/?s={search_term_string}"},"query-input":{"@type":"PropertyValueSpecification","valueRequired":true,"valueName":"search_term_string"}}],"inLanguage":"es"},{"@type":"Organization","@id":"https:\/\/lospoliticosveracruz.com\/#organization","name":"Los pol\u00edticos Veracruz","url":"https:\/\/lospoliticosveracruz.com\/","logo":{"@type":"ImageObject","inLanguage":"es","@id":"https:\/\/lospoliticosveracruz.com\/#\/schema\/logo\/image\/","url":"https:\/\/lospoliticosveracruz.com\/wp-content\/uploads\/2025\/12\/Logo-Nuevo-LOS-POLITICOS-1.jpg","contentUrl":"https:\/\/lospoliticosveracruz.com\/wp-content\/uploads\/2025\/12\/Logo-Nuevo-LOS-POLITICOS-1.jpg","width":260,"height":70,"caption":"Los pol\u00edticos Veracruz"},"image":{"@id":"https:\/\/lospoliticosveracruz.com\/#\/schema\/logo\/image\/"},"sameAs":["https:\/\/www.facebook.com\/people\/Notimemes-de-los-Polticos\/61565672886568\/","https:\/\/x.com\/LosPoliticosVer"]},{"@type":"Person","@id":"https:\/\/lospoliticosveracruz.com\/#\/schema\/person\/b8702bb0e538456e6efd07080bf2a4a2","name":"Lo viste en Los Pol\u00edticos","image":{"@type":"ImageObject","inLanguage":"es","@id":"https:\/\/secure.gravatar.com\/avatar\/3a8de04a2656d44082be478bd6c086daa447c4651605818287b9532d3d0bd435?s=96&d=mm&r=g","url":"https:\/\/secure.gravatar.com\/avatar\/3a8de04a2656d44082be478bd6c086daa447c4651605818287b9532d3d0bd435?s=96&d=mm&r=g","contentUrl":"https:\/\/secure.gravatar.com\/avatar\/3a8de04a2656d44082be478bd6c086daa447c4651605818287b9532d3d0bd435?s=96&d=mm&r=g","caption":"Lo viste en Los Pol\u00edticos"},"url":"https:\/\/lospoliticosveracruz.com\/?author=2"}]}},"_links":{"self":[{"href":"https:\/\/lospoliticosveracruz.com\/index.php?rest_route=\/wp\/v2\/posts\/44684","targetHints":{"allow":["GET"]}}],"collection":[{"href":"https:\/\/lospoliticosveracruz.com\/index.php?rest_route=\/wp\/v2\/posts"}],"about":[{"href":"https:\/\/lospoliticosveracruz.com\/index.php?rest_route=\/wp\/v2\/types\/post"}],"author":[{"embeddable":true,"href":"https:\/\/lospoliticosveracruz.com\/index.php?rest_route=\/wp\/v2\/users\/2"}],"replies":[{"embeddable":true,"href":"https:\/\/lospoliticosveracruz.com\/index.php?rest_route=%2Fwp%2Fv2%2Fcomments&post=44684"}],"version-history":[{"count":1,"href":"https:\/\/lospoliticosveracruz.com\/index.php?rest_route=\/wp\/v2\/posts\/44684\/revisions"}],"predecessor-version":[{"id":44686,"href":"https:\/\/lospoliticosveracruz.com\/index.php?rest_route=\/wp\/v2\/posts\/44684\/revisions\/44686"}],"wp:attachment":[{"href":"https:\/\/lospoliticosveracruz.com\/index.php?rest_route=%2Fwp%2Fv2%2Fmedia&parent=44684"}],"wp:term":[{"taxonomy":"category","embeddable":true,"href":"https:\/\/lospoliticosveracruz.com\/index.php?rest_route=%2Fwp%2Fv2%2Fcategories&post=44684"},{"taxonomy":"post_tag","embeddable":true,"href":"https:\/\/lospoliticosveracruz.com\/index.php?rest_route=%2Fwp%2Fv2%2Ftags&post=44684"}],"curies":[{"name":"wp","href":"https:\/\/api.w.org\/{rel}","templated":true}]}}