{"id":44850,"date":"2018-09-06T22:55:49","date_gmt":"2018-09-07T03:55:49","guid":{"rendered":"http:\/\/www.lospoliticosveracruz.com.mx\/?p=44850"},"modified":"2018-09-06T22:11:42","modified_gmt":"2018-09-07T03:11:42","slug":"la-dirigencia-del-pan","status":"publish","type":"post","link":"https:\/\/lospoliticosveracruz.com\/?p=44850","title":{"rendered":"La dirigencia del PAN"},"content":{"rendered":"<p dir=\"ltr\"><strong>Salvador Mu\u00f1oz<\/strong><\/p>\n<p dir=\"ltr\"><em>Los Pol\u00edticos<\/em><\/p>\n<p dir=\"ltr\">Si no pasa nada, el 11 de noviembre el PAN estar\u00eda eligiendo a su pr\u00f3ximo dirigente nacional. Y si no pasa nada, todo estar\u00eda encaminado a que quien lleve las riendas de este partido sea Marko Cort\u00e9s haci\u00e9ndole segunda H\u00e9ctor Larios. Insisto: si no pasa nada, porque aunque se habla de que ya hay acuerdos, falta lo que diga Manuel G\u00f3mez Morin, nieto del fundador del blanquiazul, quien tambi\u00e9n alz\u00f3 la mano. Junto con la renovaci\u00f3n nacional, igual han de venir las estatales, entre ellas la de Veracruz, y al menos en la aldea, la cosa de pone interesante\u2026<\/p>\n<p dir=\"ltr\">II<\/p>\n<p dir=\"ltr\">Aun cuando El Chapo Guzm\u00e1n Avil\u00e9s no ha dicho \u201cesta boca es m\u00eda\u201d, no han faltado los que intentan proyectarlo para que asuma la dirigencia del PAN en Veracruz, entre ellos su propio hermano Jes\u00fas, quien hace dos meses m\u00e1s o menos, en redes sociales, digamos que \u201clo destap\u00f3\u201d, aunque el \u201cpel\u00edcano\u201d (\u00bfo c\u00f3mo se les dice a los de cabello blanco?) haya dicho que ni estaba enterado, pues segu\u00eda y sigue como titular de Sedarpa&#8230;<\/p>\n<p dir=\"ltr\">Por supuesto, adem\u00e1s de don Joaqu\u00edn, est\u00e1 Pepe Mancha, a quien no le desagrada la idea de repetir como dirigente. Y de ah\u00ed pa\u2019l real, no he escuchado a otro que alce la mano.<\/p>\n<p dir=\"ltr\">Esto nos lleva, como algo natural en cualquier contienda, a que los grupos \u00a1se reagrupen! y as\u00ed tendr\u00edamos junto con el Chapo, al clan de los Yunes (Cha-Yu). Por otro lado, junto con Pepe Mancha estar\u00eda jalando el senador Julen Rementer\u00eda\u2026 bueno, dicen que ya vienen trabajando juntos desde hace rato\u2026<\/p>\n<p dir=\"ltr\">Por otro lado, baste recordar la ausencia del Senador en esa reuni\u00f3n de \u201cChiquiyunes\u201d con los diputados federales y la senadora Indira Rosales. Por cierto, la repercusi\u00f3n de esta alianza Mancha-Julen (Man-Ju) estar\u00eda en el Congreso local con Bingen Rementer\u00eda, que si bien no deja de ser parte de ese tridente porte\u00f1o, es posible que la filia o la sangre le gane a la hora de tomar una decisi\u00f3n contraria a la de sus dos compa\u00f1eros de la zona conurbada.<\/p>\n<p dir=\"ltr\">\u00bfY d\u00f3nde dejamos a Enrique Cambranis?<\/p>\n<p dir=\"ltr\">III<\/p>\n<p dir=\"ltr\">Enrique Cambranis ha de jugar sus barajas con cuidado si es que quiere reposicionarse despu\u00e9s de estar alejado un rato de la grilla. Veamos porqu\u00e9.<\/p>\n<p dir=\"ltr\">Hasta hace un a\u00f1o, bajo el proyecto de un triunfo del PAN, hay quienes perfilaban a Omar \u201cel Cari\u00f1o\u201d Miranda para impulsarlo como coordinador de la Jucopo hasta que apareci\u00f3 Enrique Cambranis. Ahora, tras los resultados electorales, se trata de ser el coordinador de la bancada azul y las fichas se movieron.<\/p>\n<p dir=\"ltr\">Para algunos, el candidato natural para ello tendr\u00eda que ser Sergio Hern\u00e1ndez por la labor que viene desarrollando en la Jucopo actualmente. Sin embargo, para otros, consideran que trae un desgaste natural que implica dejar pasar a otro. Es ah\u00ed donde entra Juan Manuel de Unanue, quien cuenta con buena imagen, trato conciliador, respetuoso\u2026 el asunto es \u00bfd\u00f3nde dejamos a Enrique Cambranis? Tanto Man-Ju como Cha-Yu le pueden ofrecer lo mismo: La coordinaci\u00f3n de la bancada\u2026 en una de \u00e9sas, Enrique se convierte en el fiel de la balanza\u2026<\/p>\n<p dir=\"ltr\">IV<\/p>\n<p dir=\"ltr\">A ello sume el camino que decida tomar el grupo de V\u00edctor Serralde, que se quiera o no, sabe hacer su roncha y si bien hablan de un distanciamiento entre los Yunes y \u00e9l, habr\u00eda que ver qu\u00e9 papel desempe\u00f1\u00f3 durante el \u201cmanchismo\u201d&#8230;<\/p>\n<p dir=\"ltr\">Lo cierto es que Enrique Cambranis, con o sin renovaci\u00f3n de dirigencia de por medio, tendr\u00e1 una competencia muy dura con la nueva generaci\u00f3n de panistas como Juan Manuel de Unanue y Sergio Hern\u00e1ndez, y si se descuidan, hasta Omar \u201cel Cari\u00f1o\u201d Miranda\u2026 ah, y una cosa m\u00e1s, el panismo (con todos sus grupos) sabe lo que es ser oposici\u00f3n, incluso, hasta dentro de su partido\u2026 cuando se acerque el tiempo de la renovaci\u00f3n de la dirigencia, lo ver\u00e1n.<\/p>\n<p>&nbsp;<\/p>\n<p dir=\"ltr\"><span style=\"color: #008000;\"><a style=\"color: #008000;\" href=\"mailto:smcainito@gmail.com\" target=\"_blank\" rel=\"noopener noreferrer\" data-auth=\"NotApplicable\">smcainito@gmail.com<\/a><\/span><\/p>\n","protected":false},"excerpt":{"rendered":"<p>Salvador Mu\u00f1oz Los Pol\u00edticos Si no pasa nada, el 11 de noviembre el PAN estar\u00eda eligiendo a su pr\u00f3ximo dirigente nacional. Y si no pasa nada, todo estar\u00eda encaminado a que quien lleve las riendas de este partido sea Marko Cort\u00e9s haci\u00e9ndole segunda H\u00e9ctor Larios. Insisto: si no pasa nada, porque aunque se habla de [&hellip;]<\/p>\n","protected":false},"author":2,"featured_media":0,"comment_status":"open","ping_status":"open","sticky":false,"template":"","format":"standard","meta":{"tdm_status":"","tdm_grid_status":"","footnotes":""},"categories":[70],"tags":[12589,2226,3288,12590,12562,266,6142],"class_list":{"0":"post-44850","1":"post","2":"type-post","3":"status-publish","4":"format-standard","6":"category-de-opinion","7":"tag-dirigencia-nacional","8":"tag-enrique-cambranis","9":"tag-joaquin-guzman-aviles","10":"tag-manuel-gomez-morin","11":"tag-marko-cortes","12":"tag-pan","13":"tag-sergio-hernandez"},"yoast_head":"<!-- This site is optimized with the Yoast SEO plugin v27.4 - https:\/\/yoast.com\/product\/yoast-seo-wordpress\/ -->\n<title>La dirigencia del PAN - Los pol\u00edticos Veracruz<\/title>\n<meta name=\"robots\" content=\"index, follow, max-snippet:-1, max-image-preview:large, max-video-preview:-1\" \/>\n<link rel=\"canonical\" href=\"https:\/\/lospoliticosveracruz.com\/?p=44850\" \/>\n<meta property=\"og:locale\" content=\"es_ES\" \/>\n<meta property=\"og:type\" content=\"article\" \/>\n<meta property=\"og:title\" content=\"La dirigencia del PAN - Los pol\u00edticos Veracruz\" \/>\n<meta property=\"og:description\" content=\"Salvador Mu\u00f1oz Los Pol\u00edticos Si no pasa nada, el 11 de noviembre el PAN estar\u00eda eligiendo a su pr\u00f3ximo dirigente nacional. Y si no pasa nada, todo estar\u00eda encaminado a que quien lleve las riendas de este partido sea Marko Cort\u00e9s haci\u00e9ndole segunda H\u00e9ctor Larios. Insisto: si no pasa nada, porque aunque se habla de [&hellip;]\" \/>\n<meta property=\"og:url\" content=\"https:\/\/lospoliticosveracruz.com\/?p=44850\" \/>\n<meta property=\"og:site_name\" content=\"Los pol\u00edticos Veracruz\" \/>\n<meta property=\"article:publisher\" content=\"https:\/\/www.facebook.com\/people\/Notimemes-de-los-Polticos\/61565672886568\/\" \/>\n<meta property=\"article:published_time\" content=\"2018-09-07T03:55:49+00:00\" \/>\n<meta property=\"og:image\" content=\"https:\/\/lospoliticosveracruz.com\/wp-content\/uploads\/2016\/07\/Logo-Dor.jpg\" \/>\n\t<meta property=\"og:image:width\" content=\"200\" \/>\n\t<meta property=\"og:image:height\" content=\"200\" \/>\n\t<meta property=\"og:image:type\" content=\"image\/jpeg\" \/>\n<meta name=\"author\" content=\"Lo viste en Los Pol\u00edticos\" \/>\n<meta name=\"twitter:card\" content=\"summary_large_image\" \/>\n<meta name=\"twitter:creator\" content=\"@LosPoliticosVer\" \/>\n<meta name=\"twitter:site\" content=\"@LosPoliticosVer\" \/>\n<meta name=\"twitter:label1\" content=\"Escrito por\" \/>\n\t<meta name=\"twitter:data1\" content=\"Lo viste en Los Pol\u00edticos\" \/>\n\t<meta name=\"twitter:label2\" content=\"Tiempo de lectura\" \/>\n\t<meta name=\"twitter:data2\" content=\"3 minutos\" \/>\n<script type=\"application\/ld+json\" class=\"yoast-schema-graph\">{\"@context\":\"https:\\\/\\\/schema.org\",\"@graph\":[{\"@type\":\"Article\",\"@id\":\"https:\\\/\\\/lospoliticosveracruz.com\\\/?p=44850#article\",\"isPartOf\":{\"@id\":\"https:\\\/\\\/lospoliticosveracruz.com\\\/?p=44850\"},\"author\":{\"name\":\"Lo viste en Los Pol\u00edticos\",\"@id\":\"https:\\\/\\\/lospoliticosveracruz.com\\\/#\\\/schema\\\/person\\\/b8702bb0e538456e6efd07080bf2a4a2\"},\"headline\":\"La dirigencia del PAN\",\"datePublished\":\"2018-09-07T03:55:49+00:00\",\"mainEntityOfPage\":{\"@id\":\"https:\\\/\\\/lospoliticosveracruz.com\\\/?p=44850\"},\"wordCount\":698,\"commentCount\":0,\"publisher\":{\"@id\":\"https:\\\/\\\/lospoliticosveracruz.com\\\/#organization\"},\"keywords\":[\"Dirigencia nacional\",\"Enrique Cambranis\",\"Joaqu\u00edn Guzm\u00e1n Avil\u00e9s\",\"Manuel G\u00f3mez Morin\",\"Marko Cort\u00e9s\",\"PAN\",\"Sergio Hern\u00e1ndez\"],\"articleSection\":[\"De Opini\u00f3n\"],\"inLanguage\":\"es\",\"potentialAction\":[{\"@type\":\"CommentAction\",\"name\":\"Comment\",\"target\":[\"https:\\\/\\\/lospoliticosveracruz.com\\\/?p=44850#respond\"]}]},{\"@type\":\"WebPage\",\"@id\":\"https:\\\/\\\/lospoliticosveracruz.com\\\/?p=44850\",\"url\":\"https:\\\/\\\/lospoliticosveracruz.com\\\/?p=44850\",\"name\":\"La dirigencia del PAN - Los pol\u00edticos Veracruz\",\"isPartOf\":{\"@id\":\"https:\\\/\\\/lospoliticosveracruz.com\\\/#website\"},\"datePublished\":\"2018-09-07T03:55:49+00:00\",\"breadcrumb\":{\"@id\":\"https:\\\/\\\/lospoliticosveracruz.com\\\/?p=44850#breadcrumb\"},\"inLanguage\":\"es\",\"potentialAction\":[{\"@type\":\"ReadAction\",\"target\":[\"https:\\\/\\\/lospoliticosveracruz.com\\\/?p=44850\"]}]},{\"@type\":\"BreadcrumbList\",\"@id\":\"https:\\\/\\\/lospoliticosveracruz.com\\\/?p=44850#breadcrumb\",\"itemListElement\":[{\"@type\":\"ListItem\",\"position\":1,\"name\":\"Portada\",\"item\":\"https:\\\/\\\/lospoliticosveracruz.com\\\/\"},{\"@type\":\"ListItem\",\"position\":2,\"name\":\"La dirigencia del PAN\"}]},{\"@type\":\"WebSite\",\"@id\":\"https:\\\/\\\/lospoliticosveracruz.com\\\/#website\",\"url\":\"https:\\\/\\\/lospoliticosveracruz.com\\\/\",\"name\":\"Los pol\u00edticos Veracruz\",\"description\":\"\",\"publisher\":{\"@id\":\"https:\\\/\\\/lospoliticosveracruz.com\\\/#organization\"},\"potentialAction\":[{\"@type\":\"SearchAction\",\"target\":{\"@type\":\"EntryPoint\",\"urlTemplate\":\"https:\\\/\\\/lospoliticosveracruz.com\\\/?s={search_term_string}\"},\"query-input\":{\"@type\":\"PropertyValueSpecification\",\"valueRequired\":true,\"valueName\":\"search_term_string\"}}],\"inLanguage\":\"es\"},{\"@type\":\"Organization\",\"@id\":\"https:\\\/\\\/lospoliticosveracruz.com\\\/#organization\",\"name\":\"Los pol\u00edticos Veracruz\",\"url\":\"https:\\\/\\\/lospoliticosveracruz.com\\\/\",\"logo\":{\"@type\":\"ImageObject\",\"inLanguage\":\"es\",\"@id\":\"https:\\\/\\\/lospoliticosveracruz.com\\\/#\\\/schema\\\/logo\\\/image\\\/\",\"url\":\"https:\\\/\\\/lospoliticosveracruz.com\\\/wp-content\\\/uploads\\\/2025\\\/12\\\/Logo-Nuevo-LOS-POLITICOS-1.jpg\",\"contentUrl\":\"https:\\\/\\\/lospoliticosveracruz.com\\\/wp-content\\\/uploads\\\/2025\\\/12\\\/Logo-Nuevo-LOS-POLITICOS-1.jpg\",\"width\":260,\"height\":70,\"caption\":\"Los pol\u00edticos Veracruz\"},\"image\":{\"@id\":\"https:\\\/\\\/lospoliticosveracruz.com\\\/#\\\/schema\\\/logo\\\/image\\\/\"},\"sameAs\":[\"https:\\\/\\\/www.facebook.com\\\/people\\\/Notimemes-de-los-Polticos\\\/61565672886568\\\/\",\"https:\\\/\\\/x.com\\\/LosPoliticosVer\"]},{\"@type\":\"Person\",\"@id\":\"https:\\\/\\\/lospoliticosveracruz.com\\\/#\\\/schema\\\/person\\\/b8702bb0e538456e6efd07080bf2a4a2\",\"name\":\"Lo viste en Los Pol\u00edticos\",\"image\":{\"@type\":\"ImageObject\",\"inLanguage\":\"es\",\"@id\":\"https:\\\/\\\/secure.gravatar.com\\\/avatar\\\/3a8de04a2656d44082be478bd6c086daa447c4651605818287b9532d3d0bd435?s=96&d=mm&r=g\",\"url\":\"https:\\\/\\\/secure.gravatar.com\\\/avatar\\\/3a8de04a2656d44082be478bd6c086daa447c4651605818287b9532d3d0bd435?s=96&d=mm&r=g\",\"contentUrl\":\"https:\\\/\\\/secure.gravatar.com\\\/avatar\\\/3a8de04a2656d44082be478bd6c086daa447c4651605818287b9532d3d0bd435?s=96&d=mm&r=g\",\"caption\":\"Lo viste en Los Pol\u00edticos\"},\"url\":\"https:\\\/\\\/lospoliticosveracruz.com\\\/?author=2\"}]}<\/script>\n<!-- \/ Yoast SEO plugin. -->","yoast_head_json":{"title":"La dirigencia del PAN - Los pol\u00edticos Veracruz","robots":{"index":"index","follow":"follow","max-snippet":"max-snippet:-1","max-image-preview":"max-image-preview:large","max-video-preview":"max-video-preview:-1"},"canonical":"https:\/\/lospoliticosveracruz.com\/?p=44850","og_locale":"es_ES","og_type":"article","og_title":"La dirigencia del PAN - Los pol\u00edticos Veracruz","og_description":"Salvador Mu\u00f1oz Los Pol\u00edticos Si no pasa nada, el 11 de noviembre el PAN estar\u00eda eligiendo a su pr\u00f3ximo dirigente nacional. Y si no pasa nada, todo estar\u00eda encaminado a que quien lleve las riendas de este partido sea Marko Cort\u00e9s haci\u00e9ndole segunda H\u00e9ctor Larios. Insisto: si no pasa nada, porque aunque se habla de [&hellip;]","og_url":"https:\/\/lospoliticosveracruz.com\/?p=44850","og_site_name":"Los pol\u00edticos Veracruz","article_publisher":"https:\/\/www.facebook.com\/people\/Notimemes-de-los-Polticos\/61565672886568\/","article_published_time":"2018-09-07T03:55:49+00:00","og_image":[{"width":200,"height":200,"url":"https:\/\/lospoliticosveracruz.com\/wp-content\/uploads\/2016\/07\/Logo-Dor.jpg","type":"image\/jpeg"}],"author":"Lo viste en Los Pol\u00edticos","twitter_card":"summary_large_image","twitter_creator":"@LosPoliticosVer","twitter_site":"@LosPoliticosVer","twitter_misc":{"Escrito por":"Lo viste en Los Pol\u00edticos","Tiempo de lectura":"3 minutos"},"schema":{"@context":"https:\/\/schema.org","@graph":[{"@type":"Article","@id":"https:\/\/lospoliticosveracruz.com\/?p=44850#article","isPartOf":{"@id":"https:\/\/lospoliticosveracruz.com\/?p=44850"},"author":{"name":"Lo viste en Los Pol\u00edticos","@id":"https:\/\/lospoliticosveracruz.com\/#\/schema\/person\/b8702bb0e538456e6efd07080bf2a4a2"},"headline":"La dirigencia del PAN","datePublished":"2018-09-07T03:55:49+00:00","mainEntityOfPage":{"@id":"https:\/\/lospoliticosveracruz.com\/?p=44850"},"wordCount":698,"commentCount":0,"publisher":{"@id":"https:\/\/lospoliticosveracruz.com\/#organization"},"keywords":["Dirigencia nacional","Enrique Cambranis","Joaqu\u00edn Guzm\u00e1n Avil\u00e9s","Manuel G\u00f3mez Morin","Marko Cort\u00e9s","PAN","Sergio Hern\u00e1ndez"],"articleSection":["De Opini\u00f3n"],"inLanguage":"es","potentialAction":[{"@type":"CommentAction","name":"Comment","target":["https:\/\/lospoliticosveracruz.com\/?p=44850#respond"]}]},{"@type":"WebPage","@id":"https:\/\/lospoliticosveracruz.com\/?p=44850","url":"https:\/\/lospoliticosveracruz.com\/?p=44850","name":"La dirigencia del PAN - Los pol\u00edticos Veracruz","isPartOf":{"@id":"https:\/\/lospoliticosveracruz.com\/#website"},"datePublished":"2018-09-07T03:55:49+00:00","breadcrumb":{"@id":"https:\/\/lospoliticosveracruz.com\/?p=44850#breadcrumb"},"inLanguage":"es","potentialAction":[{"@type":"ReadAction","target":["https:\/\/lospoliticosveracruz.com\/?p=44850"]}]},{"@type":"BreadcrumbList","@id":"https:\/\/lospoliticosveracruz.com\/?p=44850#breadcrumb","itemListElement":[{"@type":"ListItem","position":1,"name":"Portada","item":"https:\/\/lospoliticosveracruz.com\/"},{"@type":"ListItem","position":2,"name":"La dirigencia del PAN"}]},{"@type":"WebSite","@id":"https:\/\/lospoliticosveracruz.com\/#website","url":"https:\/\/lospoliticosveracruz.com\/","name":"Los pol\u00edticos Veracruz","description":"","publisher":{"@id":"https:\/\/lospoliticosveracruz.com\/#organization"},"potentialAction":[{"@type":"SearchAction","target":{"@type":"EntryPoint","urlTemplate":"https:\/\/lospoliticosveracruz.com\/?s={search_term_string}"},"query-input":{"@type":"PropertyValueSpecification","valueRequired":true,"valueName":"search_term_string"}}],"inLanguage":"es"},{"@type":"Organization","@id":"https:\/\/lospoliticosveracruz.com\/#organization","name":"Los pol\u00edticos Veracruz","url":"https:\/\/lospoliticosveracruz.com\/","logo":{"@type":"ImageObject","inLanguage":"es","@id":"https:\/\/lospoliticosveracruz.com\/#\/schema\/logo\/image\/","url":"https:\/\/lospoliticosveracruz.com\/wp-content\/uploads\/2025\/12\/Logo-Nuevo-LOS-POLITICOS-1.jpg","contentUrl":"https:\/\/lospoliticosveracruz.com\/wp-content\/uploads\/2025\/12\/Logo-Nuevo-LOS-POLITICOS-1.jpg","width":260,"height":70,"caption":"Los pol\u00edticos Veracruz"},"image":{"@id":"https:\/\/lospoliticosveracruz.com\/#\/schema\/logo\/image\/"},"sameAs":["https:\/\/www.facebook.com\/people\/Notimemes-de-los-Polticos\/61565672886568\/","https:\/\/x.com\/LosPoliticosVer"]},{"@type":"Person","@id":"https:\/\/lospoliticosveracruz.com\/#\/schema\/person\/b8702bb0e538456e6efd07080bf2a4a2","name":"Lo viste en Los Pol\u00edticos","image":{"@type":"ImageObject","inLanguage":"es","@id":"https:\/\/secure.gravatar.com\/avatar\/3a8de04a2656d44082be478bd6c086daa447c4651605818287b9532d3d0bd435?s=96&d=mm&r=g","url":"https:\/\/secure.gravatar.com\/avatar\/3a8de04a2656d44082be478bd6c086daa447c4651605818287b9532d3d0bd435?s=96&d=mm&r=g","contentUrl":"https:\/\/secure.gravatar.com\/avatar\/3a8de04a2656d44082be478bd6c086daa447c4651605818287b9532d3d0bd435?s=96&d=mm&r=g","caption":"Lo viste en Los Pol\u00edticos"},"url":"https:\/\/lospoliticosveracruz.com\/?author=2"}]}},"_links":{"self":[{"href":"https:\/\/lospoliticosveracruz.com\/index.php?rest_route=\/wp\/v2\/posts\/44850","targetHints":{"allow":["GET"]}}],"collection":[{"href":"https:\/\/lospoliticosveracruz.com\/index.php?rest_route=\/wp\/v2\/posts"}],"about":[{"href":"https:\/\/lospoliticosveracruz.com\/index.php?rest_route=\/wp\/v2\/types\/post"}],"author":[{"embeddable":true,"href":"https:\/\/lospoliticosveracruz.com\/index.php?rest_route=\/wp\/v2\/users\/2"}],"replies":[{"embeddable":true,"href":"https:\/\/lospoliticosveracruz.com\/index.php?rest_route=%2Fwp%2Fv2%2Fcomments&post=44850"}],"version-history":[{"count":2,"href":"https:\/\/lospoliticosveracruz.com\/index.php?rest_route=\/wp\/v2\/posts\/44850\/revisions"}],"predecessor-version":[{"id":44852,"href":"https:\/\/lospoliticosveracruz.com\/index.php?rest_route=\/wp\/v2\/posts\/44850\/revisions\/44852"}],"wp:attachment":[{"href":"https:\/\/lospoliticosveracruz.com\/index.php?rest_route=%2Fwp%2Fv2%2Fmedia&parent=44850"}],"wp:term":[{"taxonomy":"category","embeddable":true,"href":"https:\/\/lospoliticosveracruz.com\/index.php?rest_route=%2Fwp%2Fv2%2Fcategories&post=44850"},{"taxonomy":"post_tag","embeddable":true,"href":"https:\/\/lospoliticosveracruz.com\/index.php?rest_route=%2Fwp%2Fv2%2Ftags&post=44850"}],"curies":[{"name":"wp","href":"https:\/\/api.w.org\/{rel}","templated":true}]}}