{"id":44853,"date":"2018-09-07T09:12:22","date_gmt":"2018-09-07T14:12:22","guid":{"rendered":"http:\/\/www.lospoliticosveracruz.com.mx\/?p=44853"},"modified":"2018-09-07T09:21:07","modified_gmt":"2018-09-07T14:21:07","slug":"quien-fuera-sindicalizado","status":"publish","type":"post","link":"https:\/\/lospoliticosveracruz.com\/?p=44853","title":{"rendered":"\u00a1Qui\u00e9n fuera sindicalizado!"},"content":{"rendered":"<p><strong>Salvador Mu\u00f1oz<\/strong><\/p>\n<p><em>Los Pol\u00edticos<\/em><\/p>\n<p><span style=\"font-weight: 400;\">A la salida del edificio me encuentro a mi vecina con su chaval en un horario y d\u00eda poco inusuales\u2026 \u201c\u00bfest\u00e1 de vacaciones?\u201d, la saludo y pregunto, a lo que responde que s\u00ed. Le expreso mi deseo de que inicie bien sus d\u00edas de descanso y me dice que al contrario, que ya se le van a acabar\u2026 \u201c\u00bfpues cu\u00e1ntos d\u00edas le dieron?\u201d, cuestiono ingenuo: \u00a1un mes!<\/span><\/p>\n<p><span style=\"font-weight: 400;\">\u00bfEso le sorprende? Bueno, en lo particular, a m\u00ed me gener\u00f3 cierta envidia m\u00e1s cuando uno como empleado, esperaba que la Semana Santa, o la Navidad, pero a estas alturas, \u00a1ya est\u00e1 cabr\u00f3n, al menos uno, de darse el lujo de descansar!<\/span><\/p>\n<p><span style=\"font-weight: 400;\">Y si piensa que eso es todo, deje que siga. Me encuentro a un amigo y le cuento algo enfuru\u00f1ado mi maldita envidia por ese mes de vacaciones\u2026 y el canijo acab\u00f3 por ahondar m\u00e1s mi pecado capital: \u201cNo es un mes\u2026 les dan dos al a\u00f1o\u2026\u201d<\/span><\/p>\n<p><span style=\"font-weight: 400;\">Es seguro que a estas alturas, usted se pregunte: \u201c\u00bfPues d\u00f3nde chinitas trabaja la vecina?\u201d<\/span><\/p>\n<p><span style=\"font-weight: 400;\">Quiz\u00e1s no sea \u201cd\u00f3nde\u201d, sino el \u201cser\u201d.<\/span><\/p>\n<p><span style=\"font-weight: 400;\">Ella trabaja en el Congreso local y es miembro del Sindicato \u00danico de Trabajadores al Servicio del Poder Legislativo.<\/span><\/p>\n<p><span style=\"font-weight: 400;\">II<\/span><\/p>\n<p><span style=\"font-weight: 400;\">Este d\u00eda por la tarde, se ha de dar la elecci\u00f3n de la dirigencia de dicho Sindicato, donde dos planillas se disputan tal.<\/span><\/p>\n<p><span style=\"font-weight: 400;\">Pregunto a mi amigo por los contendientes: H\u00e9ctor Rodr\u00edguez Cosco, el aspirante; y Jos\u00e9 de Jes\u00fas Rodr\u00edguez Hern\u00e1ndez, actual dirigente. Ambos, son casos singulares.<\/span><\/p>\n<p><span style=\"font-weight: 400;\">El Doctor Cosco, como le conocen, encabeza la planilla Platinum. Para quienes visitan asiduamente el Congreso local, han de recordar las lonas que acapararon la entrada y el patio central del Palacio Legislativo promovi\u00e9ndolo. Aquella ocasi\u00f3n que llegu\u00e9 al edificio me sorprend\u00ed porque dec\u00eda para m\u00ed: \u201cEse espectacular, ni Obama lo tiene\u201d. Ya despu\u00e9s me explicaron que el Doctor es esposo de Dulce Mar\u00eda Garc\u00eda L\u00f3pez, diputada local, vicepresidenta de la mesa directiva del Congreso \u00a1ah! y qu\u00e9 creen, miembro del Sindicato por el que contiende su esposo\u2026 de eso contamos en breve\u2026<\/span><\/p>\n<p><span style=\"font-weight: 400;\">III<\/span><\/p>\n<p><span style=\"font-weight: 400;\">Por su parte, Jos\u00e9 de Jes\u00fas Rodr\u00edguez Hern\u00e1ndez, actual dirigente, encabeza la planilla \u201cUnidad\u201d. Lleva al frente 12 a\u00f1os. Escuch\u00e9 de \u00e9l en algunas ocasiones pero destacan tres:<\/span><\/p>\n<p><span style=\"font-weight: 400;\">1.- Aquella ocasi\u00f3n en que viaj\u00f3 a Espa\u00f1a junto con algunos diputados y otros asesores para alg\u00fan curso de Ciencias Pol\u00edticas. Ello lo ha de recordar muy bien la ahora diputada Dulce Mar\u00eda Garc\u00eda, pues tambi\u00e9n estuvo all\u00e1 presente. \u00a1Ah! Y tambi\u00e9n su marido, el doctor Cosco, pues fue a alcanzarla\u2026<\/span><\/p>\n<p><span style=\"font-weight: 400;\">2.- En cierta ocasi\u00f3n, escrib\u00eda una columna sobre la construcci\u00f3n de un gimnasio en el Congreso local bajo la idea de que habr\u00eda de ocupar parte del estacionamiento del Palacio y de que era una idea de Sergio Hern\u00e1ndez Hern\u00e1ndez. Fue su tocayo, Sergio Melo quien me aclar\u00f3 dos cosas: El gimnasio estaba fuera de las instalaciones del edificio legislativo, cerca de la calle de P\u00edpila; y dos, era del Sindicato que dirige Pepe, como as\u00ed le dicen al dirigente\u2026 Sergio Hern\u00e1ndez s\u00f3lo estaba apoyando como lo han hecho en otras legislaturas los coordinadores de la Jucopo\u2026<\/span><\/p>\n<p><span style=\"font-weight: 400;\">3.- En su historia reciente, del Sindicato del Legislativo (Sutspl) han salido dos aspirantes a un cargo de representaci\u00f3n popular, como son Noreya Portilla y\u2026 s\u00ed, quien est\u00e1n pensando: Dulce Mar\u00eda Garc\u00eda L\u00f3pez, la esposa del Doctor Cosco&#8230; a ambas apoy\u00f3 el dirigente Jos\u00e9 de Jes\u00fas.<\/span><\/p>\n<p><span style=\"font-weight: 400;\"> IV<\/span><\/p>\n<p><span style=\"font-weight: 400;\">Para los mismos sindicalizados, existe la percepci\u00f3n que no es Dulce Mar\u00eda ni su esposo, el Doctor Cosco, quienes pretenden la dirigencia del Sindicato, sino que es el PAN. Me explican:<\/span><\/p>\n<p><span style=\"font-weight: 400;\">(En lo micro) Muy independiente de que la derrota de Dulce Mar\u00eda en su reciente incursi\u00f3n por un cargo federal la dej\u00f3 con n\u00fameros rojos, (en lo macro) es en el conjunto blanquiazul al que se le vinieron abajo muchos de sus proyectos ante la seguridad de que el PAN habr\u00eda de ganar la elecci\u00f3n pasada. Por eso, a sabiendas de que viene un Tsunami moreno en el Congreso, la idea que se tiene en ciertos personajes del PAN del Congreso, es tomar el control del Sindicato, y as\u00ed, de cierto modo, con el ejercicio pleno del poder sindical, meterle a determinados diputados de Morena, a los incondicionales del PAN como \u201cCaballos de Troya\u201d.<\/span><\/p>\n<p><span style=\"font-weight: 400;\">La idea no es descabellada&#8230;<\/span><\/p>\n<p><span style=\"font-weight: 400;\">V<\/span><\/p>\n<p><span style=\"font-weight: 400;\">\u00bfIntromisi\u00f3n del Poder Legislativo en el proceso electoral del Sindicato? Si es evidente con el uso de mantas o espectaculares que hubo en el Palacio de Encanto, cuantim\u00e1s se da cuando se habla de que se est\u00e1n promoviendo incrementos salariales para acarrear votos\u2026 \u00e9se es el rumor. Y se quiera o no, el conflicto de inter\u00e9s que genera que la Vicepresidenta de la Mesa Directiva haya pedido \u201cLicencia\u201d para poder darle un voto m\u00e1s a su marido y adem\u00e1s, participar de lleno en el proceso\u2026 all\u00ed tengo mis reservas por mi obvia ignorancia: \u00bfLa Diputaci\u00f3n Permanente se la concedi\u00f3? Supongamos que s\u00ed\u2026 pero de acuerdo a\u00a0los Estatutos\u00a0del Sindicato, estar\u00eda impedida para participar de acuerdo a su Art\u00edculo 7, Fracci\u00f3n IV: \u201cSuspendidos. Son aquellos a quienes temporalmente se les separa del Sindicato por sentencia de ley en su contra; por licencia sindical para ocupar un puesto de confianza dentro o fuera de la entidad p\u00fablica o para un cargo de elecci\u00f3n popular. Estos miembros no podr\u00e1n ser electos para ning\u00fan cargo de representaci\u00f3n sindical, ni tendr\u00e1n voz ni voto en Asambleas, durante el tiempo que dure su gesti\u00f3n\u201d. Aun con licencia, ella sigue siendo diputada.<\/span><\/p>\n<p><span style=\"font-weight: 400;\">VI<\/span><\/p>\n<p><span style=\"font-weight: 400;\">Hoy, a partir de las 16:15\u00a0inicia la Sesi\u00f3n Sindical,\u00a0donde\u00a0los miembros del Sindicato \u00danico de Trabajadores al Servicio del Poder Legislativo tomar\u00e1n una decisi\u00f3n\u2026 por un lado, los que apuestan a la transparencia, y por otro, los que apuestan a la unidad.<\/span><\/p>\n<p><span style=\"font-weight: 400;\">Hay quienes hablan de un Cambio y est\u00e1n en su total derecho\u2026 hay quienes apuestan a la unidad y m\u00e1s despu\u00e9s de que hace dos a\u00f1os, llegaron los nuevos y empezaron a sacar gente, algunas, que ya han regresado; otras, que est\u00e1n pendientes\u2026<\/span><\/p>\n<p><span style=\"font-weight: 400;\">Regreso a casa\u2026 veo a mi vecina con su chaval\u2026 s\u00ed, no dejo de tener envidia\u2026 un mes de vacaciones\u2026 \u00a0para navidad, otro tanto\u2026 qui\u00e9n fuera sindicalizado.<\/span><\/p>\n<p>&nbsp;<\/p>\n<p><span style=\"font-weight: 400;\">smcainito@gmail.com<\/span><\/p>\n","protected":false},"excerpt":{"rendered":"<p>Salvador Mu\u00f1oz Los Pol\u00edticos A la salida del edificio me encuentro a mi vecina con su chaval en un horario y d\u00eda poco inusuales\u2026 \u201c\u00bfest\u00e1 de vacaciones?\u201d, la saludo y pregunto, a lo que responde que s\u00ed. Le expreso mi deseo de que inicie bien sus d\u00edas de descanso y me dice que al contrario, [&hellip;]<\/p>\n","protected":false},"author":2,"featured_media":0,"comment_status":"open","ping_status":"open","sticky":false,"template":"","format":"video","meta":{"tdm_status":"","tdm_grid_status":"","footnotes":""},"categories":[72],"tags":[819,6667,12591,3309,12592,6481,195],"class_list":{"0":"post-44853","1":"post","2":"type-post","3":"status-publish","4":"format-video","6":"category-palomazos","7":"tag-congreso-local","8":"tag-dulce-maria-garcia-lopez","9":"tag-hector-rodriguez-cosco","10":"tag-jose-de-jesus-rodriguez-hernandez","11":"tag-noreya-portilla","12":"tag-sergio-hernandez-hernandez","13":"tag-veracruz","14":"post_format-post-format-video"},"yoast_head":"<!-- This site is optimized with the Yoast SEO plugin v27.4 - https:\/\/yoast.com\/product\/yoast-seo-wordpress\/ -->\n<title>\u00a1Qui\u00e9n fuera sindicalizado! - Los pol\u00edticos Veracruz<\/title>\n<meta name=\"robots\" content=\"index, follow, max-snippet:-1, max-image-preview:large, max-video-preview:-1\" \/>\n<link rel=\"canonical\" href=\"https:\/\/lospoliticosveracruz.com\/?p=44853\" \/>\n<meta property=\"og:locale\" content=\"es_ES\" \/>\n<meta property=\"og:type\" content=\"article\" \/>\n<meta property=\"og:title\" content=\"\u00a1Qui\u00e9n fuera sindicalizado! - Los pol\u00edticos Veracruz\" \/>\n<meta property=\"og:description\" content=\"Salvador Mu\u00f1oz Los Pol\u00edticos A la salida del edificio me encuentro a mi vecina con su chaval en un horario y d\u00eda poco inusuales\u2026 \u201c\u00bfest\u00e1 de vacaciones?\u201d, la saludo y pregunto, a lo que responde que s\u00ed. Le expreso mi deseo de que inicie bien sus d\u00edas de descanso y me dice que al contrario, [&hellip;]\" \/>\n<meta property=\"og:url\" content=\"https:\/\/lospoliticosveracruz.com\/?p=44853\" \/>\n<meta property=\"og:site_name\" content=\"Los pol\u00edticos Veracruz\" \/>\n<meta property=\"article:publisher\" content=\"https:\/\/www.facebook.com\/people\/Notimemes-de-los-Polticos\/61565672886568\/\" \/>\n<meta property=\"article:published_time\" content=\"2018-09-07T14:12:22+00:00\" \/>\n<meta property=\"article:modified_time\" content=\"2018-09-07T14:21:07+00:00\" \/>\n<meta property=\"og:image\" content=\"https:\/\/lospoliticosveracruz.com\/wp-content\/uploads\/2016\/07\/Logo-Dor.jpg\" \/>\n\t<meta property=\"og:image:width\" content=\"200\" \/>\n\t<meta property=\"og:image:height\" content=\"200\" \/>\n\t<meta property=\"og:image:type\" content=\"image\/jpeg\" \/>\n<meta name=\"author\" content=\"Lo viste en Los Pol\u00edticos\" \/>\n<meta name=\"twitter:card\" content=\"summary_large_image\" \/>\n<meta name=\"twitter:creator\" content=\"@LosPoliticosVer\" \/>\n<meta name=\"twitter:site\" content=\"@LosPoliticosVer\" \/>\n<meta name=\"twitter:label1\" content=\"Escrito por\" \/>\n\t<meta name=\"twitter:data1\" content=\"Lo viste en Los Pol\u00edticos\" \/>\n\t<meta name=\"twitter:label2\" content=\"Tiempo de lectura\" \/>\n\t<meta name=\"twitter:data2\" content=\"6 minutos\" \/>\n<script type=\"application\/ld+json\" class=\"yoast-schema-graph\">{\"@context\":\"https:\\\/\\\/schema.org\",\"@graph\":[{\"@type\":\"Article\",\"@id\":\"https:\\\/\\\/lospoliticosveracruz.com\\\/?p=44853#article\",\"isPartOf\":{\"@id\":\"https:\\\/\\\/lospoliticosveracruz.com\\\/?p=44853\"},\"author\":{\"name\":\"Lo viste en Los Pol\u00edticos\",\"@id\":\"https:\\\/\\\/lospoliticosveracruz.com\\\/#\\\/schema\\\/person\\\/b8702bb0e538456e6efd07080bf2a4a2\"},\"headline\":\"\u00a1Qui\u00e9n fuera sindicalizado!\",\"datePublished\":\"2018-09-07T14:12:22+00:00\",\"dateModified\":\"2018-09-07T14:21:07+00:00\",\"mainEntityOfPage\":{\"@id\":\"https:\\\/\\\/lospoliticosveracruz.com\\\/?p=44853\"},\"wordCount\":1121,\"commentCount\":0,\"publisher\":{\"@id\":\"https:\\\/\\\/lospoliticosveracruz.com\\\/#organization\"},\"keywords\":[\"Congreso local\",\"Dulce Mar\u00eda Garc\u00eda L\u00f3pez\",\"H\u00e9ctor Rodr\u00edguez Cosco\",\"Jos\u00e9 de Jes\u00fas Rodr\u00edguez Hern\u00e1ndez\",\"Noreya Portilla\",\"Sergio Hern\u00e1ndez Hern\u00e1ndez\",\"Veracruz\"],\"articleSection\":[\"Palomazos\"],\"inLanguage\":\"es\",\"potentialAction\":[{\"@type\":\"CommentAction\",\"name\":\"Comment\",\"target\":[\"https:\\\/\\\/lospoliticosveracruz.com\\\/?p=44853#respond\"]}]},{\"@type\":\"WebPage\",\"@id\":\"https:\\\/\\\/lospoliticosveracruz.com\\\/?p=44853\",\"url\":\"https:\\\/\\\/lospoliticosveracruz.com\\\/?p=44853\",\"name\":\"\u00a1Qui\u00e9n fuera sindicalizado! - Los pol\u00edticos Veracruz\",\"isPartOf\":{\"@id\":\"https:\\\/\\\/lospoliticosveracruz.com\\\/#website\"},\"datePublished\":\"2018-09-07T14:12:22+00:00\",\"dateModified\":\"2018-09-07T14:21:07+00:00\",\"breadcrumb\":{\"@id\":\"https:\\\/\\\/lospoliticosveracruz.com\\\/?p=44853#breadcrumb\"},\"inLanguage\":\"es\",\"potentialAction\":[{\"@type\":\"ReadAction\",\"target\":[\"https:\\\/\\\/lospoliticosveracruz.com\\\/?p=44853\"]}]},{\"@type\":\"BreadcrumbList\",\"@id\":\"https:\\\/\\\/lospoliticosveracruz.com\\\/?p=44853#breadcrumb\",\"itemListElement\":[{\"@type\":\"ListItem\",\"position\":1,\"name\":\"Portada\",\"item\":\"https:\\\/\\\/lospoliticosveracruz.com\\\/\"},{\"@type\":\"ListItem\",\"position\":2,\"name\":\"\u00a1Qui\u00e9n fuera sindicalizado!\"}]},{\"@type\":\"WebSite\",\"@id\":\"https:\\\/\\\/lospoliticosveracruz.com\\\/#website\",\"url\":\"https:\\\/\\\/lospoliticosveracruz.com\\\/\",\"name\":\"Los pol\u00edticos Veracruz\",\"description\":\"\",\"publisher\":{\"@id\":\"https:\\\/\\\/lospoliticosveracruz.com\\\/#organization\"},\"potentialAction\":[{\"@type\":\"SearchAction\",\"target\":{\"@type\":\"EntryPoint\",\"urlTemplate\":\"https:\\\/\\\/lospoliticosveracruz.com\\\/?s={search_term_string}\"},\"query-input\":{\"@type\":\"PropertyValueSpecification\",\"valueRequired\":true,\"valueName\":\"search_term_string\"}}],\"inLanguage\":\"es\"},{\"@type\":\"Organization\",\"@id\":\"https:\\\/\\\/lospoliticosveracruz.com\\\/#organization\",\"name\":\"Los pol\u00edticos Veracruz\",\"url\":\"https:\\\/\\\/lospoliticosveracruz.com\\\/\",\"logo\":{\"@type\":\"ImageObject\",\"inLanguage\":\"es\",\"@id\":\"https:\\\/\\\/lospoliticosveracruz.com\\\/#\\\/schema\\\/logo\\\/image\\\/\",\"url\":\"https:\\\/\\\/lospoliticosveracruz.com\\\/wp-content\\\/uploads\\\/2025\\\/12\\\/Logo-Nuevo-LOS-POLITICOS-1.jpg\",\"contentUrl\":\"https:\\\/\\\/lospoliticosveracruz.com\\\/wp-content\\\/uploads\\\/2025\\\/12\\\/Logo-Nuevo-LOS-POLITICOS-1.jpg\",\"width\":260,\"height\":70,\"caption\":\"Los pol\u00edticos Veracruz\"},\"image\":{\"@id\":\"https:\\\/\\\/lospoliticosveracruz.com\\\/#\\\/schema\\\/logo\\\/image\\\/\"},\"sameAs\":[\"https:\\\/\\\/www.facebook.com\\\/people\\\/Notimemes-de-los-Polticos\\\/61565672886568\\\/\",\"https:\\\/\\\/x.com\\\/LosPoliticosVer\"]},{\"@type\":\"Person\",\"@id\":\"https:\\\/\\\/lospoliticosveracruz.com\\\/#\\\/schema\\\/person\\\/b8702bb0e538456e6efd07080bf2a4a2\",\"name\":\"Lo viste en Los Pol\u00edticos\",\"image\":{\"@type\":\"ImageObject\",\"inLanguage\":\"es\",\"@id\":\"https:\\\/\\\/secure.gravatar.com\\\/avatar\\\/3a8de04a2656d44082be478bd6c086daa447c4651605818287b9532d3d0bd435?s=96&d=mm&r=g\",\"url\":\"https:\\\/\\\/secure.gravatar.com\\\/avatar\\\/3a8de04a2656d44082be478bd6c086daa447c4651605818287b9532d3d0bd435?s=96&d=mm&r=g\",\"contentUrl\":\"https:\\\/\\\/secure.gravatar.com\\\/avatar\\\/3a8de04a2656d44082be478bd6c086daa447c4651605818287b9532d3d0bd435?s=96&d=mm&r=g\",\"caption\":\"Lo viste en Los Pol\u00edticos\"},\"url\":\"https:\\\/\\\/lospoliticosveracruz.com\\\/?author=2\"}]}<\/script>\n<!-- \/ Yoast SEO plugin. -->","yoast_head_json":{"title":"\u00a1Qui\u00e9n fuera sindicalizado! - Los pol\u00edticos Veracruz","robots":{"index":"index","follow":"follow","max-snippet":"max-snippet:-1","max-image-preview":"max-image-preview:large","max-video-preview":"max-video-preview:-1"},"canonical":"https:\/\/lospoliticosveracruz.com\/?p=44853","og_locale":"es_ES","og_type":"article","og_title":"\u00a1Qui\u00e9n fuera sindicalizado! - Los pol\u00edticos Veracruz","og_description":"Salvador Mu\u00f1oz Los Pol\u00edticos A la salida del edificio me encuentro a mi vecina con su chaval en un horario y d\u00eda poco inusuales\u2026 \u201c\u00bfest\u00e1 de vacaciones?\u201d, la saludo y pregunto, a lo que responde que s\u00ed. Le expreso mi deseo de que inicie bien sus d\u00edas de descanso y me dice que al contrario, [&hellip;]","og_url":"https:\/\/lospoliticosveracruz.com\/?p=44853","og_site_name":"Los pol\u00edticos Veracruz","article_publisher":"https:\/\/www.facebook.com\/people\/Notimemes-de-los-Polticos\/61565672886568\/","article_published_time":"2018-09-07T14:12:22+00:00","article_modified_time":"2018-09-07T14:21:07+00:00","og_image":[{"width":200,"height":200,"url":"https:\/\/lospoliticosveracruz.com\/wp-content\/uploads\/2016\/07\/Logo-Dor.jpg","type":"image\/jpeg"}],"author":"Lo viste en Los Pol\u00edticos","twitter_card":"summary_large_image","twitter_creator":"@LosPoliticosVer","twitter_site":"@LosPoliticosVer","twitter_misc":{"Escrito por":"Lo viste en Los Pol\u00edticos","Tiempo de lectura":"6 minutos"},"schema":{"@context":"https:\/\/schema.org","@graph":[{"@type":"Article","@id":"https:\/\/lospoliticosveracruz.com\/?p=44853#article","isPartOf":{"@id":"https:\/\/lospoliticosveracruz.com\/?p=44853"},"author":{"name":"Lo viste en Los Pol\u00edticos","@id":"https:\/\/lospoliticosveracruz.com\/#\/schema\/person\/b8702bb0e538456e6efd07080bf2a4a2"},"headline":"\u00a1Qui\u00e9n fuera sindicalizado!","datePublished":"2018-09-07T14:12:22+00:00","dateModified":"2018-09-07T14:21:07+00:00","mainEntityOfPage":{"@id":"https:\/\/lospoliticosveracruz.com\/?p=44853"},"wordCount":1121,"commentCount":0,"publisher":{"@id":"https:\/\/lospoliticosveracruz.com\/#organization"},"keywords":["Congreso local","Dulce Mar\u00eda Garc\u00eda L\u00f3pez","H\u00e9ctor Rodr\u00edguez Cosco","Jos\u00e9 de Jes\u00fas Rodr\u00edguez Hern\u00e1ndez","Noreya Portilla","Sergio Hern\u00e1ndez Hern\u00e1ndez","Veracruz"],"articleSection":["Palomazos"],"inLanguage":"es","potentialAction":[{"@type":"CommentAction","name":"Comment","target":["https:\/\/lospoliticosveracruz.com\/?p=44853#respond"]}]},{"@type":"WebPage","@id":"https:\/\/lospoliticosveracruz.com\/?p=44853","url":"https:\/\/lospoliticosveracruz.com\/?p=44853","name":"\u00a1Qui\u00e9n fuera sindicalizado! - Los pol\u00edticos Veracruz","isPartOf":{"@id":"https:\/\/lospoliticosveracruz.com\/#website"},"datePublished":"2018-09-07T14:12:22+00:00","dateModified":"2018-09-07T14:21:07+00:00","breadcrumb":{"@id":"https:\/\/lospoliticosveracruz.com\/?p=44853#breadcrumb"},"inLanguage":"es","potentialAction":[{"@type":"ReadAction","target":["https:\/\/lospoliticosveracruz.com\/?p=44853"]}]},{"@type":"BreadcrumbList","@id":"https:\/\/lospoliticosveracruz.com\/?p=44853#breadcrumb","itemListElement":[{"@type":"ListItem","position":1,"name":"Portada","item":"https:\/\/lospoliticosveracruz.com\/"},{"@type":"ListItem","position":2,"name":"\u00a1Qui\u00e9n fuera sindicalizado!"}]},{"@type":"WebSite","@id":"https:\/\/lospoliticosveracruz.com\/#website","url":"https:\/\/lospoliticosveracruz.com\/","name":"Los pol\u00edticos Veracruz","description":"","publisher":{"@id":"https:\/\/lospoliticosveracruz.com\/#organization"},"potentialAction":[{"@type":"SearchAction","target":{"@type":"EntryPoint","urlTemplate":"https:\/\/lospoliticosveracruz.com\/?s={search_term_string}"},"query-input":{"@type":"PropertyValueSpecification","valueRequired":true,"valueName":"search_term_string"}}],"inLanguage":"es"},{"@type":"Organization","@id":"https:\/\/lospoliticosveracruz.com\/#organization","name":"Los pol\u00edticos Veracruz","url":"https:\/\/lospoliticosveracruz.com\/","logo":{"@type":"ImageObject","inLanguage":"es","@id":"https:\/\/lospoliticosveracruz.com\/#\/schema\/logo\/image\/","url":"https:\/\/lospoliticosveracruz.com\/wp-content\/uploads\/2025\/12\/Logo-Nuevo-LOS-POLITICOS-1.jpg","contentUrl":"https:\/\/lospoliticosveracruz.com\/wp-content\/uploads\/2025\/12\/Logo-Nuevo-LOS-POLITICOS-1.jpg","width":260,"height":70,"caption":"Los pol\u00edticos Veracruz"},"image":{"@id":"https:\/\/lospoliticosveracruz.com\/#\/schema\/logo\/image\/"},"sameAs":["https:\/\/www.facebook.com\/people\/Notimemes-de-los-Polticos\/61565672886568\/","https:\/\/x.com\/LosPoliticosVer"]},{"@type":"Person","@id":"https:\/\/lospoliticosveracruz.com\/#\/schema\/person\/b8702bb0e538456e6efd07080bf2a4a2","name":"Lo viste en Los Pol\u00edticos","image":{"@type":"ImageObject","inLanguage":"es","@id":"https:\/\/secure.gravatar.com\/avatar\/3a8de04a2656d44082be478bd6c086daa447c4651605818287b9532d3d0bd435?s=96&d=mm&r=g","url":"https:\/\/secure.gravatar.com\/avatar\/3a8de04a2656d44082be478bd6c086daa447c4651605818287b9532d3d0bd435?s=96&d=mm&r=g","contentUrl":"https:\/\/secure.gravatar.com\/avatar\/3a8de04a2656d44082be478bd6c086daa447c4651605818287b9532d3d0bd435?s=96&d=mm&r=g","caption":"Lo viste en Los Pol\u00edticos"},"url":"https:\/\/lospoliticosveracruz.com\/?author=2"}]}},"_links":{"self":[{"href":"https:\/\/lospoliticosveracruz.com\/index.php?rest_route=\/wp\/v2\/posts\/44853","targetHints":{"allow":["GET"]}}],"collection":[{"href":"https:\/\/lospoliticosveracruz.com\/index.php?rest_route=\/wp\/v2\/posts"}],"about":[{"href":"https:\/\/lospoliticosveracruz.com\/index.php?rest_route=\/wp\/v2\/types\/post"}],"author":[{"embeddable":true,"href":"https:\/\/lospoliticosveracruz.com\/index.php?rest_route=\/wp\/v2\/users\/2"}],"replies":[{"embeddable":true,"href":"https:\/\/lospoliticosveracruz.com\/index.php?rest_route=%2Fwp%2Fv2%2Fcomments&post=44853"}],"version-history":[{"count":2,"href":"https:\/\/lospoliticosveracruz.com\/index.php?rest_route=\/wp\/v2\/posts\/44853\/revisions"}],"predecessor-version":[{"id":44856,"href":"https:\/\/lospoliticosveracruz.com\/index.php?rest_route=\/wp\/v2\/posts\/44853\/revisions\/44856"}],"wp:attachment":[{"href":"https:\/\/lospoliticosveracruz.com\/index.php?rest_route=%2Fwp%2Fv2%2Fmedia&parent=44853"}],"wp:term":[{"taxonomy":"category","embeddable":true,"href":"https:\/\/lospoliticosveracruz.com\/index.php?rest_route=%2Fwp%2Fv2%2Fcategories&post=44853"},{"taxonomy":"post_tag","embeddable":true,"href":"https:\/\/lospoliticosveracruz.com\/index.php?rest_route=%2Fwp%2Fv2%2Ftags&post=44853"}],"curies":[{"name":"wp","href":"https:\/\/api.w.org\/{rel}","templated":true}]}}