{"id":44875,"date":"2018-09-09T22:55:51","date_gmt":"2018-09-10T03:55:51","guid":{"rendered":"http:\/\/www.lospoliticosveracruz.com.mx\/?p=44875"},"modified":"2018-09-09T22:18:06","modified_gmt":"2018-09-10T03:18:06","slug":"la-primera-mujer-de-cuitlahuac","status":"publish","type":"post","link":"https:\/\/lospoliticosveracruz.com\/?p=44875","title":{"rendered":"La primera mujer de Cuitl\u00e1huac"},"content":{"rendered":"<p class=\"x_MsoNormal\"><strong>Brenda Caballero<\/strong><\/p>\n<p class=\"x_MsoNormal\"><em>N\u00fameros Rojos<\/em><\/p>\n<p class=\"x_MsoNormal\">Si otra cosa no sucede, hoy por fin conoceremos a la primera mujer que formar\u00e1 parte del gabinete\u00a0\u00a0del gobernador electo Cuitl\u00e1huac Garc\u00eda Jim\u00e9nez, pues ya ha presentado a dos varones: al que ser\u00e1 Secretario de Gobierno, Eric Cisneros Burgos; y Ernesto P\u00e9rez Astorga, quien ha de ocupar la titularidad de Sedecop. Hoy se prev\u00e9 d\u00e9 a conocer por la ma\u00f1ana al Secretario de Salud, que todo indica ser\u00e1 Roberto Ramos Alor.<\/p>\n<p class=\"x_MsoNormal\">\u00bfY las mujeres? \u00bfY la equidad de g\u00e9nero? Es verdad, los titulares deben de tener experiencia y conocimiento en el tema, no solamente regirse por el g\u00e9nero, pero reconozco que tenemos muchas mujeres preparadas a\u00fan m\u00e1s que los varones que deben ocupar puestos importantes de decisi\u00f3n y de generaci\u00f3n de pol\u00edticas p\u00fablicas que beneficien a los veracruzanos.<\/p>\n<p class=\"x_MsoNormal\">Por eso dec\u00eda, que si otra cosa no sucede, el d\u00eda de hoy por la tarde en el Parque Hidalgo de Minatitl\u00e1n ser\u00e1 presentada la pr\u00f3xima titular de la Secretar\u00eda de Turismo X\u00f3chitl Arbes\u00fa Lago.<\/p>\n<p class=\"x_MsoNormal\">X\u00f3chitl es originaria de Minatitl\u00e1n, pero ha trabajado en Tabasco. Es gobernadora del Distrito 4195 de Rotary Internacional (Conglomerado de Clubes) que abarca los estados de Campeche, Chiapas, Oaxaca, Quintana Roo, Tabasco, Yucat\u00e1n y el Sur de Veracruz. Desde ese espacio ha impulsado la gesti\u00f3n de recursos de la Fundaci\u00f3n Rotaria y ha apoyado diversos programas sociales como de intercambio cultural de j\u00f3venes pero principalmente de aparatos m\u00e9dicos como los de rayos X, ultrasonidos,\u00a0\u00a0pr\u00f3tesis de mama, entre otros.<\/p>\n<p class=\"x_MsoNormal\">X\u00f3chitl fue precandidata externa de Morena a la alcald\u00eda de Minatitl\u00e1n y su designaci\u00f3n como secretaria de Turismo ya se ve\u00eda venir desde aquella reuni\u00f3n en el restaurante Mr. Kao, de Boca del R\u00edo, Veracruz, donde empresarios miembros del\u00a0Club Sk\u00e5l Veracruz, le ofrecieron una comida al gobernador electo pues X\u00f3chitl era\u00a0la \u00fanica mujer empresaria presente all\u00ed. Posteriormente se le vio en la reuni\u00f3n para el pr\u00f3ximo festejo de los 500 a\u00f1os de la Fundaci\u00f3n de Veracruz, donde asisti\u00f3 Beatriz M\u00fcller y por supuesto, el Club Sk\u00e5l tambi\u00e9n tendr\u00e1 participaci\u00f3n.<\/p>\n<p class=\"x_MsoNormal\">El pasado febrero, X\u00f3chitl estuvo apoyando en el Sur de Veracruz y en otros estados de donde ella es gobernadora, con gestiones de equipo de hospital con el Rotario de Denver, Colorado, por un valor aproximado de diez millones.<\/p>\n<p class=\"x_MsoNormal\">Pero \u00bfPor qu\u00e9 Turismo y no Sedesol Estatal pues su perfil de activista y fil\u00e1ntropa encaja m\u00e1s en el \u00e1rea social? La respuesta es porque X\u00f3chitl es una socia de peso del Club Skal Veracruz, que a su vez pertenece a Sk\u00e5l Internacional, que es una organizaci\u00f3n profesional de dirigentes del turismo en todo el mundo, que promueve la amistad y el turismo a nivel global. En su p\u00e1gina, se puede leer que es el \u00fanico grupo internacional que engloba a todas las ramas de la industria del turismo. Sus miembros son directores y ejecutivos de la industria que se re\u00fanen a nivel local, nacional regional e internacional para comentar y alcanzar asuntos de inter\u00e9s com\u00fan. Con esto podr\u00edamos decir que los recursos para promocionar el Turismo en Veracruz no sean propios del gobierno, sino se gestionen de manera internacional. \u00bfSe entiende ahora su designaci\u00f3n?<\/p>\n<p class=\"x_MsoNormal\">X\u00f3chitl tiene muchos sue\u00f1os en la cabeza. Le gusta el cine. Igual ve La Guerra de las Galaxias que pel\u00edculas \u201cmochas\u201d. Le gusta m\u00fasica como el grupo espa\u00f1ol Mago de Oz. Defiende a las mujeres y hasta le cuestion\u00f3 a Brozo en twitter la incoherencia de tratar de diferente forma a la se\u00f1ora Maritza y a su secretaria.<\/p>\n<p class=\"x_MsoNormal\">Ha hecho p\u00fablica su negativa a donar al Telet\u00f3n, y sugiere que mejor lo hagan directo a la Fundaci\u00f3n Rotaria, pues asegura que \u00e9sta s\u00ed trabaja por la comunidad. No est\u00e1 de acuerdo con la evasi\u00f3n de impuestos. Ella es X\u00f3chitl Arbes\u00fa Lago, la primera mujer en el futuro Gabinete de Cuitl\u00e1huac.<\/p>\n<p class=\"x_MsoNormal\"><b>Aborto y amnist\u00eda<\/b><\/p>\n<p class=\"x_MsoNormal\">Durante la campa\u00f1a de Andr\u00e9s Manuel L\u00f3pez Obrador, lo que m\u00e1s se le cuestion\u00f3 fue su bandera de la amnist\u00eda. Hubo opiniones a favor y opiniones en contra.<\/p>\n<p class=\"x_MsoNormal\">Sin embargo, si la iniciativa de la senadora de Morena electa por el estado de Guanajuato, Martha Luc\u00eda Micher Camarena prospera, podr\u00edan salir de prisi\u00f3n en todo el pa\u00eds alrededor de 3 mil mujeres que se encuentran en prisi\u00f3n en el pa\u00eds por haber abortado.<\/p>\n<p class=\"x_MsoNormal\">Asimismo buscar\u00e1 la amnist\u00eda para mujeres pobres que est\u00e1n encarceladas por posesi\u00f3n de drogas, por el hecho de haber guardado los estupefacientes en su casa.<\/p>\n<p class=\"x_MsoNormal\">Mal\u00fa Micher, como es ampliamente conocida, explic\u00f3: \u201cTodas las mujeres y hombres que han sufrido injusticia, que han vivido en la impunidad, que han vivido la falta de un debido proceso, de la debida diligencia, tienen que ser escuchados, revisar sus casos y en su caso liberarlos\u201d.<\/p>\n<p class=\"x_MsoNormal\">@NumerosRojos_BC<\/p>\n<p class=\"x_MsoNormal\"><a href=\"mailto:caballero_brenda@hotmail.com\" target=\"_blank\" rel=\"noopener noreferrer\" data-auth=\"NotApplicable\">caballero_brenda@hotmail.com<\/a><\/p>\n","protected":false},"excerpt":{"rendered":"<p>Brenda Caballero N\u00fameros Rojos Si otra cosa no sucede, hoy por fin conoceremos a la primera mujer que formar\u00e1 parte del gabinete\u00a0\u00a0del gobernador electo Cuitl\u00e1huac Garc\u00eda Jim\u00e9nez, pues ya ha presentado a dos varones: al que ser\u00e1 Secretario de Gobierno, Eric Cisneros Burgos; y Ernesto P\u00e9rez Astorga, quien ha de ocupar la titularidad de Sedecop. [&hellip;]<\/p>\n","protected":false},"author":2,"featured_media":0,"comment_status":"open","ping_status":"open","sticky":false,"template":"","format":"standard","meta":{"tdm_status":"","tdm_grid_status":"","footnotes":""},"categories":[70],"tags":[1563,12299,12605,12606,12607],"class_list":{"0":"post-44875","1":"post","2":"type-post","3":"status-publish","4":"format-standard","6":"category-de-opinion","7":"tag-cuitlahuac-garcia-jimenez","8":"tag-eric-cisneros-burgos","9":"tag-ernesto-perez-astorga","10":"tag-roberto-ramos-alor","11":"tag-xochitl-arbesu-lago"},"yoast_head":"<!-- This site is optimized with the Yoast SEO plugin v27.4 - https:\/\/yoast.com\/product\/yoast-seo-wordpress\/ -->\n<title>La primera mujer de Cuitl\u00e1huac - Los pol\u00edticos Veracruz<\/title>\n<meta name=\"robots\" content=\"index, follow, max-snippet:-1, max-image-preview:large, max-video-preview:-1\" \/>\n<link rel=\"canonical\" href=\"https:\/\/lospoliticosveracruz.com\/?p=44875\" \/>\n<meta property=\"og:locale\" content=\"es_ES\" \/>\n<meta property=\"og:type\" content=\"article\" \/>\n<meta property=\"og:title\" content=\"La primera mujer de Cuitl\u00e1huac - Los pol\u00edticos Veracruz\" \/>\n<meta property=\"og:description\" content=\"Brenda Caballero N\u00fameros Rojos Si otra cosa no sucede, hoy por fin conoceremos a la primera mujer que formar\u00e1 parte del gabinete\u00a0\u00a0del gobernador electo Cuitl\u00e1huac Garc\u00eda Jim\u00e9nez, pues ya ha presentado a dos varones: al que ser\u00e1 Secretario de Gobierno, Eric Cisneros Burgos; y Ernesto P\u00e9rez Astorga, quien ha de ocupar la titularidad de Sedecop. [&hellip;]\" \/>\n<meta property=\"og:url\" content=\"https:\/\/lospoliticosveracruz.com\/?p=44875\" \/>\n<meta property=\"og:site_name\" content=\"Los pol\u00edticos Veracruz\" \/>\n<meta property=\"article:publisher\" content=\"https:\/\/www.facebook.com\/people\/Notimemes-de-los-Polticos\/61565672886568\/\" \/>\n<meta property=\"article:published_time\" content=\"2018-09-10T03:55:51+00:00\" \/>\n<meta property=\"og:image\" content=\"https:\/\/lospoliticosveracruz.com\/wp-content\/uploads\/2016\/07\/Logo-Dor.jpg\" \/>\n\t<meta property=\"og:image:width\" content=\"200\" \/>\n\t<meta property=\"og:image:height\" content=\"200\" \/>\n\t<meta property=\"og:image:type\" content=\"image\/jpeg\" \/>\n<meta name=\"author\" content=\"Lo viste en Los Pol\u00edticos\" \/>\n<meta name=\"twitter:card\" content=\"summary_large_image\" \/>\n<meta name=\"twitter:creator\" content=\"@LosPoliticosVer\" \/>\n<meta name=\"twitter:site\" content=\"@LosPoliticosVer\" \/>\n<meta name=\"twitter:label1\" content=\"Escrito por\" \/>\n\t<meta name=\"twitter:data1\" content=\"Lo viste en Los Pol\u00edticos\" \/>\n\t<meta name=\"twitter:label2\" content=\"Tiempo de lectura\" \/>\n\t<meta name=\"twitter:data2\" content=\"4 minutos\" \/>\n<script type=\"application\/ld+json\" class=\"yoast-schema-graph\">{\"@context\":\"https:\\\/\\\/schema.org\",\"@graph\":[{\"@type\":\"Article\",\"@id\":\"https:\\\/\\\/lospoliticosveracruz.com\\\/?p=44875#article\",\"isPartOf\":{\"@id\":\"https:\\\/\\\/lospoliticosveracruz.com\\\/?p=44875\"},\"author\":{\"name\":\"Lo viste en Los Pol\u00edticos\",\"@id\":\"https:\\\/\\\/lospoliticosveracruz.com\\\/#\\\/schema\\\/person\\\/b8702bb0e538456e6efd07080bf2a4a2\"},\"headline\":\"La primera mujer de Cuitl\u00e1huac\",\"datePublished\":\"2018-09-10T03:55:51+00:00\",\"mainEntityOfPage\":{\"@id\":\"https:\\\/\\\/lospoliticosveracruz.com\\\/?p=44875\"},\"wordCount\":873,\"commentCount\":0,\"publisher\":{\"@id\":\"https:\\\/\\\/lospoliticosveracruz.com\\\/#organization\"},\"keywords\":[\"Cuitl\u00e1huac Garc\u00eda Jim\u00e9nez\",\"Eric Cisneros Burgos\",\"Ernesto P\u00e9rez Astorga\",\"Roberto Ramos Alor\",\"X\u00f3chitl Arbes\u00fa Lago\"],\"articleSection\":[\"De Opini\u00f3n\"],\"inLanguage\":\"es\",\"potentialAction\":[{\"@type\":\"CommentAction\",\"name\":\"Comment\",\"target\":[\"https:\\\/\\\/lospoliticosveracruz.com\\\/?p=44875#respond\"]}]},{\"@type\":\"WebPage\",\"@id\":\"https:\\\/\\\/lospoliticosveracruz.com\\\/?p=44875\",\"url\":\"https:\\\/\\\/lospoliticosveracruz.com\\\/?p=44875\",\"name\":\"La primera mujer de Cuitl\u00e1huac - Los pol\u00edticos Veracruz\",\"isPartOf\":{\"@id\":\"https:\\\/\\\/lospoliticosveracruz.com\\\/#website\"},\"datePublished\":\"2018-09-10T03:55:51+00:00\",\"breadcrumb\":{\"@id\":\"https:\\\/\\\/lospoliticosveracruz.com\\\/?p=44875#breadcrumb\"},\"inLanguage\":\"es\",\"potentialAction\":[{\"@type\":\"ReadAction\",\"target\":[\"https:\\\/\\\/lospoliticosveracruz.com\\\/?p=44875\"]}]},{\"@type\":\"BreadcrumbList\",\"@id\":\"https:\\\/\\\/lospoliticosveracruz.com\\\/?p=44875#breadcrumb\",\"itemListElement\":[{\"@type\":\"ListItem\",\"position\":1,\"name\":\"Portada\",\"item\":\"https:\\\/\\\/lospoliticosveracruz.com\\\/\"},{\"@type\":\"ListItem\",\"position\":2,\"name\":\"La primera mujer de Cuitl\u00e1huac\"}]},{\"@type\":\"WebSite\",\"@id\":\"https:\\\/\\\/lospoliticosveracruz.com\\\/#website\",\"url\":\"https:\\\/\\\/lospoliticosveracruz.com\\\/\",\"name\":\"Los pol\u00edticos Veracruz\",\"description\":\"\",\"publisher\":{\"@id\":\"https:\\\/\\\/lospoliticosveracruz.com\\\/#organization\"},\"potentialAction\":[{\"@type\":\"SearchAction\",\"target\":{\"@type\":\"EntryPoint\",\"urlTemplate\":\"https:\\\/\\\/lospoliticosveracruz.com\\\/?s={search_term_string}\"},\"query-input\":{\"@type\":\"PropertyValueSpecification\",\"valueRequired\":true,\"valueName\":\"search_term_string\"}}],\"inLanguage\":\"es\"},{\"@type\":\"Organization\",\"@id\":\"https:\\\/\\\/lospoliticosveracruz.com\\\/#organization\",\"name\":\"Los pol\u00edticos Veracruz\",\"url\":\"https:\\\/\\\/lospoliticosveracruz.com\\\/\",\"logo\":{\"@type\":\"ImageObject\",\"inLanguage\":\"es\",\"@id\":\"https:\\\/\\\/lospoliticosveracruz.com\\\/#\\\/schema\\\/logo\\\/image\\\/\",\"url\":\"https:\\\/\\\/lospoliticosveracruz.com\\\/wp-content\\\/uploads\\\/2025\\\/12\\\/Logo-Nuevo-LOS-POLITICOS-1.jpg\",\"contentUrl\":\"https:\\\/\\\/lospoliticosveracruz.com\\\/wp-content\\\/uploads\\\/2025\\\/12\\\/Logo-Nuevo-LOS-POLITICOS-1.jpg\",\"width\":260,\"height\":70,\"caption\":\"Los pol\u00edticos Veracruz\"},\"image\":{\"@id\":\"https:\\\/\\\/lospoliticosveracruz.com\\\/#\\\/schema\\\/logo\\\/image\\\/\"},\"sameAs\":[\"https:\\\/\\\/www.facebook.com\\\/people\\\/Notimemes-de-los-Polticos\\\/61565672886568\\\/\",\"https:\\\/\\\/x.com\\\/LosPoliticosVer\"]},{\"@type\":\"Person\",\"@id\":\"https:\\\/\\\/lospoliticosveracruz.com\\\/#\\\/schema\\\/person\\\/b8702bb0e538456e6efd07080bf2a4a2\",\"name\":\"Lo viste en Los Pol\u00edticos\",\"image\":{\"@type\":\"ImageObject\",\"inLanguage\":\"es\",\"@id\":\"https:\\\/\\\/secure.gravatar.com\\\/avatar\\\/3a8de04a2656d44082be478bd6c086daa447c4651605818287b9532d3d0bd435?s=96&d=mm&r=g\",\"url\":\"https:\\\/\\\/secure.gravatar.com\\\/avatar\\\/3a8de04a2656d44082be478bd6c086daa447c4651605818287b9532d3d0bd435?s=96&d=mm&r=g\",\"contentUrl\":\"https:\\\/\\\/secure.gravatar.com\\\/avatar\\\/3a8de04a2656d44082be478bd6c086daa447c4651605818287b9532d3d0bd435?s=96&d=mm&r=g\",\"caption\":\"Lo viste en Los Pol\u00edticos\"},\"url\":\"https:\\\/\\\/lospoliticosveracruz.com\\\/?author=2\"}]}<\/script>\n<!-- \/ Yoast SEO plugin. -->","yoast_head_json":{"title":"La primera mujer de Cuitl\u00e1huac - Los pol\u00edticos Veracruz","robots":{"index":"index","follow":"follow","max-snippet":"max-snippet:-1","max-image-preview":"max-image-preview:large","max-video-preview":"max-video-preview:-1"},"canonical":"https:\/\/lospoliticosveracruz.com\/?p=44875","og_locale":"es_ES","og_type":"article","og_title":"La primera mujer de Cuitl\u00e1huac - Los pol\u00edticos Veracruz","og_description":"Brenda Caballero N\u00fameros Rojos Si otra cosa no sucede, hoy por fin conoceremos a la primera mujer que formar\u00e1 parte del gabinete\u00a0\u00a0del gobernador electo Cuitl\u00e1huac Garc\u00eda Jim\u00e9nez, pues ya ha presentado a dos varones: al que ser\u00e1 Secretario de Gobierno, Eric Cisneros Burgos; y Ernesto P\u00e9rez Astorga, quien ha de ocupar la titularidad de Sedecop. [&hellip;]","og_url":"https:\/\/lospoliticosveracruz.com\/?p=44875","og_site_name":"Los pol\u00edticos Veracruz","article_publisher":"https:\/\/www.facebook.com\/people\/Notimemes-de-los-Polticos\/61565672886568\/","article_published_time":"2018-09-10T03:55:51+00:00","og_image":[{"width":200,"height":200,"url":"https:\/\/lospoliticosveracruz.com\/wp-content\/uploads\/2016\/07\/Logo-Dor.jpg","type":"image\/jpeg"}],"author":"Lo viste en Los Pol\u00edticos","twitter_card":"summary_large_image","twitter_creator":"@LosPoliticosVer","twitter_site":"@LosPoliticosVer","twitter_misc":{"Escrito por":"Lo viste en Los Pol\u00edticos","Tiempo de lectura":"4 minutos"},"schema":{"@context":"https:\/\/schema.org","@graph":[{"@type":"Article","@id":"https:\/\/lospoliticosveracruz.com\/?p=44875#article","isPartOf":{"@id":"https:\/\/lospoliticosveracruz.com\/?p=44875"},"author":{"name":"Lo viste en Los Pol\u00edticos","@id":"https:\/\/lospoliticosveracruz.com\/#\/schema\/person\/b8702bb0e538456e6efd07080bf2a4a2"},"headline":"La primera mujer de Cuitl\u00e1huac","datePublished":"2018-09-10T03:55:51+00:00","mainEntityOfPage":{"@id":"https:\/\/lospoliticosveracruz.com\/?p=44875"},"wordCount":873,"commentCount":0,"publisher":{"@id":"https:\/\/lospoliticosveracruz.com\/#organization"},"keywords":["Cuitl\u00e1huac Garc\u00eda Jim\u00e9nez","Eric Cisneros Burgos","Ernesto P\u00e9rez Astorga","Roberto Ramos Alor","X\u00f3chitl Arbes\u00fa Lago"],"articleSection":["De Opini\u00f3n"],"inLanguage":"es","potentialAction":[{"@type":"CommentAction","name":"Comment","target":["https:\/\/lospoliticosveracruz.com\/?p=44875#respond"]}]},{"@type":"WebPage","@id":"https:\/\/lospoliticosveracruz.com\/?p=44875","url":"https:\/\/lospoliticosveracruz.com\/?p=44875","name":"La primera mujer de Cuitl\u00e1huac - Los pol\u00edticos Veracruz","isPartOf":{"@id":"https:\/\/lospoliticosveracruz.com\/#website"},"datePublished":"2018-09-10T03:55:51+00:00","breadcrumb":{"@id":"https:\/\/lospoliticosveracruz.com\/?p=44875#breadcrumb"},"inLanguage":"es","potentialAction":[{"@type":"ReadAction","target":["https:\/\/lospoliticosveracruz.com\/?p=44875"]}]},{"@type":"BreadcrumbList","@id":"https:\/\/lospoliticosveracruz.com\/?p=44875#breadcrumb","itemListElement":[{"@type":"ListItem","position":1,"name":"Portada","item":"https:\/\/lospoliticosveracruz.com\/"},{"@type":"ListItem","position":2,"name":"La primera mujer de Cuitl\u00e1huac"}]},{"@type":"WebSite","@id":"https:\/\/lospoliticosveracruz.com\/#website","url":"https:\/\/lospoliticosveracruz.com\/","name":"Los pol\u00edticos Veracruz","description":"","publisher":{"@id":"https:\/\/lospoliticosveracruz.com\/#organization"},"potentialAction":[{"@type":"SearchAction","target":{"@type":"EntryPoint","urlTemplate":"https:\/\/lospoliticosveracruz.com\/?s={search_term_string}"},"query-input":{"@type":"PropertyValueSpecification","valueRequired":true,"valueName":"search_term_string"}}],"inLanguage":"es"},{"@type":"Organization","@id":"https:\/\/lospoliticosveracruz.com\/#organization","name":"Los pol\u00edticos Veracruz","url":"https:\/\/lospoliticosveracruz.com\/","logo":{"@type":"ImageObject","inLanguage":"es","@id":"https:\/\/lospoliticosveracruz.com\/#\/schema\/logo\/image\/","url":"https:\/\/lospoliticosveracruz.com\/wp-content\/uploads\/2025\/12\/Logo-Nuevo-LOS-POLITICOS-1.jpg","contentUrl":"https:\/\/lospoliticosveracruz.com\/wp-content\/uploads\/2025\/12\/Logo-Nuevo-LOS-POLITICOS-1.jpg","width":260,"height":70,"caption":"Los pol\u00edticos Veracruz"},"image":{"@id":"https:\/\/lospoliticosveracruz.com\/#\/schema\/logo\/image\/"},"sameAs":["https:\/\/www.facebook.com\/people\/Notimemes-de-los-Polticos\/61565672886568\/","https:\/\/x.com\/LosPoliticosVer"]},{"@type":"Person","@id":"https:\/\/lospoliticosveracruz.com\/#\/schema\/person\/b8702bb0e538456e6efd07080bf2a4a2","name":"Lo viste en Los Pol\u00edticos","image":{"@type":"ImageObject","inLanguage":"es","@id":"https:\/\/secure.gravatar.com\/avatar\/3a8de04a2656d44082be478bd6c086daa447c4651605818287b9532d3d0bd435?s=96&d=mm&r=g","url":"https:\/\/secure.gravatar.com\/avatar\/3a8de04a2656d44082be478bd6c086daa447c4651605818287b9532d3d0bd435?s=96&d=mm&r=g","contentUrl":"https:\/\/secure.gravatar.com\/avatar\/3a8de04a2656d44082be478bd6c086daa447c4651605818287b9532d3d0bd435?s=96&d=mm&r=g","caption":"Lo viste en Los Pol\u00edticos"},"url":"https:\/\/lospoliticosveracruz.com\/?author=2"}]}},"_links":{"self":[{"href":"https:\/\/lospoliticosveracruz.com\/index.php?rest_route=\/wp\/v2\/posts\/44875","targetHints":{"allow":["GET"]}}],"collection":[{"href":"https:\/\/lospoliticosveracruz.com\/index.php?rest_route=\/wp\/v2\/posts"}],"about":[{"href":"https:\/\/lospoliticosveracruz.com\/index.php?rest_route=\/wp\/v2\/types\/post"}],"author":[{"embeddable":true,"href":"https:\/\/lospoliticosveracruz.com\/index.php?rest_route=\/wp\/v2\/users\/2"}],"replies":[{"embeddable":true,"href":"https:\/\/lospoliticosveracruz.com\/index.php?rest_route=%2Fwp%2Fv2%2Fcomments&post=44875"}],"version-history":[{"count":2,"href":"https:\/\/lospoliticosveracruz.com\/index.php?rest_route=\/wp\/v2\/posts\/44875\/revisions"}],"predecessor-version":[{"id":44878,"href":"https:\/\/lospoliticosveracruz.com\/index.php?rest_route=\/wp\/v2\/posts\/44875\/revisions\/44878"}],"wp:attachment":[{"href":"https:\/\/lospoliticosveracruz.com\/index.php?rest_route=%2Fwp%2Fv2%2Fmedia&parent=44875"}],"wp:term":[{"taxonomy":"category","embeddable":true,"href":"https:\/\/lospoliticosveracruz.com\/index.php?rest_route=%2Fwp%2Fv2%2Fcategories&post=44875"},{"taxonomy":"post_tag","embeddable":true,"href":"https:\/\/lospoliticosveracruz.com\/index.php?rest_route=%2Fwp%2Fv2%2Ftags&post=44875"}],"curies":[{"name":"wp","href":"https:\/\/api.w.org\/{rel}","templated":true}]}}