{"id":44882,"date":"2018-09-10T22:55:07","date_gmt":"2018-09-11T03:55:07","guid":{"rendered":"http:\/\/www.lospoliticosveracruz.com.mx\/?p=44882"},"modified":"2018-09-10T21:11:23","modified_gmt":"2018-09-11T02:11:23","slug":"que-espera-rocio-nahle-2","status":"publish","type":"post","link":"https:\/\/lospoliticosveracruz.com\/?p=44882","title":{"rendered":"\u00bfQu\u00e9 espera Roc\u00edo Nahle?"},"content":{"rendered":"<p><strong>Salvador Mu\u00f1oz<\/strong><\/p>\n<p><em>Los Pol\u00edticos<\/em><\/p>\n<p><span style=\"font-weight: 400;\">La presentaci\u00f3n de cada uno de los actores que han de estar en el pr\u00f3ximo gabinete de Cuitl\u00e1huac Garc\u00eda Jim\u00e9nez evidencia escenarios que pueden ser tomados s\u00f3lo como la mera observaci\u00f3n de alguien que no tiene que hacer m\u00e1s que \u00e9se, el de observar y comentar lo que tambi\u00e9n se dice.<\/span><\/p>\n<p><span style=\"font-weight: 400;\">Hasta el momento, a los citados, a cada uno de ellos, se les relaciona con todo mundo\u2026 menos con quien los presenta: Cuitl\u00e1huac Garc\u00eda Jim\u00e9nez.<\/span><\/p>\n<p><span style=\"font-weight: 400;\">Citamos los casos: Eric Cisneros Burgos, mencionado para ocupar la secretar\u00eda de Gobierno; lo identifican no s\u00f3lo con Ricardo Ahued, sino tambi\u00e9n con el ex gobernador de Baja California Sur, Narciso Ag\u00fandez Monta\u00f1o, primo por cierto de Leonel Cota Monta\u00f1o, quien fuera promotor de las redes ciudadanas a favor de L\u00f3pez Obrador y quien se dice \u201cmuy amigo\u201d del Peje.<\/span><\/p>\n<p><span style=\"font-weight: 400;\">Por otro lado est\u00e1 Ernesto P\u00e9rez Astorga, a ocupar la titularidad de Sedecop; es un empresario al que vinculan con Ricardo Ahued y \u00e9ste a su vez con Alfonso Romo. Por cierto, hay una an\u00e9cdota que se cuenta entre pri\u00edstas, que cuando le preguntan los motivos a Ricardo Ahued para aliarse con Morena, \u00e9ste responde que fue a petici\u00f3n de un grupo de empresarios quienes le piden que sea en Veracruz, la representaci\u00f3n de ellos ante dicho partido\u2026 sospechan de Romo.<\/span><\/p>\n<p><span style=\"font-weight: 400;\">Bueno, a Ricardo Ahued no nada m\u00e1s lo vinculan con Alfonso Romo, sino tambi\u00e9n con Roc\u00edo Nahle\u2026<\/span><\/p>\n<p><span style=\"font-weight: 400;\">El doctor Jorge Ramos Alor, vecino de Coatzacoalcos, por el simple hecho de su ubicaci\u00f3n, ya lo catalogan como \u201cnahlista\u201d. Similar caso ocurre con X\u00f3chitl Arbes\u00fa Lago, de MInatitl\u00e1n, a quien le dan dos referencias geopol\u00edticas: por un lado, Minatitl\u00e1n y por otro lado Tabasco\u2026 es decir: Nahle (para muchos, Mina tambi\u00e9n es Coatza) y AMLO.<\/span><\/p>\n<p><span style=\"font-weight: 400;\">Aqu\u00ed vamos con los escenarios\u2026<\/span><\/p>\n<p><span style=\"font-weight: 400;\">Para algunos, los optimistas, los dem\u00f3cratas y creyentes de la Rep\u00fablica, estos futuros funcionarios son el mejor escaparate para que se demuestre que no hay compadrazgos, amiguismos o pago de favores en el Gobernador electo\u2026<\/span><\/p>\n<p><span style=\"font-weight: 400;\">Para los pesimistas, es el reflejo de que Cuitl\u00e1huac Garc\u00eda s\u00f3lo ha de ser la persona que obtenga el t\u00edtulo pol\u00edtico a partir del primero de diciembre pero lejos de ejercer la funci\u00f3n como tal\u2026<\/span><\/p>\n<p><span style=\"font-weight: 400;\">Muchos podr\u00edan aducir que ello se debe a la falta de oficio pol\u00edtico, su reducida capacidad discursiva o lo que usted quiera agregar, pero lo m\u00e1s relevante sin duda, es la sospecha de que haya tenido en 2016, una relaci\u00f3n poco claridosa con el entonces Gobernador Javier Duarte de Ochoa, evidenciada en entrevista de Luis C\u00e1rdenas al entonces candidato y ex senador H\u00e9ctor Yunes Landa, palabras m\u00e1s, palabras menos: \u201cNo, no, a ver. Cuitl\u00e1huac va a Casa de Gobierno de manera constante, eso s\u00ed lo s\u00e9; no s\u00e9 de qu\u00e9 platican, lo supongo. S\u00e9 que entra en un veh\u00edculo que despu\u00e9s sale con mayor peso, seguramente porque comieron algo \u00bfno?\u201d<\/span><\/p>\n<p><span style=\"font-weight: 400;\">Por supuesto, uno apuesta m\u00e1s al optimismo porque si se inclinara la balanza por el pesimismo, entonces tendr\u00edamos que agregar la posibilidad de que Amado Cruz Malpica asuma la Junta de Coordinaci\u00f3n Pol\u00edtica en la venidera Legislatura y entonces estar\u00edamos hablando de que adem\u00e1s de jugar algunas cartas en el Gabinete veracruzano, Roc\u00edo Nahle tendr\u00eda todo el mazo de la baraja del Congreso local\u2026 \u00bfqu\u00e9 le faltar\u00eda a esta ex diputada federal, senadora de la Rep\u00fablica, cuasi secretaria de Energ\u00eda del Gobierno federal? Para cerrar su mete\u00f3rica trayectoria pol\u00edtica, tendr\u00eda que ser la Primera Gobernadora de Veracruz\u2026 \u00bfque faltan seis a\u00f1os? S\u00ed, es cierto, pero Dante Delgado nom\u00e1s esper\u00f3 dos. \u00bfO esperar\u00e1 los seis Roc\u00edo?<\/span><\/p>\n<p>&nbsp;<\/p>\n<p><span style=\"font-weight: 400;\">smcainito@gmail.com<\/span><\/p>\n<p>&nbsp;<\/p>\n","protected":false},"excerpt":{"rendered":"<p>Salvador Mu\u00f1oz Los Pol\u00edticos La presentaci\u00f3n de cada uno de los actores que han de estar en el pr\u00f3ximo gabinete de Cuitl\u00e1huac Garc\u00eda Jim\u00e9nez evidencia escenarios que pueden ser tomados s\u00f3lo como la mera observaci\u00f3n de alguien que no tiene que hacer m\u00e1s que \u00e9se, el de observar y comentar lo que tambi\u00e9n se dice. [&hellip;]<\/p>\n","protected":false},"author":2,"featured_media":0,"comment_status":"open","ping_status":"open","sticky":false,"template":"","format":"standard","meta":{"tdm_status":"","tdm_grid_status":"","footnotes":""},"categories":[70],"tags":[618,1563,2219,12299,12605,12612,12611,12610,876,3578,2646,12607],"class_list":{"0":"post-44882","1":"post","2":"type-post","3":"status-publish","4":"format-standard","6":"category-de-opinion","7":"tag-andres-manuel-lopez-obrador","8":"tag-cuitlahuac-garcia-jimenez","9":"tag-dante-delgado","10":"tag-eric-cisneros-burgos","11":"tag-ernesto-perez-astorga","12":"tag-jorge-ramos-alor","13":"tag-leonel-cota-montano","14":"tag-narciso-agundez-montano","15":"tag-ricardo-ahued","16":"tag-rocio-nahle","17":"tag-salvador-munoz","18":"tag-xochitl-arbesu-lago"},"yoast_head":"<!-- This site is optimized with the Yoast SEO plugin v27.4 - https:\/\/yoast.com\/product\/yoast-seo-wordpress\/ -->\n<title>\u00bfQu\u00e9 espera Roc\u00edo Nahle? - Los pol\u00edticos Veracruz<\/title>\n<meta name=\"robots\" content=\"index, follow, max-snippet:-1, max-image-preview:large, max-video-preview:-1\" \/>\n<link rel=\"canonical\" href=\"https:\/\/lospoliticosveracruz.com\/?p=44882\" \/>\n<meta property=\"og:locale\" content=\"es_ES\" \/>\n<meta property=\"og:type\" content=\"article\" \/>\n<meta property=\"og:title\" content=\"\u00bfQu\u00e9 espera Roc\u00edo Nahle? - Los pol\u00edticos Veracruz\" \/>\n<meta property=\"og:description\" content=\"Salvador Mu\u00f1oz Los Pol\u00edticos La presentaci\u00f3n de cada uno de los actores que han de estar en el pr\u00f3ximo gabinete de Cuitl\u00e1huac Garc\u00eda Jim\u00e9nez evidencia escenarios que pueden ser tomados s\u00f3lo como la mera observaci\u00f3n de alguien que no tiene que hacer m\u00e1s que \u00e9se, el de observar y comentar lo que tambi\u00e9n se dice. [&hellip;]\" \/>\n<meta property=\"og:url\" content=\"https:\/\/lospoliticosveracruz.com\/?p=44882\" \/>\n<meta property=\"og:site_name\" content=\"Los pol\u00edticos Veracruz\" \/>\n<meta property=\"article:publisher\" content=\"https:\/\/www.facebook.com\/people\/Notimemes-de-los-Polticos\/61565672886568\/\" \/>\n<meta property=\"article:published_time\" content=\"2018-09-11T03:55:07+00:00\" \/>\n<meta property=\"og:image\" content=\"https:\/\/lospoliticosveracruz.com\/wp-content\/uploads\/2016\/07\/Logo-Dor.jpg\" \/>\n\t<meta property=\"og:image:width\" content=\"200\" \/>\n\t<meta property=\"og:image:height\" content=\"200\" \/>\n\t<meta property=\"og:image:type\" content=\"image\/jpeg\" \/>\n<meta name=\"author\" content=\"Lo viste en Los Pol\u00edticos\" \/>\n<meta name=\"twitter:card\" content=\"summary_large_image\" \/>\n<meta name=\"twitter:creator\" content=\"@LosPoliticosVer\" \/>\n<meta name=\"twitter:site\" content=\"@LosPoliticosVer\" \/>\n<meta name=\"twitter:label1\" content=\"Escrito por\" \/>\n\t<meta name=\"twitter:data1\" content=\"Lo viste en Los Pol\u00edticos\" \/>\n\t<meta name=\"twitter:label2\" content=\"Tiempo de lectura\" \/>\n\t<meta name=\"twitter:data2\" content=\"3 minutos\" \/>\n<script type=\"application\/ld+json\" class=\"yoast-schema-graph\">{\"@context\":\"https:\\\/\\\/schema.org\",\"@graph\":[{\"@type\":\"Article\",\"@id\":\"https:\\\/\\\/lospoliticosveracruz.com\\\/?p=44882#article\",\"isPartOf\":{\"@id\":\"https:\\\/\\\/lospoliticosveracruz.com\\\/?p=44882\"},\"author\":{\"name\":\"Lo viste en Los Pol\u00edticos\",\"@id\":\"https:\\\/\\\/lospoliticosveracruz.com\\\/#\\\/schema\\\/person\\\/b8702bb0e538456e6efd07080bf2a4a2\"},\"headline\":\"\u00bfQu\u00e9 espera Roc\u00edo Nahle?\",\"datePublished\":\"2018-09-11T03:55:07+00:00\",\"mainEntityOfPage\":{\"@id\":\"https:\\\/\\\/lospoliticosveracruz.com\\\/?p=44882\"},\"wordCount\":673,\"commentCount\":0,\"publisher\":{\"@id\":\"https:\\\/\\\/lospoliticosveracruz.com\\\/#organization\"},\"keywords\":[\"Andr\u00e9s Manuel L\u00f3pez Obrador\",\"Cuitl\u00e1huac Garc\u00eda Jim\u00e9nez\",\"Dante Delgado\",\"Eric Cisneros Burgos\",\"Ernesto P\u00e9rez Astorga\",\"Jorge Ramos Alor\",\"Leonel Cota Monta\u00f1o\",\"Narciso Ag\u00fandez Monta\u00f1o\",\"Ricardo Ahued\",\"Roc\u00edo Nahle\",\"Salvador Mu\u00f1oz\",\"X\u00f3chitl Arbes\u00fa Lago\"],\"articleSection\":[\"De Opini\u00f3n\"],\"inLanguage\":\"es\",\"potentialAction\":[{\"@type\":\"CommentAction\",\"name\":\"Comment\",\"target\":[\"https:\\\/\\\/lospoliticosveracruz.com\\\/?p=44882#respond\"]}]},{\"@type\":\"WebPage\",\"@id\":\"https:\\\/\\\/lospoliticosveracruz.com\\\/?p=44882\",\"url\":\"https:\\\/\\\/lospoliticosveracruz.com\\\/?p=44882\",\"name\":\"\u00bfQu\u00e9 espera Roc\u00edo Nahle? - Los pol\u00edticos Veracruz\",\"isPartOf\":{\"@id\":\"https:\\\/\\\/lospoliticosveracruz.com\\\/#website\"},\"datePublished\":\"2018-09-11T03:55:07+00:00\",\"breadcrumb\":{\"@id\":\"https:\\\/\\\/lospoliticosveracruz.com\\\/?p=44882#breadcrumb\"},\"inLanguage\":\"es\",\"potentialAction\":[{\"@type\":\"ReadAction\",\"target\":[\"https:\\\/\\\/lospoliticosveracruz.com\\\/?p=44882\"]}]},{\"@type\":\"BreadcrumbList\",\"@id\":\"https:\\\/\\\/lospoliticosveracruz.com\\\/?p=44882#breadcrumb\",\"itemListElement\":[{\"@type\":\"ListItem\",\"position\":1,\"name\":\"Portada\",\"item\":\"https:\\\/\\\/lospoliticosveracruz.com\\\/\"},{\"@type\":\"ListItem\",\"position\":2,\"name\":\"\u00bfQu\u00e9 espera Roc\u00edo Nahle?\"}]},{\"@type\":\"WebSite\",\"@id\":\"https:\\\/\\\/lospoliticosveracruz.com\\\/#website\",\"url\":\"https:\\\/\\\/lospoliticosveracruz.com\\\/\",\"name\":\"Los pol\u00edticos Veracruz\",\"description\":\"\",\"publisher\":{\"@id\":\"https:\\\/\\\/lospoliticosveracruz.com\\\/#organization\"},\"potentialAction\":[{\"@type\":\"SearchAction\",\"target\":{\"@type\":\"EntryPoint\",\"urlTemplate\":\"https:\\\/\\\/lospoliticosveracruz.com\\\/?s={search_term_string}\"},\"query-input\":{\"@type\":\"PropertyValueSpecification\",\"valueRequired\":true,\"valueName\":\"search_term_string\"}}],\"inLanguage\":\"es\"},{\"@type\":\"Organization\",\"@id\":\"https:\\\/\\\/lospoliticosveracruz.com\\\/#organization\",\"name\":\"Los pol\u00edticos Veracruz\",\"url\":\"https:\\\/\\\/lospoliticosveracruz.com\\\/\",\"logo\":{\"@type\":\"ImageObject\",\"inLanguage\":\"es\",\"@id\":\"https:\\\/\\\/lospoliticosveracruz.com\\\/#\\\/schema\\\/logo\\\/image\\\/\",\"url\":\"https:\\\/\\\/lospoliticosveracruz.com\\\/wp-content\\\/uploads\\\/2025\\\/12\\\/Logo-Nuevo-LOS-POLITICOS-1.jpg\",\"contentUrl\":\"https:\\\/\\\/lospoliticosveracruz.com\\\/wp-content\\\/uploads\\\/2025\\\/12\\\/Logo-Nuevo-LOS-POLITICOS-1.jpg\",\"width\":260,\"height\":70,\"caption\":\"Los pol\u00edticos Veracruz\"},\"image\":{\"@id\":\"https:\\\/\\\/lospoliticosveracruz.com\\\/#\\\/schema\\\/logo\\\/image\\\/\"},\"sameAs\":[\"https:\\\/\\\/www.facebook.com\\\/people\\\/Notimemes-de-los-Polticos\\\/61565672886568\\\/\",\"https:\\\/\\\/x.com\\\/LosPoliticosVer\"]},{\"@type\":\"Person\",\"@id\":\"https:\\\/\\\/lospoliticosveracruz.com\\\/#\\\/schema\\\/person\\\/b8702bb0e538456e6efd07080bf2a4a2\",\"name\":\"Lo viste en Los Pol\u00edticos\",\"image\":{\"@type\":\"ImageObject\",\"inLanguage\":\"es\",\"@id\":\"https:\\\/\\\/secure.gravatar.com\\\/avatar\\\/3a8de04a2656d44082be478bd6c086daa447c4651605818287b9532d3d0bd435?s=96&d=mm&r=g\",\"url\":\"https:\\\/\\\/secure.gravatar.com\\\/avatar\\\/3a8de04a2656d44082be478bd6c086daa447c4651605818287b9532d3d0bd435?s=96&d=mm&r=g\",\"contentUrl\":\"https:\\\/\\\/secure.gravatar.com\\\/avatar\\\/3a8de04a2656d44082be478bd6c086daa447c4651605818287b9532d3d0bd435?s=96&d=mm&r=g\",\"caption\":\"Lo viste en Los Pol\u00edticos\"},\"url\":\"https:\\\/\\\/lospoliticosveracruz.com\\\/?author=2\"}]}<\/script>\n<!-- \/ Yoast SEO plugin. -->","yoast_head_json":{"title":"\u00bfQu\u00e9 espera Roc\u00edo Nahle? - Los pol\u00edticos Veracruz","robots":{"index":"index","follow":"follow","max-snippet":"max-snippet:-1","max-image-preview":"max-image-preview:large","max-video-preview":"max-video-preview:-1"},"canonical":"https:\/\/lospoliticosveracruz.com\/?p=44882","og_locale":"es_ES","og_type":"article","og_title":"\u00bfQu\u00e9 espera Roc\u00edo Nahle? - Los pol\u00edticos Veracruz","og_description":"Salvador Mu\u00f1oz Los Pol\u00edticos La presentaci\u00f3n de cada uno de los actores que han de estar en el pr\u00f3ximo gabinete de Cuitl\u00e1huac Garc\u00eda Jim\u00e9nez evidencia escenarios que pueden ser tomados s\u00f3lo como la mera observaci\u00f3n de alguien que no tiene que hacer m\u00e1s que \u00e9se, el de observar y comentar lo que tambi\u00e9n se dice. [&hellip;]","og_url":"https:\/\/lospoliticosveracruz.com\/?p=44882","og_site_name":"Los pol\u00edticos Veracruz","article_publisher":"https:\/\/www.facebook.com\/people\/Notimemes-de-los-Polticos\/61565672886568\/","article_published_time":"2018-09-11T03:55:07+00:00","og_image":[{"width":200,"height":200,"url":"https:\/\/lospoliticosveracruz.com\/wp-content\/uploads\/2016\/07\/Logo-Dor.jpg","type":"image\/jpeg"}],"author":"Lo viste en Los Pol\u00edticos","twitter_card":"summary_large_image","twitter_creator":"@LosPoliticosVer","twitter_site":"@LosPoliticosVer","twitter_misc":{"Escrito por":"Lo viste en Los Pol\u00edticos","Tiempo de lectura":"3 minutos"},"schema":{"@context":"https:\/\/schema.org","@graph":[{"@type":"Article","@id":"https:\/\/lospoliticosveracruz.com\/?p=44882#article","isPartOf":{"@id":"https:\/\/lospoliticosveracruz.com\/?p=44882"},"author":{"name":"Lo viste en Los Pol\u00edticos","@id":"https:\/\/lospoliticosveracruz.com\/#\/schema\/person\/b8702bb0e538456e6efd07080bf2a4a2"},"headline":"\u00bfQu\u00e9 espera Roc\u00edo Nahle?","datePublished":"2018-09-11T03:55:07+00:00","mainEntityOfPage":{"@id":"https:\/\/lospoliticosveracruz.com\/?p=44882"},"wordCount":673,"commentCount":0,"publisher":{"@id":"https:\/\/lospoliticosveracruz.com\/#organization"},"keywords":["Andr\u00e9s Manuel L\u00f3pez Obrador","Cuitl\u00e1huac Garc\u00eda Jim\u00e9nez","Dante Delgado","Eric Cisneros Burgos","Ernesto P\u00e9rez Astorga","Jorge Ramos Alor","Leonel Cota Monta\u00f1o","Narciso Ag\u00fandez Monta\u00f1o","Ricardo Ahued","Roc\u00edo Nahle","Salvador Mu\u00f1oz","X\u00f3chitl Arbes\u00fa Lago"],"articleSection":["De Opini\u00f3n"],"inLanguage":"es","potentialAction":[{"@type":"CommentAction","name":"Comment","target":["https:\/\/lospoliticosveracruz.com\/?p=44882#respond"]}]},{"@type":"WebPage","@id":"https:\/\/lospoliticosveracruz.com\/?p=44882","url":"https:\/\/lospoliticosveracruz.com\/?p=44882","name":"\u00bfQu\u00e9 espera Roc\u00edo Nahle? - Los pol\u00edticos Veracruz","isPartOf":{"@id":"https:\/\/lospoliticosveracruz.com\/#website"},"datePublished":"2018-09-11T03:55:07+00:00","breadcrumb":{"@id":"https:\/\/lospoliticosveracruz.com\/?p=44882#breadcrumb"},"inLanguage":"es","potentialAction":[{"@type":"ReadAction","target":["https:\/\/lospoliticosveracruz.com\/?p=44882"]}]},{"@type":"BreadcrumbList","@id":"https:\/\/lospoliticosveracruz.com\/?p=44882#breadcrumb","itemListElement":[{"@type":"ListItem","position":1,"name":"Portada","item":"https:\/\/lospoliticosveracruz.com\/"},{"@type":"ListItem","position":2,"name":"\u00bfQu\u00e9 espera Roc\u00edo Nahle?"}]},{"@type":"WebSite","@id":"https:\/\/lospoliticosveracruz.com\/#website","url":"https:\/\/lospoliticosveracruz.com\/","name":"Los pol\u00edticos Veracruz","description":"","publisher":{"@id":"https:\/\/lospoliticosveracruz.com\/#organization"},"potentialAction":[{"@type":"SearchAction","target":{"@type":"EntryPoint","urlTemplate":"https:\/\/lospoliticosveracruz.com\/?s={search_term_string}"},"query-input":{"@type":"PropertyValueSpecification","valueRequired":true,"valueName":"search_term_string"}}],"inLanguage":"es"},{"@type":"Organization","@id":"https:\/\/lospoliticosveracruz.com\/#organization","name":"Los pol\u00edticos Veracruz","url":"https:\/\/lospoliticosveracruz.com\/","logo":{"@type":"ImageObject","inLanguage":"es","@id":"https:\/\/lospoliticosveracruz.com\/#\/schema\/logo\/image\/","url":"https:\/\/lospoliticosveracruz.com\/wp-content\/uploads\/2025\/12\/Logo-Nuevo-LOS-POLITICOS-1.jpg","contentUrl":"https:\/\/lospoliticosveracruz.com\/wp-content\/uploads\/2025\/12\/Logo-Nuevo-LOS-POLITICOS-1.jpg","width":260,"height":70,"caption":"Los pol\u00edticos Veracruz"},"image":{"@id":"https:\/\/lospoliticosveracruz.com\/#\/schema\/logo\/image\/"},"sameAs":["https:\/\/www.facebook.com\/people\/Notimemes-de-los-Polticos\/61565672886568\/","https:\/\/x.com\/LosPoliticosVer"]},{"@type":"Person","@id":"https:\/\/lospoliticosveracruz.com\/#\/schema\/person\/b8702bb0e538456e6efd07080bf2a4a2","name":"Lo viste en Los Pol\u00edticos","image":{"@type":"ImageObject","inLanguage":"es","@id":"https:\/\/secure.gravatar.com\/avatar\/3a8de04a2656d44082be478bd6c086daa447c4651605818287b9532d3d0bd435?s=96&d=mm&r=g","url":"https:\/\/secure.gravatar.com\/avatar\/3a8de04a2656d44082be478bd6c086daa447c4651605818287b9532d3d0bd435?s=96&d=mm&r=g","contentUrl":"https:\/\/secure.gravatar.com\/avatar\/3a8de04a2656d44082be478bd6c086daa447c4651605818287b9532d3d0bd435?s=96&d=mm&r=g","caption":"Lo viste en Los Pol\u00edticos"},"url":"https:\/\/lospoliticosveracruz.com\/?author=2"}]}},"_links":{"self":[{"href":"https:\/\/lospoliticosveracruz.com\/index.php?rest_route=\/wp\/v2\/posts\/44882","targetHints":{"allow":["GET"]}}],"collection":[{"href":"https:\/\/lospoliticosveracruz.com\/index.php?rest_route=\/wp\/v2\/posts"}],"about":[{"href":"https:\/\/lospoliticosveracruz.com\/index.php?rest_route=\/wp\/v2\/types\/post"}],"author":[{"embeddable":true,"href":"https:\/\/lospoliticosveracruz.com\/index.php?rest_route=\/wp\/v2\/users\/2"}],"replies":[{"embeddable":true,"href":"https:\/\/lospoliticosveracruz.com\/index.php?rest_route=%2Fwp%2Fv2%2Fcomments&post=44882"}],"version-history":[{"count":1,"href":"https:\/\/lospoliticosveracruz.com\/index.php?rest_route=\/wp\/v2\/posts\/44882\/revisions"}],"predecessor-version":[{"id":44884,"href":"https:\/\/lospoliticosveracruz.com\/index.php?rest_route=\/wp\/v2\/posts\/44882\/revisions\/44884"}],"wp:attachment":[{"href":"https:\/\/lospoliticosveracruz.com\/index.php?rest_route=%2Fwp%2Fv2%2Fmedia&parent=44882"}],"wp:term":[{"taxonomy":"category","embeddable":true,"href":"https:\/\/lospoliticosveracruz.com\/index.php?rest_route=%2Fwp%2Fv2%2Fcategories&post=44882"},{"taxonomy":"post_tag","embeddable":true,"href":"https:\/\/lospoliticosveracruz.com\/index.php?rest_route=%2Fwp%2Fv2%2Ftags&post=44882"}],"curies":[{"name":"wp","href":"https:\/\/api.w.org\/{rel}","templated":true}]}}