{"id":44971,"date":"2018-09-16T22:55:19","date_gmt":"2018-09-17T03:55:19","guid":{"rendered":"http:\/\/www.lospoliticosveracruz.com.mx\/?p=44971"},"modified":"2018-09-16T21:10:53","modified_gmt":"2018-09-17T02:10:53","slug":"leno-rosales","status":"publish","type":"post","link":"https:\/\/lospoliticosveracruz.com\/?p=44971","title":{"rendered":"Leno Rosales"},"content":{"rendered":"<p><strong>Salvador Mu\u00f1oz<\/strong><\/p>\n<p><em>Los Pol\u00edticos<\/em><\/p>\n<p><span style=\"font-weight: 400;\">Durante la asamblea de Diputados Electos por Morena de todo el pa\u00eds, un veracruzano dio la nota. Se present\u00f3 como Jos\u00e9 Magdaleno Rosales Torres, pero en su distrito se le conoce m\u00e1s como Leno Rosales. No s\u00f3lo llama la atenci\u00f3n por su singular modo de hablar: directo, franco, apasionado sin caer en la perorata; sino por los se\u00f1alamientos que hizo y contra quien los hizo: Juan Javier G\u00f3mez Casar\u00edn. El hecho se hace m\u00e1s trascendente cuando pone al descubierto a qui\u00e9nes mueven al diputado local electo por el distrito de San Andr\u00e9s Tuxtla para tratar de \u201ccontrolar\u201d a los diputados de Morena que estar\u00e1n en la LXV Legislatura local: Eric Cisneros y Cuitl\u00e1huac Garc\u00eda.<\/span><\/p>\n<p><span style=\"font-weight: 400;\">II<\/span><\/p>\n<p><span style=\"font-weight: 400;\">\u00bfQui\u00e9n es Leno? El diputado electo por Morena en el distrito de Medell\u00edn de Bravo es miembro fundador del partido, adem\u00e1s de ser secretario de Estudios y Proyecto de Naci\u00f3n dentro del instituto pol\u00edtico, lo que lo coloca como el \u00fanico veracruzano miembro del Comit\u00e9 Nacional de Morena.<\/span><\/p>\n<p><span style=\"font-weight: 400;\">Con nivel de estudios Secundaria y Obrero calificado para manejar m\u00e1quinas de construcci\u00f3n, se sabe al derecho y al rev\u00e9s los estatutos del partido, tanto, que ha sido el \u00fanico morenista que se ha puesto al t\u00fa por t\u00fa con Roc\u00edo Nahle y ha ganado una que otra mano.<\/span><\/p>\n<p><span style=\"font-weight: 400;\">III<\/span><\/p>\n<p><span style=\"font-weight: 400;\">Por ser directo en sus comentarios, se ha ganado de cierto modo la \u201cexclusi\u00f3n\u201d de algunos miembros distinguidos de Morena, tan as\u00ed que se cuenta que el entonces candidato a la gubernatura de Morena, Cuitl\u00e1huac Garc\u00eda Jim\u00e9nez, nunca visit\u00f3 Medell\u00edn de Bravo a pesar de que uno de sus hermanos, Xicot\u00e9ncatl, tiene algunos terrenitos en ese municipio. Otro dato adicional, es que Leno Rosales durante su campa\u00f1a, ni para agua le dieron bajo la consigna o idea de que era un distrito perdido. Efectivamente: fue un distrito donde Cuitl\u00e1huac perdi\u00f3 pero Leno lo gan\u00f3. M\u00e1s de cuatro mil fueron los votos de diferencia entre Yunes M\u00e1rquez y Garc\u00eda Jim\u00e9nez. M\u00e1s de ocho mil hubo de diferencia entre Leno Rosales y Mart\u00edn Lagunes, su m\u00e1s cercano contrincante.<\/span><\/p>\n<p><span style=\"font-weight: 400;\">IV<\/span><\/p>\n<p><span style=\"font-weight: 400;\">Cuando en el pasado mayo, v\u00eda video, Andr\u00e9s Manuel L\u00f3pez Obrador instaba a sus tres mil a candidatos a los diferentes cargos de representaci\u00f3n popular a visitar 150 casas diario porque los ve\u00eda muy \u201cblanquitos\u201d, el mensaje a Leno llegaba demasiado tarde\u2026 desde las siete de la ma\u00f1ana hasta que anochec\u00eda recorr\u00eda sus localidades, con una cobertura tres veces mayor de lo que ped\u00eda el candidato presidencial. Es empecinado en cuanto a metas se propone, y aunque hay quienes lo quisieran encasillar con el grupo de Manuel Huerta Ladr\u00f3n de Guevara, no lo es\u2026 dijera \u00e9l en su intervenci\u00f3n durante la asamblea de Diputados Electos por Morena, es libre.<\/span><\/p>\n<p><span style=\"font-weight: 400;\">Explico: es un convencido de cada uno de los estatutos que rigen al partido Morena, por eso dice que a \u00e9l no lo van a amenazar con quitarlo o que el Gobierno estatal no le va a dar nada, porque \u00e9l representa un distrito y un sino: servir a la patria, no vino por puestos o cargos.<\/span><\/p>\n<p><span style=\"font-weight: 400;\">V<\/span><\/p>\n<p><span style=\"font-weight: 400;\">La acusaci\u00f3n que hace contra el diputado electo por San Andr\u00e9s Tuxtla, Juan Javier G\u00f3mez Casar\u00edn, de que de cierto modo est\u00e1 coaccionando a los otros legisladores electos para \u201capoyar\u201d la propuesta de Eric Cisneros y de Cuitl\u00e1huac Garc\u00eda, suena vaga, pero para entenderla, primero se tiene que conocer qui\u00e9n es G\u00f3mez Casar\u00edn y sus pretensiones, pero de eso, ma\u00f1ana les platicamos\u2026<\/span><\/p>\n<p>&nbsp;<\/p>\n<p><span style=\"font-weight: 400;\">smcainito@gmail.com<\/span><\/p>\n<p>&nbsp;<\/p>\n","protected":false},"excerpt":{"rendered":"<p>Salvador Mu\u00f1oz Los Pol\u00edticos Durante la asamblea de Diputados Electos por Morena de todo el pa\u00eds, un veracruzano dio la nota. Se present\u00f3 como Jos\u00e9 Magdaleno Rosales Torres, pero en su distrito se le conoce m\u00e1s como Leno Rosales. No s\u00f3lo llama la atenci\u00f3n por su singular modo de hablar: directo, franco, apasionado sin caer [&hellip;]<\/p>\n","protected":false},"author":2,"featured_media":0,"comment_status":"open","ping_status":"open","sticky":false,"template":"","format":"standard","meta":{"tdm_status":"","tdm_grid_status":"","footnotes":""},"categories":[70],"tags":[618,1681,12686,12684,12685,12683,11786,12688,1389,1026,122],"class_list":{"0":"post-44971","1":"post","2":"type-post","3":"status-publish","4":"format-standard","6":"category-de-opinion","7":"tag-andres-manuel-lopez-obrador","8":"tag-cuitlahuac-garcia","9":"tag-eric-cisneros","10":"tag-jose-magdaleno-rosales-torres","11":"tag-juan-javier-gomez-casarin","12":"tag-leno-rosales","13":"tag-lxv-legislatura","14":"tag-martin-lagunes","15":"tag-medellin","16":"tag-morena","17":"tag-san-andres-tuxtla"},"yoast_head":"<!-- This site is optimized with the Yoast SEO plugin v27.4 - https:\/\/yoast.com\/product\/yoast-seo-wordpress\/ -->\n<title>Leno Rosales - Los pol\u00edticos Veracruz<\/title>\n<meta name=\"robots\" content=\"index, follow, max-snippet:-1, max-image-preview:large, max-video-preview:-1\" \/>\n<link rel=\"canonical\" href=\"https:\/\/lospoliticosveracruz.com\/?p=44971\" \/>\n<meta property=\"og:locale\" content=\"es_ES\" \/>\n<meta property=\"og:type\" content=\"article\" \/>\n<meta property=\"og:title\" content=\"Leno Rosales - Los pol\u00edticos Veracruz\" \/>\n<meta property=\"og:description\" content=\"Salvador Mu\u00f1oz Los Pol\u00edticos Durante la asamblea de Diputados Electos por Morena de todo el pa\u00eds, un veracruzano dio la nota. Se present\u00f3 como Jos\u00e9 Magdaleno Rosales Torres, pero en su distrito se le conoce m\u00e1s como Leno Rosales. No s\u00f3lo llama la atenci\u00f3n por su singular modo de hablar: directo, franco, apasionado sin caer [&hellip;]\" \/>\n<meta property=\"og:url\" content=\"https:\/\/lospoliticosveracruz.com\/?p=44971\" \/>\n<meta property=\"og:site_name\" content=\"Los pol\u00edticos Veracruz\" \/>\n<meta property=\"article:publisher\" content=\"https:\/\/www.facebook.com\/people\/Notimemes-de-los-Polticos\/61565672886568\/\" \/>\n<meta property=\"article:published_time\" content=\"2018-09-17T03:55:19+00:00\" \/>\n<meta property=\"og:image\" content=\"https:\/\/lospoliticosveracruz.com\/wp-content\/uploads\/2016\/07\/Logo-Dor.jpg\" \/>\n\t<meta property=\"og:image:width\" content=\"200\" \/>\n\t<meta property=\"og:image:height\" content=\"200\" \/>\n\t<meta property=\"og:image:type\" content=\"image\/jpeg\" \/>\n<meta name=\"author\" content=\"Lo viste en Los Pol\u00edticos\" \/>\n<meta name=\"twitter:card\" content=\"summary_large_image\" \/>\n<meta name=\"twitter:creator\" content=\"@LosPoliticosVer\" \/>\n<meta name=\"twitter:site\" content=\"@LosPoliticosVer\" \/>\n<meta name=\"twitter:label1\" content=\"Escrito por\" \/>\n\t<meta name=\"twitter:data1\" content=\"Lo viste en Los Pol\u00edticos\" \/>\n\t<meta name=\"twitter:label2\" content=\"Tiempo de lectura\" \/>\n\t<meta name=\"twitter:data2\" content=\"3 minutos\" \/>\n<script type=\"application\/ld+json\" class=\"yoast-schema-graph\">{\"@context\":\"https:\\\/\\\/schema.org\",\"@graph\":[{\"@type\":\"Article\",\"@id\":\"https:\\\/\\\/lospoliticosveracruz.com\\\/?p=44971#article\",\"isPartOf\":{\"@id\":\"https:\\\/\\\/lospoliticosveracruz.com\\\/?p=44971\"},\"author\":{\"name\":\"Lo viste en Los Pol\u00edticos\",\"@id\":\"https:\\\/\\\/lospoliticosveracruz.com\\\/#\\\/schema\\\/person\\\/b8702bb0e538456e6efd07080bf2a4a2\"},\"headline\":\"Leno Rosales\",\"datePublished\":\"2018-09-17T03:55:19+00:00\",\"mainEntityOfPage\":{\"@id\":\"https:\\\/\\\/lospoliticosveracruz.com\\\/?p=44971\"},\"wordCount\":639,\"commentCount\":0,\"publisher\":{\"@id\":\"https:\\\/\\\/lospoliticosveracruz.com\\\/#organization\"},\"keywords\":[\"Andr\u00e9s Manuel L\u00f3pez Obrador\",\"Cuitl\u00e1huac Garc\u00eda\",\"Eric Cisneros\",\"Jos\u00e9 Magdaleno Rosales Torres\",\"Juan Javier G\u00f3mez Casar\u00edn\",\"Leno Rosales\",\"LXV Legislatura\",\"Mart\u00edn Lagunes\",\"Medell\u00edn\",\"Morena\",\"San Andr\u00e9s Tuxtla\"],\"articleSection\":[\"De Opini\u00f3n\"],\"inLanguage\":\"es\",\"potentialAction\":[{\"@type\":\"CommentAction\",\"name\":\"Comment\",\"target\":[\"https:\\\/\\\/lospoliticosveracruz.com\\\/?p=44971#respond\"]}]},{\"@type\":\"WebPage\",\"@id\":\"https:\\\/\\\/lospoliticosveracruz.com\\\/?p=44971\",\"url\":\"https:\\\/\\\/lospoliticosveracruz.com\\\/?p=44971\",\"name\":\"Leno Rosales - Los pol\u00edticos Veracruz\",\"isPartOf\":{\"@id\":\"https:\\\/\\\/lospoliticosveracruz.com\\\/#website\"},\"datePublished\":\"2018-09-17T03:55:19+00:00\",\"breadcrumb\":{\"@id\":\"https:\\\/\\\/lospoliticosveracruz.com\\\/?p=44971#breadcrumb\"},\"inLanguage\":\"es\",\"potentialAction\":[{\"@type\":\"ReadAction\",\"target\":[\"https:\\\/\\\/lospoliticosveracruz.com\\\/?p=44971\"]}]},{\"@type\":\"BreadcrumbList\",\"@id\":\"https:\\\/\\\/lospoliticosveracruz.com\\\/?p=44971#breadcrumb\",\"itemListElement\":[{\"@type\":\"ListItem\",\"position\":1,\"name\":\"Portada\",\"item\":\"https:\\\/\\\/lospoliticosveracruz.com\\\/\"},{\"@type\":\"ListItem\",\"position\":2,\"name\":\"Leno Rosales\"}]},{\"@type\":\"WebSite\",\"@id\":\"https:\\\/\\\/lospoliticosveracruz.com\\\/#website\",\"url\":\"https:\\\/\\\/lospoliticosveracruz.com\\\/\",\"name\":\"Los pol\u00edticos Veracruz\",\"description\":\"\",\"publisher\":{\"@id\":\"https:\\\/\\\/lospoliticosveracruz.com\\\/#organization\"},\"potentialAction\":[{\"@type\":\"SearchAction\",\"target\":{\"@type\":\"EntryPoint\",\"urlTemplate\":\"https:\\\/\\\/lospoliticosveracruz.com\\\/?s={search_term_string}\"},\"query-input\":{\"@type\":\"PropertyValueSpecification\",\"valueRequired\":true,\"valueName\":\"search_term_string\"}}],\"inLanguage\":\"es\"},{\"@type\":\"Organization\",\"@id\":\"https:\\\/\\\/lospoliticosveracruz.com\\\/#organization\",\"name\":\"Los pol\u00edticos Veracruz\",\"url\":\"https:\\\/\\\/lospoliticosveracruz.com\\\/\",\"logo\":{\"@type\":\"ImageObject\",\"inLanguage\":\"es\",\"@id\":\"https:\\\/\\\/lospoliticosveracruz.com\\\/#\\\/schema\\\/logo\\\/image\\\/\",\"url\":\"https:\\\/\\\/lospoliticosveracruz.com\\\/wp-content\\\/uploads\\\/2025\\\/12\\\/Logo-Nuevo-LOS-POLITICOS-1.jpg\",\"contentUrl\":\"https:\\\/\\\/lospoliticosveracruz.com\\\/wp-content\\\/uploads\\\/2025\\\/12\\\/Logo-Nuevo-LOS-POLITICOS-1.jpg\",\"width\":260,\"height\":70,\"caption\":\"Los pol\u00edticos Veracruz\"},\"image\":{\"@id\":\"https:\\\/\\\/lospoliticosveracruz.com\\\/#\\\/schema\\\/logo\\\/image\\\/\"},\"sameAs\":[\"https:\\\/\\\/www.facebook.com\\\/people\\\/Notimemes-de-los-Polticos\\\/61565672886568\\\/\",\"https:\\\/\\\/x.com\\\/LosPoliticosVer\"]},{\"@type\":\"Person\",\"@id\":\"https:\\\/\\\/lospoliticosveracruz.com\\\/#\\\/schema\\\/person\\\/b8702bb0e538456e6efd07080bf2a4a2\",\"name\":\"Lo viste en Los Pol\u00edticos\",\"image\":{\"@type\":\"ImageObject\",\"inLanguage\":\"es\",\"@id\":\"https:\\\/\\\/secure.gravatar.com\\\/avatar\\\/3a8de04a2656d44082be478bd6c086daa447c4651605818287b9532d3d0bd435?s=96&d=mm&r=g\",\"url\":\"https:\\\/\\\/secure.gravatar.com\\\/avatar\\\/3a8de04a2656d44082be478bd6c086daa447c4651605818287b9532d3d0bd435?s=96&d=mm&r=g\",\"contentUrl\":\"https:\\\/\\\/secure.gravatar.com\\\/avatar\\\/3a8de04a2656d44082be478bd6c086daa447c4651605818287b9532d3d0bd435?s=96&d=mm&r=g\",\"caption\":\"Lo viste en Los Pol\u00edticos\"},\"url\":\"https:\\\/\\\/lospoliticosveracruz.com\\\/?author=2\"}]}<\/script>\n<!-- \/ Yoast SEO plugin. -->","yoast_head_json":{"title":"Leno Rosales - Los pol\u00edticos Veracruz","robots":{"index":"index","follow":"follow","max-snippet":"max-snippet:-1","max-image-preview":"max-image-preview:large","max-video-preview":"max-video-preview:-1"},"canonical":"https:\/\/lospoliticosveracruz.com\/?p=44971","og_locale":"es_ES","og_type":"article","og_title":"Leno Rosales - Los pol\u00edticos Veracruz","og_description":"Salvador Mu\u00f1oz Los Pol\u00edticos Durante la asamblea de Diputados Electos por Morena de todo el pa\u00eds, un veracruzano dio la nota. Se present\u00f3 como Jos\u00e9 Magdaleno Rosales Torres, pero en su distrito se le conoce m\u00e1s como Leno Rosales. No s\u00f3lo llama la atenci\u00f3n por su singular modo de hablar: directo, franco, apasionado sin caer [&hellip;]","og_url":"https:\/\/lospoliticosveracruz.com\/?p=44971","og_site_name":"Los pol\u00edticos Veracruz","article_publisher":"https:\/\/www.facebook.com\/people\/Notimemes-de-los-Polticos\/61565672886568\/","article_published_time":"2018-09-17T03:55:19+00:00","og_image":[{"width":200,"height":200,"url":"https:\/\/lospoliticosveracruz.com\/wp-content\/uploads\/2016\/07\/Logo-Dor.jpg","type":"image\/jpeg"}],"author":"Lo viste en Los Pol\u00edticos","twitter_card":"summary_large_image","twitter_creator":"@LosPoliticosVer","twitter_site":"@LosPoliticosVer","twitter_misc":{"Escrito por":"Lo viste en Los Pol\u00edticos","Tiempo de lectura":"3 minutos"},"schema":{"@context":"https:\/\/schema.org","@graph":[{"@type":"Article","@id":"https:\/\/lospoliticosveracruz.com\/?p=44971#article","isPartOf":{"@id":"https:\/\/lospoliticosveracruz.com\/?p=44971"},"author":{"name":"Lo viste en Los Pol\u00edticos","@id":"https:\/\/lospoliticosveracruz.com\/#\/schema\/person\/b8702bb0e538456e6efd07080bf2a4a2"},"headline":"Leno Rosales","datePublished":"2018-09-17T03:55:19+00:00","mainEntityOfPage":{"@id":"https:\/\/lospoliticosveracruz.com\/?p=44971"},"wordCount":639,"commentCount":0,"publisher":{"@id":"https:\/\/lospoliticosveracruz.com\/#organization"},"keywords":["Andr\u00e9s Manuel L\u00f3pez Obrador","Cuitl\u00e1huac Garc\u00eda","Eric Cisneros","Jos\u00e9 Magdaleno Rosales Torres","Juan Javier G\u00f3mez Casar\u00edn","Leno Rosales","LXV Legislatura","Mart\u00edn Lagunes","Medell\u00edn","Morena","San Andr\u00e9s Tuxtla"],"articleSection":["De Opini\u00f3n"],"inLanguage":"es","potentialAction":[{"@type":"CommentAction","name":"Comment","target":["https:\/\/lospoliticosveracruz.com\/?p=44971#respond"]}]},{"@type":"WebPage","@id":"https:\/\/lospoliticosveracruz.com\/?p=44971","url":"https:\/\/lospoliticosveracruz.com\/?p=44971","name":"Leno Rosales - Los pol\u00edticos Veracruz","isPartOf":{"@id":"https:\/\/lospoliticosveracruz.com\/#website"},"datePublished":"2018-09-17T03:55:19+00:00","breadcrumb":{"@id":"https:\/\/lospoliticosveracruz.com\/?p=44971#breadcrumb"},"inLanguage":"es","potentialAction":[{"@type":"ReadAction","target":["https:\/\/lospoliticosveracruz.com\/?p=44971"]}]},{"@type":"BreadcrumbList","@id":"https:\/\/lospoliticosveracruz.com\/?p=44971#breadcrumb","itemListElement":[{"@type":"ListItem","position":1,"name":"Portada","item":"https:\/\/lospoliticosveracruz.com\/"},{"@type":"ListItem","position":2,"name":"Leno Rosales"}]},{"@type":"WebSite","@id":"https:\/\/lospoliticosveracruz.com\/#website","url":"https:\/\/lospoliticosveracruz.com\/","name":"Los pol\u00edticos Veracruz","description":"","publisher":{"@id":"https:\/\/lospoliticosveracruz.com\/#organization"},"potentialAction":[{"@type":"SearchAction","target":{"@type":"EntryPoint","urlTemplate":"https:\/\/lospoliticosveracruz.com\/?s={search_term_string}"},"query-input":{"@type":"PropertyValueSpecification","valueRequired":true,"valueName":"search_term_string"}}],"inLanguage":"es"},{"@type":"Organization","@id":"https:\/\/lospoliticosveracruz.com\/#organization","name":"Los pol\u00edticos Veracruz","url":"https:\/\/lospoliticosveracruz.com\/","logo":{"@type":"ImageObject","inLanguage":"es","@id":"https:\/\/lospoliticosveracruz.com\/#\/schema\/logo\/image\/","url":"https:\/\/lospoliticosveracruz.com\/wp-content\/uploads\/2025\/12\/Logo-Nuevo-LOS-POLITICOS-1.jpg","contentUrl":"https:\/\/lospoliticosveracruz.com\/wp-content\/uploads\/2025\/12\/Logo-Nuevo-LOS-POLITICOS-1.jpg","width":260,"height":70,"caption":"Los pol\u00edticos Veracruz"},"image":{"@id":"https:\/\/lospoliticosveracruz.com\/#\/schema\/logo\/image\/"},"sameAs":["https:\/\/www.facebook.com\/people\/Notimemes-de-los-Polticos\/61565672886568\/","https:\/\/x.com\/LosPoliticosVer"]},{"@type":"Person","@id":"https:\/\/lospoliticosveracruz.com\/#\/schema\/person\/b8702bb0e538456e6efd07080bf2a4a2","name":"Lo viste en Los Pol\u00edticos","image":{"@type":"ImageObject","inLanguage":"es","@id":"https:\/\/secure.gravatar.com\/avatar\/3a8de04a2656d44082be478bd6c086daa447c4651605818287b9532d3d0bd435?s=96&d=mm&r=g","url":"https:\/\/secure.gravatar.com\/avatar\/3a8de04a2656d44082be478bd6c086daa447c4651605818287b9532d3d0bd435?s=96&d=mm&r=g","contentUrl":"https:\/\/secure.gravatar.com\/avatar\/3a8de04a2656d44082be478bd6c086daa447c4651605818287b9532d3d0bd435?s=96&d=mm&r=g","caption":"Lo viste en Los Pol\u00edticos"},"url":"https:\/\/lospoliticosveracruz.com\/?author=2"}]}},"_links":{"self":[{"href":"https:\/\/lospoliticosveracruz.com\/index.php?rest_route=\/wp\/v2\/posts\/44971","targetHints":{"allow":["GET"]}}],"collection":[{"href":"https:\/\/lospoliticosveracruz.com\/index.php?rest_route=\/wp\/v2\/posts"}],"about":[{"href":"https:\/\/lospoliticosveracruz.com\/index.php?rest_route=\/wp\/v2\/types\/post"}],"author":[{"embeddable":true,"href":"https:\/\/lospoliticosveracruz.com\/index.php?rest_route=\/wp\/v2\/users\/2"}],"replies":[{"embeddable":true,"href":"https:\/\/lospoliticosveracruz.com\/index.php?rest_route=%2Fwp%2Fv2%2Fcomments&post=44971"}],"version-history":[{"count":1,"href":"https:\/\/lospoliticosveracruz.com\/index.php?rest_route=\/wp\/v2\/posts\/44971\/revisions"}],"predecessor-version":[{"id":44973,"href":"https:\/\/lospoliticosveracruz.com\/index.php?rest_route=\/wp\/v2\/posts\/44971\/revisions\/44973"}],"wp:attachment":[{"href":"https:\/\/lospoliticosveracruz.com\/index.php?rest_route=%2Fwp%2Fv2%2Fmedia&parent=44971"}],"wp:term":[{"taxonomy":"category","embeddable":true,"href":"https:\/\/lospoliticosveracruz.com\/index.php?rest_route=%2Fwp%2Fv2%2Fcategories&post=44971"},{"taxonomy":"post_tag","embeddable":true,"href":"https:\/\/lospoliticosveracruz.com\/index.php?rest_route=%2Fwp%2Fv2%2Ftags&post=44971"}],"curies":[{"name":"wp","href":"https:\/\/api.w.org\/{rel}","templated":true}]}}