{"id":44989,"date":"2018-09-18T13:16:59","date_gmt":"2018-09-18T18:16:59","guid":{"rendered":"http:\/\/www.lospoliticosveracruz.com.mx\/?p=44989"},"modified":"2018-09-18T13:16:59","modified_gmt":"2018-09-18T18:16:59","slug":"duarte-karime-historia-interminable-de-corrupcion","status":"publish","type":"post","link":"https:\/\/lospoliticosveracruz.com\/?p=44989","title":{"rendered":"Duarte-Karime, historia interminable de corrupci\u00f3n"},"content":{"rendered":"<p class=\"x_MsoNormal\"><strong>Luis Alberto Romero<\/strong><u><\/u><u><\/u><\/p>\n<p class=\"x_MsoNormal\">\u00a0<em>Hora Cero<\/em><\/p>\n<p class=\"x_MsoNormal\">\n<p class=\"x_MsoNormal\">\n<p class=\"x_MsoNormal\"><b><\/b>La historia de los actos de corrupci\u00f3n y acumulaci\u00f3n de bienes de personajes involucrados con el gobierno encabezado por Javier Duarte en Veracruz parece interminable.<u><\/u><u><\/u><\/p>\n<p class=\"x_MsoNormal\">Han pasado poco m\u00e1s de 23 meses de la renuncia que ante los micr\u00f3fonos de Televisa hiciera p\u00fablica el ex gobernador de Veracruz, Javier Duarte de Ochoa, y siguen brotando se\u00f1alamientos contra el ex mandatario, esposa y colaboradores.<u><\/u><u><\/u><\/p>\n<p class=\"x_MsoNormal\">El 12 de octubre de 2016, un par de meses antes de que concluyera su periodo al frente del gobierno del Estado, Javier Duarte renunci\u00f3 a la gubernatura. Su presencia era insostenible por el nivel de endeudamiento del estado y sobre todo por las denuncias sobre presuntos actos de corrupci\u00f3n.<u><\/u><u><\/u><\/p>\n<p class=\"x_MsoNormal\">En marzo de ese a\u00f1o, el actual gobernador de la entidad, Miguel \u00c1ngel Yunes, entonces aspirante a la candidatura panista al Poder Ejecutivo de Veracruz, interpuso una denuncia contra Duarte; luego llegaron, en cascada, todo tipo de reveces para el ex mandatario, hoy preso en el Reclusorio Norte.<u><\/u><u><\/u><\/p>\n<p class=\"x_MsoNormal\">En julio de ese mismo a\u00f1o, tras los esc\u00e1ndalos derivados de las irregularidades detectadas en la fiscalizaci\u00f3n de las cuentas p\u00fablicas del gobierno estatal, comenzaron a surgir voces al interior del PRI para exigir la expulsi\u00f3n de Duarte, situaci\u00f3n que se concret\u00f3 el 25 de octubre de ese a\u00f1o, cuando la ca\u00edda del ex gobernador era ya evidente.<u><\/u><u><\/u><\/p>\n<p class=\"x_MsoNormal\">A Duarte se le acab\u00f3 la suerte y entonces lleg\u00f3 un verdadero infierno de se\u00f1alamientos, acusaciones y denuncias contra el ex gobernador veracruzano; el Servicio de Administraci\u00f3n Tributaria, por ejemplo, inici\u00f3 la revisi\u00f3n y auditor\u00eda a las cuentas bancarias de Javier Duarte y sus cercanos, que termin\u00f3 en el congelamiento de las cuentas.<u><\/u><u><\/u><\/p>\n<p class=\"x_MsoNormal\">La Auditor\u00eda Superior de la Federaci\u00f3n, entonces bajo la batuta de Juan Manuel Portal, llevaba a\u00f1os se\u00f1alando las irregularidades detectadas, la simulaci\u00f3n de los dep\u00f3sitos y, en general, observaciones que representaban cientos de millones de pesos.<u><\/u><u><\/u><\/p>\n<p class=\"x_MsoNormal\">El gobierno de Veracruz se convirti\u00f3 en referente nacional de irresponsabilidad administrativa, desv\u00edos de recursos y corrupci\u00f3n; Duarte, en el villano favorito del discurso opositor y en ejemplo del castigo del gobierno a los gobernantes corruptos.<u><\/u><u><\/u><\/p>\n<p class=\"x_MsoNormal\">As\u00ed, tras una evasi\u00f3n de la justicia que dur\u00f3 casi seis meses, Javier Duarte fue detenido en Guatemala el 15 de abril de 2017.<u><\/u><u><\/u><\/p>\n<p class=\"x_MsoNormal\">Hasta ahora han corrido con la misma suerte los ex titulares de Seguridad P\u00fablica, Arturo Berm\u00fadez Zurita; Salud, Juan Antonio Nemi Dib; Caev, Francisco Valencia Garc\u00eda; Comunicaci\u00f3n Social, Gina Dom\u00ednguez Col\u00edo; y Finanzas, Mauricio Audirac Murillo, entre otros.<u><\/u><u><\/u><\/p>\n<p class=\"x_MsoNormal\">A Javier Duarte le han incautado algunas propiedades y bienes, como los hallados en una bodega de C\u00f3rdoba que conten\u00eda objetos de lujo y obras de arte; y lo mismo ha ocurrido con algunos de sus excolaboradores. Destacan, por ejemplo, los ranchos El Faunito, de Fort\u00edn, m\u00e1s de 58 mil metros cuadrados que hoy se encuentran en poder del Instituto de Ecolog\u00eda; y El Cartujo, en Naolinco.<u><\/u><u><\/u><\/p>\n<p class=\"x_MsoNormal\">El m\u00e1s reciente esc\u00e1ndalo se revel\u00f3 este lunes, cuando trascendi\u00f3 la presunta compra de una mansi\u00f3n en Miami, Florida, por parte de la esposa del ex gobernador, Karime Mac\u00edas de Duarte. La operaci\u00f3n de compraventa de la casa habr\u00eda representado 7 millones de d\u00f3lares.<u><\/u><u><\/u><\/p>\n<p class=\"x_MsoNormal\">El \u00fanico temor de quienes esperan que esas investigaciones se conviertan en acciones de la justicia contra los actos de corrupci\u00f3n y el saqueo se relaciona con la impunidad; esperemos que el cambio en los gobiernos federal y estatal no represente un freno a las carpetas y averiguaciones que sigue la autoridad contra los desv\u00edos detectados en el gobierno estatal. @luisromero85<\/p>\n","protected":false},"excerpt":{"rendered":"<p>Luis Alberto Romero \u00a0Hora Cero La historia de los actos de corrupci\u00f3n y acumulaci\u00f3n de bienes de personajes involucrados con el gobierno encabezado por Javier Duarte en Veracruz parece interminable. Han pasado poco m\u00e1s de 23 meses de la renuncia que ante los micr\u00f3fonos de Televisa hiciera p\u00fablica el ex gobernador de Veracruz, Javier Duarte [&hellip;]<\/p>\n","protected":false},"author":2,"featured_media":0,"comment_status":"open","ping_status":"open","sticky":false,"template":"","format":"standard","meta":{"tdm_status":"","tdm_grid_status":"","footnotes":""},"categories":[70],"tags":[162,789,428],"class_list":{"0":"post-44989","1":"post","2":"type-post","3":"status-publish","4":"format-standard","6":"category-de-opinion","7":"tag-javier-duarte","8":"tag-karime-macias","9":"tag-miguel-angel-yunes-linares"},"yoast_head":"<!-- This site is optimized with the Yoast SEO plugin v27.4 - https:\/\/yoast.com\/product\/yoast-seo-wordpress\/ -->\n<title>Duarte-Karime, historia interminable de corrupci\u00f3n - Los pol\u00edticos Veracruz<\/title>\n<meta name=\"robots\" content=\"index, follow, max-snippet:-1, max-image-preview:large, max-video-preview:-1\" \/>\n<link rel=\"canonical\" href=\"https:\/\/lospoliticosveracruz.com\/?p=44989\" \/>\n<meta property=\"og:locale\" content=\"es_ES\" \/>\n<meta property=\"og:type\" content=\"article\" \/>\n<meta property=\"og:title\" content=\"Duarte-Karime, historia interminable de corrupci\u00f3n - Los pol\u00edticos Veracruz\" \/>\n<meta property=\"og:description\" content=\"Luis Alberto Romero \u00a0Hora Cero La historia de los actos de corrupci\u00f3n y acumulaci\u00f3n de bienes de personajes involucrados con el gobierno encabezado por Javier Duarte en Veracruz parece interminable. Han pasado poco m\u00e1s de 23 meses de la renuncia que ante los micr\u00f3fonos de Televisa hiciera p\u00fablica el ex gobernador de Veracruz, Javier Duarte [&hellip;]\" \/>\n<meta property=\"og:url\" content=\"https:\/\/lospoliticosveracruz.com\/?p=44989\" \/>\n<meta property=\"og:site_name\" content=\"Los pol\u00edticos Veracruz\" \/>\n<meta property=\"article:publisher\" content=\"https:\/\/www.facebook.com\/people\/Notimemes-de-los-Polticos\/61565672886568\/\" \/>\n<meta property=\"article:published_time\" content=\"2018-09-18T18:16:59+00:00\" \/>\n<meta property=\"og:image\" content=\"https:\/\/lospoliticosveracruz.com\/wp-content\/uploads\/2016\/07\/Logo-Dor.jpg\" \/>\n\t<meta property=\"og:image:width\" content=\"200\" \/>\n\t<meta property=\"og:image:height\" content=\"200\" \/>\n\t<meta property=\"og:image:type\" content=\"image\/jpeg\" \/>\n<meta name=\"author\" content=\"Lo viste en Los Pol\u00edticos\" \/>\n<meta name=\"twitter:card\" content=\"summary_large_image\" \/>\n<meta name=\"twitter:creator\" content=\"@LosPoliticosVer\" \/>\n<meta name=\"twitter:site\" content=\"@LosPoliticosVer\" \/>\n<meta name=\"twitter:label1\" content=\"Escrito por\" \/>\n\t<meta name=\"twitter:data1\" content=\"Lo viste en Los Pol\u00edticos\" \/>\n\t<meta name=\"twitter:label2\" content=\"Tiempo de lectura\" \/>\n\t<meta name=\"twitter:data2\" content=\"3 minutos\" \/>\n<script type=\"application\/ld+json\" class=\"yoast-schema-graph\">{\"@context\":\"https:\\\/\\\/schema.org\",\"@graph\":[{\"@type\":\"Article\",\"@id\":\"https:\\\/\\\/lospoliticosveracruz.com\\\/?p=44989#article\",\"isPartOf\":{\"@id\":\"https:\\\/\\\/lospoliticosveracruz.com\\\/?p=44989\"},\"author\":{\"name\":\"Lo viste en Los Pol\u00edticos\",\"@id\":\"https:\\\/\\\/lospoliticosveracruz.com\\\/#\\\/schema\\\/person\\\/b8702bb0e538456e6efd07080bf2a4a2\"},\"headline\":\"Duarte-Karime, historia interminable de corrupci\u00f3n\",\"datePublished\":\"2018-09-18T18:16:59+00:00\",\"mainEntityOfPage\":{\"@id\":\"https:\\\/\\\/lospoliticosveracruz.com\\\/?p=44989\"},\"wordCount\":630,\"commentCount\":0,\"publisher\":{\"@id\":\"https:\\\/\\\/lospoliticosveracruz.com\\\/#organization\"},\"keywords\":[\"Javier Duarte\",\"Karime Mac\u00edas\",\"Miguel Angel Yunes Linares\"],\"articleSection\":[\"De Opini\u00f3n\"],\"inLanguage\":\"es\",\"potentialAction\":[{\"@type\":\"CommentAction\",\"name\":\"Comment\",\"target\":[\"https:\\\/\\\/lospoliticosveracruz.com\\\/?p=44989#respond\"]}]},{\"@type\":\"WebPage\",\"@id\":\"https:\\\/\\\/lospoliticosveracruz.com\\\/?p=44989\",\"url\":\"https:\\\/\\\/lospoliticosveracruz.com\\\/?p=44989\",\"name\":\"Duarte-Karime, historia interminable de corrupci\u00f3n - Los pol\u00edticos Veracruz\",\"isPartOf\":{\"@id\":\"https:\\\/\\\/lospoliticosveracruz.com\\\/#website\"},\"datePublished\":\"2018-09-18T18:16:59+00:00\",\"breadcrumb\":{\"@id\":\"https:\\\/\\\/lospoliticosveracruz.com\\\/?p=44989#breadcrumb\"},\"inLanguage\":\"es\",\"potentialAction\":[{\"@type\":\"ReadAction\",\"target\":[\"https:\\\/\\\/lospoliticosveracruz.com\\\/?p=44989\"]}]},{\"@type\":\"BreadcrumbList\",\"@id\":\"https:\\\/\\\/lospoliticosveracruz.com\\\/?p=44989#breadcrumb\",\"itemListElement\":[{\"@type\":\"ListItem\",\"position\":1,\"name\":\"Portada\",\"item\":\"https:\\\/\\\/lospoliticosveracruz.com\\\/\"},{\"@type\":\"ListItem\",\"position\":2,\"name\":\"Duarte-Karime, historia interminable de corrupci\u00f3n\"}]},{\"@type\":\"WebSite\",\"@id\":\"https:\\\/\\\/lospoliticosveracruz.com\\\/#website\",\"url\":\"https:\\\/\\\/lospoliticosveracruz.com\\\/\",\"name\":\"Los pol\u00edticos Veracruz\",\"description\":\"\",\"publisher\":{\"@id\":\"https:\\\/\\\/lospoliticosveracruz.com\\\/#organization\"},\"potentialAction\":[{\"@type\":\"SearchAction\",\"target\":{\"@type\":\"EntryPoint\",\"urlTemplate\":\"https:\\\/\\\/lospoliticosveracruz.com\\\/?s={search_term_string}\"},\"query-input\":{\"@type\":\"PropertyValueSpecification\",\"valueRequired\":true,\"valueName\":\"search_term_string\"}}],\"inLanguage\":\"es\"},{\"@type\":\"Organization\",\"@id\":\"https:\\\/\\\/lospoliticosveracruz.com\\\/#organization\",\"name\":\"Los pol\u00edticos Veracruz\",\"url\":\"https:\\\/\\\/lospoliticosveracruz.com\\\/\",\"logo\":{\"@type\":\"ImageObject\",\"inLanguage\":\"es\",\"@id\":\"https:\\\/\\\/lospoliticosveracruz.com\\\/#\\\/schema\\\/logo\\\/image\\\/\",\"url\":\"https:\\\/\\\/lospoliticosveracruz.com\\\/wp-content\\\/uploads\\\/2025\\\/12\\\/Logo-Nuevo-LOS-POLITICOS-1.jpg\",\"contentUrl\":\"https:\\\/\\\/lospoliticosveracruz.com\\\/wp-content\\\/uploads\\\/2025\\\/12\\\/Logo-Nuevo-LOS-POLITICOS-1.jpg\",\"width\":260,\"height\":70,\"caption\":\"Los pol\u00edticos Veracruz\"},\"image\":{\"@id\":\"https:\\\/\\\/lospoliticosveracruz.com\\\/#\\\/schema\\\/logo\\\/image\\\/\"},\"sameAs\":[\"https:\\\/\\\/www.facebook.com\\\/people\\\/Notimemes-de-los-Polticos\\\/61565672886568\\\/\",\"https:\\\/\\\/x.com\\\/LosPoliticosVer\"]},{\"@type\":\"Person\",\"@id\":\"https:\\\/\\\/lospoliticosveracruz.com\\\/#\\\/schema\\\/person\\\/b8702bb0e538456e6efd07080bf2a4a2\",\"name\":\"Lo viste en Los Pol\u00edticos\",\"image\":{\"@type\":\"ImageObject\",\"inLanguage\":\"es\",\"@id\":\"https:\\\/\\\/secure.gravatar.com\\\/avatar\\\/3a8de04a2656d44082be478bd6c086daa447c4651605818287b9532d3d0bd435?s=96&d=mm&r=g\",\"url\":\"https:\\\/\\\/secure.gravatar.com\\\/avatar\\\/3a8de04a2656d44082be478bd6c086daa447c4651605818287b9532d3d0bd435?s=96&d=mm&r=g\",\"contentUrl\":\"https:\\\/\\\/secure.gravatar.com\\\/avatar\\\/3a8de04a2656d44082be478bd6c086daa447c4651605818287b9532d3d0bd435?s=96&d=mm&r=g\",\"caption\":\"Lo viste en Los Pol\u00edticos\"},\"url\":\"https:\\\/\\\/lospoliticosveracruz.com\\\/?author=2\"}]}<\/script>\n<!-- \/ Yoast SEO plugin. -->","yoast_head_json":{"title":"Duarte-Karime, historia interminable de corrupci\u00f3n - Los pol\u00edticos Veracruz","robots":{"index":"index","follow":"follow","max-snippet":"max-snippet:-1","max-image-preview":"max-image-preview:large","max-video-preview":"max-video-preview:-1"},"canonical":"https:\/\/lospoliticosveracruz.com\/?p=44989","og_locale":"es_ES","og_type":"article","og_title":"Duarte-Karime, historia interminable de corrupci\u00f3n - Los pol\u00edticos Veracruz","og_description":"Luis Alberto Romero \u00a0Hora Cero La historia de los actos de corrupci\u00f3n y acumulaci\u00f3n de bienes de personajes involucrados con el gobierno encabezado por Javier Duarte en Veracruz parece interminable. Han pasado poco m\u00e1s de 23 meses de la renuncia que ante los micr\u00f3fonos de Televisa hiciera p\u00fablica el ex gobernador de Veracruz, Javier Duarte [&hellip;]","og_url":"https:\/\/lospoliticosveracruz.com\/?p=44989","og_site_name":"Los pol\u00edticos Veracruz","article_publisher":"https:\/\/www.facebook.com\/people\/Notimemes-de-los-Polticos\/61565672886568\/","article_published_time":"2018-09-18T18:16:59+00:00","og_image":[{"width":200,"height":200,"url":"https:\/\/lospoliticosveracruz.com\/wp-content\/uploads\/2016\/07\/Logo-Dor.jpg","type":"image\/jpeg"}],"author":"Lo viste en Los Pol\u00edticos","twitter_card":"summary_large_image","twitter_creator":"@LosPoliticosVer","twitter_site":"@LosPoliticosVer","twitter_misc":{"Escrito por":"Lo viste en Los Pol\u00edticos","Tiempo de lectura":"3 minutos"},"schema":{"@context":"https:\/\/schema.org","@graph":[{"@type":"Article","@id":"https:\/\/lospoliticosveracruz.com\/?p=44989#article","isPartOf":{"@id":"https:\/\/lospoliticosveracruz.com\/?p=44989"},"author":{"name":"Lo viste en Los Pol\u00edticos","@id":"https:\/\/lospoliticosveracruz.com\/#\/schema\/person\/b8702bb0e538456e6efd07080bf2a4a2"},"headline":"Duarte-Karime, historia interminable de corrupci\u00f3n","datePublished":"2018-09-18T18:16:59+00:00","mainEntityOfPage":{"@id":"https:\/\/lospoliticosveracruz.com\/?p=44989"},"wordCount":630,"commentCount":0,"publisher":{"@id":"https:\/\/lospoliticosveracruz.com\/#organization"},"keywords":["Javier Duarte","Karime Mac\u00edas","Miguel Angel Yunes Linares"],"articleSection":["De Opini\u00f3n"],"inLanguage":"es","potentialAction":[{"@type":"CommentAction","name":"Comment","target":["https:\/\/lospoliticosveracruz.com\/?p=44989#respond"]}]},{"@type":"WebPage","@id":"https:\/\/lospoliticosveracruz.com\/?p=44989","url":"https:\/\/lospoliticosveracruz.com\/?p=44989","name":"Duarte-Karime, historia interminable de corrupci\u00f3n - Los pol\u00edticos Veracruz","isPartOf":{"@id":"https:\/\/lospoliticosveracruz.com\/#website"},"datePublished":"2018-09-18T18:16:59+00:00","breadcrumb":{"@id":"https:\/\/lospoliticosveracruz.com\/?p=44989#breadcrumb"},"inLanguage":"es","potentialAction":[{"@type":"ReadAction","target":["https:\/\/lospoliticosveracruz.com\/?p=44989"]}]},{"@type":"BreadcrumbList","@id":"https:\/\/lospoliticosveracruz.com\/?p=44989#breadcrumb","itemListElement":[{"@type":"ListItem","position":1,"name":"Portada","item":"https:\/\/lospoliticosveracruz.com\/"},{"@type":"ListItem","position":2,"name":"Duarte-Karime, historia interminable de corrupci\u00f3n"}]},{"@type":"WebSite","@id":"https:\/\/lospoliticosveracruz.com\/#website","url":"https:\/\/lospoliticosveracruz.com\/","name":"Los pol\u00edticos Veracruz","description":"","publisher":{"@id":"https:\/\/lospoliticosveracruz.com\/#organization"},"potentialAction":[{"@type":"SearchAction","target":{"@type":"EntryPoint","urlTemplate":"https:\/\/lospoliticosveracruz.com\/?s={search_term_string}"},"query-input":{"@type":"PropertyValueSpecification","valueRequired":true,"valueName":"search_term_string"}}],"inLanguage":"es"},{"@type":"Organization","@id":"https:\/\/lospoliticosveracruz.com\/#organization","name":"Los pol\u00edticos Veracruz","url":"https:\/\/lospoliticosveracruz.com\/","logo":{"@type":"ImageObject","inLanguage":"es","@id":"https:\/\/lospoliticosveracruz.com\/#\/schema\/logo\/image\/","url":"https:\/\/lospoliticosveracruz.com\/wp-content\/uploads\/2025\/12\/Logo-Nuevo-LOS-POLITICOS-1.jpg","contentUrl":"https:\/\/lospoliticosveracruz.com\/wp-content\/uploads\/2025\/12\/Logo-Nuevo-LOS-POLITICOS-1.jpg","width":260,"height":70,"caption":"Los pol\u00edticos Veracruz"},"image":{"@id":"https:\/\/lospoliticosveracruz.com\/#\/schema\/logo\/image\/"},"sameAs":["https:\/\/www.facebook.com\/people\/Notimemes-de-los-Polticos\/61565672886568\/","https:\/\/x.com\/LosPoliticosVer"]},{"@type":"Person","@id":"https:\/\/lospoliticosveracruz.com\/#\/schema\/person\/b8702bb0e538456e6efd07080bf2a4a2","name":"Lo viste en Los Pol\u00edticos","image":{"@type":"ImageObject","inLanguage":"es","@id":"https:\/\/secure.gravatar.com\/avatar\/3a8de04a2656d44082be478bd6c086daa447c4651605818287b9532d3d0bd435?s=96&d=mm&r=g","url":"https:\/\/secure.gravatar.com\/avatar\/3a8de04a2656d44082be478bd6c086daa447c4651605818287b9532d3d0bd435?s=96&d=mm&r=g","contentUrl":"https:\/\/secure.gravatar.com\/avatar\/3a8de04a2656d44082be478bd6c086daa447c4651605818287b9532d3d0bd435?s=96&d=mm&r=g","caption":"Lo viste en Los Pol\u00edticos"},"url":"https:\/\/lospoliticosveracruz.com\/?author=2"}]}},"_links":{"self":[{"href":"https:\/\/lospoliticosveracruz.com\/index.php?rest_route=\/wp\/v2\/posts\/44989","targetHints":{"allow":["GET"]}}],"collection":[{"href":"https:\/\/lospoliticosveracruz.com\/index.php?rest_route=\/wp\/v2\/posts"}],"about":[{"href":"https:\/\/lospoliticosveracruz.com\/index.php?rest_route=\/wp\/v2\/types\/post"}],"author":[{"embeddable":true,"href":"https:\/\/lospoliticosveracruz.com\/index.php?rest_route=\/wp\/v2\/users\/2"}],"replies":[{"embeddable":true,"href":"https:\/\/lospoliticosveracruz.com\/index.php?rest_route=%2Fwp%2Fv2%2Fcomments&post=44989"}],"version-history":[{"count":1,"href":"https:\/\/lospoliticosveracruz.com\/index.php?rest_route=\/wp\/v2\/posts\/44989\/revisions"}],"predecessor-version":[{"id":44991,"href":"https:\/\/lospoliticosveracruz.com\/index.php?rest_route=\/wp\/v2\/posts\/44989\/revisions\/44991"}],"wp:attachment":[{"href":"https:\/\/lospoliticosveracruz.com\/index.php?rest_route=%2Fwp%2Fv2%2Fmedia&parent=44989"}],"wp:term":[{"taxonomy":"category","embeddable":true,"href":"https:\/\/lospoliticosveracruz.com\/index.php?rest_route=%2Fwp%2Fv2%2Fcategories&post=44989"},{"taxonomy":"post_tag","embeddable":true,"href":"https:\/\/lospoliticosveracruz.com\/index.php?rest_route=%2Fwp%2Fv2%2Ftags&post=44989"}],"curies":[{"name":"wp","href":"https:\/\/api.w.org\/{rel}","templated":true}]}}