{"id":45017,"date":"2018-09-19T22:55:45","date_gmt":"2018-09-20T03:55:45","guid":{"rendered":"http:\/\/www.lospoliticosveracruz.com.mx\/?p=45017"},"modified":"2018-09-19T22:14:29","modified_gmt":"2018-09-20T03:14:29","slug":"si-no-es-amado-quien","status":"publish","type":"post","link":"https:\/\/lospoliticosveracruz.com\/?p=45017","title":{"rendered":"Si no es Amado, \u00bfqui\u00e9n?"},"content":{"rendered":"<p><strong>Salvador Mu\u00f1oz<\/strong><\/p>\n<p><em>Los Pol\u00edticos<\/em><\/p>\n<p><span style=\"font-weight: 400;\">Fueron tres los cuestionamientos que hizo Leno Rosales a las pretensiones de Amado Cruz Malpica para tomar las riendas de la Junta de Coordinaci\u00f3n Pol\u00edtica de la pr\u00f3xima legislatura local:<\/span><\/p>\n<ol>\n<li style=\"font-weight: 400;\"><span style=\"font-weight: 400;\">El n\u00famero de diputados locales de Morena que perdi\u00f3 ante el PAN, \u201chaiga sido como haiga sido\u201d.<\/span><\/li>\n<li style=\"font-weight: 400;\"><span style=\"font-weight: 400;\">Que se lo hayan \u201cchamaqueado\u201d los del PAN al arrebatarle la Jucopo cuando debi\u00f3 Morena asumir la Coordinaci\u00f3n.<\/span><\/li>\n<li style=\"font-weight: 400;\"><span style=\"font-weight: 400;\">Que se haya visto \u201ctibio\u201d en la designaci\u00f3n del Fiscal Anticorrupci\u00f3n cuando debi\u00f3 tomar hasta cierto punto un papel m\u00e1s radical.<\/span><\/li>\n<\/ol>\n<p><span style=\"font-weight: 400;\">Dicen los que estuvieron all\u00ed, que Leno Rosales sentenci\u00f3 en reuni\u00f3n con morenos, que hubo de dos en el caso del hasta hace poco Coordinador del grupo legislativo de Morena en el Congreso local:<\/span><\/p>\n<p><span style=\"font-weight: 400;\">1.- O es muy tonto\u2026<\/span><\/p>\n<p><span style=\"font-weight: 400;\">2.- O negoci\u00f3\u2026<\/span><\/p>\n<p><span style=\"font-weight: 400;\">\u201cY Amado no tiene un pelo de tonto\u201d.<\/span><\/p>\n<p><span style=\"font-weight: 400;\">II<\/span><\/p>\n<p><span style=\"font-weight: 400;\">Quiz\u00e1s esos mismos defectos que vio Leno en Amado, fueron compartidos por el resto de los morenos (L\u00e9ase Eric Cisneros, Roc\u00edo Nahle y Manuel Huerta) que empezaron a congelar no s\u00f3lo las entonces funciones legislativas de Cruz Malpica, sino sus pretensiones por encabezar la Jucopo.<\/span><\/p>\n<p><span style=\"font-weight: 400;\">Ahora, bajo el supuesto de que quede descartado \u201cel m\u00e1s querido\u201d de los Morenos (Amado) de la Jucopo, surge la pregunta natural: \u00bfEntonces qui\u00e9n?<\/span><\/p>\n<p><span style=\"font-weight: 400;\">III<\/span><\/p>\n<p><span style=\"font-weight: 400;\">Cit\u00e1bamos en columna anterior que Eric Cisneros Burgos impulsaba a Juan Javier \u201cEl Car\u00f3n\u201d G\u00f3mez Cazar\u00edn como coordinador de la Jucopo\u2026<\/span><\/p>\n<p><span style=\"font-weight: 400;\">Por ah\u00ed alguien coment\u00f3 la posibilidad de que los morenos podr\u00edan aprovechar la experiencia de Jos\u00e9 Manuel Pozos Castro, diputado electo por el distrito de Tuxpan, viejo lobo de mar de la pol\u00edtica veracruzana. Aunque dicen que la idea fue desechada por haber llegado a la curul por la v\u00eda del PT.<\/span><\/p>\n<p><span style=\"font-weight: 400;\">Claro que si se aplica el mismo criterio, El Car\u00f3n ser\u00eda v\u00edctima de la misma tesis, pues igual llega al Palacio de Encanto por el PES.<\/span><\/p>\n<p><span style=\"font-weight: 400;\">IV<\/span><\/p>\n<p><span style=\"font-weight: 400;\">En el coraz\u00f3n corazoncito de los morenos xalape\u00f1os cabe la esperanza de que Rosalinda Galindo Silva cayera en gracia y fuera ella \u201cla mera-mera\u201d de la Jucopo\u2026 si no, la presidenta de la Mesa Directiva.<\/span><\/p>\n<p><span style=\"font-weight: 400;\">Recuerden que Rosalinda Galindo es cercana al Cuic y la posibilidad de que ella fuera la Coordinadora de la Jucopo no s\u00f3lo por m\u00e9ritos sino tambi\u00e9n por el conocimiento de las Leyes, fortalecer\u00eda la endeble figura del electo, con una posici\u00f3n netamente suya en el Congreso local\u2026 vamos, en el otro poder, en el Legislativo.<\/span><\/p>\n<p><span style=\"font-weight: 400;\">Hay otra mujer, M\u00f3nica Robles Barajas, quien llega directo, v\u00eda pluri, por Morena. Cercana a Roc\u00edo Nahle, o siendo m\u00e1s precisos, Nahle cercana a los padres de M\u00f3nica y \u00e9stos a su vez, de L\u00f3pez Obrador. Agrupa experiencia en el ramo legislativo y \u201cdoctorada\u201d en las mejores escuelas: PRD, PVEM y PRI. \u00bfQu\u00e9 m\u00e1s podr\u00edan pedirle los morenos?<\/span><\/p>\n<p><span style=\"font-weight: 400;\">V<\/span><\/p>\n<p><span style=\"font-weight: 400;\">Ahora que si se trata de ser rom\u00e1ntico, apeg\u00e1ndose a los estatutos del partido, combinado con \u201cel esp\u00edritu de Tava Ortega\u201d que le falt\u00f3 a Amado Cruz Malpica, \u00bfpor qu\u00e9 no incluir en esta contienda por la Jucopo a Leno Rosales, moreno de cepa? \u00a1Total! asesores y buenos sobran en el Congreso local, aunque bueno, ya falta menos para que las cosas en el recinto legislativo donde ha de mandar Morena, se acomoden y ver qu\u00e9 tanta raz\u00f3n ten\u00eda Leno Rosales en aquella ocasi\u00f3n que se\u00f1al\u00f3 que G\u00f3mez Cazar\u00edn, v\u00eda Eric Cisneros y Cuitl\u00e1huac Garc\u00eda, ejerc\u00eda presi\u00f3n contra los diputados locales electos para que acataran \u201cla instrucci\u00f3n\u201d y \u201cla propuesta\u201d del Gobernador electo\u2026 ya falta poco.<\/span><\/p>\n<p>&nbsp;<\/p>\n<p><span style=\"font-weight: 400;\">smcainito@gmail.com<\/span><\/p>\n<p>&nbsp;<\/p>\n","protected":false},"excerpt":{"rendered":"<p>Salvador Mu\u00f1oz Los Pol\u00edticos Fueron tres los cuestionamientos que hizo Leno Rosales a las pretensiones de Amado Cruz Malpica para tomar las riendas de la Junta de Coordinaci\u00f3n Pol\u00edtica de la pr\u00f3xima legislatura local: El n\u00famero de diputados locales de Morena que perdi\u00f3 ante el PAN, \u201chaiga sido como haiga sido\u201d. Que se lo hayan [&hellip;]<\/p>\n","protected":false},"author":2,"featured_media":0,"comment_status":"open","ping_status":"open","sticky":false,"template":"","format":"standard","meta":{"tdm_status":"","tdm_grid_status":"","footnotes":""},"categories":[70],"tags":[5618,12698,12686,12695,9418,12683,10317,1875,1026,3578,10669],"class_list":{"0":"post-45017","1":"post","2":"type-post","3":"status-publish","4":"format-standard","6":"category-de-opinion","7":"tag-amado-cruz-malpica","8":"tag-el-caron","9":"tag-eric-cisneros","10":"tag-juan-javier-gomez-cazarin","11":"tag-jucopo","12":"tag-leno-rosales","13":"tag-manuel-huerta","14":"tag-monica-robles-barajas","15":"tag-morena","16":"tag-rocio-nahle","17":"tag-rosalinda-galindo-silva"},"yoast_head":"<!-- This site is optimized with the Yoast SEO plugin v27.4 - https:\/\/yoast.com\/product\/yoast-seo-wordpress\/ -->\n<title>Si no es Amado, \u00bfqui\u00e9n? - Los pol\u00edticos Veracruz<\/title>\n<meta name=\"robots\" content=\"index, follow, max-snippet:-1, max-image-preview:large, max-video-preview:-1\" \/>\n<link rel=\"canonical\" href=\"https:\/\/lospoliticosveracruz.com\/?p=45017\" \/>\n<meta property=\"og:locale\" content=\"es_ES\" \/>\n<meta property=\"og:type\" content=\"article\" \/>\n<meta property=\"og:title\" content=\"Si no es Amado, \u00bfqui\u00e9n? - Los pol\u00edticos Veracruz\" \/>\n<meta property=\"og:description\" content=\"Salvador Mu\u00f1oz Los Pol\u00edticos Fueron tres los cuestionamientos que hizo Leno Rosales a las pretensiones de Amado Cruz Malpica para tomar las riendas de la Junta de Coordinaci\u00f3n Pol\u00edtica de la pr\u00f3xima legislatura local: El n\u00famero de diputados locales de Morena que perdi\u00f3 ante el PAN, \u201chaiga sido como haiga sido\u201d. Que se lo hayan [&hellip;]\" \/>\n<meta property=\"og:url\" content=\"https:\/\/lospoliticosveracruz.com\/?p=45017\" \/>\n<meta property=\"og:site_name\" content=\"Los pol\u00edticos Veracruz\" \/>\n<meta property=\"article:publisher\" content=\"https:\/\/www.facebook.com\/people\/Notimemes-de-los-Polticos\/61565672886568\/\" \/>\n<meta property=\"article:published_time\" content=\"2018-09-20T03:55:45+00:00\" \/>\n<meta property=\"og:image\" content=\"https:\/\/lospoliticosveracruz.com\/wp-content\/uploads\/2016\/07\/Logo-Dor.jpg\" \/>\n\t<meta property=\"og:image:width\" content=\"200\" \/>\n\t<meta property=\"og:image:height\" content=\"200\" \/>\n\t<meta property=\"og:image:type\" content=\"image\/jpeg\" \/>\n<meta name=\"author\" content=\"Lo viste en Los Pol\u00edticos\" \/>\n<meta name=\"twitter:card\" content=\"summary_large_image\" \/>\n<meta name=\"twitter:creator\" content=\"@LosPoliticosVer\" \/>\n<meta name=\"twitter:site\" content=\"@LosPoliticosVer\" \/>\n<meta name=\"twitter:label1\" content=\"Escrito por\" \/>\n\t<meta name=\"twitter:data1\" content=\"Lo viste en Los Pol\u00edticos\" \/>\n\t<meta name=\"twitter:label2\" content=\"Tiempo de lectura\" \/>\n\t<meta name=\"twitter:data2\" content=\"3 minutos\" \/>\n<script type=\"application\/ld+json\" class=\"yoast-schema-graph\">{\"@context\":\"https:\\\/\\\/schema.org\",\"@graph\":[{\"@type\":\"Article\",\"@id\":\"https:\\\/\\\/lospoliticosveracruz.com\\\/?p=45017#article\",\"isPartOf\":{\"@id\":\"https:\\\/\\\/lospoliticosveracruz.com\\\/?p=45017\"},\"author\":{\"name\":\"Lo viste en Los Pol\u00edticos\",\"@id\":\"https:\\\/\\\/lospoliticosveracruz.com\\\/#\\\/schema\\\/person\\\/b8702bb0e538456e6efd07080bf2a4a2\"},\"headline\":\"Si no es Amado, \u00bfqui\u00e9n?\",\"datePublished\":\"2018-09-20T03:55:45+00:00\",\"mainEntityOfPage\":{\"@id\":\"https:\\\/\\\/lospoliticosveracruz.com\\\/?p=45017\"},\"wordCount\":644,\"commentCount\":0,\"publisher\":{\"@id\":\"https:\\\/\\\/lospoliticosveracruz.com\\\/#organization\"},\"keywords\":[\"Amado Cruz Malpica\",\"El Car\u00f3n\",\"Eric Cisneros\",\"Juan Javier G\u00f3mez Cazar\u00edn\",\"Jucopo\",\"Leno Rosales\",\"Manuel Huerta\",\"M\u00f3nica Robles Barajas\",\"Morena\",\"Roc\u00edo Nahle\",\"Rosalinda Galindo Silva\"],\"articleSection\":[\"De Opini\u00f3n\"],\"inLanguage\":\"es\",\"potentialAction\":[{\"@type\":\"CommentAction\",\"name\":\"Comment\",\"target\":[\"https:\\\/\\\/lospoliticosveracruz.com\\\/?p=45017#respond\"]}]},{\"@type\":\"WebPage\",\"@id\":\"https:\\\/\\\/lospoliticosveracruz.com\\\/?p=45017\",\"url\":\"https:\\\/\\\/lospoliticosveracruz.com\\\/?p=45017\",\"name\":\"Si no es Amado, \u00bfqui\u00e9n? - Los pol\u00edticos Veracruz\",\"isPartOf\":{\"@id\":\"https:\\\/\\\/lospoliticosveracruz.com\\\/#website\"},\"datePublished\":\"2018-09-20T03:55:45+00:00\",\"breadcrumb\":{\"@id\":\"https:\\\/\\\/lospoliticosveracruz.com\\\/?p=45017#breadcrumb\"},\"inLanguage\":\"es\",\"potentialAction\":[{\"@type\":\"ReadAction\",\"target\":[\"https:\\\/\\\/lospoliticosveracruz.com\\\/?p=45017\"]}]},{\"@type\":\"BreadcrumbList\",\"@id\":\"https:\\\/\\\/lospoliticosveracruz.com\\\/?p=45017#breadcrumb\",\"itemListElement\":[{\"@type\":\"ListItem\",\"position\":1,\"name\":\"Portada\",\"item\":\"https:\\\/\\\/lospoliticosveracruz.com\\\/\"},{\"@type\":\"ListItem\",\"position\":2,\"name\":\"Si no es Amado, \u00bfqui\u00e9n?\"}]},{\"@type\":\"WebSite\",\"@id\":\"https:\\\/\\\/lospoliticosveracruz.com\\\/#website\",\"url\":\"https:\\\/\\\/lospoliticosveracruz.com\\\/\",\"name\":\"Los pol\u00edticos Veracruz\",\"description\":\"\",\"publisher\":{\"@id\":\"https:\\\/\\\/lospoliticosveracruz.com\\\/#organization\"},\"potentialAction\":[{\"@type\":\"SearchAction\",\"target\":{\"@type\":\"EntryPoint\",\"urlTemplate\":\"https:\\\/\\\/lospoliticosveracruz.com\\\/?s={search_term_string}\"},\"query-input\":{\"@type\":\"PropertyValueSpecification\",\"valueRequired\":true,\"valueName\":\"search_term_string\"}}],\"inLanguage\":\"es\"},{\"@type\":\"Organization\",\"@id\":\"https:\\\/\\\/lospoliticosveracruz.com\\\/#organization\",\"name\":\"Los pol\u00edticos Veracruz\",\"url\":\"https:\\\/\\\/lospoliticosveracruz.com\\\/\",\"logo\":{\"@type\":\"ImageObject\",\"inLanguage\":\"es\",\"@id\":\"https:\\\/\\\/lospoliticosveracruz.com\\\/#\\\/schema\\\/logo\\\/image\\\/\",\"url\":\"https:\\\/\\\/lospoliticosveracruz.com\\\/wp-content\\\/uploads\\\/2025\\\/12\\\/Logo-Nuevo-LOS-POLITICOS-1.jpg\",\"contentUrl\":\"https:\\\/\\\/lospoliticosveracruz.com\\\/wp-content\\\/uploads\\\/2025\\\/12\\\/Logo-Nuevo-LOS-POLITICOS-1.jpg\",\"width\":260,\"height\":70,\"caption\":\"Los pol\u00edticos Veracruz\"},\"image\":{\"@id\":\"https:\\\/\\\/lospoliticosveracruz.com\\\/#\\\/schema\\\/logo\\\/image\\\/\"},\"sameAs\":[\"https:\\\/\\\/www.facebook.com\\\/people\\\/Notimemes-de-los-Polticos\\\/61565672886568\\\/\",\"https:\\\/\\\/x.com\\\/LosPoliticosVer\"]},{\"@type\":\"Person\",\"@id\":\"https:\\\/\\\/lospoliticosveracruz.com\\\/#\\\/schema\\\/person\\\/b8702bb0e538456e6efd07080bf2a4a2\",\"name\":\"Lo viste en Los Pol\u00edticos\",\"image\":{\"@type\":\"ImageObject\",\"inLanguage\":\"es\",\"@id\":\"https:\\\/\\\/secure.gravatar.com\\\/avatar\\\/3a8de04a2656d44082be478bd6c086daa447c4651605818287b9532d3d0bd435?s=96&d=mm&r=g\",\"url\":\"https:\\\/\\\/secure.gravatar.com\\\/avatar\\\/3a8de04a2656d44082be478bd6c086daa447c4651605818287b9532d3d0bd435?s=96&d=mm&r=g\",\"contentUrl\":\"https:\\\/\\\/secure.gravatar.com\\\/avatar\\\/3a8de04a2656d44082be478bd6c086daa447c4651605818287b9532d3d0bd435?s=96&d=mm&r=g\",\"caption\":\"Lo viste en Los Pol\u00edticos\"},\"url\":\"https:\\\/\\\/lospoliticosveracruz.com\\\/?author=2\"}]}<\/script>\n<!-- \/ Yoast SEO plugin. -->","yoast_head_json":{"title":"Si no es Amado, \u00bfqui\u00e9n? - Los pol\u00edticos Veracruz","robots":{"index":"index","follow":"follow","max-snippet":"max-snippet:-1","max-image-preview":"max-image-preview:large","max-video-preview":"max-video-preview:-1"},"canonical":"https:\/\/lospoliticosveracruz.com\/?p=45017","og_locale":"es_ES","og_type":"article","og_title":"Si no es Amado, \u00bfqui\u00e9n? - Los pol\u00edticos Veracruz","og_description":"Salvador Mu\u00f1oz Los Pol\u00edticos Fueron tres los cuestionamientos que hizo Leno Rosales a las pretensiones de Amado Cruz Malpica para tomar las riendas de la Junta de Coordinaci\u00f3n Pol\u00edtica de la pr\u00f3xima legislatura local: El n\u00famero de diputados locales de Morena que perdi\u00f3 ante el PAN, \u201chaiga sido como haiga sido\u201d. Que se lo hayan [&hellip;]","og_url":"https:\/\/lospoliticosveracruz.com\/?p=45017","og_site_name":"Los pol\u00edticos Veracruz","article_publisher":"https:\/\/www.facebook.com\/people\/Notimemes-de-los-Polticos\/61565672886568\/","article_published_time":"2018-09-20T03:55:45+00:00","og_image":[{"width":200,"height":200,"url":"https:\/\/lospoliticosveracruz.com\/wp-content\/uploads\/2016\/07\/Logo-Dor.jpg","type":"image\/jpeg"}],"author":"Lo viste en Los Pol\u00edticos","twitter_card":"summary_large_image","twitter_creator":"@LosPoliticosVer","twitter_site":"@LosPoliticosVer","twitter_misc":{"Escrito por":"Lo viste en Los Pol\u00edticos","Tiempo de lectura":"3 minutos"},"schema":{"@context":"https:\/\/schema.org","@graph":[{"@type":"Article","@id":"https:\/\/lospoliticosveracruz.com\/?p=45017#article","isPartOf":{"@id":"https:\/\/lospoliticosveracruz.com\/?p=45017"},"author":{"name":"Lo viste en Los Pol\u00edticos","@id":"https:\/\/lospoliticosveracruz.com\/#\/schema\/person\/b8702bb0e538456e6efd07080bf2a4a2"},"headline":"Si no es Amado, \u00bfqui\u00e9n?","datePublished":"2018-09-20T03:55:45+00:00","mainEntityOfPage":{"@id":"https:\/\/lospoliticosveracruz.com\/?p=45017"},"wordCount":644,"commentCount":0,"publisher":{"@id":"https:\/\/lospoliticosveracruz.com\/#organization"},"keywords":["Amado Cruz Malpica","El Car\u00f3n","Eric Cisneros","Juan Javier G\u00f3mez Cazar\u00edn","Jucopo","Leno Rosales","Manuel Huerta","M\u00f3nica Robles Barajas","Morena","Roc\u00edo Nahle","Rosalinda Galindo Silva"],"articleSection":["De Opini\u00f3n"],"inLanguage":"es","potentialAction":[{"@type":"CommentAction","name":"Comment","target":["https:\/\/lospoliticosveracruz.com\/?p=45017#respond"]}]},{"@type":"WebPage","@id":"https:\/\/lospoliticosveracruz.com\/?p=45017","url":"https:\/\/lospoliticosveracruz.com\/?p=45017","name":"Si no es Amado, \u00bfqui\u00e9n? - Los pol\u00edticos Veracruz","isPartOf":{"@id":"https:\/\/lospoliticosveracruz.com\/#website"},"datePublished":"2018-09-20T03:55:45+00:00","breadcrumb":{"@id":"https:\/\/lospoliticosveracruz.com\/?p=45017#breadcrumb"},"inLanguage":"es","potentialAction":[{"@type":"ReadAction","target":["https:\/\/lospoliticosveracruz.com\/?p=45017"]}]},{"@type":"BreadcrumbList","@id":"https:\/\/lospoliticosveracruz.com\/?p=45017#breadcrumb","itemListElement":[{"@type":"ListItem","position":1,"name":"Portada","item":"https:\/\/lospoliticosveracruz.com\/"},{"@type":"ListItem","position":2,"name":"Si no es Amado, \u00bfqui\u00e9n?"}]},{"@type":"WebSite","@id":"https:\/\/lospoliticosveracruz.com\/#website","url":"https:\/\/lospoliticosveracruz.com\/","name":"Los pol\u00edticos Veracruz","description":"","publisher":{"@id":"https:\/\/lospoliticosveracruz.com\/#organization"},"potentialAction":[{"@type":"SearchAction","target":{"@type":"EntryPoint","urlTemplate":"https:\/\/lospoliticosveracruz.com\/?s={search_term_string}"},"query-input":{"@type":"PropertyValueSpecification","valueRequired":true,"valueName":"search_term_string"}}],"inLanguage":"es"},{"@type":"Organization","@id":"https:\/\/lospoliticosveracruz.com\/#organization","name":"Los pol\u00edticos Veracruz","url":"https:\/\/lospoliticosveracruz.com\/","logo":{"@type":"ImageObject","inLanguage":"es","@id":"https:\/\/lospoliticosveracruz.com\/#\/schema\/logo\/image\/","url":"https:\/\/lospoliticosveracruz.com\/wp-content\/uploads\/2025\/12\/Logo-Nuevo-LOS-POLITICOS-1.jpg","contentUrl":"https:\/\/lospoliticosveracruz.com\/wp-content\/uploads\/2025\/12\/Logo-Nuevo-LOS-POLITICOS-1.jpg","width":260,"height":70,"caption":"Los pol\u00edticos Veracruz"},"image":{"@id":"https:\/\/lospoliticosveracruz.com\/#\/schema\/logo\/image\/"},"sameAs":["https:\/\/www.facebook.com\/people\/Notimemes-de-los-Polticos\/61565672886568\/","https:\/\/x.com\/LosPoliticosVer"]},{"@type":"Person","@id":"https:\/\/lospoliticosveracruz.com\/#\/schema\/person\/b8702bb0e538456e6efd07080bf2a4a2","name":"Lo viste en Los Pol\u00edticos","image":{"@type":"ImageObject","inLanguage":"es","@id":"https:\/\/secure.gravatar.com\/avatar\/3a8de04a2656d44082be478bd6c086daa447c4651605818287b9532d3d0bd435?s=96&d=mm&r=g","url":"https:\/\/secure.gravatar.com\/avatar\/3a8de04a2656d44082be478bd6c086daa447c4651605818287b9532d3d0bd435?s=96&d=mm&r=g","contentUrl":"https:\/\/secure.gravatar.com\/avatar\/3a8de04a2656d44082be478bd6c086daa447c4651605818287b9532d3d0bd435?s=96&d=mm&r=g","caption":"Lo viste en Los Pol\u00edticos"},"url":"https:\/\/lospoliticosveracruz.com\/?author=2"}]}},"_links":{"self":[{"href":"https:\/\/lospoliticosveracruz.com\/index.php?rest_route=\/wp\/v2\/posts\/45017","targetHints":{"allow":["GET"]}}],"collection":[{"href":"https:\/\/lospoliticosveracruz.com\/index.php?rest_route=\/wp\/v2\/posts"}],"about":[{"href":"https:\/\/lospoliticosveracruz.com\/index.php?rest_route=\/wp\/v2\/types\/post"}],"author":[{"embeddable":true,"href":"https:\/\/lospoliticosveracruz.com\/index.php?rest_route=\/wp\/v2\/users\/2"}],"replies":[{"embeddable":true,"href":"https:\/\/lospoliticosveracruz.com\/index.php?rest_route=%2Fwp%2Fv2%2Fcomments&post=45017"}],"version-history":[{"count":1,"href":"https:\/\/lospoliticosveracruz.com\/index.php?rest_route=\/wp\/v2\/posts\/45017\/revisions"}],"predecessor-version":[{"id":45018,"href":"https:\/\/lospoliticosveracruz.com\/index.php?rest_route=\/wp\/v2\/posts\/45017\/revisions\/45018"}],"wp:attachment":[{"href":"https:\/\/lospoliticosveracruz.com\/index.php?rest_route=%2Fwp%2Fv2%2Fmedia&parent=45017"}],"wp:term":[{"taxonomy":"category","embeddable":true,"href":"https:\/\/lospoliticosveracruz.com\/index.php?rest_route=%2Fwp%2Fv2%2Fcategories&post=45017"},{"taxonomy":"post_tag","embeddable":true,"href":"https:\/\/lospoliticosveracruz.com\/index.php?rest_route=%2Fwp%2Fv2%2Ftags&post=45017"}],"curies":[{"name":"wp","href":"https:\/\/api.w.org\/{rel}","templated":true}]}}