{"id":45038,"date":"2018-09-20T22:23:36","date_gmt":"2018-09-21T03:23:36","guid":{"rendered":"http:\/\/www.lospoliticosveracruz.com.mx\/?p=45038"},"modified":"2018-09-21T08:48:16","modified_gmt":"2018-09-21T13:48:16","slug":"el-caballo-del-gobernador","status":"publish","type":"post","link":"https:\/\/lospoliticosveracruz.com\/?p=45038","title":{"rendered":"El Caballo del Gobernador"},"content":{"rendered":"<p><strong>Salvador Mu\u00f1oz<\/strong><\/p>\n<p><em>Los Pol\u00edticos<\/em><br \/>\nAs\u00ed como cuando ocurren fen\u00f3menos singulares como es un eclipse o el paso del cometa Halley, bajo el riesgo de equivocarme, en el PAN estar\u00eda pasando un caso similar, que es pocas veces visto: que el actuar l\u00edder haga un 1-2 con su equipo en la dirigencia estatal y en la secretar\u00eda general, tras la ascensi\u00f3n del \u201cCari\u00f1o\u201d Omar Miranda despu\u00e9s de que Carlos Valenzuela pidiera \u201clicencia\u201d del cargo partidista para contender por el mismo puesto en la contienda interna que se avecina entre blanquiazules.<br \/>\nII<br \/>\nHay quienes hablan de divisi\u00f3n interna dentro del partido ante la proximidad de la renovaci\u00f3n de la dirigencia, y est\u00e1n en lo cierto&#8230; hay una divisi\u00f3n natural, propia de quienes juegan en pol\u00edtica, cuando se trata de asumir un poder, sea del tama\u00f1o que sea.<br \/>\nPor ello, ya se ha citado que hay el grupo de Mancha quien pretende repetir en el cargo teniendo en su score dos ganadas y una perdida. Tambi\u00e9n anda por de canto, el grupo de los Yunes, que al estar al frente del Gobierno, igual tienen voz y voto. Ni se diga el del Chapito Guzm\u00e1n, a quienes algunos enfilan a ser el retador de Pepe Mancha en esta ronda que se avecina. Y ya por all\u00ed aparecen que Julen Rementer\u00eda (al que coligan con Mancha, sin \u00e1nimos de ser sarc\u00e1stico); Enrique Cambranis, quien juegue con quien juegue, dicen que gana; V\u00edctor Serralde, el que hasta el momento tiene rato que no se asoma, y el famoso Grupo Xalapa, de donde es \u201cel Cari\u00f1o\u201d, el cual es obvio saber de parte de qui\u00e9n est\u00e1.<br \/>\nIII<br \/>\nPor su parte, hay quienes creen que el Chapito y Yunes har\u00e1n el 1-2, por supuesto, aplicando la misma estrategia que cuando sali\u00f3 Domingo Bahena: poner a una gente de la confianza de Yunes Linares en la secretar\u00eda general como se hizo en su momento con Carlos Valenzuela. Hasta all\u00ed, la estrategia de equipos pudiera sonar l\u00f3gica hasta que se empez\u00f3 a hablar dentro del PAN de una fisura \u00a1entre los Yunes!, la que aparentemente ya fue resanada&#8230; aparentemente insisto&#8230; pero bueno, eso es lo que ven algunos de acuerdo a ciertos comentarios, reacciones y exhibiciones que fueron puestos en el aparador en espera de que quien tuviera que verlos, los viera.<br \/>\nPrimera se\u00f1al) Esto comienza creo que el martes, cuando el diputado federal pluri Carlos Valenzuela anuncia esa \u201clicencia\u201d como secretario general del partido, como ya se ha dicho, para contender de nuevo por el mismo cargo.<\/p>\n<p>Segunda se\u00f1al) Este mi\u00e9rcoles pasado, muy tempranito, el gobernador Miguel \u00c1ngel Yunes Linares da este mensaje: \u201cHoy romp\u00ed mi r\u00e9cord de 5 kil\u00f3metros en 28 minutos. Como siempre, mi leal amigo Jos\u00e9 Antonio me acompa\u00f1\u00f3 a correr en el Estadio Xalape\u00f1o\u201d.<br \/>\nA lo mejor se emocion\u00f3 tanto el mandatario estatal por su r\u00e9cord para que algo tan habitual como el que Jos\u00e9 Antonio \u201cEl Caballo\u201d Mel\u00e9ndez Galarza sea su compa\u00f1ero de ejercicio, lo haya llevado a enmarcar su foto y enfatizar lo siguiente: \u201cmi leal amigo\u201d&#8230; pero para otros, era un mensaje \u00bfpara Carlos Valenzuela?<br \/>\nIV<br \/>\n\u00bfPor qu\u00e9 algunos consideran que algo pas\u00f3 entre los Yunes para que \u201cEl Caballo\u201d Mel\u00e9ndez fuera marcado por el fierro de \u201cmi leal amigo\u201d? El hecho de que Carlos Valenzuela quiera ser de nuevo el 2, cuando en la naturaleza de cualquier pol\u00edtico, se trata de seguir subiendo y no quedarse en el mismo sitio. \u00bfAcaso la secretar\u00eda general estaba apuntalada para \u201cEl Caballo\u201d al lado del Chapito?<br \/>\nEl asunto es que hay quienes juran que en una de \u00e9sas, el Chiquiyunes pact\u00f3 con Pepe Mancha y puso a su pieza: Carlos Valenzuela.<br \/>\nTercera se\u00f1al) Aparece discreto, sin hacer mucho ruido, Miguel \u00c1ngel Yunes M\u00e1rquez, al lado de su padre, durante la entrega de la medalla Ignacio de la Llave&#8230; \u00bflimaron asperezas? \u00a1Qui\u00e9n sabe! Pero ser\u00e1 al final de la contienda del PAN, cuando se vea el 1-2 de la dirigencia estatal, si prevaleci\u00f3 el Gallo del Chiquis, o el Caballo del Gobernador&#8230; o ninguno de los dos.<br \/>\nsmcainito@gmail.com<\/p>\n","protected":false},"excerpt":{"rendered":"<p>Salvador Mu\u00f1oz Los Pol\u00edticos As\u00ed como cuando ocurren fen\u00f3menos singulares como es un eclipse o el paso del cometa Halley, bajo el riesgo de equivocarme, en el PAN estar\u00eda pasando un caso similar, que es pocas veces visto: que el actuar l\u00edder haga un 1-2 con su equipo en la dirigencia estatal y en la [&hellip;]<\/p>\n","protected":false},"author":2,"featured_media":0,"comment_status":"open","ping_status":"open","sticky":false,"template":"","format":"standard","meta":{"tdm_status":"","tdm_grid_status":"","footnotes":""},"categories":[70],"tags":[7559,12727,536],"class_list":{"0":"post-45038","1":"post","2":"type-post","3":"status-publish","4":"format-standard","6":"category-de-opinion","7":"tag-carlos-valenzuela","8":"tag-jose-antonio-el-caballo-melendez-galarza","9":"tag-miguel-angel-yunes-marquez"},"yoast_head":"<!-- This site is optimized with the Yoast SEO plugin v27.4 - https:\/\/yoast.com\/product\/yoast-seo-wordpress\/ -->\n<title>El Caballo del Gobernador - Los pol\u00edticos Veracruz<\/title>\n<meta name=\"robots\" content=\"index, follow, max-snippet:-1, max-image-preview:large, max-video-preview:-1\" \/>\n<link rel=\"canonical\" href=\"https:\/\/lospoliticosveracruz.com\/?p=45038\" \/>\n<meta property=\"og:locale\" content=\"es_ES\" \/>\n<meta property=\"og:type\" content=\"article\" \/>\n<meta property=\"og:title\" content=\"El Caballo del Gobernador - Los pol\u00edticos Veracruz\" \/>\n<meta property=\"og:description\" content=\"Salvador Mu\u00f1oz Los Pol\u00edticos As\u00ed como cuando ocurren fen\u00f3menos singulares como es un eclipse o el paso del cometa Halley, bajo el riesgo de equivocarme, en el PAN estar\u00eda pasando un caso similar, que es pocas veces visto: que el actuar l\u00edder haga un 1-2 con su equipo en la dirigencia estatal y en la [&hellip;]\" \/>\n<meta property=\"og:url\" content=\"https:\/\/lospoliticosveracruz.com\/?p=45038\" \/>\n<meta property=\"og:site_name\" content=\"Los pol\u00edticos Veracruz\" \/>\n<meta property=\"article:publisher\" content=\"https:\/\/www.facebook.com\/people\/Notimemes-de-los-Polticos\/61565672886568\/\" \/>\n<meta property=\"article:published_time\" content=\"2018-09-21T03:23:36+00:00\" \/>\n<meta property=\"article:modified_time\" content=\"2018-09-21T13:48:16+00:00\" \/>\n<meta property=\"og:image\" content=\"https:\/\/lospoliticosveracruz.com\/wp-content\/uploads\/2016\/07\/Logo-Dor.jpg\" \/>\n\t<meta property=\"og:image:width\" content=\"200\" \/>\n\t<meta property=\"og:image:height\" content=\"200\" \/>\n\t<meta property=\"og:image:type\" content=\"image\/jpeg\" \/>\n<meta name=\"author\" content=\"Lo viste en Los Pol\u00edticos\" \/>\n<meta name=\"twitter:card\" content=\"summary_large_image\" \/>\n<meta name=\"twitter:creator\" content=\"@LosPoliticosVer\" \/>\n<meta name=\"twitter:site\" content=\"@LosPoliticosVer\" \/>\n<meta name=\"twitter:label1\" content=\"Escrito por\" \/>\n\t<meta name=\"twitter:data1\" content=\"Lo viste en Los Pol\u00edticos\" \/>\n\t<meta name=\"twitter:label2\" content=\"Tiempo de lectura\" \/>\n\t<meta name=\"twitter:data2\" content=\"4 minutos\" \/>\n<script type=\"application\/ld+json\" class=\"yoast-schema-graph\">{\"@context\":\"https:\\\/\\\/schema.org\",\"@graph\":[{\"@type\":\"Article\",\"@id\":\"https:\\\/\\\/lospoliticosveracruz.com\\\/?p=45038#article\",\"isPartOf\":{\"@id\":\"https:\\\/\\\/lospoliticosveracruz.com\\\/?p=45038\"},\"author\":{\"name\":\"Lo viste en Los Pol\u00edticos\",\"@id\":\"https:\\\/\\\/lospoliticosveracruz.com\\\/#\\\/schema\\\/person\\\/b8702bb0e538456e6efd07080bf2a4a2\"},\"headline\":\"El Caballo del Gobernador\",\"datePublished\":\"2018-09-21T03:23:36+00:00\",\"dateModified\":\"2018-09-21T13:48:16+00:00\",\"mainEntityOfPage\":{\"@id\":\"https:\\\/\\\/lospoliticosveracruz.com\\\/?p=45038\"},\"wordCount\":716,\"commentCount\":0,\"publisher\":{\"@id\":\"https:\\\/\\\/lospoliticosveracruz.com\\\/#organization\"},\"keywords\":[\"Carlos Valenzuela\",\"Jos\u00e9 Antonio \u201cEl Caballo\u201d Mel\u00e9ndez Galarza\",\"Miguel \u00c1ngel Yunes M\u00e1rquez\"],\"articleSection\":[\"De Opini\u00f3n\"],\"inLanguage\":\"es\",\"potentialAction\":[{\"@type\":\"CommentAction\",\"name\":\"Comment\",\"target\":[\"https:\\\/\\\/lospoliticosveracruz.com\\\/?p=45038#respond\"]}]},{\"@type\":\"WebPage\",\"@id\":\"https:\\\/\\\/lospoliticosveracruz.com\\\/?p=45038\",\"url\":\"https:\\\/\\\/lospoliticosveracruz.com\\\/?p=45038\",\"name\":\"El Caballo del Gobernador - Los pol\u00edticos Veracruz\",\"isPartOf\":{\"@id\":\"https:\\\/\\\/lospoliticosveracruz.com\\\/#website\"},\"datePublished\":\"2018-09-21T03:23:36+00:00\",\"dateModified\":\"2018-09-21T13:48:16+00:00\",\"breadcrumb\":{\"@id\":\"https:\\\/\\\/lospoliticosveracruz.com\\\/?p=45038#breadcrumb\"},\"inLanguage\":\"es\",\"potentialAction\":[{\"@type\":\"ReadAction\",\"target\":[\"https:\\\/\\\/lospoliticosveracruz.com\\\/?p=45038\"]}]},{\"@type\":\"BreadcrumbList\",\"@id\":\"https:\\\/\\\/lospoliticosveracruz.com\\\/?p=45038#breadcrumb\",\"itemListElement\":[{\"@type\":\"ListItem\",\"position\":1,\"name\":\"Portada\",\"item\":\"https:\\\/\\\/lospoliticosveracruz.com\\\/\"},{\"@type\":\"ListItem\",\"position\":2,\"name\":\"El Caballo del Gobernador\"}]},{\"@type\":\"WebSite\",\"@id\":\"https:\\\/\\\/lospoliticosveracruz.com\\\/#website\",\"url\":\"https:\\\/\\\/lospoliticosveracruz.com\\\/\",\"name\":\"Los pol\u00edticos Veracruz\",\"description\":\"\",\"publisher\":{\"@id\":\"https:\\\/\\\/lospoliticosveracruz.com\\\/#organization\"},\"potentialAction\":[{\"@type\":\"SearchAction\",\"target\":{\"@type\":\"EntryPoint\",\"urlTemplate\":\"https:\\\/\\\/lospoliticosveracruz.com\\\/?s={search_term_string}\"},\"query-input\":{\"@type\":\"PropertyValueSpecification\",\"valueRequired\":true,\"valueName\":\"search_term_string\"}}],\"inLanguage\":\"es\"},{\"@type\":\"Organization\",\"@id\":\"https:\\\/\\\/lospoliticosveracruz.com\\\/#organization\",\"name\":\"Los pol\u00edticos Veracruz\",\"url\":\"https:\\\/\\\/lospoliticosveracruz.com\\\/\",\"logo\":{\"@type\":\"ImageObject\",\"inLanguage\":\"es\",\"@id\":\"https:\\\/\\\/lospoliticosveracruz.com\\\/#\\\/schema\\\/logo\\\/image\\\/\",\"url\":\"https:\\\/\\\/lospoliticosveracruz.com\\\/wp-content\\\/uploads\\\/2025\\\/12\\\/Logo-Nuevo-LOS-POLITICOS-1.jpg\",\"contentUrl\":\"https:\\\/\\\/lospoliticosveracruz.com\\\/wp-content\\\/uploads\\\/2025\\\/12\\\/Logo-Nuevo-LOS-POLITICOS-1.jpg\",\"width\":260,\"height\":70,\"caption\":\"Los pol\u00edticos Veracruz\"},\"image\":{\"@id\":\"https:\\\/\\\/lospoliticosveracruz.com\\\/#\\\/schema\\\/logo\\\/image\\\/\"},\"sameAs\":[\"https:\\\/\\\/www.facebook.com\\\/people\\\/Notimemes-de-los-Polticos\\\/61565672886568\\\/\",\"https:\\\/\\\/x.com\\\/LosPoliticosVer\"]},{\"@type\":\"Person\",\"@id\":\"https:\\\/\\\/lospoliticosveracruz.com\\\/#\\\/schema\\\/person\\\/b8702bb0e538456e6efd07080bf2a4a2\",\"name\":\"Lo viste en Los Pol\u00edticos\",\"image\":{\"@type\":\"ImageObject\",\"inLanguage\":\"es\",\"@id\":\"https:\\\/\\\/secure.gravatar.com\\\/avatar\\\/3a8de04a2656d44082be478bd6c086daa447c4651605818287b9532d3d0bd435?s=96&d=mm&r=g\",\"url\":\"https:\\\/\\\/secure.gravatar.com\\\/avatar\\\/3a8de04a2656d44082be478bd6c086daa447c4651605818287b9532d3d0bd435?s=96&d=mm&r=g\",\"contentUrl\":\"https:\\\/\\\/secure.gravatar.com\\\/avatar\\\/3a8de04a2656d44082be478bd6c086daa447c4651605818287b9532d3d0bd435?s=96&d=mm&r=g\",\"caption\":\"Lo viste en Los Pol\u00edticos\"},\"url\":\"https:\\\/\\\/lospoliticosveracruz.com\\\/?author=2\"}]}<\/script>\n<!-- \/ Yoast SEO plugin. -->","yoast_head_json":{"title":"El Caballo del Gobernador - Los pol\u00edticos Veracruz","robots":{"index":"index","follow":"follow","max-snippet":"max-snippet:-1","max-image-preview":"max-image-preview:large","max-video-preview":"max-video-preview:-1"},"canonical":"https:\/\/lospoliticosveracruz.com\/?p=45038","og_locale":"es_ES","og_type":"article","og_title":"El Caballo del Gobernador - Los pol\u00edticos Veracruz","og_description":"Salvador Mu\u00f1oz Los Pol\u00edticos As\u00ed como cuando ocurren fen\u00f3menos singulares como es un eclipse o el paso del cometa Halley, bajo el riesgo de equivocarme, en el PAN estar\u00eda pasando un caso similar, que es pocas veces visto: que el actuar l\u00edder haga un 1-2 con su equipo en la dirigencia estatal y en la [&hellip;]","og_url":"https:\/\/lospoliticosveracruz.com\/?p=45038","og_site_name":"Los pol\u00edticos Veracruz","article_publisher":"https:\/\/www.facebook.com\/people\/Notimemes-de-los-Polticos\/61565672886568\/","article_published_time":"2018-09-21T03:23:36+00:00","article_modified_time":"2018-09-21T13:48:16+00:00","og_image":[{"width":200,"height":200,"url":"https:\/\/lospoliticosveracruz.com\/wp-content\/uploads\/2016\/07\/Logo-Dor.jpg","type":"image\/jpeg"}],"author":"Lo viste en Los Pol\u00edticos","twitter_card":"summary_large_image","twitter_creator":"@LosPoliticosVer","twitter_site":"@LosPoliticosVer","twitter_misc":{"Escrito por":"Lo viste en Los Pol\u00edticos","Tiempo de lectura":"4 minutos"},"schema":{"@context":"https:\/\/schema.org","@graph":[{"@type":"Article","@id":"https:\/\/lospoliticosveracruz.com\/?p=45038#article","isPartOf":{"@id":"https:\/\/lospoliticosveracruz.com\/?p=45038"},"author":{"name":"Lo viste en Los Pol\u00edticos","@id":"https:\/\/lospoliticosveracruz.com\/#\/schema\/person\/b8702bb0e538456e6efd07080bf2a4a2"},"headline":"El Caballo del Gobernador","datePublished":"2018-09-21T03:23:36+00:00","dateModified":"2018-09-21T13:48:16+00:00","mainEntityOfPage":{"@id":"https:\/\/lospoliticosveracruz.com\/?p=45038"},"wordCount":716,"commentCount":0,"publisher":{"@id":"https:\/\/lospoliticosveracruz.com\/#organization"},"keywords":["Carlos Valenzuela","Jos\u00e9 Antonio \u201cEl Caballo\u201d Mel\u00e9ndez Galarza","Miguel \u00c1ngel Yunes M\u00e1rquez"],"articleSection":["De Opini\u00f3n"],"inLanguage":"es","potentialAction":[{"@type":"CommentAction","name":"Comment","target":["https:\/\/lospoliticosveracruz.com\/?p=45038#respond"]}]},{"@type":"WebPage","@id":"https:\/\/lospoliticosveracruz.com\/?p=45038","url":"https:\/\/lospoliticosveracruz.com\/?p=45038","name":"El Caballo del Gobernador - Los pol\u00edticos Veracruz","isPartOf":{"@id":"https:\/\/lospoliticosveracruz.com\/#website"},"datePublished":"2018-09-21T03:23:36+00:00","dateModified":"2018-09-21T13:48:16+00:00","breadcrumb":{"@id":"https:\/\/lospoliticosveracruz.com\/?p=45038#breadcrumb"},"inLanguage":"es","potentialAction":[{"@type":"ReadAction","target":["https:\/\/lospoliticosveracruz.com\/?p=45038"]}]},{"@type":"BreadcrumbList","@id":"https:\/\/lospoliticosveracruz.com\/?p=45038#breadcrumb","itemListElement":[{"@type":"ListItem","position":1,"name":"Portada","item":"https:\/\/lospoliticosveracruz.com\/"},{"@type":"ListItem","position":2,"name":"El Caballo del Gobernador"}]},{"@type":"WebSite","@id":"https:\/\/lospoliticosveracruz.com\/#website","url":"https:\/\/lospoliticosveracruz.com\/","name":"Los pol\u00edticos Veracruz","description":"","publisher":{"@id":"https:\/\/lospoliticosveracruz.com\/#organization"},"potentialAction":[{"@type":"SearchAction","target":{"@type":"EntryPoint","urlTemplate":"https:\/\/lospoliticosveracruz.com\/?s={search_term_string}"},"query-input":{"@type":"PropertyValueSpecification","valueRequired":true,"valueName":"search_term_string"}}],"inLanguage":"es"},{"@type":"Organization","@id":"https:\/\/lospoliticosveracruz.com\/#organization","name":"Los pol\u00edticos Veracruz","url":"https:\/\/lospoliticosveracruz.com\/","logo":{"@type":"ImageObject","inLanguage":"es","@id":"https:\/\/lospoliticosveracruz.com\/#\/schema\/logo\/image\/","url":"https:\/\/lospoliticosveracruz.com\/wp-content\/uploads\/2025\/12\/Logo-Nuevo-LOS-POLITICOS-1.jpg","contentUrl":"https:\/\/lospoliticosveracruz.com\/wp-content\/uploads\/2025\/12\/Logo-Nuevo-LOS-POLITICOS-1.jpg","width":260,"height":70,"caption":"Los pol\u00edticos Veracruz"},"image":{"@id":"https:\/\/lospoliticosveracruz.com\/#\/schema\/logo\/image\/"},"sameAs":["https:\/\/www.facebook.com\/people\/Notimemes-de-los-Polticos\/61565672886568\/","https:\/\/x.com\/LosPoliticosVer"]},{"@type":"Person","@id":"https:\/\/lospoliticosveracruz.com\/#\/schema\/person\/b8702bb0e538456e6efd07080bf2a4a2","name":"Lo viste en Los Pol\u00edticos","image":{"@type":"ImageObject","inLanguage":"es","@id":"https:\/\/secure.gravatar.com\/avatar\/3a8de04a2656d44082be478bd6c086daa447c4651605818287b9532d3d0bd435?s=96&d=mm&r=g","url":"https:\/\/secure.gravatar.com\/avatar\/3a8de04a2656d44082be478bd6c086daa447c4651605818287b9532d3d0bd435?s=96&d=mm&r=g","contentUrl":"https:\/\/secure.gravatar.com\/avatar\/3a8de04a2656d44082be478bd6c086daa447c4651605818287b9532d3d0bd435?s=96&d=mm&r=g","caption":"Lo viste en Los Pol\u00edticos"},"url":"https:\/\/lospoliticosveracruz.com\/?author=2"}]}},"_links":{"self":[{"href":"https:\/\/lospoliticosveracruz.com\/index.php?rest_route=\/wp\/v2\/posts\/45038","targetHints":{"allow":["GET"]}}],"collection":[{"href":"https:\/\/lospoliticosveracruz.com\/index.php?rest_route=\/wp\/v2\/posts"}],"about":[{"href":"https:\/\/lospoliticosveracruz.com\/index.php?rest_route=\/wp\/v2\/types\/post"}],"author":[{"embeddable":true,"href":"https:\/\/lospoliticosveracruz.com\/index.php?rest_route=\/wp\/v2\/users\/2"}],"replies":[{"embeddable":true,"href":"https:\/\/lospoliticosveracruz.com\/index.php?rest_route=%2Fwp%2Fv2%2Fcomments&post=45038"}],"version-history":[{"count":2,"href":"https:\/\/lospoliticosveracruz.com\/index.php?rest_route=\/wp\/v2\/posts\/45038\/revisions"}],"predecessor-version":[{"id":45042,"href":"https:\/\/lospoliticosveracruz.com\/index.php?rest_route=\/wp\/v2\/posts\/45038\/revisions\/45042"}],"wp:attachment":[{"href":"https:\/\/lospoliticosveracruz.com\/index.php?rest_route=%2Fwp%2Fv2%2Fmedia&parent=45038"}],"wp:term":[{"taxonomy":"category","embeddable":true,"href":"https:\/\/lospoliticosveracruz.com\/index.php?rest_route=%2Fwp%2Fv2%2Fcategories&post=45038"},{"taxonomy":"post_tag","embeddable":true,"href":"https:\/\/lospoliticosveracruz.com\/index.php?rest_route=%2Fwp%2Fv2%2Ftags&post=45038"}],"curies":[{"name":"wp","href":"https:\/\/api.w.org\/{rel}","templated":true}]}}