{"id":45047,"date":"2018-09-21T10:32:51","date_gmt":"2018-09-21T15:32:51","guid":{"rendered":"http:\/\/www.lospoliticosveracruz.com.mx\/?p=45047"},"modified":"2018-09-21T10:32:51","modified_gmt":"2018-09-21T15:32:51","slug":"paso-sin-huarache","status":"publish","type":"post","link":"https:\/\/lospoliticosveracruz.com\/?p=45047","title":{"rendered":"Paso sin huarache"},"content":{"rendered":"<p><strong>Naldy Rodr\u00edguez<\/strong><\/p>\n<p><em>Transparencia 3.0<\/em><\/p>\n<p>Aun no acaba el mes patrio y bien cabe la acu\u00f1ada frase:\u00a0 \u201cel mexicano no da paso sin huarache\u201d.<\/p>\n<p>La reducci\u00f3n salarial del 50 por ciento y derogaci\u00f3n de las compensaciones extras que propone el presidente electo, Andr\u00e9s Manuel L\u00f3pez Obrador, podr\u00eda impactar en el sueldo de otros funcionarios p\u00fablicos<\/p>\n<p>Los salarios en la alta burocracia \u2013ya sea federal o estatal- no siempre es el problema del dispendio en la administraci\u00f3n p\u00fablica ni en los organismos constitucionales aut\u00f3nomos o en los Poderes Legislativo y Judicial.<\/p>\n<p>La dificultad a veces radica en los bonos extraordinarios y gratificaciones que tienen asignados los servidores p\u00fablicos, el apoyo a celular, gastos de representaci\u00f3n, apoyo por uso de veh\u00edculo propio y otros conceptos similares.<\/p>\n<p>La complicaci\u00f3n tambi\u00e9n la generan los \u201caviadores\u201d que hay en cada una de las dependencias, algunos con peque\u00f1os sueldos (lo cual tampoco se justifica), pero otros con salarios monumentales.<\/p>\n<p>El problema tambi\u00e9n se encuentra en la desigualdad de las pensiones, donde unos cuantos gozan de jubilaciones ostentosas cuando la mayor\u00eda de los trabajadores alcanzan 4 mil o 5 mil pesos mensuales para su retiro.<\/p>\n<p>En el caso de los organismos aut\u00f3nomos de Veracruz, a su libre albedr\u00edo, se asignan \u201cmega\u201d prestaciones, de las cuales gozan los titulares y directores de algunas \u00e1reas, dejando fuera a los servidores p\u00fablicos con menores salarios.<\/p>\n<p>Se asignan pagos de lentes, \u00fatiles escolares, pago de pasaje (aunque tengan coche), bonos bimestrales, semestrales, y eso sin considerar los que establece la ley como prima vacacional y aguinaldo.<\/p>\n<p>En Veracruz son nueve organismos \u201caut\u00f3nomos\u201d: La Universidad Veracruzana, la Fiscal\u00eda de Winckler, la Comisi\u00f3n de Derechos Humanos, el Instituto de Acceso a la Informaci\u00f3n, el Orfis, el Ople, el Tribunal Electoral, la Comisi\u00f3n de Periodistas y el nuevo\u00a0 Tribunal Anticorrupci\u00f3n. La mayor\u00eda con un p\u00e9simo trabajo de rendici\u00f3n de cuentas y transparencia.<\/p>\n<p>La Universidad Veracruzana, por ejemplo, cuando le solicitas informaci\u00f3n a trav\u00e9s de la plataforma de transparencia se exige que vayas a otro portal y que generes otro usuario y clave para poder pedirla. Como si no estuvieran regidos por la ley general y la ley estatal de transparencia ni los principios de m\u00e1xima publicidad que se\u00f1ala la Constituci\u00f3n federal, la m\u00e1xima casa de estudios te obliga a ingresar a su sistema denominado Mkatsina y te adjunta su \u201cmanual de procedimientos y pol\u00edticas de la gesti\u00f3n de solicitudes\u201d.<\/p>\n<p>Los bonos, compensaciones y gratificaciones son obligaciones de transparencia por parte de los entes p\u00fablicos del cat\u00e1logo m\u00ednimo que establece la ley. Incluso, ni siquiera ser\u00eda necesario solicitar la informaci\u00f3n, ya deber\u00eda estar a disposici\u00f3n de la ciudadan\u00eda en sus portales de internet.<\/p>\n<p>Lo malo es que en el estado, por cualquier petici\u00f3n de informaci\u00f3n p\u00fablica que puedas hacer, se te tacha de \u201carg\u00fcendera\u201d o te citan para preguntarte para qu\u00e9 pediste la informaci\u00f3n, qu\u00e9 quieres o buscas conseguir. Claro, a veces se me olvida que\u00a0\u201cel mexicano no da paso sin huarache\u201d.\u00a0Al menos eso piensa la mayor\u00eda.<\/p>\n<p>&nbsp;<\/p>\n<p>Twitter @ydlan<\/p>\n<p>Transparencia3.0@hotmail.com<\/p>\n","protected":false},"excerpt":{"rendered":"<p>Naldy Rodr\u00edguez Transparencia 3.0 Aun no acaba el mes patrio y bien cabe la acu\u00f1ada frase:\u00a0 \u201cel mexicano no da paso sin huarache\u201d. La reducci\u00f3n salarial del 50 por ciento y derogaci\u00f3n de las compensaciones extras que propone el presidente electo, Andr\u00e9s Manuel L\u00f3pez Obrador, podr\u00eda impactar en el sueldo de otros funcionarios p\u00fablicos Los [&hellip;]<\/p>\n","protected":false},"author":2,"featured_media":0,"comment_status":"open","ping_status":"open","sticky":false,"template":"","format":"standard","meta":{"tdm_status":"","tdm_grid_status":"","footnotes":""},"categories":[70],"tags":[618,12732,4430,12729,985,6150,12730,135,12728,1840,12733,12731,219],"class_list":{"0":"post-45047","1":"post","2":"type-post","3":"status-publish","4":"format-standard","6":"category-de-opinion","7":"tag-andres-manuel-lopez-obrador","8":"tag-comision-de-periodistas","9":"tag-derechos-humanos","10":"tag-derogacion-de-las-compensaciones-extras","11":"tag-ivai","12":"tag-jorge-winckler-ortiz","13":"tag-mkatsina","14":"tag-orfis","15":"tag-paso-sin-huarache","16":"tag-reduccion-salarial","17":"tag-tribunal-anticorrupcion","18":"tag-tribunal-electoral","19":"tag-universidad-veracruzana"},"yoast_head":"<!-- This site is optimized with the Yoast SEO plugin v27.4 - https:\/\/yoast.com\/product\/yoast-seo-wordpress\/ -->\n<title>Paso sin huarache - Los pol\u00edticos Veracruz<\/title>\n<meta name=\"robots\" content=\"index, follow, max-snippet:-1, max-image-preview:large, max-video-preview:-1\" \/>\n<link rel=\"canonical\" href=\"https:\/\/lospoliticosveracruz.com\/?p=45047\" \/>\n<meta property=\"og:locale\" content=\"es_ES\" \/>\n<meta property=\"og:type\" content=\"article\" \/>\n<meta property=\"og:title\" content=\"Paso sin huarache - Los pol\u00edticos Veracruz\" \/>\n<meta property=\"og:description\" content=\"Naldy Rodr\u00edguez Transparencia 3.0 Aun no acaba el mes patrio y bien cabe la acu\u00f1ada frase:\u00a0 \u201cel mexicano no da paso sin huarache\u201d. La reducci\u00f3n salarial del 50 por ciento y derogaci\u00f3n de las compensaciones extras que propone el presidente electo, Andr\u00e9s Manuel L\u00f3pez Obrador, podr\u00eda impactar en el sueldo de otros funcionarios p\u00fablicos Los [&hellip;]\" \/>\n<meta property=\"og:url\" content=\"https:\/\/lospoliticosveracruz.com\/?p=45047\" \/>\n<meta property=\"og:site_name\" content=\"Los pol\u00edticos Veracruz\" \/>\n<meta property=\"article:publisher\" content=\"https:\/\/www.facebook.com\/people\/Notimemes-de-los-Polticos\/61565672886568\/\" \/>\n<meta property=\"article:published_time\" content=\"2018-09-21T15:32:51+00:00\" \/>\n<meta property=\"og:image\" content=\"https:\/\/lospoliticosveracruz.com\/wp-content\/uploads\/2016\/07\/Logo-Dor.jpg\" \/>\n\t<meta property=\"og:image:width\" content=\"200\" \/>\n\t<meta property=\"og:image:height\" content=\"200\" \/>\n\t<meta property=\"og:image:type\" content=\"image\/jpeg\" \/>\n<meta name=\"author\" content=\"Lo viste en Los Pol\u00edticos\" \/>\n<meta name=\"twitter:card\" content=\"summary_large_image\" \/>\n<meta name=\"twitter:creator\" content=\"@LosPoliticosVer\" \/>\n<meta name=\"twitter:site\" content=\"@LosPoliticosVer\" \/>\n<meta name=\"twitter:label1\" content=\"Escrito por\" \/>\n\t<meta name=\"twitter:data1\" content=\"Lo viste en Los Pol\u00edticos\" \/>\n\t<meta name=\"twitter:label2\" content=\"Tiempo de lectura\" \/>\n\t<meta name=\"twitter:data2\" content=\"3 minutos\" \/>\n<script type=\"application\/ld+json\" class=\"yoast-schema-graph\">{\"@context\":\"https:\\\/\\\/schema.org\",\"@graph\":[{\"@type\":\"Article\",\"@id\":\"https:\\\/\\\/lospoliticosveracruz.com\\\/?p=45047#article\",\"isPartOf\":{\"@id\":\"https:\\\/\\\/lospoliticosveracruz.com\\\/?p=45047\"},\"author\":{\"name\":\"Lo viste en Los Pol\u00edticos\",\"@id\":\"https:\\\/\\\/lospoliticosveracruz.com\\\/#\\\/schema\\\/person\\\/b8702bb0e538456e6efd07080bf2a4a2\"},\"headline\":\"Paso sin huarache\",\"datePublished\":\"2018-09-21T15:32:51+00:00\",\"mainEntityOfPage\":{\"@id\":\"https:\\\/\\\/lospoliticosveracruz.com\\\/?p=45047\"},\"wordCount\":551,\"commentCount\":0,\"publisher\":{\"@id\":\"https:\\\/\\\/lospoliticosveracruz.com\\\/#organization\"},\"keywords\":[\"Andr\u00e9s Manuel L\u00f3pez Obrador\",\"Comisi\u00f3n de Periodistas\",\"derechos humanos\",\"derogaci\u00f3n de las compensaciones extras\",\"IVAI\",\"Jorge Winckler Ortiz\",\"Mkatsina\",\"Orfis\",\"paso sin huarache\",\"reducci\u00f3n salarial\",\"Tribunal Anticorrupci\u00f3n\",\"Tribunal Electoral\",\"Universidad Veracruzana\"],\"articleSection\":[\"De Opini\u00f3n\"],\"inLanguage\":\"es\",\"potentialAction\":[{\"@type\":\"CommentAction\",\"name\":\"Comment\",\"target\":[\"https:\\\/\\\/lospoliticosveracruz.com\\\/?p=45047#respond\"]}]},{\"@type\":\"WebPage\",\"@id\":\"https:\\\/\\\/lospoliticosveracruz.com\\\/?p=45047\",\"url\":\"https:\\\/\\\/lospoliticosveracruz.com\\\/?p=45047\",\"name\":\"Paso sin huarache - Los pol\u00edticos Veracruz\",\"isPartOf\":{\"@id\":\"https:\\\/\\\/lospoliticosveracruz.com\\\/#website\"},\"datePublished\":\"2018-09-21T15:32:51+00:00\",\"breadcrumb\":{\"@id\":\"https:\\\/\\\/lospoliticosveracruz.com\\\/?p=45047#breadcrumb\"},\"inLanguage\":\"es\",\"potentialAction\":[{\"@type\":\"ReadAction\",\"target\":[\"https:\\\/\\\/lospoliticosveracruz.com\\\/?p=45047\"]}]},{\"@type\":\"BreadcrumbList\",\"@id\":\"https:\\\/\\\/lospoliticosveracruz.com\\\/?p=45047#breadcrumb\",\"itemListElement\":[{\"@type\":\"ListItem\",\"position\":1,\"name\":\"Portada\",\"item\":\"https:\\\/\\\/lospoliticosveracruz.com\\\/\"},{\"@type\":\"ListItem\",\"position\":2,\"name\":\"Paso sin huarache\"}]},{\"@type\":\"WebSite\",\"@id\":\"https:\\\/\\\/lospoliticosveracruz.com\\\/#website\",\"url\":\"https:\\\/\\\/lospoliticosveracruz.com\\\/\",\"name\":\"Los pol\u00edticos Veracruz\",\"description\":\"\",\"publisher\":{\"@id\":\"https:\\\/\\\/lospoliticosveracruz.com\\\/#organization\"},\"potentialAction\":[{\"@type\":\"SearchAction\",\"target\":{\"@type\":\"EntryPoint\",\"urlTemplate\":\"https:\\\/\\\/lospoliticosveracruz.com\\\/?s={search_term_string}\"},\"query-input\":{\"@type\":\"PropertyValueSpecification\",\"valueRequired\":true,\"valueName\":\"search_term_string\"}}],\"inLanguage\":\"es\"},{\"@type\":\"Organization\",\"@id\":\"https:\\\/\\\/lospoliticosveracruz.com\\\/#organization\",\"name\":\"Los pol\u00edticos Veracruz\",\"url\":\"https:\\\/\\\/lospoliticosveracruz.com\\\/\",\"logo\":{\"@type\":\"ImageObject\",\"inLanguage\":\"es\",\"@id\":\"https:\\\/\\\/lospoliticosveracruz.com\\\/#\\\/schema\\\/logo\\\/image\\\/\",\"url\":\"https:\\\/\\\/lospoliticosveracruz.com\\\/wp-content\\\/uploads\\\/2025\\\/12\\\/Logo-Nuevo-LOS-POLITICOS-1.jpg\",\"contentUrl\":\"https:\\\/\\\/lospoliticosveracruz.com\\\/wp-content\\\/uploads\\\/2025\\\/12\\\/Logo-Nuevo-LOS-POLITICOS-1.jpg\",\"width\":260,\"height\":70,\"caption\":\"Los pol\u00edticos Veracruz\"},\"image\":{\"@id\":\"https:\\\/\\\/lospoliticosveracruz.com\\\/#\\\/schema\\\/logo\\\/image\\\/\"},\"sameAs\":[\"https:\\\/\\\/www.facebook.com\\\/people\\\/Notimemes-de-los-Polticos\\\/61565672886568\\\/\",\"https:\\\/\\\/x.com\\\/LosPoliticosVer\"]},{\"@type\":\"Person\",\"@id\":\"https:\\\/\\\/lospoliticosveracruz.com\\\/#\\\/schema\\\/person\\\/b8702bb0e538456e6efd07080bf2a4a2\",\"name\":\"Lo viste en Los Pol\u00edticos\",\"image\":{\"@type\":\"ImageObject\",\"inLanguage\":\"es\",\"@id\":\"https:\\\/\\\/secure.gravatar.com\\\/avatar\\\/3a8de04a2656d44082be478bd6c086daa447c4651605818287b9532d3d0bd435?s=96&d=mm&r=g\",\"url\":\"https:\\\/\\\/secure.gravatar.com\\\/avatar\\\/3a8de04a2656d44082be478bd6c086daa447c4651605818287b9532d3d0bd435?s=96&d=mm&r=g\",\"contentUrl\":\"https:\\\/\\\/secure.gravatar.com\\\/avatar\\\/3a8de04a2656d44082be478bd6c086daa447c4651605818287b9532d3d0bd435?s=96&d=mm&r=g\",\"caption\":\"Lo viste en Los Pol\u00edticos\"},\"url\":\"https:\\\/\\\/lospoliticosveracruz.com\\\/?author=2\"}]}<\/script>\n<!-- \/ Yoast SEO plugin. -->","yoast_head_json":{"title":"Paso sin huarache - Los pol\u00edticos Veracruz","robots":{"index":"index","follow":"follow","max-snippet":"max-snippet:-1","max-image-preview":"max-image-preview:large","max-video-preview":"max-video-preview:-1"},"canonical":"https:\/\/lospoliticosveracruz.com\/?p=45047","og_locale":"es_ES","og_type":"article","og_title":"Paso sin huarache - Los pol\u00edticos Veracruz","og_description":"Naldy Rodr\u00edguez Transparencia 3.0 Aun no acaba el mes patrio y bien cabe la acu\u00f1ada frase:\u00a0 \u201cel mexicano no da paso sin huarache\u201d. La reducci\u00f3n salarial del 50 por ciento y derogaci\u00f3n de las compensaciones extras que propone el presidente electo, Andr\u00e9s Manuel L\u00f3pez Obrador, podr\u00eda impactar en el sueldo de otros funcionarios p\u00fablicos Los [&hellip;]","og_url":"https:\/\/lospoliticosveracruz.com\/?p=45047","og_site_name":"Los pol\u00edticos Veracruz","article_publisher":"https:\/\/www.facebook.com\/people\/Notimemes-de-los-Polticos\/61565672886568\/","article_published_time":"2018-09-21T15:32:51+00:00","og_image":[{"width":200,"height":200,"url":"https:\/\/lospoliticosveracruz.com\/wp-content\/uploads\/2016\/07\/Logo-Dor.jpg","type":"image\/jpeg"}],"author":"Lo viste en Los Pol\u00edticos","twitter_card":"summary_large_image","twitter_creator":"@LosPoliticosVer","twitter_site":"@LosPoliticosVer","twitter_misc":{"Escrito por":"Lo viste en Los Pol\u00edticos","Tiempo de lectura":"3 minutos"},"schema":{"@context":"https:\/\/schema.org","@graph":[{"@type":"Article","@id":"https:\/\/lospoliticosveracruz.com\/?p=45047#article","isPartOf":{"@id":"https:\/\/lospoliticosveracruz.com\/?p=45047"},"author":{"name":"Lo viste en Los Pol\u00edticos","@id":"https:\/\/lospoliticosveracruz.com\/#\/schema\/person\/b8702bb0e538456e6efd07080bf2a4a2"},"headline":"Paso sin huarache","datePublished":"2018-09-21T15:32:51+00:00","mainEntityOfPage":{"@id":"https:\/\/lospoliticosveracruz.com\/?p=45047"},"wordCount":551,"commentCount":0,"publisher":{"@id":"https:\/\/lospoliticosveracruz.com\/#organization"},"keywords":["Andr\u00e9s Manuel L\u00f3pez Obrador","Comisi\u00f3n de Periodistas","derechos humanos","derogaci\u00f3n de las compensaciones extras","IVAI","Jorge Winckler Ortiz","Mkatsina","Orfis","paso sin huarache","reducci\u00f3n salarial","Tribunal Anticorrupci\u00f3n","Tribunal Electoral","Universidad Veracruzana"],"articleSection":["De Opini\u00f3n"],"inLanguage":"es","potentialAction":[{"@type":"CommentAction","name":"Comment","target":["https:\/\/lospoliticosveracruz.com\/?p=45047#respond"]}]},{"@type":"WebPage","@id":"https:\/\/lospoliticosveracruz.com\/?p=45047","url":"https:\/\/lospoliticosveracruz.com\/?p=45047","name":"Paso sin huarache - Los pol\u00edticos Veracruz","isPartOf":{"@id":"https:\/\/lospoliticosveracruz.com\/#website"},"datePublished":"2018-09-21T15:32:51+00:00","breadcrumb":{"@id":"https:\/\/lospoliticosveracruz.com\/?p=45047#breadcrumb"},"inLanguage":"es","potentialAction":[{"@type":"ReadAction","target":["https:\/\/lospoliticosveracruz.com\/?p=45047"]}]},{"@type":"BreadcrumbList","@id":"https:\/\/lospoliticosveracruz.com\/?p=45047#breadcrumb","itemListElement":[{"@type":"ListItem","position":1,"name":"Portada","item":"https:\/\/lospoliticosveracruz.com\/"},{"@type":"ListItem","position":2,"name":"Paso sin huarache"}]},{"@type":"WebSite","@id":"https:\/\/lospoliticosveracruz.com\/#website","url":"https:\/\/lospoliticosveracruz.com\/","name":"Los pol\u00edticos Veracruz","description":"","publisher":{"@id":"https:\/\/lospoliticosveracruz.com\/#organization"},"potentialAction":[{"@type":"SearchAction","target":{"@type":"EntryPoint","urlTemplate":"https:\/\/lospoliticosveracruz.com\/?s={search_term_string}"},"query-input":{"@type":"PropertyValueSpecification","valueRequired":true,"valueName":"search_term_string"}}],"inLanguage":"es"},{"@type":"Organization","@id":"https:\/\/lospoliticosveracruz.com\/#organization","name":"Los pol\u00edticos Veracruz","url":"https:\/\/lospoliticosveracruz.com\/","logo":{"@type":"ImageObject","inLanguage":"es","@id":"https:\/\/lospoliticosveracruz.com\/#\/schema\/logo\/image\/","url":"https:\/\/lospoliticosveracruz.com\/wp-content\/uploads\/2025\/12\/Logo-Nuevo-LOS-POLITICOS-1.jpg","contentUrl":"https:\/\/lospoliticosveracruz.com\/wp-content\/uploads\/2025\/12\/Logo-Nuevo-LOS-POLITICOS-1.jpg","width":260,"height":70,"caption":"Los pol\u00edticos Veracruz"},"image":{"@id":"https:\/\/lospoliticosveracruz.com\/#\/schema\/logo\/image\/"},"sameAs":["https:\/\/www.facebook.com\/people\/Notimemes-de-los-Polticos\/61565672886568\/","https:\/\/x.com\/LosPoliticosVer"]},{"@type":"Person","@id":"https:\/\/lospoliticosveracruz.com\/#\/schema\/person\/b8702bb0e538456e6efd07080bf2a4a2","name":"Lo viste en Los Pol\u00edticos","image":{"@type":"ImageObject","inLanguage":"es","@id":"https:\/\/secure.gravatar.com\/avatar\/3a8de04a2656d44082be478bd6c086daa447c4651605818287b9532d3d0bd435?s=96&d=mm&r=g","url":"https:\/\/secure.gravatar.com\/avatar\/3a8de04a2656d44082be478bd6c086daa447c4651605818287b9532d3d0bd435?s=96&d=mm&r=g","contentUrl":"https:\/\/secure.gravatar.com\/avatar\/3a8de04a2656d44082be478bd6c086daa447c4651605818287b9532d3d0bd435?s=96&d=mm&r=g","caption":"Lo viste en Los Pol\u00edticos"},"url":"https:\/\/lospoliticosveracruz.com\/?author=2"}]}},"_links":{"self":[{"href":"https:\/\/lospoliticosveracruz.com\/index.php?rest_route=\/wp\/v2\/posts\/45047","targetHints":{"allow":["GET"]}}],"collection":[{"href":"https:\/\/lospoliticosveracruz.com\/index.php?rest_route=\/wp\/v2\/posts"}],"about":[{"href":"https:\/\/lospoliticosveracruz.com\/index.php?rest_route=\/wp\/v2\/types\/post"}],"author":[{"embeddable":true,"href":"https:\/\/lospoliticosveracruz.com\/index.php?rest_route=\/wp\/v2\/users\/2"}],"replies":[{"embeddable":true,"href":"https:\/\/lospoliticosveracruz.com\/index.php?rest_route=%2Fwp%2Fv2%2Fcomments&post=45047"}],"version-history":[{"count":1,"href":"https:\/\/lospoliticosveracruz.com\/index.php?rest_route=\/wp\/v2\/posts\/45047\/revisions"}],"predecessor-version":[{"id":45049,"href":"https:\/\/lospoliticosveracruz.com\/index.php?rest_route=\/wp\/v2\/posts\/45047\/revisions\/45049"}],"wp:attachment":[{"href":"https:\/\/lospoliticosveracruz.com\/index.php?rest_route=%2Fwp%2Fv2%2Fmedia&parent=45047"}],"wp:term":[{"taxonomy":"category","embeddable":true,"href":"https:\/\/lospoliticosveracruz.com\/index.php?rest_route=%2Fwp%2Fv2%2Fcategories&post=45047"},{"taxonomy":"post_tag","embeddable":true,"href":"https:\/\/lospoliticosveracruz.com\/index.php?rest_route=%2Fwp%2Fv2%2Ftags&post=45047"}],"curies":[{"name":"wp","href":"https:\/\/api.w.org\/{rel}","templated":true}]}}