{"id":45152,"date":"2018-09-28T08:50:06","date_gmt":"2018-09-28T13:50:06","guid":{"rendered":"http:\/\/www.lospoliticosveracruz.com.mx\/?p=45152"},"modified":"2018-09-28T08:50:06","modified_gmt":"2018-09-28T13:50:06","slug":"aborto-urgente-en-violacion","status":"publish","type":"post","link":"https:\/\/lospoliticosveracruz.com\/?p=45152","title":{"rendered":"Aborto, urgente en violaci\u00f3n"},"content":{"rendered":"<p align=\"JUSTIFY\"><strong>Naldy Rodr\u00edguez<\/strong><\/p>\n<p align=\"JUSTIFY\"><em>Transparencia 3.0<\/em><\/p>\n<p align=\"JUSTIFY\">La Suprema Corte de Justicia de la Naci\u00f3n (SCJN) valid\u00f3 el aborto con atenci\u00f3n urgente en casos de violaci\u00f3n despu\u00e9s de que a una adolescente le negaron practic\u00e1rselo en un hospital p\u00fablico del pa\u00eds. El caso ocurri\u00f3 en Cuernavaca, la vida de la menor estaba en riesgo y el producto ten\u00eda un mal cong\u00e9nito.<\/p>\n<p align=\"JUSTIFY\">La menor denunci\u00f3 el acto de violaci\u00f3n desde que ocurri\u00f3, posteriormente notific\u00f3 al Ministerio P\u00fablico que producto de esos aberrantes hechos hab\u00eda quedado embarazada, y en el hospital se negaron a atenderla \u201cmenoscabando, sin justificaci\u00f3n alguna, la personalidad o la integridad f\u00edsica y mental\u201d de la ni\u00f1a.<\/p>\n<p align=\"JUSTIFY\">Casi tres a\u00f1os despu\u00e9s de que ocurri\u00f3 la violaci\u00f3n y revictimizaci\u00f3n de la menor de edad, pero tambi\u00e9n de sus padres, quienes la acompa\u00f1aron en todo el proceso legal, lleg\u00f3 \u00e9sta sentencia. En la misma se expone el da\u00f1o ocasionado por las autoridades de salud y de las propias instituciones de justicia, las cuales negaron la autorizaci\u00f3n para que se practicara el aborto.<\/p>\n<p align=\"JUSTIFY\">Ahora los ministros de la SCJN ordenaron al estado y a otros actores involucrados implementar de manera r\u00e1pida medidas de rehabilitaci\u00f3n, compensaci\u00f3n, de satisfacci\u00f3n y de no repetici\u00f3n, entre ellas una disculpa p\u00fablica. Bastante tarde llega la justicia para la joven, porque es evidente que despu\u00e9s de la violaci\u00f3n sexual, la cual es equiparable a tortura, se vulneraron otros derechos: a la salud, a la integridad f\u00edsica, al libre desarrollo de su personalidad.<\/p>\n<p align=\"JUSTIFY\">\u201c<span lang=\"es-ES\">La menor de edad, v\u00edctima de una violaci\u00f3n, fue revictimizada por el Estado al no otorgarle la interrupci\u00f3n del embarazo al cual ten\u00eda derecho\u201d, advirtieron los magistrados por unanimidad. <\/span><\/p>\n<p align=\"JUSTIFY\">En Veracruz, las integrantes de Equifon\u00eda tuvieron que dar acompa\u00f1amiento \u2013en diciembre de 2016- a una joven de 20 a\u00f1os v\u00edctima de violaci\u00f3n para que pudiera tener acceso a la Interrupci\u00f3n Legal del Embarazo (ILE). Se trat\u00f3 del primer caso documentado en el estado, y gracias a la asesor\u00eda de esta asociaci\u00f3n civil se le dio seguimiento.<\/p>\n<p align=\"JUSTIFY\">De acuerdo con la fundaci\u00f3n Mexicana para la Planeaci\u00f3n Familiar (Mexfam), en el hospital regional de Veracruz y en otras cl\u00ednicas del estado se niegan a atender a mujeres v\u00edctimas de abuso sexual hasta que pongan la denuncia penal correspondiente.<\/p>\n<p align=\"JUSTIFY\">Hace algunas semanas, la directora del hospital Civil \u00abLuis F. Nach\u00f3n\u00bb de la ciudad de Xalapa, Norma Patricia L\u00f3pez Pretel\u00edn, revel\u00f3 que en lo que va de \u00e9ste 2018 al menos 350 menores de edad han tenido un parto. Suena escalofriante la cifra si pensamos que se trata de ni\u00f1as y adolescentes entre 11 y 17 a\u00f1os de edad y que s\u00f3lo estamos hablando de una cl\u00ednica.<\/p>\n<p align=\"JUSTIFY\">Revel\u00f3 que la incidencia de partos en menores de edad \u2013en el hospital Nach\u00f3n- representan el 20 por ciento del n\u00famero total que han atendido en el a\u00f1o (iban mil 800 hasta septiembre). Adem\u00e1s de tratarse de embarazos de alto riesgo con una tasa de mortalidad del 50 al 60 por ciento de los casos \u2013no especifico de la mujer o del neonato- por complicaciones en el parto o puerperio.<\/p>\n<p align=\"JUSTIFY\">\u201cSe presentan hemorragias, puede ser que pierda su \u00fatero porque este no se contrajo de manera correcta y es necesario una histerectom\u00eda, y eso es si no se complica con algo m\u00e1s grave como desgarros, desprendimientos prematuros\u201d, detall\u00f3.<\/p>\n<p align=\"JUSTIFY\">Con esta declaraci\u00f3n se qued\u00f3 corta la estad\u00edstica presentada por organizaciones no gubernamentales, la cual se\u00f1alaba que en el 2015, durante ese a\u00f1o, <span lang=\"es-ES\">500 ni\u00f1as de 10 a 14 a\u00f1os de edad fueron \u201cobligadas a parir\u201d en el estado de Veracruz. <\/span><\/p>\n<p align=\"JUSTIFY\">No me hubiera practicado un aborto, es por mi mapa (s\u00ed, ese c\u00famulo de ideas, creencias, valores y sentimientos que arrastramos), una decisi\u00f3n muy personal, pero defiendo el derecho de otra persona a poder decidir y ejercer sus derechos \u2013que en el caso de una violaci\u00f3n sexual s\u00ed podr\u00edan recurrir a la ILE-.<\/p>\n<p align=\"JUSTIFY\">Transparencia3.0@hotmail.com<\/p>\n<p>&nbsp;<\/p>\n","protected":false},"excerpt":{"rendered":"<p>Naldy Rodr\u00edguez Transparencia 3.0 La Suprema Corte de Justicia de la Naci\u00f3n (SCJN) valid\u00f3 el aborto con atenci\u00f3n urgente en casos de violaci\u00f3n despu\u00e9s de que a una adolescente le negaron practic\u00e1rselo en un hospital p\u00fablico del pa\u00eds. El caso ocurri\u00f3 en Cuernavaca, la vida de la menor estaba en riesgo y el producto ten\u00eda [&hellip;]<\/p>\n","protected":false},"author":2,"featured_media":0,"comment_status":"open","ping_status":"open","sticky":false,"template":"","format":"standard","meta":{"tdm_status":"","tdm_grid_status":"","footnotes":""},"categories":[70],"tags":[2859,12763,3431,12765,9653,12764,5281,4791,3965,195],"class_list":{"0":"post-45152","1":"post","2":"type-post","3":"status-publish","4":"format-standard","6":"category-de-opinion","7":"tag-aborto","8":"tag-cuernavaca","9":"tag-equifonia","10":"tag-hospital-nachon","11":"tag-interrupcion-legal-del-embarazo","12":"tag-mexfam","13":"tag-naldy-rodriguez","14":"tag-norma-patricia-lopez-pretelin","15":"tag-scjn","16":"tag-veracruz"},"yoast_head":"<!-- This site is optimized with the Yoast SEO plugin v27.4 - https:\/\/yoast.com\/product\/yoast-seo-wordpress\/ -->\n<title>Aborto, urgente en violaci\u00f3n - Los pol\u00edticos Veracruz<\/title>\n<meta name=\"robots\" content=\"index, follow, max-snippet:-1, max-image-preview:large, max-video-preview:-1\" \/>\n<link rel=\"canonical\" href=\"https:\/\/lospoliticosveracruz.com\/?p=45152\" \/>\n<meta property=\"og:locale\" content=\"es_ES\" \/>\n<meta property=\"og:type\" content=\"article\" \/>\n<meta property=\"og:title\" content=\"Aborto, urgente en violaci\u00f3n - Los pol\u00edticos Veracruz\" \/>\n<meta property=\"og:description\" content=\"Naldy Rodr\u00edguez Transparencia 3.0 La Suprema Corte de Justicia de la Naci\u00f3n (SCJN) valid\u00f3 el aborto con atenci\u00f3n urgente en casos de violaci\u00f3n despu\u00e9s de que a una adolescente le negaron practic\u00e1rselo en un hospital p\u00fablico del pa\u00eds. El caso ocurri\u00f3 en Cuernavaca, la vida de la menor estaba en riesgo y el producto ten\u00eda [&hellip;]\" \/>\n<meta property=\"og:url\" content=\"https:\/\/lospoliticosveracruz.com\/?p=45152\" \/>\n<meta property=\"og:site_name\" content=\"Los pol\u00edticos Veracruz\" \/>\n<meta property=\"article:publisher\" content=\"https:\/\/www.facebook.com\/people\/Notimemes-de-los-Polticos\/61565672886568\/\" \/>\n<meta property=\"article:published_time\" content=\"2018-09-28T13:50:06+00:00\" \/>\n<meta property=\"og:image\" content=\"https:\/\/lospoliticosveracruz.com\/wp-content\/uploads\/2016\/07\/Logo-Dor.jpg\" \/>\n\t<meta property=\"og:image:width\" content=\"200\" \/>\n\t<meta property=\"og:image:height\" content=\"200\" \/>\n\t<meta property=\"og:image:type\" content=\"image\/jpeg\" \/>\n<meta name=\"author\" content=\"Lo viste en Los Pol\u00edticos\" \/>\n<meta name=\"twitter:card\" content=\"summary_large_image\" \/>\n<meta name=\"twitter:creator\" content=\"@LosPoliticosVer\" \/>\n<meta name=\"twitter:site\" content=\"@LosPoliticosVer\" \/>\n<meta name=\"twitter:label1\" content=\"Escrito por\" \/>\n\t<meta name=\"twitter:data1\" content=\"Lo viste en Los Pol\u00edticos\" \/>\n\t<meta name=\"twitter:label2\" content=\"Tiempo de lectura\" \/>\n\t<meta name=\"twitter:data2\" content=\"3 minutos\" \/>\n<script type=\"application\/ld+json\" class=\"yoast-schema-graph\">{\"@context\":\"https:\\\/\\\/schema.org\",\"@graph\":[{\"@type\":\"Article\",\"@id\":\"https:\\\/\\\/lospoliticosveracruz.com\\\/?p=45152#article\",\"isPartOf\":{\"@id\":\"https:\\\/\\\/lospoliticosveracruz.com\\\/?p=45152\"},\"author\":{\"name\":\"Lo viste en Los Pol\u00edticos\",\"@id\":\"https:\\\/\\\/lospoliticosveracruz.com\\\/#\\\/schema\\\/person\\\/b8702bb0e538456e6efd07080bf2a4a2\"},\"headline\":\"Aborto, urgente en violaci\u00f3n\",\"datePublished\":\"2018-09-28T13:50:06+00:00\",\"mainEntityOfPage\":{\"@id\":\"https:\\\/\\\/lospoliticosveracruz.com\\\/?p=45152\"},\"wordCount\":703,\"commentCount\":0,\"publisher\":{\"@id\":\"https:\\\/\\\/lospoliticosveracruz.com\\\/#organization\"},\"keywords\":[\"Aborto\",\"Cuernavaca\",\"Equifon\u00eda\",\"hospital Nach\u00f3n\",\"Interrupci\u00f3n Legal del Embarazo\",\"Mexfam\",\"Naldy Rodr\u00edguez\",\"Norma Patricia L\u00f3pez Pretel\u00edn\",\"SCJN\",\"Veracruz\"],\"articleSection\":[\"De Opini\u00f3n\"],\"inLanguage\":\"es\",\"potentialAction\":[{\"@type\":\"CommentAction\",\"name\":\"Comment\",\"target\":[\"https:\\\/\\\/lospoliticosveracruz.com\\\/?p=45152#respond\"]}]},{\"@type\":\"WebPage\",\"@id\":\"https:\\\/\\\/lospoliticosveracruz.com\\\/?p=45152\",\"url\":\"https:\\\/\\\/lospoliticosveracruz.com\\\/?p=45152\",\"name\":\"Aborto, urgente en violaci\u00f3n - Los pol\u00edticos Veracruz\",\"isPartOf\":{\"@id\":\"https:\\\/\\\/lospoliticosveracruz.com\\\/#website\"},\"datePublished\":\"2018-09-28T13:50:06+00:00\",\"breadcrumb\":{\"@id\":\"https:\\\/\\\/lospoliticosveracruz.com\\\/?p=45152#breadcrumb\"},\"inLanguage\":\"es\",\"potentialAction\":[{\"@type\":\"ReadAction\",\"target\":[\"https:\\\/\\\/lospoliticosveracruz.com\\\/?p=45152\"]}]},{\"@type\":\"BreadcrumbList\",\"@id\":\"https:\\\/\\\/lospoliticosveracruz.com\\\/?p=45152#breadcrumb\",\"itemListElement\":[{\"@type\":\"ListItem\",\"position\":1,\"name\":\"Portada\",\"item\":\"https:\\\/\\\/lospoliticosveracruz.com\\\/\"},{\"@type\":\"ListItem\",\"position\":2,\"name\":\"Aborto, urgente en violaci\u00f3n\"}]},{\"@type\":\"WebSite\",\"@id\":\"https:\\\/\\\/lospoliticosveracruz.com\\\/#website\",\"url\":\"https:\\\/\\\/lospoliticosveracruz.com\\\/\",\"name\":\"Los pol\u00edticos Veracruz\",\"description\":\"\",\"publisher\":{\"@id\":\"https:\\\/\\\/lospoliticosveracruz.com\\\/#organization\"},\"potentialAction\":[{\"@type\":\"SearchAction\",\"target\":{\"@type\":\"EntryPoint\",\"urlTemplate\":\"https:\\\/\\\/lospoliticosveracruz.com\\\/?s={search_term_string}\"},\"query-input\":{\"@type\":\"PropertyValueSpecification\",\"valueRequired\":true,\"valueName\":\"search_term_string\"}}],\"inLanguage\":\"es\"},{\"@type\":\"Organization\",\"@id\":\"https:\\\/\\\/lospoliticosveracruz.com\\\/#organization\",\"name\":\"Los pol\u00edticos Veracruz\",\"url\":\"https:\\\/\\\/lospoliticosveracruz.com\\\/\",\"logo\":{\"@type\":\"ImageObject\",\"inLanguage\":\"es\",\"@id\":\"https:\\\/\\\/lospoliticosveracruz.com\\\/#\\\/schema\\\/logo\\\/image\\\/\",\"url\":\"https:\\\/\\\/lospoliticosveracruz.com\\\/wp-content\\\/uploads\\\/2025\\\/12\\\/Logo-Nuevo-LOS-POLITICOS-1.jpg\",\"contentUrl\":\"https:\\\/\\\/lospoliticosveracruz.com\\\/wp-content\\\/uploads\\\/2025\\\/12\\\/Logo-Nuevo-LOS-POLITICOS-1.jpg\",\"width\":260,\"height\":70,\"caption\":\"Los pol\u00edticos Veracruz\"},\"image\":{\"@id\":\"https:\\\/\\\/lospoliticosveracruz.com\\\/#\\\/schema\\\/logo\\\/image\\\/\"},\"sameAs\":[\"https:\\\/\\\/www.facebook.com\\\/people\\\/Notimemes-de-los-Polticos\\\/61565672886568\\\/\",\"https:\\\/\\\/x.com\\\/LosPoliticosVer\"]},{\"@type\":\"Person\",\"@id\":\"https:\\\/\\\/lospoliticosveracruz.com\\\/#\\\/schema\\\/person\\\/b8702bb0e538456e6efd07080bf2a4a2\",\"name\":\"Lo viste en Los Pol\u00edticos\",\"image\":{\"@type\":\"ImageObject\",\"inLanguage\":\"es\",\"@id\":\"https:\\\/\\\/secure.gravatar.com\\\/avatar\\\/3a8de04a2656d44082be478bd6c086daa447c4651605818287b9532d3d0bd435?s=96&d=mm&r=g\",\"url\":\"https:\\\/\\\/secure.gravatar.com\\\/avatar\\\/3a8de04a2656d44082be478bd6c086daa447c4651605818287b9532d3d0bd435?s=96&d=mm&r=g\",\"contentUrl\":\"https:\\\/\\\/secure.gravatar.com\\\/avatar\\\/3a8de04a2656d44082be478bd6c086daa447c4651605818287b9532d3d0bd435?s=96&d=mm&r=g\",\"caption\":\"Lo viste en Los Pol\u00edticos\"},\"url\":\"https:\\\/\\\/lospoliticosveracruz.com\\\/?author=2\"}]}<\/script>\n<!-- \/ Yoast SEO plugin. -->","yoast_head_json":{"title":"Aborto, urgente en violaci\u00f3n - Los pol\u00edticos Veracruz","robots":{"index":"index","follow":"follow","max-snippet":"max-snippet:-1","max-image-preview":"max-image-preview:large","max-video-preview":"max-video-preview:-1"},"canonical":"https:\/\/lospoliticosveracruz.com\/?p=45152","og_locale":"es_ES","og_type":"article","og_title":"Aborto, urgente en violaci\u00f3n - Los pol\u00edticos Veracruz","og_description":"Naldy Rodr\u00edguez Transparencia 3.0 La Suprema Corte de Justicia de la Naci\u00f3n (SCJN) valid\u00f3 el aborto con atenci\u00f3n urgente en casos de violaci\u00f3n despu\u00e9s de que a una adolescente le negaron practic\u00e1rselo en un hospital p\u00fablico del pa\u00eds. El caso ocurri\u00f3 en Cuernavaca, la vida de la menor estaba en riesgo y el producto ten\u00eda [&hellip;]","og_url":"https:\/\/lospoliticosveracruz.com\/?p=45152","og_site_name":"Los pol\u00edticos Veracruz","article_publisher":"https:\/\/www.facebook.com\/people\/Notimemes-de-los-Polticos\/61565672886568\/","article_published_time":"2018-09-28T13:50:06+00:00","og_image":[{"width":200,"height":200,"url":"https:\/\/lospoliticosveracruz.com\/wp-content\/uploads\/2016\/07\/Logo-Dor.jpg","type":"image\/jpeg"}],"author":"Lo viste en Los Pol\u00edticos","twitter_card":"summary_large_image","twitter_creator":"@LosPoliticosVer","twitter_site":"@LosPoliticosVer","twitter_misc":{"Escrito por":"Lo viste en Los Pol\u00edticos","Tiempo de lectura":"3 minutos"},"schema":{"@context":"https:\/\/schema.org","@graph":[{"@type":"Article","@id":"https:\/\/lospoliticosveracruz.com\/?p=45152#article","isPartOf":{"@id":"https:\/\/lospoliticosveracruz.com\/?p=45152"},"author":{"name":"Lo viste en Los Pol\u00edticos","@id":"https:\/\/lospoliticosveracruz.com\/#\/schema\/person\/b8702bb0e538456e6efd07080bf2a4a2"},"headline":"Aborto, urgente en violaci\u00f3n","datePublished":"2018-09-28T13:50:06+00:00","mainEntityOfPage":{"@id":"https:\/\/lospoliticosveracruz.com\/?p=45152"},"wordCount":703,"commentCount":0,"publisher":{"@id":"https:\/\/lospoliticosveracruz.com\/#organization"},"keywords":["Aborto","Cuernavaca","Equifon\u00eda","hospital Nach\u00f3n","Interrupci\u00f3n Legal del Embarazo","Mexfam","Naldy Rodr\u00edguez","Norma Patricia L\u00f3pez Pretel\u00edn","SCJN","Veracruz"],"articleSection":["De Opini\u00f3n"],"inLanguage":"es","potentialAction":[{"@type":"CommentAction","name":"Comment","target":["https:\/\/lospoliticosveracruz.com\/?p=45152#respond"]}]},{"@type":"WebPage","@id":"https:\/\/lospoliticosveracruz.com\/?p=45152","url":"https:\/\/lospoliticosveracruz.com\/?p=45152","name":"Aborto, urgente en violaci\u00f3n - Los pol\u00edticos Veracruz","isPartOf":{"@id":"https:\/\/lospoliticosveracruz.com\/#website"},"datePublished":"2018-09-28T13:50:06+00:00","breadcrumb":{"@id":"https:\/\/lospoliticosveracruz.com\/?p=45152#breadcrumb"},"inLanguage":"es","potentialAction":[{"@type":"ReadAction","target":["https:\/\/lospoliticosveracruz.com\/?p=45152"]}]},{"@type":"BreadcrumbList","@id":"https:\/\/lospoliticosveracruz.com\/?p=45152#breadcrumb","itemListElement":[{"@type":"ListItem","position":1,"name":"Portada","item":"https:\/\/lospoliticosveracruz.com\/"},{"@type":"ListItem","position":2,"name":"Aborto, urgente en violaci\u00f3n"}]},{"@type":"WebSite","@id":"https:\/\/lospoliticosveracruz.com\/#website","url":"https:\/\/lospoliticosveracruz.com\/","name":"Los pol\u00edticos Veracruz","description":"","publisher":{"@id":"https:\/\/lospoliticosveracruz.com\/#organization"},"potentialAction":[{"@type":"SearchAction","target":{"@type":"EntryPoint","urlTemplate":"https:\/\/lospoliticosveracruz.com\/?s={search_term_string}"},"query-input":{"@type":"PropertyValueSpecification","valueRequired":true,"valueName":"search_term_string"}}],"inLanguage":"es"},{"@type":"Organization","@id":"https:\/\/lospoliticosveracruz.com\/#organization","name":"Los pol\u00edticos Veracruz","url":"https:\/\/lospoliticosveracruz.com\/","logo":{"@type":"ImageObject","inLanguage":"es","@id":"https:\/\/lospoliticosveracruz.com\/#\/schema\/logo\/image\/","url":"https:\/\/lospoliticosveracruz.com\/wp-content\/uploads\/2025\/12\/Logo-Nuevo-LOS-POLITICOS-1.jpg","contentUrl":"https:\/\/lospoliticosveracruz.com\/wp-content\/uploads\/2025\/12\/Logo-Nuevo-LOS-POLITICOS-1.jpg","width":260,"height":70,"caption":"Los pol\u00edticos Veracruz"},"image":{"@id":"https:\/\/lospoliticosveracruz.com\/#\/schema\/logo\/image\/"},"sameAs":["https:\/\/www.facebook.com\/people\/Notimemes-de-los-Polticos\/61565672886568\/","https:\/\/x.com\/LosPoliticosVer"]},{"@type":"Person","@id":"https:\/\/lospoliticosveracruz.com\/#\/schema\/person\/b8702bb0e538456e6efd07080bf2a4a2","name":"Lo viste en Los Pol\u00edticos","image":{"@type":"ImageObject","inLanguage":"es","@id":"https:\/\/secure.gravatar.com\/avatar\/3a8de04a2656d44082be478bd6c086daa447c4651605818287b9532d3d0bd435?s=96&d=mm&r=g","url":"https:\/\/secure.gravatar.com\/avatar\/3a8de04a2656d44082be478bd6c086daa447c4651605818287b9532d3d0bd435?s=96&d=mm&r=g","contentUrl":"https:\/\/secure.gravatar.com\/avatar\/3a8de04a2656d44082be478bd6c086daa447c4651605818287b9532d3d0bd435?s=96&d=mm&r=g","caption":"Lo viste en Los Pol\u00edticos"},"url":"https:\/\/lospoliticosveracruz.com\/?author=2"}]}},"_links":{"self":[{"href":"https:\/\/lospoliticosveracruz.com\/index.php?rest_route=\/wp\/v2\/posts\/45152","targetHints":{"allow":["GET"]}}],"collection":[{"href":"https:\/\/lospoliticosveracruz.com\/index.php?rest_route=\/wp\/v2\/posts"}],"about":[{"href":"https:\/\/lospoliticosveracruz.com\/index.php?rest_route=\/wp\/v2\/types\/post"}],"author":[{"embeddable":true,"href":"https:\/\/lospoliticosveracruz.com\/index.php?rest_route=\/wp\/v2\/users\/2"}],"replies":[{"embeddable":true,"href":"https:\/\/lospoliticosveracruz.com\/index.php?rest_route=%2Fwp%2Fv2%2Fcomments&post=45152"}],"version-history":[{"count":1,"href":"https:\/\/lospoliticosveracruz.com\/index.php?rest_route=\/wp\/v2\/posts\/45152\/revisions"}],"predecessor-version":[{"id":45154,"href":"https:\/\/lospoliticosveracruz.com\/index.php?rest_route=\/wp\/v2\/posts\/45152\/revisions\/45154"}],"wp:attachment":[{"href":"https:\/\/lospoliticosveracruz.com\/index.php?rest_route=%2Fwp%2Fv2%2Fmedia&parent=45152"}],"wp:term":[{"taxonomy":"category","embeddable":true,"href":"https:\/\/lospoliticosveracruz.com\/index.php?rest_route=%2Fwp%2Fv2%2Fcategories&post=45152"},{"taxonomy":"post_tag","embeddable":true,"href":"https:\/\/lospoliticosveracruz.com\/index.php?rest_route=%2Fwp%2Fv2%2Ftags&post=45152"}],"curies":[{"name":"wp","href":"https:\/\/api.w.org\/{rel}","templated":true}]}}