{"id":45202,"date":"2018-10-01T22:55:58","date_gmt":"2018-10-02T03:55:58","guid":{"rendered":"http:\/\/www.lospoliticosveracruz.com.mx\/?p=45202"},"modified":"2018-10-01T20:59:32","modified_gmt":"2018-10-02T01:59:32","slug":"mayer-y-julen-cultura-y-obras","status":"publish","type":"post","link":"https:\/\/lospoliticosveracruz.com\/?p=45202","title":{"rendered":"Mayer y Julen: Cultura y obras"},"content":{"rendered":"<p><strong>Salvador Mu\u00f1oz<\/strong><\/p>\n<p><em>Los Pol\u00edticos<\/em><\/p>\n<p><span style=\"font-weight: 400;\">Es seguro que haya otros legisladores con un nivel cultural m\u00e1s elevado que el del diputado Sergio Mayer para ocupar la presidencia de la Comisi\u00f3n de Cultura en el Congreso de la Uni\u00f3n\u2026 pero tengo la sospecha de que a lo mejor haya otros legisladores con un nivel cultural m\u00e1s bajo que el del diputado Sergio Mayer\u2026 \u00a1vamos! son 500 y es seguro que en el trayecto de lo que ha de significar su desempe\u00f1o, saquen a relucir el alcance de sus vistas\u2026 y eso ocurre en cualquier lugar\u2026 siempre habr\u00e1 alguien que sepa algo m\u00e1s que uno; y siempre habr\u00e1 alguien que sepa algo menos que otro&#8230;<\/span><\/p>\n<p><span style=\"font-weight: 400;\">Ahora, en descargo de Mayer, recuerde que, respetando nuestra Constituci\u00f3n Pol\u00edtica, hasta el momento se les pide el m\u00ednimo de requisitos para poder contender por un cargo de representaci\u00f3n popular\u2026<\/span><\/p>\n<p><span style=\"font-weight: 400;\">Observo que la designaci\u00f3n de Sergio Mayer en tal cargo dentro de San L\u00e1zaro ofende a muchas personas y quiz\u00e1s haya mucha raz\u00f3n para que se sonrojen (por el encabronamiento), pero antes de encolerizarse, creo que debemos de hacernos una pregunta: \u00bfC\u00f3mo diablos lleg\u00f3 un sujeto, como es el caso de Sergio Mayer, a las m\u00e1s altas tribunas de nuestro pa\u00eds? F\u00e1cil: El 45 por ciento del electorado que corresponde a su distrito, vot\u00f3 por \u00e9l\u2026 es decir, cumpli\u00f3 con el requisito de sumar votos para su causa\u2026 sea por su carisma, por Morena o por el efecto AMLO, pero cumpli\u00f3\u2026 S\u00ed, el resto del pa\u00eds no vot\u00f3 por \u00e9l, pero igual se nos olvida que vivimos en un pa\u00eds donde impera la democracia y quien gan\u00f3, guste o no, nos representa\u2026<\/span><\/p>\n<p><span style=\"font-weight: 400;\">Bueno, \u00bfqu\u00e9 tanto puede representar Sergio Mayer en cultura si vemos a este concepto como el enriquecer el esp\u00edritu y las facultades intelectuales del hombre? Yo creo que mucho, cuando al menos hasta el a\u00f1o pasado, la lectura en mexicanos la ubicaban con un 3.8 libros al a\u00f1o, pero s\u00f3lo el 45 por ciento de los encuestados por el Inegi presumi\u00f3 leer libros\u2026 \u00a1y no cuenta el Libro Vaquero de Jaime Rodr\u00edguez Calder\u00f3n! Agregue que la mayor fuente de conocimiento del azteca se basa en las redes sociales \u00a1y hay servicio de bufet! \u00a1Se tragan todo y hasta lo que no!<\/span><\/p>\n<p><span style=\"font-weight: 400;\">Agreguemos otro dato. Intent\u00e9 el domingo checar la ficha curricular de los diputados federales y \u00e9sta no estaba a disposici\u00f3n, por lo que me tomo el atrevimiento a suponer que fuera Sergio Mayer u otro diputado el encargado de la Comisi\u00f3n de Cultura en el Congreso de la Uni\u00f3n, acabar\u00edamos por resolver con algo simple: es lo que tenemos en la C\u00e1mara Baja, es lo que escogimos para que nos representara, es una figura elegida democr\u00e1ticamente, y ante eso, de un modo u otro, por ser parte de un sistema, sin querer, todos votamos a veces por tener un Incitatus en Cultura.<\/span><\/p>\n<p>&nbsp;<\/p>\n<p><b>\u00a1Julen la libra!<\/b><\/p>\n<p><span style=\"font-weight: 400;\">En la Cuenta P\u00fablica del 2016, el presunto da\u00f1o patrimonial alcanz\u00f3 la cifra de 12 mil millones de pesos y de esas observaciones, no se ha solventado ni reintegrado \u201ccasi nada\u201d. En la Cuenta P\u00fablica del 2017, el contraste es impactante: menos de 60 millones de pesos del Poder Ejecutivo y se est\u00e1 en espera de que se solventen las observaciones.<\/span><\/p>\n<p><span style=\"font-weight: 400;\">Esto lo coment\u00f3 el diputado Juan Manuel de Unanue, luego de que circulara v\u00eda Whatsapp \u00a0un \u201cbolet\u00edn\u201d sin firma ni fuente donde dec\u00eda que la Cuenta P\u00fablica 2017 superaba un presunto da\u00f1o patrimonial por parte del Gobierno del Estado por casi 400 millones de pesos. Reitera que s\u00f3lo el Poder Ejecutivo con todo y sus dependencias, no supera los 60 millones de pesos a solventar; el resto, son observaciones a la UPAV, a varios tecnol\u00f3gicos, a la Comisi\u00f3n del Agua, que suman m\u00e1s de 300 millones de pesos.<\/span><\/p>\n<p><span style=\"font-weight: 400;\">Por cierto, cuando todos esperaban que Julen Rementer\u00eda fuera la comidilla de las observaciones del Orfis, result\u00f3 que no, pues el auditor general del \u00d3rgano de Fiscalizaci\u00f3n Superior, Lorenzo Antonio Portilla V\u00e1squez, expuso que la SIOP, dependencia que tuvo a su cargo el hoy senador de Veracruz, no tuvo da\u00f1o patrimonial en la Cuenta P\u00fablica referida.<\/span><\/p>\n<p><span style=\"font-weight: 400;\">Es decir, el Orfis, en su actuaci\u00f3n, asegura que las obras desarrolladas en el ejercicio fiscal 2017, se ejecutaron de forma correcta. Julen Rementer\u00eda la libra, y de taquito, por ah\u00ed tambi\u00e9n Pepe Mancha&#8230; <\/span><\/p>\n<p><span style=\"font-weight: 400;\">Por supuesto, Portilla V\u00e1squez igual fue cuestionado sobre las presuntas inconsistencias en los procesos de contrataci\u00f3n, y si bien precis\u00f3 que no se confirm\u00f3 alguna ilegalidad, dej\u00f3 abierta la posibilidad de continuar investigando dichos procesos. \u00bfObservaciones? S\u00ed, de car\u00e1cter administrativo\u2026<\/span><\/p>\n<p><span style=\"font-weight: 400;\">smcainito@gmail.com<\/span><\/p>\n","protected":false},"excerpt":{"rendered":"<p>Salvador Mu\u00f1oz Los Pol\u00edticos Es seguro que haya otros legisladores con un nivel cultural m\u00e1s elevado que el del diputado Sergio Mayer para ocupar la presidencia de la Comisi\u00f3n de Cultura en el Congreso de la Uni\u00f3n\u2026 pero tengo la sospecha de que a lo mejor haya otros legisladores con un nivel cultural m\u00e1s bajo [&hellip;]<\/p>\n","protected":false},"author":2,"featured_media":0,"comment_status":"open","ping_status":"open","sticky":false,"template":"","format":"standard","meta":{"tdm_status":"","tdm_grid_status":"","footnotes":""},"categories":[70],"tags":[12790,1712,12789,2811,6732,1130,7594,1065,2646,3270,12791,342],"class_list":{"0":"post-45202","1":"post","2":"type-post","3":"status-publish","4":"format-standard","6":"category-de-opinion","7":"tag-comision-de-cultura","8":"tag-congreso-de-la-union","9":"tag-cuenta-publica-2017","10":"tag-jaime-rodriguez-calderon","11":"tag-juan-manuel-de-unanue","12":"tag-julen-rementeria","13":"tag-libro-vaquero","14":"tag-pepe-mancha","15":"tag-salvador-munoz","16":"tag-san-lazaro","17":"tag-sergio-mayer","18":"tag-siop"},"yoast_head":"<!-- This site is optimized with the Yoast SEO plugin v27.4 - https:\/\/yoast.com\/product\/yoast-seo-wordpress\/ -->\n<title>Mayer y Julen: Cultura y obras - Los pol\u00edticos Veracruz<\/title>\n<meta name=\"robots\" content=\"index, follow, max-snippet:-1, max-image-preview:large, max-video-preview:-1\" \/>\n<link rel=\"canonical\" href=\"https:\/\/lospoliticosveracruz.com\/?p=45202\" \/>\n<meta property=\"og:locale\" content=\"es_ES\" \/>\n<meta property=\"og:type\" content=\"article\" \/>\n<meta property=\"og:title\" content=\"Mayer y Julen: Cultura y obras - Los pol\u00edticos Veracruz\" \/>\n<meta property=\"og:description\" content=\"Salvador Mu\u00f1oz Los Pol\u00edticos Es seguro que haya otros legisladores con un nivel cultural m\u00e1s elevado que el del diputado Sergio Mayer para ocupar la presidencia de la Comisi\u00f3n de Cultura en el Congreso de la Uni\u00f3n\u2026 pero tengo la sospecha de que a lo mejor haya otros legisladores con un nivel cultural m\u00e1s bajo [&hellip;]\" \/>\n<meta property=\"og:url\" content=\"https:\/\/lospoliticosveracruz.com\/?p=45202\" \/>\n<meta property=\"og:site_name\" content=\"Los pol\u00edticos Veracruz\" \/>\n<meta property=\"article:publisher\" content=\"https:\/\/www.facebook.com\/people\/Notimemes-de-los-Polticos\/61565672886568\/\" \/>\n<meta property=\"article:published_time\" content=\"2018-10-02T03:55:58+00:00\" \/>\n<meta property=\"og:image\" content=\"https:\/\/lospoliticosveracruz.com\/wp-content\/uploads\/2016\/07\/Logo-Dor.jpg\" \/>\n\t<meta property=\"og:image:width\" content=\"200\" \/>\n\t<meta property=\"og:image:height\" content=\"200\" \/>\n\t<meta property=\"og:image:type\" content=\"image\/jpeg\" \/>\n<meta name=\"author\" content=\"Lo viste en Los Pol\u00edticos\" \/>\n<meta name=\"twitter:card\" content=\"summary_large_image\" \/>\n<meta name=\"twitter:creator\" content=\"@LosPoliticosVer\" \/>\n<meta name=\"twitter:site\" content=\"@LosPoliticosVer\" \/>\n<meta name=\"twitter:label1\" content=\"Escrito por\" \/>\n\t<meta name=\"twitter:data1\" content=\"Lo viste en Los Pol\u00edticos\" \/>\n\t<meta name=\"twitter:label2\" content=\"Tiempo de lectura\" \/>\n\t<meta name=\"twitter:data2\" content=\"4 minutos\" \/>\n<script type=\"application\/ld+json\" class=\"yoast-schema-graph\">{\"@context\":\"https:\\\/\\\/schema.org\",\"@graph\":[{\"@type\":\"Article\",\"@id\":\"https:\\\/\\\/lospoliticosveracruz.com\\\/?p=45202#article\",\"isPartOf\":{\"@id\":\"https:\\\/\\\/lospoliticosveracruz.com\\\/?p=45202\"},\"author\":{\"name\":\"Lo viste en Los Pol\u00edticos\",\"@id\":\"https:\\\/\\\/lospoliticosveracruz.com\\\/#\\\/schema\\\/person\\\/b8702bb0e538456e6efd07080bf2a4a2\"},\"headline\":\"Mayer y Julen: Cultura y obras\",\"datePublished\":\"2018-10-02T03:55:58+00:00\",\"mainEntityOfPage\":{\"@id\":\"https:\\\/\\\/lospoliticosveracruz.com\\\/?p=45202\"},\"wordCount\":813,\"commentCount\":0,\"publisher\":{\"@id\":\"https:\\\/\\\/lospoliticosveracruz.com\\\/#organization\"},\"keywords\":[\"Comisi\u00f3n de Cultura\",\"Congreso de la Uni\u00f3n\",\"Cuenta P\u00fablica 2017\",\"Jaime Rodr\u00edguez Calder\u00f3n\",\"Juan Manuel de Unanue\",\"Julen Rementer\u00eda\",\"Libro Vaquero\",\"Pepe Mancha\",\"Salvador Mu\u00f1oz\",\"San L\u00e1zaro\",\"Sergio Mayer\",\"SIOP\"],\"articleSection\":[\"De Opini\u00f3n\"],\"inLanguage\":\"es\",\"potentialAction\":[{\"@type\":\"CommentAction\",\"name\":\"Comment\",\"target\":[\"https:\\\/\\\/lospoliticosveracruz.com\\\/?p=45202#respond\"]}]},{\"@type\":\"WebPage\",\"@id\":\"https:\\\/\\\/lospoliticosveracruz.com\\\/?p=45202\",\"url\":\"https:\\\/\\\/lospoliticosveracruz.com\\\/?p=45202\",\"name\":\"Mayer y Julen: Cultura y obras - Los pol\u00edticos Veracruz\",\"isPartOf\":{\"@id\":\"https:\\\/\\\/lospoliticosveracruz.com\\\/#website\"},\"datePublished\":\"2018-10-02T03:55:58+00:00\",\"breadcrumb\":{\"@id\":\"https:\\\/\\\/lospoliticosveracruz.com\\\/?p=45202#breadcrumb\"},\"inLanguage\":\"es\",\"potentialAction\":[{\"@type\":\"ReadAction\",\"target\":[\"https:\\\/\\\/lospoliticosveracruz.com\\\/?p=45202\"]}]},{\"@type\":\"BreadcrumbList\",\"@id\":\"https:\\\/\\\/lospoliticosveracruz.com\\\/?p=45202#breadcrumb\",\"itemListElement\":[{\"@type\":\"ListItem\",\"position\":1,\"name\":\"Portada\",\"item\":\"https:\\\/\\\/lospoliticosveracruz.com\\\/\"},{\"@type\":\"ListItem\",\"position\":2,\"name\":\"Mayer y Julen: Cultura y obras\"}]},{\"@type\":\"WebSite\",\"@id\":\"https:\\\/\\\/lospoliticosveracruz.com\\\/#website\",\"url\":\"https:\\\/\\\/lospoliticosveracruz.com\\\/\",\"name\":\"Los pol\u00edticos Veracruz\",\"description\":\"\",\"publisher\":{\"@id\":\"https:\\\/\\\/lospoliticosveracruz.com\\\/#organization\"},\"potentialAction\":[{\"@type\":\"SearchAction\",\"target\":{\"@type\":\"EntryPoint\",\"urlTemplate\":\"https:\\\/\\\/lospoliticosveracruz.com\\\/?s={search_term_string}\"},\"query-input\":{\"@type\":\"PropertyValueSpecification\",\"valueRequired\":true,\"valueName\":\"search_term_string\"}}],\"inLanguage\":\"es\"},{\"@type\":\"Organization\",\"@id\":\"https:\\\/\\\/lospoliticosveracruz.com\\\/#organization\",\"name\":\"Los pol\u00edticos Veracruz\",\"url\":\"https:\\\/\\\/lospoliticosveracruz.com\\\/\",\"logo\":{\"@type\":\"ImageObject\",\"inLanguage\":\"es\",\"@id\":\"https:\\\/\\\/lospoliticosveracruz.com\\\/#\\\/schema\\\/logo\\\/image\\\/\",\"url\":\"https:\\\/\\\/lospoliticosveracruz.com\\\/wp-content\\\/uploads\\\/2025\\\/12\\\/Logo-Nuevo-LOS-POLITICOS-1.jpg\",\"contentUrl\":\"https:\\\/\\\/lospoliticosveracruz.com\\\/wp-content\\\/uploads\\\/2025\\\/12\\\/Logo-Nuevo-LOS-POLITICOS-1.jpg\",\"width\":260,\"height\":70,\"caption\":\"Los pol\u00edticos Veracruz\"},\"image\":{\"@id\":\"https:\\\/\\\/lospoliticosveracruz.com\\\/#\\\/schema\\\/logo\\\/image\\\/\"},\"sameAs\":[\"https:\\\/\\\/www.facebook.com\\\/people\\\/Notimemes-de-los-Polticos\\\/61565672886568\\\/\",\"https:\\\/\\\/x.com\\\/LosPoliticosVer\"]},{\"@type\":\"Person\",\"@id\":\"https:\\\/\\\/lospoliticosveracruz.com\\\/#\\\/schema\\\/person\\\/b8702bb0e538456e6efd07080bf2a4a2\",\"name\":\"Lo viste en Los Pol\u00edticos\",\"image\":{\"@type\":\"ImageObject\",\"inLanguage\":\"es\",\"@id\":\"https:\\\/\\\/secure.gravatar.com\\\/avatar\\\/3a8de04a2656d44082be478bd6c086daa447c4651605818287b9532d3d0bd435?s=96&d=mm&r=g\",\"url\":\"https:\\\/\\\/secure.gravatar.com\\\/avatar\\\/3a8de04a2656d44082be478bd6c086daa447c4651605818287b9532d3d0bd435?s=96&d=mm&r=g\",\"contentUrl\":\"https:\\\/\\\/secure.gravatar.com\\\/avatar\\\/3a8de04a2656d44082be478bd6c086daa447c4651605818287b9532d3d0bd435?s=96&d=mm&r=g\",\"caption\":\"Lo viste en Los Pol\u00edticos\"},\"url\":\"https:\\\/\\\/lospoliticosveracruz.com\\\/?author=2\"}]}<\/script>\n<!-- \/ Yoast SEO plugin. -->","yoast_head_json":{"title":"Mayer y Julen: Cultura y obras - Los pol\u00edticos Veracruz","robots":{"index":"index","follow":"follow","max-snippet":"max-snippet:-1","max-image-preview":"max-image-preview:large","max-video-preview":"max-video-preview:-1"},"canonical":"https:\/\/lospoliticosveracruz.com\/?p=45202","og_locale":"es_ES","og_type":"article","og_title":"Mayer y Julen: Cultura y obras - Los pol\u00edticos Veracruz","og_description":"Salvador Mu\u00f1oz Los Pol\u00edticos Es seguro que haya otros legisladores con un nivel cultural m\u00e1s elevado que el del diputado Sergio Mayer para ocupar la presidencia de la Comisi\u00f3n de Cultura en el Congreso de la Uni\u00f3n\u2026 pero tengo la sospecha de que a lo mejor haya otros legisladores con un nivel cultural m\u00e1s bajo [&hellip;]","og_url":"https:\/\/lospoliticosveracruz.com\/?p=45202","og_site_name":"Los pol\u00edticos Veracruz","article_publisher":"https:\/\/www.facebook.com\/people\/Notimemes-de-los-Polticos\/61565672886568\/","article_published_time":"2018-10-02T03:55:58+00:00","og_image":[{"width":200,"height":200,"url":"https:\/\/lospoliticosveracruz.com\/wp-content\/uploads\/2016\/07\/Logo-Dor.jpg","type":"image\/jpeg"}],"author":"Lo viste en Los Pol\u00edticos","twitter_card":"summary_large_image","twitter_creator":"@LosPoliticosVer","twitter_site":"@LosPoliticosVer","twitter_misc":{"Escrito por":"Lo viste en Los Pol\u00edticos","Tiempo de lectura":"4 minutos"},"schema":{"@context":"https:\/\/schema.org","@graph":[{"@type":"Article","@id":"https:\/\/lospoliticosveracruz.com\/?p=45202#article","isPartOf":{"@id":"https:\/\/lospoliticosveracruz.com\/?p=45202"},"author":{"name":"Lo viste en Los Pol\u00edticos","@id":"https:\/\/lospoliticosveracruz.com\/#\/schema\/person\/b8702bb0e538456e6efd07080bf2a4a2"},"headline":"Mayer y Julen: Cultura y obras","datePublished":"2018-10-02T03:55:58+00:00","mainEntityOfPage":{"@id":"https:\/\/lospoliticosveracruz.com\/?p=45202"},"wordCount":813,"commentCount":0,"publisher":{"@id":"https:\/\/lospoliticosveracruz.com\/#organization"},"keywords":["Comisi\u00f3n de Cultura","Congreso de la Uni\u00f3n","Cuenta P\u00fablica 2017","Jaime Rodr\u00edguez Calder\u00f3n","Juan Manuel de Unanue","Julen Rementer\u00eda","Libro Vaquero","Pepe Mancha","Salvador Mu\u00f1oz","San L\u00e1zaro","Sergio Mayer","SIOP"],"articleSection":["De Opini\u00f3n"],"inLanguage":"es","potentialAction":[{"@type":"CommentAction","name":"Comment","target":["https:\/\/lospoliticosveracruz.com\/?p=45202#respond"]}]},{"@type":"WebPage","@id":"https:\/\/lospoliticosveracruz.com\/?p=45202","url":"https:\/\/lospoliticosveracruz.com\/?p=45202","name":"Mayer y Julen: Cultura y obras - Los pol\u00edticos Veracruz","isPartOf":{"@id":"https:\/\/lospoliticosveracruz.com\/#website"},"datePublished":"2018-10-02T03:55:58+00:00","breadcrumb":{"@id":"https:\/\/lospoliticosveracruz.com\/?p=45202#breadcrumb"},"inLanguage":"es","potentialAction":[{"@type":"ReadAction","target":["https:\/\/lospoliticosveracruz.com\/?p=45202"]}]},{"@type":"BreadcrumbList","@id":"https:\/\/lospoliticosveracruz.com\/?p=45202#breadcrumb","itemListElement":[{"@type":"ListItem","position":1,"name":"Portada","item":"https:\/\/lospoliticosveracruz.com\/"},{"@type":"ListItem","position":2,"name":"Mayer y Julen: Cultura y obras"}]},{"@type":"WebSite","@id":"https:\/\/lospoliticosveracruz.com\/#website","url":"https:\/\/lospoliticosveracruz.com\/","name":"Los pol\u00edticos Veracruz","description":"","publisher":{"@id":"https:\/\/lospoliticosveracruz.com\/#organization"},"potentialAction":[{"@type":"SearchAction","target":{"@type":"EntryPoint","urlTemplate":"https:\/\/lospoliticosveracruz.com\/?s={search_term_string}"},"query-input":{"@type":"PropertyValueSpecification","valueRequired":true,"valueName":"search_term_string"}}],"inLanguage":"es"},{"@type":"Organization","@id":"https:\/\/lospoliticosveracruz.com\/#organization","name":"Los pol\u00edticos Veracruz","url":"https:\/\/lospoliticosveracruz.com\/","logo":{"@type":"ImageObject","inLanguage":"es","@id":"https:\/\/lospoliticosveracruz.com\/#\/schema\/logo\/image\/","url":"https:\/\/lospoliticosveracruz.com\/wp-content\/uploads\/2025\/12\/Logo-Nuevo-LOS-POLITICOS-1.jpg","contentUrl":"https:\/\/lospoliticosveracruz.com\/wp-content\/uploads\/2025\/12\/Logo-Nuevo-LOS-POLITICOS-1.jpg","width":260,"height":70,"caption":"Los pol\u00edticos Veracruz"},"image":{"@id":"https:\/\/lospoliticosveracruz.com\/#\/schema\/logo\/image\/"},"sameAs":["https:\/\/www.facebook.com\/people\/Notimemes-de-los-Polticos\/61565672886568\/","https:\/\/x.com\/LosPoliticosVer"]},{"@type":"Person","@id":"https:\/\/lospoliticosveracruz.com\/#\/schema\/person\/b8702bb0e538456e6efd07080bf2a4a2","name":"Lo viste en Los Pol\u00edticos","image":{"@type":"ImageObject","inLanguage":"es","@id":"https:\/\/secure.gravatar.com\/avatar\/3a8de04a2656d44082be478bd6c086daa447c4651605818287b9532d3d0bd435?s=96&d=mm&r=g","url":"https:\/\/secure.gravatar.com\/avatar\/3a8de04a2656d44082be478bd6c086daa447c4651605818287b9532d3d0bd435?s=96&d=mm&r=g","contentUrl":"https:\/\/secure.gravatar.com\/avatar\/3a8de04a2656d44082be478bd6c086daa447c4651605818287b9532d3d0bd435?s=96&d=mm&r=g","caption":"Lo viste en Los Pol\u00edticos"},"url":"https:\/\/lospoliticosveracruz.com\/?author=2"}]}},"_links":{"self":[{"href":"https:\/\/lospoliticosveracruz.com\/index.php?rest_route=\/wp\/v2\/posts\/45202","targetHints":{"allow":["GET"]}}],"collection":[{"href":"https:\/\/lospoliticosveracruz.com\/index.php?rest_route=\/wp\/v2\/posts"}],"about":[{"href":"https:\/\/lospoliticosveracruz.com\/index.php?rest_route=\/wp\/v2\/types\/post"}],"author":[{"embeddable":true,"href":"https:\/\/lospoliticosveracruz.com\/index.php?rest_route=\/wp\/v2\/users\/2"}],"replies":[{"embeddable":true,"href":"https:\/\/lospoliticosveracruz.com\/index.php?rest_route=%2Fwp%2Fv2%2Fcomments&post=45202"}],"version-history":[{"count":1,"href":"https:\/\/lospoliticosveracruz.com\/index.php?rest_route=\/wp\/v2\/posts\/45202\/revisions"}],"predecessor-version":[{"id":45204,"href":"https:\/\/lospoliticosveracruz.com\/index.php?rest_route=\/wp\/v2\/posts\/45202\/revisions\/45204"}],"wp:attachment":[{"href":"https:\/\/lospoliticosveracruz.com\/index.php?rest_route=%2Fwp%2Fv2%2Fmedia&parent=45202"}],"wp:term":[{"taxonomy":"category","embeddable":true,"href":"https:\/\/lospoliticosveracruz.com\/index.php?rest_route=%2Fwp%2Fv2%2Fcategories&post=45202"},{"taxonomy":"post_tag","embeddable":true,"href":"https:\/\/lospoliticosveracruz.com\/index.php?rest_route=%2Fwp%2Fv2%2Ftags&post=45202"}],"curies":[{"name":"wp","href":"https:\/\/api.w.org\/{rel}","templated":true}]}}