{"id":45207,"date":"2018-10-02T16:02:22","date_gmt":"2018-10-02T21:02:22","guid":{"rendered":"http:\/\/www.lospoliticosveracruz.com.mx\/?p=45207"},"modified":"2018-10-02T16:02:22","modified_gmt":"2018-10-02T21:02:22","slug":"la-perspectiva-estable-de-la-deuda-veracruzana","status":"publish","type":"post","link":"https:\/\/lospoliticosveracruz.com\/?p=45207","title":{"rendered":"La perspectiva estable de la deuda veracruzana"},"content":{"rendered":"<p><b>Luis Alberto Romero<\/b><\/p>\n<p><em>Hora Cero<\/em><\/p>\n<p>&nbsp;<\/p>\n<p>&nbsp;<\/p>\n<p><u><\/u>De forma reciente, el Instituto Belisario Dom\u00ednguez, del Senado de la Rep\u00fablica, dio a conocer su reporte trimestral sobre la deuda de las entidades federativas y los municipios, correspondiente al segundo trimestre del presente a\u00f1o.<u><\/u><u><\/u><\/p>\n<p>En t\u00e9rminos generales hubo un aumento en la deuda de casi 2 por ciento con relaci\u00f3n al trimestre anterior.<u><\/u><u><\/u><\/p>\n<p>La deuda de estados y municipios se ubic\u00f3 en 574 mil 780 millones de pesos, 2.6 por ciento del Producto Interno Bruto.<u><\/u><u><\/u><\/p>\n<p>A diferencia de a\u00f1os anteriores y contrario a lo que est\u00e1bamos acostumbrados durante la administraci\u00f3n de Javier Duarte, no hubo malas noticias para Veracruz, dado que en el sistema de alertas, la entidad pas\u00f3 de color amarillo a verde en el sem\u00e1foro, que habla ya de un nivel de endeudamiento sostenible.<u><\/u><u><\/u><\/p>\n<p>El Senado tambi\u00e9n indica que Veracruz mejor\u00f3 su calificaci\u00f3n, para alcanzar una perspectiva estable; \u201caunque permanece con un riesgo moderado, su recuperaci\u00f3n se fundamenta en un\u00a0 desempe\u00f1o presupuestal adecuado. El estado logr\u00f3 en 2017 una reestructura de su deuda de largo plazo, por lo que elimin\u00f3 los riesgos asociados a cl\u00e1usulas de vencimiento cruzado y de aceleraci\u00f3n de la deuda bancaria anterior, con lo que logr\u00f3 disminuir el servicio de la deuda a trav\u00e9s de mejores t\u00e9rminos y condiciones. Adem\u00e1s, se implementaron pol\u00edticas de ajuste presupuestal para fortalecer su ahorro interno\u201d.<u><\/u><u><\/u><\/p>\n<p>En general, los indicadores de Veracruz no se ubicaron en un nivel tan malo: sem\u00e1foro verde en sostenibilidad de la deuda; amarillo en capacidad de pago; y verde en disponibilidad financiera para hacer frente a sus obligaciones de corto plazo.<u><\/u><u><\/u><\/p>\n<p>Destaca tambi\u00e9n que siendo la deuda de 46 mil 295 millones de pesos, la deuda per c\u00e1pita se ubic\u00f3 en 5 mil 632 pesos; 1.6 por ciento menos que en el trimestre anterior.<u><\/u><u><\/u><\/p>\n<p>Un punto que llama la atenci\u00f3n es el relacionado con los municipios, dado que de los 212, s\u00f3lo 12 no est\u00e1n endeudados. Entre Coatzacoalcos, Veracruz, Xalapa y Tuxpan deben 944 millones 200 mil pesos, casi 40 por ciento del total de la deuda municipal.<u><\/u><u><\/u><\/p>\n<p>En general, dados los dram\u00e1ticos antecedentes y el impresionante crecimiento que registr\u00f3 la deuda p\u00fablica veracruzana, no se puede hablar de malos resultados en la \u00faltima evaluaci\u00f3n dada a conocer por el Senado.<u><\/u><u><\/u><\/p>\n<p>Al final, nadie esperaba que una administraci\u00f3n de dos a\u00f1os pudiera corregir dos d\u00e9cadas de endeudamiento y diez a\u00f1os de irresponsabilidad administrativa; al presente gobierno\u00a0 estatal se le podr\u00eda criticar por muchos otros temas, seguridad p\u00fablica entre ellos, pero dif\u00edcilmente por el manejo de la deuda.<u><\/u><u><\/u><\/p>\n<p><u><\/u><\/p>\n<p><b>Conflicto por la tierra en El Castillo<u><\/u><u><\/u><\/b><\/p>\n<p>A los problemas por la falta de servicios que padece la comunidad de El Castillo, en Xalapa, se sumar\u00e1 otro. Resulta que el ex comisariado ejidal de ese lugar, Jos\u00e9 P\u00e9rez L\u00f3pez, se ha metido a corredor de bienes ra\u00edces.<u><\/u><u><\/u><\/p>\n<p>Nadie censurar\u00eda su forma de ganarse la vida de no ser porque est\u00e1 queriendo vender lotes aleda\u00f1os a la laguna que tienen due\u00f1o.<u><\/u><u><\/u><\/p>\n<p>El ex agente municipal de El Castillo, Juan Gabriel Hern\u00e1ndez Baizabal, dijo que de manera ilegal Jos\u00e9 P\u00e9rez se apropi\u00f3 de esos terrenos al falsificar documentos de la asamblea y con ellos pretende vender m\u00e1s de 150 cesiones de derechos con lo que estar\u00eda despojando a sus leg\u00edtimos due\u00f1os.<u><\/u><u><\/u><\/p>\n<p>Los ejidatarios anunciaron que el pr\u00f3ximo lunes interpondr\u00e1n una denuncia ante el Tribunal Agrario a fin de evitar este atropello. Pero a buen \u00e1rbol se est\u00e1n arrimando. Si hay una dependencia donde existe rezago es en el Tribunal Agrario que tiene en sus archivos litigios de terrenos desde antes de que naciera el PRI y esto sucedi\u00f3 hace 89 a\u00f1os.<\/p>\n<p>@luisromero85<\/p>\n","protected":false},"excerpt":{"rendered":"<p>Luis Alberto Romero Hora Cero &nbsp; &nbsp; De forma reciente, el Instituto Belisario Dom\u00ednguez, del Senado de la Rep\u00fablica, dio a conocer su reporte trimestral sobre la deuda de las entidades federativas y los municipios, correspondiente al segundo trimestre del presente a\u00f1o. En t\u00e9rminos generales hubo un aumento en la deuda de casi 2 por [&hellip;]<\/p>\n","protected":false},"author":2,"featured_media":0,"comment_status":"open","ping_status":"open","sticky":false,"template":"","format":"standard","meta":{"tdm_status":"","tdm_grid_status":"","footnotes":""},"categories":[70],"tags":[1733,162],"class_list":{"0":"post-45207","1":"post","2":"type-post","3":"status-publish","4":"format-standard","6":"category-de-opinion","7":"tag-deuda-veracruzana","8":"tag-javier-duarte"},"yoast_head":"<!-- This site is optimized with the Yoast SEO plugin v27.4 - https:\/\/yoast.com\/product\/yoast-seo-wordpress\/ -->\n<title>La perspectiva estable de la deuda veracruzana - Los pol\u00edticos Veracruz<\/title>\n<meta name=\"robots\" content=\"index, follow, max-snippet:-1, max-image-preview:large, max-video-preview:-1\" \/>\n<link rel=\"canonical\" href=\"https:\/\/lospoliticosveracruz.com\/?p=45207\" \/>\n<meta property=\"og:locale\" content=\"es_ES\" \/>\n<meta property=\"og:type\" content=\"article\" \/>\n<meta property=\"og:title\" content=\"La perspectiva estable de la deuda veracruzana - Los pol\u00edticos Veracruz\" \/>\n<meta property=\"og:description\" content=\"Luis Alberto Romero Hora Cero &nbsp; &nbsp; De forma reciente, el Instituto Belisario Dom\u00ednguez, del Senado de la Rep\u00fablica, dio a conocer su reporte trimestral sobre la deuda de las entidades federativas y los municipios, correspondiente al segundo trimestre del presente a\u00f1o. En t\u00e9rminos generales hubo un aumento en la deuda de casi 2 por [&hellip;]\" \/>\n<meta property=\"og:url\" content=\"https:\/\/lospoliticosveracruz.com\/?p=45207\" \/>\n<meta property=\"og:site_name\" content=\"Los pol\u00edticos Veracruz\" \/>\n<meta property=\"article:publisher\" content=\"https:\/\/www.facebook.com\/people\/Notimemes-de-los-Polticos\/61565672886568\/\" \/>\n<meta property=\"article:published_time\" content=\"2018-10-02T21:02:22+00:00\" \/>\n<meta property=\"og:image\" content=\"https:\/\/lospoliticosveracruz.com\/wp-content\/uploads\/2016\/07\/Logo-Dor.jpg\" \/>\n\t<meta property=\"og:image:width\" content=\"200\" \/>\n\t<meta property=\"og:image:height\" content=\"200\" \/>\n\t<meta property=\"og:image:type\" content=\"image\/jpeg\" \/>\n<meta name=\"author\" content=\"Lo viste en Los Pol\u00edticos\" \/>\n<meta name=\"twitter:card\" content=\"summary_large_image\" \/>\n<meta name=\"twitter:creator\" content=\"@LosPoliticosVer\" \/>\n<meta name=\"twitter:site\" content=\"@LosPoliticosVer\" \/>\n<meta name=\"twitter:label1\" content=\"Escrito por\" \/>\n\t<meta name=\"twitter:data1\" content=\"Lo viste en Los Pol\u00edticos\" \/>\n\t<meta name=\"twitter:label2\" content=\"Tiempo de lectura\" \/>\n\t<meta name=\"twitter:data2\" content=\"3 minutos\" \/>\n<script type=\"application\/ld+json\" class=\"yoast-schema-graph\">{\"@context\":\"https:\\\/\\\/schema.org\",\"@graph\":[{\"@type\":\"Article\",\"@id\":\"https:\\\/\\\/lospoliticosveracruz.com\\\/?p=45207#article\",\"isPartOf\":{\"@id\":\"https:\\\/\\\/lospoliticosveracruz.com\\\/?p=45207\"},\"author\":{\"name\":\"Lo viste en Los Pol\u00edticos\",\"@id\":\"https:\\\/\\\/lospoliticosveracruz.com\\\/#\\\/schema\\\/person\\\/b8702bb0e538456e6efd07080bf2a4a2\"},\"headline\":\"La perspectiva estable de la deuda veracruzana\",\"datePublished\":\"2018-10-02T21:02:22+00:00\",\"mainEntityOfPage\":{\"@id\":\"https:\\\/\\\/lospoliticosveracruz.com\\\/?p=45207\"},\"wordCount\":642,\"commentCount\":0,\"publisher\":{\"@id\":\"https:\\\/\\\/lospoliticosveracruz.com\\\/#organization\"},\"keywords\":[\"deuda veracruzana\",\"Javier Duarte\"],\"articleSection\":[\"De Opini\u00f3n\"],\"inLanguage\":\"es\",\"potentialAction\":[{\"@type\":\"CommentAction\",\"name\":\"Comment\",\"target\":[\"https:\\\/\\\/lospoliticosveracruz.com\\\/?p=45207#respond\"]}]},{\"@type\":\"WebPage\",\"@id\":\"https:\\\/\\\/lospoliticosveracruz.com\\\/?p=45207\",\"url\":\"https:\\\/\\\/lospoliticosveracruz.com\\\/?p=45207\",\"name\":\"La perspectiva estable de la deuda veracruzana - Los pol\u00edticos Veracruz\",\"isPartOf\":{\"@id\":\"https:\\\/\\\/lospoliticosveracruz.com\\\/#website\"},\"datePublished\":\"2018-10-02T21:02:22+00:00\",\"breadcrumb\":{\"@id\":\"https:\\\/\\\/lospoliticosveracruz.com\\\/?p=45207#breadcrumb\"},\"inLanguage\":\"es\",\"potentialAction\":[{\"@type\":\"ReadAction\",\"target\":[\"https:\\\/\\\/lospoliticosveracruz.com\\\/?p=45207\"]}]},{\"@type\":\"BreadcrumbList\",\"@id\":\"https:\\\/\\\/lospoliticosveracruz.com\\\/?p=45207#breadcrumb\",\"itemListElement\":[{\"@type\":\"ListItem\",\"position\":1,\"name\":\"Portada\",\"item\":\"https:\\\/\\\/lospoliticosveracruz.com\\\/\"},{\"@type\":\"ListItem\",\"position\":2,\"name\":\"La perspectiva estable de la deuda veracruzana\"}]},{\"@type\":\"WebSite\",\"@id\":\"https:\\\/\\\/lospoliticosveracruz.com\\\/#website\",\"url\":\"https:\\\/\\\/lospoliticosveracruz.com\\\/\",\"name\":\"Los pol\u00edticos Veracruz\",\"description\":\"\",\"publisher\":{\"@id\":\"https:\\\/\\\/lospoliticosveracruz.com\\\/#organization\"},\"potentialAction\":[{\"@type\":\"SearchAction\",\"target\":{\"@type\":\"EntryPoint\",\"urlTemplate\":\"https:\\\/\\\/lospoliticosveracruz.com\\\/?s={search_term_string}\"},\"query-input\":{\"@type\":\"PropertyValueSpecification\",\"valueRequired\":true,\"valueName\":\"search_term_string\"}}],\"inLanguage\":\"es\"},{\"@type\":\"Organization\",\"@id\":\"https:\\\/\\\/lospoliticosveracruz.com\\\/#organization\",\"name\":\"Los pol\u00edticos Veracruz\",\"url\":\"https:\\\/\\\/lospoliticosveracruz.com\\\/\",\"logo\":{\"@type\":\"ImageObject\",\"inLanguage\":\"es\",\"@id\":\"https:\\\/\\\/lospoliticosveracruz.com\\\/#\\\/schema\\\/logo\\\/image\\\/\",\"url\":\"https:\\\/\\\/lospoliticosveracruz.com\\\/wp-content\\\/uploads\\\/2025\\\/12\\\/Logo-Nuevo-LOS-POLITICOS-1.jpg\",\"contentUrl\":\"https:\\\/\\\/lospoliticosveracruz.com\\\/wp-content\\\/uploads\\\/2025\\\/12\\\/Logo-Nuevo-LOS-POLITICOS-1.jpg\",\"width\":260,\"height\":70,\"caption\":\"Los pol\u00edticos Veracruz\"},\"image\":{\"@id\":\"https:\\\/\\\/lospoliticosveracruz.com\\\/#\\\/schema\\\/logo\\\/image\\\/\"},\"sameAs\":[\"https:\\\/\\\/www.facebook.com\\\/people\\\/Notimemes-de-los-Polticos\\\/61565672886568\\\/\",\"https:\\\/\\\/x.com\\\/LosPoliticosVer\"]},{\"@type\":\"Person\",\"@id\":\"https:\\\/\\\/lospoliticosveracruz.com\\\/#\\\/schema\\\/person\\\/b8702bb0e538456e6efd07080bf2a4a2\",\"name\":\"Lo viste en Los Pol\u00edticos\",\"image\":{\"@type\":\"ImageObject\",\"inLanguage\":\"es\",\"@id\":\"https:\\\/\\\/secure.gravatar.com\\\/avatar\\\/3a8de04a2656d44082be478bd6c086daa447c4651605818287b9532d3d0bd435?s=96&d=mm&r=g\",\"url\":\"https:\\\/\\\/secure.gravatar.com\\\/avatar\\\/3a8de04a2656d44082be478bd6c086daa447c4651605818287b9532d3d0bd435?s=96&d=mm&r=g\",\"contentUrl\":\"https:\\\/\\\/secure.gravatar.com\\\/avatar\\\/3a8de04a2656d44082be478bd6c086daa447c4651605818287b9532d3d0bd435?s=96&d=mm&r=g\",\"caption\":\"Lo viste en Los Pol\u00edticos\"},\"url\":\"https:\\\/\\\/lospoliticosveracruz.com\\\/?author=2\"}]}<\/script>\n<!-- \/ Yoast SEO plugin. -->","yoast_head_json":{"title":"La perspectiva estable de la deuda veracruzana - Los pol\u00edticos Veracruz","robots":{"index":"index","follow":"follow","max-snippet":"max-snippet:-1","max-image-preview":"max-image-preview:large","max-video-preview":"max-video-preview:-1"},"canonical":"https:\/\/lospoliticosveracruz.com\/?p=45207","og_locale":"es_ES","og_type":"article","og_title":"La perspectiva estable de la deuda veracruzana - Los pol\u00edticos Veracruz","og_description":"Luis Alberto Romero Hora Cero &nbsp; &nbsp; De forma reciente, el Instituto Belisario Dom\u00ednguez, del Senado de la Rep\u00fablica, dio a conocer su reporte trimestral sobre la deuda de las entidades federativas y los municipios, correspondiente al segundo trimestre del presente a\u00f1o. En t\u00e9rminos generales hubo un aumento en la deuda de casi 2 por [&hellip;]","og_url":"https:\/\/lospoliticosveracruz.com\/?p=45207","og_site_name":"Los pol\u00edticos Veracruz","article_publisher":"https:\/\/www.facebook.com\/people\/Notimemes-de-los-Polticos\/61565672886568\/","article_published_time":"2018-10-02T21:02:22+00:00","og_image":[{"width":200,"height":200,"url":"https:\/\/lospoliticosveracruz.com\/wp-content\/uploads\/2016\/07\/Logo-Dor.jpg","type":"image\/jpeg"}],"author":"Lo viste en Los Pol\u00edticos","twitter_card":"summary_large_image","twitter_creator":"@LosPoliticosVer","twitter_site":"@LosPoliticosVer","twitter_misc":{"Escrito por":"Lo viste en Los Pol\u00edticos","Tiempo de lectura":"3 minutos"},"schema":{"@context":"https:\/\/schema.org","@graph":[{"@type":"Article","@id":"https:\/\/lospoliticosveracruz.com\/?p=45207#article","isPartOf":{"@id":"https:\/\/lospoliticosveracruz.com\/?p=45207"},"author":{"name":"Lo viste en Los Pol\u00edticos","@id":"https:\/\/lospoliticosveracruz.com\/#\/schema\/person\/b8702bb0e538456e6efd07080bf2a4a2"},"headline":"La perspectiva estable de la deuda veracruzana","datePublished":"2018-10-02T21:02:22+00:00","mainEntityOfPage":{"@id":"https:\/\/lospoliticosveracruz.com\/?p=45207"},"wordCount":642,"commentCount":0,"publisher":{"@id":"https:\/\/lospoliticosveracruz.com\/#organization"},"keywords":["deuda veracruzana","Javier Duarte"],"articleSection":["De Opini\u00f3n"],"inLanguage":"es","potentialAction":[{"@type":"CommentAction","name":"Comment","target":["https:\/\/lospoliticosveracruz.com\/?p=45207#respond"]}]},{"@type":"WebPage","@id":"https:\/\/lospoliticosveracruz.com\/?p=45207","url":"https:\/\/lospoliticosveracruz.com\/?p=45207","name":"La perspectiva estable de la deuda veracruzana - Los pol\u00edticos Veracruz","isPartOf":{"@id":"https:\/\/lospoliticosveracruz.com\/#website"},"datePublished":"2018-10-02T21:02:22+00:00","breadcrumb":{"@id":"https:\/\/lospoliticosveracruz.com\/?p=45207#breadcrumb"},"inLanguage":"es","potentialAction":[{"@type":"ReadAction","target":["https:\/\/lospoliticosveracruz.com\/?p=45207"]}]},{"@type":"BreadcrumbList","@id":"https:\/\/lospoliticosveracruz.com\/?p=45207#breadcrumb","itemListElement":[{"@type":"ListItem","position":1,"name":"Portada","item":"https:\/\/lospoliticosveracruz.com\/"},{"@type":"ListItem","position":2,"name":"La perspectiva estable de la deuda veracruzana"}]},{"@type":"WebSite","@id":"https:\/\/lospoliticosveracruz.com\/#website","url":"https:\/\/lospoliticosveracruz.com\/","name":"Los pol\u00edticos Veracruz","description":"","publisher":{"@id":"https:\/\/lospoliticosveracruz.com\/#organization"},"potentialAction":[{"@type":"SearchAction","target":{"@type":"EntryPoint","urlTemplate":"https:\/\/lospoliticosveracruz.com\/?s={search_term_string}"},"query-input":{"@type":"PropertyValueSpecification","valueRequired":true,"valueName":"search_term_string"}}],"inLanguage":"es"},{"@type":"Organization","@id":"https:\/\/lospoliticosveracruz.com\/#organization","name":"Los pol\u00edticos Veracruz","url":"https:\/\/lospoliticosveracruz.com\/","logo":{"@type":"ImageObject","inLanguage":"es","@id":"https:\/\/lospoliticosveracruz.com\/#\/schema\/logo\/image\/","url":"https:\/\/lospoliticosveracruz.com\/wp-content\/uploads\/2025\/12\/Logo-Nuevo-LOS-POLITICOS-1.jpg","contentUrl":"https:\/\/lospoliticosveracruz.com\/wp-content\/uploads\/2025\/12\/Logo-Nuevo-LOS-POLITICOS-1.jpg","width":260,"height":70,"caption":"Los pol\u00edticos Veracruz"},"image":{"@id":"https:\/\/lospoliticosveracruz.com\/#\/schema\/logo\/image\/"},"sameAs":["https:\/\/www.facebook.com\/people\/Notimemes-de-los-Polticos\/61565672886568\/","https:\/\/x.com\/LosPoliticosVer"]},{"@type":"Person","@id":"https:\/\/lospoliticosveracruz.com\/#\/schema\/person\/b8702bb0e538456e6efd07080bf2a4a2","name":"Lo viste en Los Pol\u00edticos","image":{"@type":"ImageObject","inLanguage":"es","@id":"https:\/\/secure.gravatar.com\/avatar\/3a8de04a2656d44082be478bd6c086daa447c4651605818287b9532d3d0bd435?s=96&d=mm&r=g","url":"https:\/\/secure.gravatar.com\/avatar\/3a8de04a2656d44082be478bd6c086daa447c4651605818287b9532d3d0bd435?s=96&d=mm&r=g","contentUrl":"https:\/\/secure.gravatar.com\/avatar\/3a8de04a2656d44082be478bd6c086daa447c4651605818287b9532d3d0bd435?s=96&d=mm&r=g","caption":"Lo viste en Los Pol\u00edticos"},"url":"https:\/\/lospoliticosveracruz.com\/?author=2"}]}},"_links":{"self":[{"href":"https:\/\/lospoliticosveracruz.com\/index.php?rest_route=\/wp\/v2\/posts\/45207","targetHints":{"allow":["GET"]}}],"collection":[{"href":"https:\/\/lospoliticosveracruz.com\/index.php?rest_route=\/wp\/v2\/posts"}],"about":[{"href":"https:\/\/lospoliticosveracruz.com\/index.php?rest_route=\/wp\/v2\/types\/post"}],"author":[{"embeddable":true,"href":"https:\/\/lospoliticosveracruz.com\/index.php?rest_route=\/wp\/v2\/users\/2"}],"replies":[{"embeddable":true,"href":"https:\/\/lospoliticosveracruz.com\/index.php?rest_route=%2Fwp%2Fv2%2Fcomments&post=45207"}],"version-history":[{"count":1,"href":"https:\/\/lospoliticosveracruz.com\/index.php?rest_route=\/wp\/v2\/posts\/45207\/revisions"}],"predecessor-version":[{"id":45208,"href":"https:\/\/lospoliticosveracruz.com\/index.php?rest_route=\/wp\/v2\/posts\/45207\/revisions\/45208"}],"wp:attachment":[{"href":"https:\/\/lospoliticosveracruz.com\/index.php?rest_route=%2Fwp%2Fv2%2Fmedia&parent=45207"}],"wp:term":[{"taxonomy":"category","embeddable":true,"href":"https:\/\/lospoliticosveracruz.com\/index.php?rest_route=%2Fwp%2Fv2%2Fcategories&post=45207"},{"taxonomy":"post_tag","embeddable":true,"href":"https:\/\/lospoliticosveracruz.com\/index.php?rest_route=%2Fwp%2Fv2%2Ftags&post=45207"}],"curies":[{"name":"wp","href":"https:\/\/api.w.org\/{rel}","templated":true}]}}