{"id":45210,"date":"2018-10-02T16:22:40","date_gmt":"2018-10-02T21:22:40","guid":{"rendered":"http:\/\/www.lospoliticosveracruz.com.mx\/?p=45210"},"modified":"2018-10-02T16:22:40","modified_gmt":"2018-10-02T21:22:40","slug":"ley-duarte-preludio-consigna-o-de-que-se-trata","status":"publish","type":"post","link":"https:\/\/lospoliticosveracruz.com\/?p=45210","title":{"rendered":"\u201cLey Duarte\u201d. \u00bfPreludio, consigna, o de qu\u00e9 se trata?"},"content":{"rendered":"<p style=\"text-align: left;\" align=\"center\"><b><\/b><strong><span lang=\"ES-MX\">Ricardo V\u00e1zquez S.<\/span><\/strong><\/p>\n<p style=\"text-align: left;\" align=\"center\"><em><span lang=\"ES-MX\">Esfera Pol\u00edtica<\/span><\/em><\/p>\n<p align=\"center\"><em><b><\/b><b><span lang=\"ES-MX\">\u00a0<\/span><\/b><\/em><\/p>\n<p><span lang=\"ES-MX\">\u00bfCu\u00e1ntos y qui\u00e9nes de los alcaldes delegacionales de la Ciudad de M\u00e9xico que este lunes protestaron guardar y hacer guardar la Constituci\u00f3n federal, la Constituci\u00f3n local y dem\u00e1s leyes, podr\u00edan estar coludidos con el crimen organizado que ha puesto en zozobra a los capitalinos? \u00a0<\/span><\/p>\n<p><span lang=\"ES-MX\">Las im\u00e1genes que exhib\u00edan al fat\u00eddico exgobernador Javier Duarte de Ochoa al momento de ingresar al Reclusorio Norte, muchos debieron haber pensado que la escena revelaba el crep\u00fasculo de su existencia pol\u00edtica, social y posiblemente terrenal. Pudo haber sucedido que no se le presto la suficiente atenci\u00f3n a la sonrisa ir\u00f3nica del admirador del dictador Francisco Franco, ni la debida interpretaci\u00f3n. Duarte de Ochoa transmit\u00eda en esos instantes lo que suceder\u00eda posteriormente: que su encarcelamiento ser\u00eda transitorio; tan fugaz como lo fueron los recursos p\u00fablicos de los veracruzanos con los que se debieron haber construido hospitales, escuelas y todo tipo de obra en beneficio de la poblaci\u00f3n. En lugar de eso el dinero se gasta e\u00a0\u00a0invierte en Londres, Houston, Madrid, Ciudad de M\u00e9xico y en muchas otras latitudes. \u00a0\u00a0<\/span><\/p>\n<p><span lang=\"ES-MX\">A estas alturas resulta muy complicado captar con precisi\u00f3n de qu\u00e9 lado o grupo juega determinado actor pol\u00edtico; es muy dif\u00edcil e inexacto saberlo. La hediondez en la atm\u00f3sfera pol\u00edtica se esparce como un potente virus da\u00f1ino.\u00a0\u00a0<\/span><\/p>\n<p><span lang=\"ES-MX\">En los \u00faltimos a\u00f1os, los veracruzanos han confirmado que cada Legislatura que concluye deja su sello \u201cdistintivo\u201d como recuerdo; una conmemoraci\u00f3n permanente de esa maldita zanja cada vez m\u00e1s ensanchada entre parlamentarios y ciudadan\u00eda. El distanciamiento entre las mieles del poder y las necesidades y problem\u00e1tica de quienes les otorgaron el voto para poder ocupar una curul.<\/span><\/p>\n<p><span lang=\"ES-MX\">La LXIII Legislatura local, la anterior, la que todo le autorizaba, le justificaba y le celebraba a Javier Duarte; lo que suced\u00eda en la entidad lo negaban o desvirtuaban, adem\u00e1s de todo eso, los diputados construyeron su muro; se adelantaron a Trump que pretende construir uno en la frontera norte. Los legisladores veracruzanos mandaron a instalar malla conocida como concertina sobre la barda perimetral de la sede del Congreso, en Xalapa; un \u00a0cerco consistente en filosas cuchillas tipo arp\u00f3n y tipo bistur\u00ed. El objetivo se centr\u00f3 en evitar a como diera lugar el riesgo que significa el contacto de los ciudadanos para los diputados. Y as\u00ed qued\u00f3.\u00a0\u00a0 \u00a0\u00a0\u00a0\u00a0<\/span><\/p>\n<p><span lang=\"ES-MX\">La actual Legislatura local, la n\u00famero LXIV, no ha desaprovechado la oportunidad para dejar desdichados recuerdos. Aparte de los esc\u00e1ndalos, del gris desempe\u00f1o en la gran mayor\u00eda de los diputados, para cerrar con broche de oro revivieron la \u201cLey Duarte\u201d, abortada por la Suprema Corte de Justicia de la Naci\u00f3n en junio de 2013, por considerarla anticonstitucional, con la que se hab\u00eda creado el delito de perturbaci\u00f3n del orden p\u00fablico para castigar afirmaciones falsas a trav\u00e9s de cualquier medio, incluidas las redes sociales.<\/span><\/p>\n<p><span lang=\"ES-MX\">Esta vez, los diputados locales le dieron RCP a aquella fallida Ley: la reanimaron, ampliaron, le devolvieron la vida y la aprobaron.<\/span><\/p>\n<p><span lang=\"ES-MX\">Conocida como \u201cLey Antimemes\u201d, en esta ocasi\u00f3n la iniciativa fue presentada nada menos que por el diputado por el distrito Poza Rica, Jos\u00e9 Kirsch S\u00e1nchez, un legislador de pobre desempe\u00f1o, \u00a0de yerros constantes y desafortunadas declaraciones, a quien el PRD lo hizo diputado, hoy convertido a morenista.<\/span><\/p>\n<p><span lang=\"ES-MX\">Lo que ha llamado la atenci\u00f3n es que la resucitada \u201cLey Duarte\u201d, en la actualidad no se ve que vaya a ser derogada. Se prev\u00e9 que \u00fanicamente le hagan algunas modificaciones y le den largas. Pero de que va, va.<\/span><\/p>\n<p><span lang=\"ES-MX\">Si alguien lleg\u00f3 a pensar que Javier Duarte de Ochoa estaba acabado, el desarrollo de los acontecimientos podr\u00eda demostrar todo lo contrario. Le Ley que \u00e9l creo fue resucitada.<\/span><\/p>\n<p><span style=\"color: #008000;\"><a style=\"color: #008000;\" href=\"mailto:rvazquez002@yahoo.com.mx\" target=\"_blank\" rel=\"noopener noreferrer\" data-auth=\"NotApplicable\"><span lang=\"ES-MX\">rvazquez002@yahoo.com.mx<\/span><\/a><\/span><\/p>\n","protected":false},"excerpt":{"rendered":"<p>Ricardo V\u00e1zquez S. Esfera Pol\u00edtica \u00a0 \u00bfCu\u00e1ntos y qui\u00e9nes de los alcaldes delegacionales de la Ciudad de M\u00e9xico que este lunes protestaron guardar y hacer guardar la Constituci\u00f3n federal, la Constituci\u00f3n local y dem\u00e1s leyes, podr\u00edan estar coludidos con el crimen organizado que ha puesto en zozobra a los capitalinos? \u00a0 Las im\u00e1genes que exhib\u00edan [&hellip;]<\/p>\n","protected":false},"author":2,"featured_media":0,"comment_status":"open","ping_status":"open","sticky":false,"template":"","format":"standard","meta":{"tdm_status":"","tdm_grid_status":"","footnotes":""},"categories":[70],"tags":[3795],"class_list":{"0":"post-45210","1":"post","2":"type-post","3":"status-publish","4":"format-standard","6":"category-de-opinion","7":"tag-ciudad-de-mexico"},"yoast_head":"<!-- This site is optimized with the Yoast SEO plugin v27.4 - https:\/\/yoast.com\/product\/yoast-seo-wordpress\/ -->\n<title>\u201cLey Duarte\u201d. \u00bfPreludio, consigna, o de qu\u00e9 se trata? - Los pol\u00edticos Veracruz<\/title>\n<meta name=\"robots\" content=\"index, follow, max-snippet:-1, max-image-preview:large, max-video-preview:-1\" \/>\n<link rel=\"canonical\" href=\"https:\/\/lospoliticosveracruz.com\/?p=45210\" \/>\n<meta property=\"og:locale\" content=\"es_ES\" \/>\n<meta property=\"og:type\" content=\"article\" \/>\n<meta property=\"og:title\" content=\"\u201cLey Duarte\u201d. \u00bfPreludio, consigna, o de qu\u00e9 se trata? - Los pol\u00edticos Veracruz\" \/>\n<meta property=\"og:description\" content=\"Ricardo V\u00e1zquez S. Esfera Pol\u00edtica \u00a0 \u00bfCu\u00e1ntos y qui\u00e9nes de los alcaldes delegacionales de la Ciudad de M\u00e9xico que este lunes protestaron guardar y hacer guardar la Constituci\u00f3n federal, la Constituci\u00f3n local y dem\u00e1s leyes, podr\u00edan estar coludidos con el crimen organizado que ha puesto en zozobra a los capitalinos? \u00a0 Las im\u00e1genes que exhib\u00edan [&hellip;]\" \/>\n<meta property=\"og:url\" content=\"https:\/\/lospoliticosveracruz.com\/?p=45210\" \/>\n<meta property=\"og:site_name\" content=\"Los pol\u00edticos Veracruz\" \/>\n<meta property=\"article:publisher\" content=\"https:\/\/www.facebook.com\/people\/Notimemes-de-los-Polticos\/61565672886568\/\" \/>\n<meta property=\"article:published_time\" content=\"2018-10-02T21:22:40+00:00\" \/>\n<meta property=\"og:image\" content=\"https:\/\/lospoliticosveracruz.com\/wp-content\/uploads\/2016\/07\/Logo-Dor.jpg\" \/>\n\t<meta property=\"og:image:width\" content=\"200\" \/>\n\t<meta property=\"og:image:height\" content=\"200\" \/>\n\t<meta property=\"og:image:type\" content=\"image\/jpeg\" \/>\n<meta name=\"author\" content=\"Lo viste en Los Pol\u00edticos\" \/>\n<meta name=\"twitter:card\" content=\"summary_large_image\" \/>\n<meta name=\"twitter:creator\" content=\"@LosPoliticosVer\" \/>\n<meta name=\"twitter:site\" content=\"@LosPoliticosVer\" \/>\n<meta name=\"twitter:label1\" content=\"Escrito por\" \/>\n\t<meta name=\"twitter:data1\" content=\"Lo viste en Los Pol\u00edticos\" \/>\n\t<meta name=\"twitter:label2\" content=\"Tiempo de lectura\" \/>\n\t<meta name=\"twitter:data2\" content=\"3 minutos\" \/>\n<script type=\"application\/ld+json\" class=\"yoast-schema-graph\">{\"@context\":\"https:\\\/\\\/schema.org\",\"@graph\":[{\"@type\":\"Article\",\"@id\":\"https:\\\/\\\/lospoliticosveracruz.com\\\/?p=45210#article\",\"isPartOf\":{\"@id\":\"https:\\\/\\\/lospoliticosveracruz.com\\\/?p=45210\"},\"author\":{\"name\":\"Lo viste en Los Pol\u00edticos\",\"@id\":\"https:\\\/\\\/lospoliticosveracruz.com\\\/#\\\/schema\\\/person\\\/b8702bb0e538456e6efd07080bf2a4a2\"},\"headline\":\"\u201cLey Duarte\u201d. \u00bfPreludio, consigna, o de qu\u00e9 se trata?\",\"datePublished\":\"2018-10-02T21:22:40+00:00\",\"mainEntityOfPage\":{\"@id\":\"https:\\\/\\\/lospoliticosveracruz.com\\\/?p=45210\"},\"wordCount\":663,\"commentCount\":0,\"publisher\":{\"@id\":\"https:\\\/\\\/lospoliticosveracruz.com\\\/#organization\"},\"keywords\":[\"Ciudad de M\u00e9xico\"],\"articleSection\":[\"De Opini\u00f3n\"],\"inLanguage\":\"es\",\"potentialAction\":[{\"@type\":\"CommentAction\",\"name\":\"Comment\",\"target\":[\"https:\\\/\\\/lospoliticosveracruz.com\\\/?p=45210#respond\"]}]},{\"@type\":\"WebPage\",\"@id\":\"https:\\\/\\\/lospoliticosveracruz.com\\\/?p=45210\",\"url\":\"https:\\\/\\\/lospoliticosveracruz.com\\\/?p=45210\",\"name\":\"\u201cLey Duarte\u201d. \u00bfPreludio, consigna, o de qu\u00e9 se trata? - Los pol\u00edticos Veracruz\",\"isPartOf\":{\"@id\":\"https:\\\/\\\/lospoliticosveracruz.com\\\/#website\"},\"datePublished\":\"2018-10-02T21:22:40+00:00\",\"breadcrumb\":{\"@id\":\"https:\\\/\\\/lospoliticosveracruz.com\\\/?p=45210#breadcrumb\"},\"inLanguage\":\"es\",\"potentialAction\":[{\"@type\":\"ReadAction\",\"target\":[\"https:\\\/\\\/lospoliticosveracruz.com\\\/?p=45210\"]}]},{\"@type\":\"BreadcrumbList\",\"@id\":\"https:\\\/\\\/lospoliticosveracruz.com\\\/?p=45210#breadcrumb\",\"itemListElement\":[{\"@type\":\"ListItem\",\"position\":1,\"name\":\"Portada\",\"item\":\"https:\\\/\\\/lospoliticosveracruz.com\\\/\"},{\"@type\":\"ListItem\",\"position\":2,\"name\":\"\u201cLey Duarte\u201d. \u00bfPreludio, consigna, o de qu\u00e9 se trata?\"}]},{\"@type\":\"WebSite\",\"@id\":\"https:\\\/\\\/lospoliticosveracruz.com\\\/#website\",\"url\":\"https:\\\/\\\/lospoliticosveracruz.com\\\/\",\"name\":\"Los pol\u00edticos Veracruz\",\"description\":\"\",\"publisher\":{\"@id\":\"https:\\\/\\\/lospoliticosveracruz.com\\\/#organization\"},\"potentialAction\":[{\"@type\":\"SearchAction\",\"target\":{\"@type\":\"EntryPoint\",\"urlTemplate\":\"https:\\\/\\\/lospoliticosveracruz.com\\\/?s={search_term_string}\"},\"query-input\":{\"@type\":\"PropertyValueSpecification\",\"valueRequired\":true,\"valueName\":\"search_term_string\"}}],\"inLanguage\":\"es\"},{\"@type\":\"Organization\",\"@id\":\"https:\\\/\\\/lospoliticosveracruz.com\\\/#organization\",\"name\":\"Los pol\u00edticos Veracruz\",\"url\":\"https:\\\/\\\/lospoliticosveracruz.com\\\/\",\"logo\":{\"@type\":\"ImageObject\",\"inLanguage\":\"es\",\"@id\":\"https:\\\/\\\/lospoliticosveracruz.com\\\/#\\\/schema\\\/logo\\\/image\\\/\",\"url\":\"https:\\\/\\\/lospoliticosveracruz.com\\\/wp-content\\\/uploads\\\/2025\\\/12\\\/Logo-Nuevo-LOS-POLITICOS-1.jpg\",\"contentUrl\":\"https:\\\/\\\/lospoliticosveracruz.com\\\/wp-content\\\/uploads\\\/2025\\\/12\\\/Logo-Nuevo-LOS-POLITICOS-1.jpg\",\"width\":260,\"height\":70,\"caption\":\"Los pol\u00edticos Veracruz\"},\"image\":{\"@id\":\"https:\\\/\\\/lospoliticosveracruz.com\\\/#\\\/schema\\\/logo\\\/image\\\/\"},\"sameAs\":[\"https:\\\/\\\/www.facebook.com\\\/people\\\/Notimemes-de-los-Polticos\\\/61565672886568\\\/\",\"https:\\\/\\\/x.com\\\/LosPoliticosVer\"]},{\"@type\":\"Person\",\"@id\":\"https:\\\/\\\/lospoliticosveracruz.com\\\/#\\\/schema\\\/person\\\/b8702bb0e538456e6efd07080bf2a4a2\",\"name\":\"Lo viste en Los Pol\u00edticos\",\"image\":{\"@type\":\"ImageObject\",\"inLanguage\":\"es\",\"@id\":\"https:\\\/\\\/secure.gravatar.com\\\/avatar\\\/3a8de04a2656d44082be478bd6c086daa447c4651605818287b9532d3d0bd435?s=96&d=mm&r=g\",\"url\":\"https:\\\/\\\/secure.gravatar.com\\\/avatar\\\/3a8de04a2656d44082be478bd6c086daa447c4651605818287b9532d3d0bd435?s=96&d=mm&r=g\",\"contentUrl\":\"https:\\\/\\\/secure.gravatar.com\\\/avatar\\\/3a8de04a2656d44082be478bd6c086daa447c4651605818287b9532d3d0bd435?s=96&d=mm&r=g\",\"caption\":\"Lo viste en Los Pol\u00edticos\"},\"url\":\"https:\\\/\\\/lospoliticosveracruz.com\\\/?author=2\"}]}<\/script>\n<!-- \/ Yoast SEO plugin. -->","yoast_head_json":{"title":"\u201cLey Duarte\u201d. \u00bfPreludio, consigna, o de qu\u00e9 se trata? - Los pol\u00edticos Veracruz","robots":{"index":"index","follow":"follow","max-snippet":"max-snippet:-1","max-image-preview":"max-image-preview:large","max-video-preview":"max-video-preview:-1"},"canonical":"https:\/\/lospoliticosveracruz.com\/?p=45210","og_locale":"es_ES","og_type":"article","og_title":"\u201cLey Duarte\u201d. \u00bfPreludio, consigna, o de qu\u00e9 se trata? - Los pol\u00edticos Veracruz","og_description":"Ricardo V\u00e1zquez S. Esfera Pol\u00edtica \u00a0 \u00bfCu\u00e1ntos y qui\u00e9nes de los alcaldes delegacionales de la Ciudad de M\u00e9xico que este lunes protestaron guardar y hacer guardar la Constituci\u00f3n federal, la Constituci\u00f3n local y dem\u00e1s leyes, podr\u00edan estar coludidos con el crimen organizado que ha puesto en zozobra a los capitalinos? \u00a0 Las im\u00e1genes que exhib\u00edan [&hellip;]","og_url":"https:\/\/lospoliticosveracruz.com\/?p=45210","og_site_name":"Los pol\u00edticos Veracruz","article_publisher":"https:\/\/www.facebook.com\/people\/Notimemes-de-los-Polticos\/61565672886568\/","article_published_time":"2018-10-02T21:22:40+00:00","og_image":[{"width":200,"height":200,"url":"https:\/\/lospoliticosveracruz.com\/wp-content\/uploads\/2016\/07\/Logo-Dor.jpg","type":"image\/jpeg"}],"author":"Lo viste en Los Pol\u00edticos","twitter_card":"summary_large_image","twitter_creator":"@LosPoliticosVer","twitter_site":"@LosPoliticosVer","twitter_misc":{"Escrito por":"Lo viste en Los Pol\u00edticos","Tiempo de lectura":"3 minutos"},"schema":{"@context":"https:\/\/schema.org","@graph":[{"@type":"Article","@id":"https:\/\/lospoliticosveracruz.com\/?p=45210#article","isPartOf":{"@id":"https:\/\/lospoliticosveracruz.com\/?p=45210"},"author":{"name":"Lo viste en Los Pol\u00edticos","@id":"https:\/\/lospoliticosveracruz.com\/#\/schema\/person\/b8702bb0e538456e6efd07080bf2a4a2"},"headline":"\u201cLey Duarte\u201d. \u00bfPreludio, consigna, o de qu\u00e9 se trata?","datePublished":"2018-10-02T21:22:40+00:00","mainEntityOfPage":{"@id":"https:\/\/lospoliticosveracruz.com\/?p=45210"},"wordCount":663,"commentCount":0,"publisher":{"@id":"https:\/\/lospoliticosveracruz.com\/#organization"},"keywords":["Ciudad de M\u00e9xico"],"articleSection":["De Opini\u00f3n"],"inLanguage":"es","potentialAction":[{"@type":"CommentAction","name":"Comment","target":["https:\/\/lospoliticosveracruz.com\/?p=45210#respond"]}]},{"@type":"WebPage","@id":"https:\/\/lospoliticosveracruz.com\/?p=45210","url":"https:\/\/lospoliticosveracruz.com\/?p=45210","name":"\u201cLey Duarte\u201d. \u00bfPreludio, consigna, o de qu\u00e9 se trata? - Los pol\u00edticos Veracruz","isPartOf":{"@id":"https:\/\/lospoliticosveracruz.com\/#website"},"datePublished":"2018-10-02T21:22:40+00:00","breadcrumb":{"@id":"https:\/\/lospoliticosveracruz.com\/?p=45210#breadcrumb"},"inLanguage":"es","potentialAction":[{"@type":"ReadAction","target":["https:\/\/lospoliticosveracruz.com\/?p=45210"]}]},{"@type":"BreadcrumbList","@id":"https:\/\/lospoliticosveracruz.com\/?p=45210#breadcrumb","itemListElement":[{"@type":"ListItem","position":1,"name":"Portada","item":"https:\/\/lospoliticosveracruz.com\/"},{"@type":"ListItem","position":2,"name":"\u201cLey Duarte\u201d. \u00bfPreludio, consigna, o de qu\u00e9 se trata?"}]},{"@type":"WebSite","@id":"https:\/\/lospoliticosveracruz.com\/#website","url":"https:\/\/lospoliticosveracruz.com\/","name":"Los pol\u00edticos Veracruz","description":"","publisher":{"@id":"https:\/\/lospoliticosveracruz.com\/#organization"},"potentialAction":[{"@type":"SearchAction","target":{"@type":"EntryPoint","urlTemplate":"https:\/\/lospoliticosveracruz.com\/?s={search_term_string}"},"query-input":{"@type":"PropertyValueSpecification","valueRequired":true,"valueName":"search_term_string"}}],"inLanguage":"es"},{"@type":"Organization","@id":"https:\/\/lospoliticosveracruz.com\/#organization","name":"Los pol\u00edticos Veracruz","url":"https:\/\/lospoliticosveracruz.com\/","logo":{"@type":"ImageObject","inLanguage":"es","@id":"https:\/\/lospoliticosveracruz.com\/#\/schema\/logo\/image\/","url":"https:\/\/lospoliticosveracruz.com\/wp-content\/uploads\/2025\/12\/Logo-Nuevo-LOS-POLITICOS-1.jpg","contentUrl":"https:\/\/lospoliticosveracruz.com\/wp-content\/uploads\/2025\/12\/Logo-Nuevo-LOS-POLITICOS-1.jpg","width":260,"height":70,"caption":"Los pol\u00edticos Veracruz"},"image":{"@id":"https:\/\/lospoliticosveracruz.com\/#\/schema\/logo\/image\/"},"sameAs":["https:\/\/www.facebook.com\/people\/Notimemes-de-los-Polticos\/61565672886568\/","https:\/\/x.com\/LosPoliticosVer"]},{"@type":"Person","@id":"https:\/\/lospoliticosveracruz.com\/#\/schema\/person\/b8702bb0e538456e6efd07080bf2a4a2","name":"Lo viste en Los Pol\u00edticos","image":{"@type":"ImageObject","inLanguage":"es","@id":"https:\/\/secure.gravatar.com\/avatar\/3a8de04a2656d44082be478bd6c086daa447c4651605818287b9532d3d0bd435?s=96&d=mm&r=g","url":"https:\/\/secure.gravatar.com\/avatar\/3a8de04a2656d44082be478bd6c086daa447c4651605818287b9532d3d0bd435?s=96&d=mm&r=g","contentUrl":"https:\/\/secure.gravatar.com\/avatar\/3a8de04a2656d44082be478bd6c086daa447c4651605818287b9532d3d0bd435?s=96&d=mm&r=g","caption":"Lo viste en Los Pol\u00edticos"},"url":"https:\/\/lospoliticosveracruz.com\/?author=2"}]}},"_links":{"self":[{"href":"https:\/\/lospoliticosveracruz.com\/index.php?rest_route=\/wp\/v2\/posts\/45210","targetHints":{"allow":["GET"]}}],"collection":[{"href":"https:\/\/lospoliticosveracruz.com\/index.php?rest_route=\/wp\/v2\/posts"}],"about":[{"href":"https:\/\/lospoliticosveracruz.com\/index.php?rest_route=\/wp\/v2\/types\/post"}],"author":[{"embeddable":true,"href":"https:\/\/lospoliticosveracruz.com\/index.php?rest_route=\/wp\/v2\/users\/2"}],"replies":[{"embeddable":true,"href":"https:\/\/lospoliticosveracruz.com\/index.php?rest_route=%2Fwp%2Fv2%2Fcomments&post=45210"}],"version-history":[{"count":1,"href":"https:\/\/lospoliticosveracruz.com\/index.php?rest_route=\/wp\/v2\/posts\/45210\/revisions"}],"predecessor-version":[{"id":45211,"href":"https:\/\/lospoliticosveracruz.com\/index.php?rest_route=\/wp\/v2\/posts\/45210\/revisions\/45211"}],"wp:attachment":[{"href":"https:\/\/lospoliticosveracruz.com\/index.php?rest_route=%2Fwp%2Fv2%2Fmedia&parent=45210"}],"wp:term":[{"taxonomy":"category","embeddable":true,"href":"https:\/\/lospoliticosveracruz.com\/index.php?rest_route=%2Fwp%2Fv2%2Fcategories&post=45210"},{"taxonomy":"post_tag","embeddable":true,"href":"https:\/\/lospoliticosveracruz.com\/index.php?rest_route=%2Fwp%2Fv2%2Ftags&post=45210"}],"curies":[{"name":"wp","href":"https:\/\/api.w.org\/{rel}","templated":true}]}}