{"id":45229,"date":"2018-10-03T12:20:43","date_gmt":"2018-10-03T17:20:43","guid":{"rendered":"http:\/\/www.lospoliticosveracruz.com.mx\/?p=45229"},"modified":"2018-10-03T12:20:43","modified_gmt":"2018-10-03T17:20:43","slug":"xalapa-los-baches-y-la-basura","status":"publish","type":"post","link":"https:\/\/lospoliticosveracruz.com\/?p=45229","title":{"rendered":"Xalapa, los baches y la basura"},"content":{"rendered":"<p><strong>Luis Alberto Romero<\/strong><u><\/u><u><\/u><\/p>\n<p><em>Hora Cero<\/em><\/p>\n<p>Tres temas son especialmente importantes cuando se trata de evaluar a una administraci\u00f3n municipal en un lugar como Xalapa: el alumbrado p\u00fablico; el servicio de recolecci\u00f3n de basura; y el estado de las calles y avenidas, los baches.<u><\/u><u><\/u><\/p>\n<p>El alumbrado genera una favorable percepci\u00f3n de seguridad; cuando en una calle o colonia no existe ese servicio, la poblaci\u00f3n se siente insegura y expuesta. La recolecci\u00f3n de desechos, por otro lado, es el tal\u00f3n de Aquiles de toda administraci\u00f3n municipal; si hay un tema por el que la poblaci\u00f3n eval\u00faa a sus autoridades es el relacionado con ese servicio.<u><\/u><u><\/u><\/p>\n<p>En Xalapa, la capital veracruzana, al menos en dos de esos tres temas, la evaluaci\u00f3n ciudadana sobre el desempe\u00f1o de sus autoridades no favorece al Ayuntamiento: las quejas por los baches aumentan cada d\u00eda; incluso, hay un movimiento en redes sociales que aborda ese problema, que se ha usado para ridiculizar a la autoridad local.<u><\/u><u><\/u><\/p>\n<p>Las declaraciones del presidente municipal, Hip\u00f3lito Rodr\u00edguez Herrero, en torno a dicho punto han sido usadas para el escarnio y para el sarcasmo en redes, con la intenci\u00f3n de hacer parecer a los responsables del Ayuntamiento como incompetentes e insensibles y provocar de esa forma desencanto social con relaci\u00f3n al gobierno local.<u><\/u><u><\/u><\/p>\n<p>Todos los d\u00edas, usuarios de Facebook y Twitter muestran los baches xalape\u00f1os, como queriendo mostrar el desinter\u00e9s de la autoridad en el tema.<u><\/u><u><\/u><\/p>\n<p>Las fotos y las notas relacionadas con el mal estado de las arterias viales terminan por volverse virales en redes.<u><\/u><u><\/u><\/p>\n<p>Es un problema que se repite en cada administraci\u00f3n y casi en todos los ayuntamientos; el de Am\u00e9rico Z\u00fa\u00f1iga, por ejemplo, tambi\u00e9n fue objeto de cr\u00edticas por ese tema.<u><\/u><u><\/u><\/p>\n<p>La diferencia radica en que en esta ocasi\u00f3n, en redes sociales se intenta generar la percepci\u00f3n de que el ayuntamiento de Xalapa es incompetente, omiso a la hora de mantener las calles sin baches y limpias; y de que el gobierno de Morena ha sido en ese sentido un fraude para los xalape\u00f1os.<u><\/u><u><\/u><\/p>\n<p>Por supuesto, las declaraciones del presidente municipal no ayudan mucho a su causa; de hecho, pareciera que se trata de un equipo de futbol cuyas defensas son especialistas en meter autogoles.<u><\/u><u><\/u><\/p>\n<p>Lo peor para el ayuntamiento es que el deterioro de las calles y avenidas aumentar\u00e1, ocasionando la necesidad de invertir recursos mucho m\u00e1s cuantiosos en su reparaci\u00f3n; eso ocurrir\u00e1 en 2019 porque se observa sumamente complicado que los trabajos de bacheo comiencen cuando faltan menos de tres meses para concluir el presente ejercicio presupuestal.<u><\/u><u><\/u><\/p>\n<p>Otro tema que se complicar\u00e1 para las autoridades locales es el relacionado con la limpia p\u00fablica: la Procuradur\u00eda del Medio Ambiente determin\u00f3 clausurar el relleno sanitario de El Tronconal por la tarde de este lunes; la basura que genera Xalapa, m\u00e1s de 300 toneladas cada d\u00eda, ser\u00e1 enviada a los basureros de Coatepec y Emiliano Zapata; y desde ahora se anticipa que los problemas en la recolecci\u00f3n comenzar\u00e1n a complicarse en la capital del estado. El resultado previsible es una creciente ola de inconformidad que tambi\u00e9n ser\u00e1 material para medios y redes sociales.<u><\/u><u><\/u><\/p>\n<p>El problema es que al dejar que crezca la percepci\u00f3n de que la autoridad municipal falla en esos dos asuntos, el ayuntamiento abona a su propio descr\u00e9dito, aunque este sea, para muchos, inmerecido.<u><\/u><u><\/u><\/p>\n<p>Lo malo para la causa de Morena es que parece que su alcalde capitalino result\u00f3 bastante competente en el fino arte de ponerse de pechito.<\/p>\n<p>@luisromero85<\/p>\n","protected":false},"excerpt":{"rendered":"<p>Luis Alberto Romero Hora Cero Tres temas son especialmente importantes cuando se trata de evaluar a una administraci\u00f3n municipal en un lugar como Xalapa: el alumbrado p\u00fablico; el servicio de recolecci\u00f3n de basura; y el estado de las calles y avenidas, los baches. El alumbrado genera una favorable percepci\u00f3n de seguridad; cuando en una calle [&hellip;]<\/p>\n","protected":false},"author":2,"featured_media":0,"comment_status":"open","ping_status":"open","sticky":false,"template":"","format":"standard","meta":{"tdm_status":"","tdm_grid_status":"","footnotes":""},"categories":[70],"tags":[483,7620,2669,1026,96],"class_list":{"0":"post-45229","1":"post","2":"type-post","3":"status-publish","4":"format-standard","6":"category-de-opinion","7":"tag-americo-zuniga","8":"tag-hipolito-rodriguez-herrero","9":"tag-luis-alberto-romero","10":"tag-morena","11":"tag-xalapa"},"yoast_head":"<!-- This site is optimized with the Yoast SEO plugin v27.4 - https:\/\/yoast.com\/product\/yoast-seo-wordpress\/ -->\n<title>Xalapa, los baches y la basura - Los pol\u00edticos Veracruz<\/title>\n<meta name=\"robots\" content=\"index, follow, max-snippet:-1, max-image-preview:large, max-video-preview:-1\" \/>\n<link rel=\"canonical\" href=\"https:\/\/lospoliticosveracruz.com\/?p=45229\" \/>\n<meta property=\"og:locale\" content=\"es_ES\" \/>\n<meta property=\"og:type\" content=\"article\" \/>\n<meta property=\"og:title\" content=\"Xalapa, los baches y la basura - Los pol\u00edticos Veracruz\" \/>\n<meta property=\"og:description\" content=\"Luis Alberto Romero Hora Cero Tres temas son especialmente importantes cuando se trata de evaluar a una administraci\u00f3n municipal en un lugar como Xalapa: el alumbrado p\u00fablico; el servicio de recolecci\u00f3n de basura; y el estado de las calles y avenidas, los baches. El alumbrado genera una favorable percepci\u00f3n de seguridad; cuando en una calle [&hellip;]\" \/>\n<meta property=\"og:url\" content=\"https:\/\/lospoliticosveracruz.com\/?p=45229\" \/>\n<meta property=\"og:site_name\" content=\"Los pol\u00edticos Veracruz\" \/>\n<meta property=\"article:publisher\" content=\"https:\/\/www.facebook.com\/people\/Notimemes-de-los-Polticos\/61565672886568\/\" \/>\n<meta property=\"article:published_time\" content=\"2018-10-03T17:20:43+00:00\" \/>\n<meta property=\"og:image\" content=\"https:\/\/lospoliticosveracruz.com\/wp-content\/uploads\/2016\/07\/Logo-Dor.jpg\" \/>\n\t<meta property=\"og:image:width\" content=\"200\" \/>\n\t<meta property=\"og:image:height\" content=\"200\" \/>\n\t<meta property=\"og:image:type\" content=\"image\/jpeg\" \/>\n<meta name=\"author\" content=\"Lo viste en Los Pol\u00edticos\" \/>\n<meta name=\"twitter:card\" content=\"summary_large_image\" \/>\n<meta name=\"twitter:creator\" content=\"@LosPoliticosVer\" \/>\n<meta name=\"twitter:site\" content=\"@LosPoliticosVer\" \/>\n<meta name=\"twitter:label1\" content=\"Escrito por\" \/>\n\t<meta name=\"twitter:data1\" content=\"Lo viste en Los Pol\u00edticos\" \/>\n\t<meta name=\"twitter:label2\" content=\"Tiempo de lectura\" \/>\n\t<meta name=\"twitter:data2\" content=\"3 minutos\" \/>\n<script type=\"application\/ld+json\" class=\"yoast-schema-graph\">{\"@context\":\"https:\\\/\\\/schema.org\",\"@graph\":[{\"@type\":\"Article\",\"@id\":\"https:\\\/\\\/lospoliticosveracruz.com\\\/?p=45229#article\",\"isPartOf\":{\"@id\":\"https:\\\/\\\/lospoliticosveracruz.com\\\/?p=45229\"},\"author\":{\"name\":\"Lo viste en Los Pol\u00edticos\",\"@id\":\"https:\\\/\\\/lospoliticosveracruz.com\\\/#\\\/schema\\\/person\\\/b8702bb0e538456e6efd07080bf2a4a2\"},\"headline\":\"Xalapa, los baches y la basura\",\"datePublished\":\"2018-10-03T17:20:43+00:00\",\"mainEntityOfPage\":{\"@id\":\"https:\\\/\\\/lospoliticosveracruz.com\\\/?p=45229\"},\"wordCount\":615,\"commentCount\":0,\"publisher\":{\"@id\":\"https:\\\/\\\/lospoliticosveracruz.com\\\/#organization\"},\"keywords\":[\"Am\u00e9rico Z\u00fa\u00f1iga\",\"Hip\u00f3lito Rodr\u00edguez Herrero\",\"Luis Alberto Romero\",\"Morena\",\"Xalapa\"],\"articleSection\":[\"De Opini\u00f3n\"],\"inLanguage\":\"es\",\"potentialAction\":[{\"@type\":\"CommentAction\",\"name\":\"Comment\",\"target\":[\"https:\\\/\\\/lospoliticosveracruz.com\\\/?p=45229#respond\"]}]},{\"@type\":\"WebPage\",\"@id\":\"https:\\\/\\\/lospoliticosveracruz.com\\\/?p=45229\",\"url\":\"https:\\\/\\\/lospoliticosveracruz.com\\\/?p=45229\",\"name\":\"Xalapa, los baches y la basura - Los pol\u00edticos Veracruz\",\"isPartOf\":{\"@id\":\"https:\\\/\\\/lospoliticosveracruz.com\\\/#website\"},\"datePublished\":\"2018-10-03T17:20:43+00:00\",\"breadcrumb\":{\"@id\":\"https:\\\/\\\/lospoliticosveracruz.com\\\/?p=45229#breadcrumb\"},\"inLanguage\":\"es\",\"potentialAction\":[{\"@type\":\"ReadAction\",\"target\":[\"https:\\\/\\\/lospoliticosveracruz.com\\\/?p=45229\"]}]},{\"@type\":\"BreadcrumbList\",\"@id\":\"https:\\\/\\\/lospoliticosveracruz.com\\\/?p=45229#breadcrumb\",\"itemListElement\":[{\"@type\":\"ListItem\",\"position\":1,\"name\":\"Portada\",\"item\":\"https:\\\/\\\/lospoliticosveracruz.com\\\/\"},{\"@type\":\"ListItem\",\"position\":2,\"name\":\"Xalapa, los baches y la basura\"}]},{\"@type\":\"WebSite\",\"@id\":\"https:\\\/\\\/lospoliticosveracruz.com\\\/#website\",\"url\":\"https:\\\/\\\/lospoliticosveracruz.com\\\/\",\"name\":\"Los pol\u00edticos Veracruz\",\"description\":\"\",\"publisher\":{\"@id\":\"https:\\\/\\\/lospoliticosveracruz.com\\\/#organization\"},\"potentialAction\":[{\"@type\":\"SearchAction\",\"target\":{\"@type\":\"EntryPoint\",\"urlTemplate\":\"https:\\\/\\\/lospoliticosveracruz.com\\\/?s={search_term_string}\"},\"query-input\":{\"@type\":\"PropertyValueSpecification\",\"valueRequired\":true,\"valueName\":\"search_term_string\"}}],\"inLanguage\":\"es\"},{\"@type\":\"Organization\",\"@id\":\"https:\\\/\\\/lospoliticosveracruz.com\\\/#organization\",\"name\":\"Los pol\u00edticos Veracruz\",\"url\":\"https:\\\/\\\/lospoliticosveracruz.com\\\/\",\"logo\":{\"@type\":\"ImageObject\",\"inLanguage\":\"es\",\"@id\":\"https:\\\/\\\/lospoliticosveracruz.com\\\/#\\\/schema\\\/logo\\\/image\\\/\",\"url\":\"https:\\\/\\\/lospoliticosveracruz.com\\\/wp-content\\\/uploads\\\/2025\\\/12\\\/Logo-Nuevo-LOS-POLITICOS-1.jpg\",\"contentUrl\":\"https:\\\/\\\/lospoliticosveracruz.com\\\/wp-content\\\/uploads\\\/2025\\\/12\\\/Logo-Nuevo-LOS-POLITICOS-1.jpg\",\"width\":260,\"height\":70,\"caption\":\"Los pol\u00edticos Veracruz\"},\"image\":{\"@id\":\"https:\\\/\\\/lospoliticosveracruz.com\\\/#\\\/schema\\\/logo\\\/image\\\/\"},\"sameAs\":[\"https:\\\/\\\/www.facebook.com\\\/people\\\/Notimemes-de-los-Polticos\\\/61565672886568\\\/\",\"https:\\\/\\\/x.com\\\/LosPoliticosVer\"]},{\"@type\":\"Person\",\"@id\":\"https:\\\/\\\/lospoliticosveracruz.com\\\/#\\\/schema\\\/person\\\/b8702bb0e538456e6efd07080bf2a4a2\",\"name\":\"Lo viste en Los Pol\u00edticos\",\"image\":{\"@type\":\"ImageObject\",\"inLanguage\":\"es\",\"@id\":\"https:\\\/\\\/secure.gravatar.com\\\/avatar\\\/3a8de04a2656d44082be478bd6c086daa447c4651605818287b9532d3d0bd435?s=96&d=mm&r=g\",\"url\":\"https:\\\/\\\/secure.gravatar.com\\\/avatar\\\/3a8de04a2656d44082be478bd6c086daa447c4651605818287b9532d3d0bd435?s=96&d=mm&r=g\",\"contentUrl\":\"https:\\\/\\\/secure.gravatar.com\\\/avatar\\\/3a8de04a2656d44082be478bd6c086daa447c4651605818287b9532d3d0bd435?s=96&d=mm&r=g\",\"caption\":\"Lo viste en Los Pol\u00edticos\"},\"url\":\"https:\\\/\\\/lospoliticosveracruz.com\\\/?author=2\"}]}<\/script>\n<!-- \/ Yoast SEO plugin. -->","yoast_head_json":{"title":"Xalapa, los baches y la basura - Los pol\u00edticos Veracruz","robots":{"index":"index","follow":"follow","max-snippet":"max-snippet:-1","max-image-preview":"max-image-preview:large","max-video-preview":"max-video-preview:-1"},"canonical":"https:\/\/lospoliticosveracruz.com\/?p=45229","og_locale":"es_ES","og_type":"article","og_title":"Xalapa, los baches y la basura - Los pol\u00edticos Veracruz","og_description":"Luis Alberto Romero Hora Cero Tres temas son especialmente importantes cuando se trata de evaluar a una administraci\u00f3n municipal en un lugar como Xalapa: el alumbrado p\u00fablico; el servicio de recolecci\u00f3n de basura; y el estado de las calles y avenidas, los baches. El alumbrado genera una favorable percepci\u00f3n de seguridad; cuando en una calle [&hellip;]","og_url":"https:\/\/lospoliticosveracruz.com\/?p=45229","og_site_name":"Los pol\u00edticos Veracruz","article_publisher":"https:\/\/www.facebook.com\/people\/Notimemes-de-los-Polticos\/61565672886568\/","article_published_time":"2018-10-03T17:20:43+00:00","og_image":[{"width":200,"height":200,"url":"https:\/\/lospoliticosveracruz.com\/wp-content\/uploads\/2016\/07\/Logo-Dor.jpg","type":"image\/jpeg"}],"author":"Lo viste en Los Pol\u00edticos","twitter_card":"summary_large_image","twitter_creator":"@LosPoliticosVer","twitter_site":"@LosPoliticosVer","twitter_misc":{"Escrito por":"Lo viste en Los Pol\u00edticos","Tiempo de lectura":"3 minutos"},"schema":{"@context":"https:\/\/schema.org","@graph":[{"@type":"Article","@id":"https:\/\/lospoliticosveracruz.com\/?p=45229#article","isPartOf":{"@id":"https:\/\/lospoliticosveracruz.com\/?p=45229"},"author":{"name":"Lo viste en Los Pol\u00edticos","@id":"https:\/\/lospoliticosveracruz.com\/#\/schema\/person\/b8702bb0e538456e6efd07080bf2a4a2"},"headline":"Xalapa, los baches y la basura","datePublished":"2018-10-03T17:20:43+00:00","mainEntityOfPage":{"@id":"https:\/\/lospoliticosveracruz.com\/?p=45229"},"wordCount":615,"commentCount":0,"publisher":{"@id":"https:\/\/lospoliticosveracruz.com\/#organization"},"keywords":["Am\u00e9rico Z\u00fa\u00f1iga","Hip\u00f3lito Rodr\u00edguez Herrero","Luis Alberto Romero","Morena","Xalapa"],"articleSection":["De Opini\u00f3n"],"inLanguage":"es","potentialAction":[{"@type":"CommentAction","name":"Comment","target":["https:\/\/lospoliticosveracruz.com\/?p=45229#respond"]}]},{"@type":"WebPage","@id":"https:\/\/lospoliticosveracruz.com\/?p=45229","url":"https:\/\/lospoliticosveracruz.com\/?p=45229","name":"Xalapa, los baches y la basura - Los pol\u00edticos Veracruz","isPartOf":{"@id":"https:\/\/lospoliticosveracruz.com\/#website"},"datePublished":"2018-10-03T17:20:43+00:00","breadcrumb":{"@id":"https:\/\/lospoliticosveracruz.com\/?p=45229#breadcrumb"},"inLanguage":"es","potentialAction":[{"@type":"ReadAction","target":["https:\/\/lospoliticosveracruz.com\/?p=45229"]}]},{"@type":"BreadcrumbList","@id":"https:\/\/lospoliticosveracruz.com\/?p=45229#breadcrumb","itemListElement":[{"@type":"ListItem","position":1,"name":"Portada","item":"https:\/\/lospoliticosveracruz.com\/"},{"@type":"ListItem","position":2,"name":"Xalapa, los baches y la basura"}]},{"@type":"WebSite","@id":"https:\/\/lospoliticosveracruz.com\/#website","url":"https:\/\/lospoliticosveracruz.com\/","name":"Los pol\u00edticos Veracruz","description":"","publisher":{"@id":"https:\/\/lospoliticosveracruz.com\/#organization"},"potentialAction":[{"@type":"SearchAction","target":{"@type":"EntryPoint","urlTemplate":"https:\/\/lospoliticosveracruz.com\/?s={search_term_string}"},"query-input":{"@type":"PropertyValueSpecification","valueRequired":true,"valueName":"search_term_string"}}],"inLanguage":"es"},{"@type":"Organization","@id":"https:\/\/lospoliticosveracruz.com\/#organization","name":"Los pol\u00edticos Veracruz","url":"https:\/\/lospoliticosveracruz.com\/","logo":{"@type":"ImageObject","inLanguage":"es","@id":"https:\/\/lospoliticosveracruz.com\/#\/schema\/logo\/image\/","url":"https:\/\/lospoliticosveracruz.com\/wp-content\/uploads\/2025\/12\/Logo-Nuevo-LOS-POLITICOS-1.jpg","contentUrl":"https:\/\/lospoliticosveracruz.com\/wp-content\/uploads\/2025\/12\/Logo-Nuevo-LOS-POLITICOS-1.jpg","width":260,"height":70,"caption":"Los pol\u00edticos Veracruz"},"image":{"@id":"https:\/\/lospoliticosveracruz.com\/#\/schema\/logo\/image\/"},"sameAs":["https:\/\/www.facebook.com\/people\/Notimemes-de-los-Polticos\/61565672886568\/","https:\/\/x.com\/LosPoliticosVer"]},{"@type":"Person","@id":"https:\/\/lospoliticosveracruz.com\/#\/schema\/person\/b8702bb0e538456e6efd07080bf2a4a2","name":"Lo viste en Los Pol\u00edticos","image":{"@type":"ImageObject","inLanguage":"es","@id":"https:\/\/secure.gravatar.com\/avatar\/3a8de04a2656d44082be478bd6c086daa447c4651605818287b9532d3d0bd435?s=96&d=mm&r=g","url":"https:\/\/secure.gravatar.com\/avatar\/3a8de04a2656d44082be478bd6c086daa447c4651605818287b9532d3d0bd435?s=96&d=mm&r=g","contentUrl":"https:\/\/secure.gravatar.com\/avatar\/3a8de04a2656d44082be478bd6c086daa447c4651605818287b9532d3d0bd435?s=96&d=mm&r=g","caption":"Lo viste en Los Pol\u00edticos"},"url":"https:\/\/lospoliticosveracruz.com\/?author=2"}]}},"_links":{"self":[{"href":"https:\/\/lospoliticosveracruz.com\/index.php?rest_route=\/wp\/v2\/posts\/45229","targetHints":{"allow":["GET"]}}],"collection":[{"href":"https:\/\/lospoliticosveracruz.com\/index.php?rest_route=\/wp\/v2\/posts"}],"about":[{"href":"https:\/\/lospoliticosveracruz.com\/index.php?rest_route=\/wp\/v2\/types\/post"}],"author":[{"embeddable":true,"href":"https:\/\/lospoliticosveracruz.com\/index.php?rest_route=\/wp\/v2\/users\/2"}],"replies":[{"embeddable":true,"href":"https:\/\/lospoliticosveracruz.com\/index.php?rest_route=%2Fwp%2Fv2%2Fcomments&post=45229"}],"version-history":[{"count":1,"href":"https:\/\/lospoliticosveracruz.com\/index.php?rest_route=\/wp\/v2\/posts\/45229\/revisions"}],"predecessor-version":[{"id":45230,"href":"https:\/\/lospoliticosveracruz.com\/index.php?rest_route=\/wp\/v2\/posts\/45229\/revisions\/45230"}],"wp:attachment":[{"href":"https:\/\/lospoliticosveracruz.com\/index.php?rest_route=%2Fwp%2Fv2%2Fmedia&parent=45229"}],"wp:term":[{"taxonomy":"category","embeddable":true,"href":"https:\/\/lospoliticosveracruz.com\/index.php?rest_route=%2Fwp%2Fv2%2Fcategories&post=45229"},{"taxonomy":"post_tag","embeddable":true,"href":"https:\/\/lospoliticosveracruz.com\/index.php?rest_route=%2Fwp%2Fv2%2Ftags&post=45229"}],"curies":[{"name":"wp","href":"https:\/\/api.w.org\/{rel}","templated":true}]}}