{"id":45244,"date":"2018-10-04T08:05:07","date_gmt":"2018-10-04T13:05:07","guid":{"rendered":"http:\/\/www.lospoliticosveracruz.com.mx\/?p=45244"},"modified":"2018-10-04T08:05:07","modified_gmt":"2018-10-04T13:05:07","slug":"kirsch-y-el-deslinde-perredista","status":"publish","type":"post","link":"https:\/\/lospoliticosveracruz.com\/?p=45244","title":{"rendered":"Kirsch y el deslinde perredista"},"content":{"rendered":"<p><strong>Luis Alberto Romero<\/strong><\/p>\n<p><em>Hora Cero<\/em><\/p>\n<p>El gobernador de Veracruz, Miguel \u00c1ngel Yunes Linares, no terminaba de anunciar que vetar\u00eda la pol\u00e9mica \u201cley antimemes\u201d, propuesta por el diputado local por el distrito de Poza Rica, Jos\u00e9 Kirsch S\u00e1nchez, y aprobada por el pleno de la Legislatura del Estado, cuando el PRD ya hab\u00eda convocado a rueda de prensa en Xalapa para desconocer la afiliaci\u00f3n de dicho legislador al Sol Azteca.<\/p>\n<p>Jes\u00fas Vel\u00e1zquez Flores, dirigente estatal perredista, se\u00f1al\u00f3 que Kirsch S\u00e1nchez decidi\u00f3 separarse de la fracci\u00f3n de su partido en el Congreso veracruzano desde hace m\u00e1s de un mes, por lo que ese instituto pol\u00edtico no ten\u00eda nada que ver con las decisiones del diputado.<\/p>\n<p>Dijo Vel\u00e1zquez Flores que el PRD se deslindaba del legislador por Poza Rica y que la iniciativa mencionada era un atentado contra los derechos individuales y una violaci\u00f3n a la libertad de expresi\u00f3n.<\/p>\n<p>Suponiendo que Jos\u00e9 Kirsch se haya separado del PRD hace un mes y medio, la iniciativa de \u201cley antimemes\u201d fue presentada mucho tiempo atr\u00e1s de la fractura a que hizo referencia el dirigente del partido.<\/p>\n<p>Por otra parte, habr\u00eda que comentar que como diputado, el representante del distrito de Poza Rica no ha sido tan gris como otros legisladores que ni por error proponen iniciativa, punto de acuerdo o exhorto alguno; al contrario, el del Distrito V ha presentado puntos que vale la pena retomar en el marco de la evaluaci\u00f3n de su desempe\u00f1o, como la Ley de Prevenci\u00f3n y Atenci\u00f3n del Acoso Escolar; las reformas\u00a0 a la Ley de Tr\u00e1nsito y Transporte, que se refieren a la seguridad de los usuarios; o la inclusi\u00f3n de la violencia pol\u00edtica en el C\u00f3digo Penal para el Estado, a efecto de sancionar a quien pretenda impedir a las mujeres el ejercicio de sus derechos pol\u00edtico-electorales.<\/p>\n<p>En julio pasado, el diputado Kirsch present\u00f3 una iniciativa de Reforma a la Constituci\u00f3n Pol\u00edtica del Estado para sancionar a los funcionarios de elecci\u00f3n popular que incumplan sus compromisos y propuestas de campa\u00f1a; y en septiembre, una iniciativa de ley que regula el funcionamiento de las cooperativas escolares.<\/p>\n<p>As\u00ed, el paso de dicho legislador por el Congreso local est\u00e1 lejos de considerarse mediocre; de hecho, ha sido de los que m\u00e1s destacan en la min\u00fascula fracci\u00f3n del PRD, partido que ahora se deslinda de \u00e9l, en la coyuntura del esc\u00e1ndalo medi\u00e1tico por la criticada \u201cley antimemes\u201d.<\/p>\n<p>Dijo Jos\u00e9 Kirsch que malinterpretaron su iniciativa; sin embargo, todo se aline\u00f3 para que el diputado se convirtiera, al menos ante la opini\u00f3n p\u00fablica, en un ejemplo de intolerancia pol\u00edtica; y no falta quien ahora hable de un evidente desconocimiento del tema de las garant\u00edas individuales.<\/p>\n<p>Por cierto, la tunda que recibi\u00f3 el legislador ha sido de antolog\u00eda en las redes sociales, cuyos usuarios no dejaron pasar la oportunidad de ridiculizarle hasta el cansancio.<\/p>\n<p>En el fondo, ese deslinde perredista no obedece a la pol\u00e9mica ley, sino a la cercan\u00eda de Kirsch S\u00e1nchez con grupos del Movimiento de Regeneraci\u00f3n Nacional, de los que est\u00e1 cada vez m\u00e1s cerca el diputado, al grado de que ha sido mencionado como prospecto para integrarse al equipo de trabajo de Cuitl\u00e1huac Garc\u00eda Jim\u00e9nez.<\/p>\n<p>En Poza Rica, distrito que representa el autor de la iniciativa, se comenta que en la pasada contienda, Jos\u00e9 Kirsch trabajo en favor de Morena; e incluso se habla de una reuni\u00f3n que habr\u00eda sostenido con Ren\u00e9 Bejarano.<\/p>\n<p>Como sea, al final el deslinde del PRD no pasa de ser un anuncio sin mayor importancia, dada la desnutrici\u00f3n pol\u00edtica, la anemia que presenta ese partido, que tras los \u00faltimos resultados electorales ha quedado sumamente empeque\u00f1ecido, reducido a su m\u00ednima expresi\u00f3n. @luisromero85<\/p>\n","protected":false},"excerpt":{"rendered":"<p>Luis Alberto Romero Hora Cero El gobernador de Veracruz, Miguel \u00c1ngel Yunes Linares, no terminaba de anunciar que vetar\u00eda la pol\u00e9mica \u201cley antimemes\u201d, propuesta por el diputado local por el distrito de Poza Rica, Jos\u00e9 Kirsch S\u00e1nchez, y aprobada por el pleno de la Legislatura del Estado, cuando el PRD ya hab\u00eda convocado a rueda [&hellip;]<\/p>\n","protected":false},"author":2,"featured_media":0,"comment_status":"open","ping_status":"open","sticky":false,"template":"","format":"standard","meta":{"tdm_status":"","tdm_grid_status":"","footnotes":""},"categories":[70],"tags":[1563,7232,10198,12812,10450,2669,428,1026,1267,107,8170,195],"class_list":{"0":"post-45244","1":"post","2":"type-post","3":"status-publish","4":"format-standard","6":"category-de-opinion","7":"tag-cuitlahuac-garcia-jimenez","8":"tag-jesus-velazquez-flores","9":"tag-jose-kirsch-sanchez","10":"tag-legislatura-del-estado","11":"tag-ley-antimemes","12":"tag-luis-alberto-romero","13":"tag-miguel-angel-yunes-linares","14":"tag-morena","15":"tag-poza-rica","16":"tag-prd","17":"tag-rene-bejarano","18":"tag-veracruz"},"yoast_head":"<!-- This site is optimized with the Yoast SEO plugin v27.4 - https:\/\/yoast.com\/product\/yoast-seo-wordpress\/ -->\n<title>Kirsch y el deslinde perredista - Los pol\u00edticos Veracruz<\/title>\n<meta name=\"robots\" content=\"index, follow, max-snippet:-1, max-image-preview:large, max-video-preview:-1\" \/>\n<link rel=\"canonical\" href=\"https:\/\/lospoliticosveracruz.com\/?p=45244\" \/>\n<meta property=\"og:locale\" content=\"es_ES\" \/>\n<meta property=\"og:type\" content=\"article\" \/>\n<meta property=\"og:title\" content=\"Kirsch y el deslinde perredista - Los pol\u00edticos Veracruz\" \/>\n<meta property=\"og:description\" content=\"Luis Alberto Romero Hora Cero El gobernador de Veracruz, Miguel \u00c1ngel Yunes Linares, no terminaba de anunciar que vetar\u00eda la pol\u00e9mica \u201cley antimemes\u201d, propuesta por el diputado local por el distrito de Poza Rica, Jos\u00e9 Kirsch S\u00e1nchez, y aprobada por el pleno de la Legislatura del Estado, cuando el PRD ya hab\u00eda convocado a rueda [&hellip;]\" \/>\n<meta property=\"og:url\" content=\"https:\/\/lospoliticosveracruz.com\/?p=45244\" \/>\n<meta property=\"og:site_name\" content=\"Los pol\u00edticos Veracruz\" \/>\n<meta property=\"article:publisher\" content=\"https:\/\/www.facebook.com\/people\/Notimemes-de-los-Polticos\/61565672886568\/\" \/>\n<meta property=\"article:published_time\" content=\"2018-10-04T13:05:07+00:00\" \/>\n<meta property=\"og:image\" content=\"https:\/\/lospoliticosveracruz.com\/wp-content\/uploads\/2016\/07\/Logo-Dor.jpg\" \/>\n\t<meta property=\"og:image:width\" content=\"200\" \/>\n\t<meta property=\"og:image:height\" content=\"200\" \/>\n\t<meta property=\"og:image:type\" content=\"image\/jpeg\" \/>\n<meta name=\"author\" content=\"Lo viste en Los Pol\u00edticos\" \/>\n<meta name=\"twitter:card\" content=\"summary_large_image\" \/>\n<meta name=\"twitter:creator\" content=\"@LosPoliticosVer\" \/>\n<meta name=\"twitter:site\" content=\"@LosPoliticosVer\" \/>\n<meta name=\"twitter:label1\" content=\"Escrito por\" \/>\n\t<meta name=\"twitter:data1\" content=\"Lo viste en Los Pol\u00edticos\" \/>\n\t<meta name=\"twitter:label2\" content=\"Tiempo de lectura\" \/>\n\t<meta name=\"twitter:data2\" content=\"3 minutos\" \/>\n<script type=\"application\/ld+json\" class=\"yoast-schema-graph\">{\"@context\":\"https:\\\/\\\/schema.org\",\"@graph\":[{\"@type\":\"Article\",\"@id\":\"https:\\\/\\\/lospoliticosveracruz.com\\\/?p=45244#article\",\"isPartOf\":{\"@id\":\"https:\\\/\\\/lospoliticosveracruz.com\\\/?p=45244\"},\"author\":{\"name\":\"Lo viste en Los Pol\u00edticos\",\"@id\":\"https:\\\/\\\/lospoliticosveracruz.com\\\/#\\\/schema\\\/person\\\/b8702bb0e538456e6efd07080bf2a4a2\"},\"headline\":\"Kirsch y el deslinde perredista\",\"datePublished\":\"2018-10-04T13:05:07+00:00\",\"mainEntityOfPage\":{\"@id\":\"https:\\\/\\\/lospoliticosveracruz.com\\\/?p=45244\"},\"wordCount\":666,\"commentCount\":0,\"publisher\":{\"@id\":\"https:\\\/\\\/lospoliticosveracruz.com\\\/#organization\"},\"keywords\":[\"Cuitl\u00e1huac Garc\u00eda Jim\u00e9nez\",\"Jes\u00fas Vel\u00e1zquez Flores\",\"Jos\u00e9 Kirsch S\u00e1nchez\",\"Legislatura del Estado\",\"Ley antimemes\",\"Luis Alberto Romero\",\"Miguel Angel Yunes Linares\",\"Morena\",\"Poza Rica\",\"PRD\",\"Ren\u00e9 Bejarano\",\"Veracruz\"],\"articleSection\":[\"De Opini\u00f3n\"],\"inLanguage\":\"es\",\"potentialAction\":[{\"@type\":\"CommentAction\",\"name\":\"Comment\",\"target\":[\"https:\\\/\\\/lospoliticosveracruz.com\\\/?p=45244#respond\"]}]},{\"@type\":\"WebPage\",\"@id\":\"https:\\\/\\\/lospoliticosveracruz.com\\\/?p=45244\",\"url\":\"https:\\\/\\\/lospoliticosveracruz.com\\\/?p=45244\",\"name\":\"Kirsch y el deslinde perredista - Los pol\u00edticos Veracruz\",\"isPartOf\":{\"@id\":\"https:\\\/\\\/lospoliticosveracruz.com\\\/#website\"},\"datePublished\":\"2018-10-04T13:05:07+00:00\",\"breadcrumb\":{\"@id\":\"https:\\\/\\\/lospoliticosveracruz.com\\\/?p=45244#breadcrumb\"},\"inLanguage\":\"es\",\"potentialAction\":[{\"@type\":\"ReadAction\",\"target\":[\"https:\\\/\\\/lospoliticosveracruz.com\\\/?p=45244\"]}]},{\"@type\":\"BreadcrumbList\",\"@id\":\"https:\\\/\\\/lospoliticosveracruz.com\\\/?p=45244#breadcrumb\",\"itemListElement\":[{\"@type\":\"ListItem\",\"position\":1,\"name\":\"Portada\",\"item\":\"https:\\\/\\\/lospoliticosveracruz.com\\\/\"},{\"@type\":\"ListItem\",\"position\":2,\"name\":\"Kirsch y el deslinde perredista\"}]},{\"@type\":\"WebSite\",\"@id\":\"https:\\\/\\\/lospoliticosveracruz.com\\\/#website\",\"url\":\"https:\\\/\\\/lospoliticosveracruz.com\\\/\",\"name\":\"Los pol\u00edticos Veracruz\",\"description\":\"\",\"publisher\":{\"@id\":\"https:\\\/\\\/lospoliticosveracruz.com\\\/#organization\"},\"potentialAction\":[{\"@type\":\"SearchAction\",\"target\":{\"@type\":\"EntryPoint\",\"urlTemplate\":\"https:\\\/\\\/lospoliticosveracruz.com\\\/?s={search_term_string}\"},\"query-input\":{\"@type\":\"PropertyValueSpecification\",\"valueRequired\":true,\"valueName\":\"search_term_string\"}}],\"inLanguage\":\"es\"},{\"@type\":\"Organization\",\"@id\":\"https:\\\/\\\/lospoliticosveracruz.com\\\/#organization\",\"name\":\"Los pol\u00edticos Veracruz\",\"url\":\"https:\\\/\\\/lospoliticosveracruz.com\\\/\",\"logo\":{\"@type\":\"ImageObject\",\"inLanguage\":\"es\",\"@id\":\"https:\\\/\\\/lospoliticosveracruz.com\\\/#\\\/schema\\\/logo\\\/image\\\/\",\"url\":\"https:\\\/\\\/lospoliticosveracruz.com\\\/wp-content\\\/uploads\\\/2025\\\/12\\\/Logo-Nuevo-LOS-POLITICOS-1.jpg\",\"contentUrl\":\"https:\\\/\\\/lospoliticosveracruz.com\\\/wp-content\\\/uploads\\\/2025\\\/12\\\/Logo-Nuevo-LOS-POLITICOS-1.jpg\",\"width\":260,\"height\":70,\"caption\":\"Los pol\u00edticos Veracruz\"},\"image\":{\"@id\":\"https:\\\/\\\/lospoliticosveracruz.com\\\/#\\\/schema\\\/logo\\\/image\\\/\"},\"sameAs\":[\"https:\\\/\\\/www.facebook.com\\\/people\\\/Notimemes-de-los-Polticos\\\/61565672886568\\\/\",\"https:\\\/\\\/x.com\\\/LosPoliticosVer\"]},{\"@type\":\"Person\",\"@id\":\"https:\\\/\\\/lospoliticosveracruz.com\\\/#\\\/schema\\\/person\\\/b8702bb0e538456e6efd07080bf2a4a2\",\"name\":\"Lo viste en Los Pol\u00edticos\",\"image\":{\"@type\":\"ImageObject\",\"inLanguage\":\"es\",\"@id\":\"https:\\\/\\\/secure.gravatar.com\\\/avatar\\\/3a8de04a2656d44082be478bd6c086daa447c4651605818287b9532d3d0bd435?s=96&d=mm&r=g\",\"url\":\"https:\\\/\\\/secure.gravatar.com\\\/avatar\\\/3a8de04a2656d44082be478bd6c086daa447c4651605818287b9532d3d0bd435?s=96&d=mm&r=g\",\"contentUrl\":\"https:\\\/\\\/secure.gravatar.com\\\/avatar\\\/3a8de04a2656d44082be478bd6c086daa447c4651605818287b9532d3d0bd435?s=96&d=mm&r=g\",\"caption\":\"Lo viste en Los Pol\u00edticos\"},\"url\":\"https:\\\/\\\/lospoliticosveracruz.com\\\/?author=2\"}]}<\/script>\n<!-- \/ Yoast SEO plugin. -->","yoast_head_json":{"title":"Kirsch y el deslinde perredista - Los pol\u00edticos Veracruz","robots":{"index":"index","follow":"follow","max-snippet":"max-snippet:-1","max-image-preview":"max-image-preview:large","max-video-preview":"max-video-preview:-1"},"canonical":"https:\/\/lospoliticosveracruz.com\/?p=45244","og_locale":"es_ES","og_type":"article","og_title":"Kirsch y el deslinde perredista - Los pol\u00edticos Veracruz","og_description":"Luis Alberto Romero Hora Cero El gobernador de Veracruz, Miguel \u00c1ngel Yunes Linares, no terminaba de anunciar que vetar\u00eda la pol\u00e9mica \u201cley antimemes\u201d, propuesta por el diputado local por el distrito de Poza Rica, Jos\u00e9 Kirsch S\u00e1nchez, y aprobada por el pleno de la Legislatura del Estado, cuando el PRD ya hab\u00eda convocado a rueda [&hellip;]","og_url":"https:\/\/lospoliticosveracruz.com\/?p=45244","og_site_name":"Los pol\u00edticos Veracruz","article_publisher":"https:\/\/www.facebook.com\/people\/Notimemes-de-los-Polticos\/61565672886568\/","article_published_time":"2018-10-04T13:05:07+00:00","og_image":[{"width":200,"height":200,"url":"https:\/\/lospoliticosveracruz.com\/wp-content\/uploads\/2016\/07\/Logo-Dor.jpg","type":"image\/jpeg"}],"author":"Lo viste en Los Pol\u00edticos","twitter_card":"summary_large_image","twitter_creator":"@LosPoliticosVer","twitter_site":"@LosPoliticosVer","twitter_misc":{"Escrito por":"Lo viste en Los Pol\u00edticos","Tiempo de lectura":"3 minutos"},"schema":{"@context":"https:\/\/schema.org","@graph":[{"@type":"Article","@id":"https:\/\/lospoliticosveracruz.com\/?p=45244#article","isPartOf":{"@id":"https:\/\/lospoliticosveracruz.com\/?p=45244"},"author":{"name":"Lo viste en Los Pol\u00edticos","@id":"https:\/\/lospoliticosveracruz.com\/#\/schema\/person\/b8702bb0e538456e6efd07080bf2a4a2"},"headline":"Kirsch y el deslinde perredista","datePublished":"2018-10-04T13:05:07+00:00","mainEntityOfPage":{"@id":"https:\/\/lospoliticosveracruz.com\/?p=45244"},"wordCount":666,"commentCount":0,"publisher":{"@id":"https:\/\/lospoliticosveracruz.com\/#organization"},"keywords":["Cuitl\u00e1huac Garc\u00eda Jim\u00e9nez","Jes\u00fas Vel\u00e1zquez Flores","Jos\u00e9 Kirsch S\u00e1nchez","Legislatura del Estado","Ley antimemes","Luis Alberto Romero","Miguel Angel Yunes Linares","Morena","Poza Rica","PRD","Ren\u00e9 Bejarano","Veracruz"],"articleSection":["De Opini\u00f3n"],"inLanguage":"es","potentialAction":[{"@type":"CommentAction","name":"Comment","target":["https:\/\/lospoliticosveracruz.com\/?p=45244#respond"]}]},{"@type":"WebPage","@id":"https:\/\/lospoliticosveracruz.com\/?p=45244","url":"https:\/\/lospoliticosveracruz.com\/?p=45244","name":"Kirsch y el deslinde perredista - Los pol\u00edticos Veracruz","isPartOf":{"@id":"https:\/\/lospoliticosveracruz.com\/#website"},"datePublished":"2018-10-04T13:05:07+00:00","breadcrumb":{"@id":"https:\/\/lospoliticosveracruz.com\/?p=45244#breadcrumb"},"inLanguage":"es","potentialAction":[{"@type":"ReadAction","target":["https:\/\/lospoliticosveracruz.com\/?p=45244"]}]},{"@type":"BreadcrumbList","@id":"https:\/\/lospoliticosveracruz.com\/?p=45244#breadcrumb","itemListElement":[{"@type":"ListItem","position":1,"name":"Portada","item":"https:\/\/lospoliticosveracruz.com\/"},{"@type":"ListItem","position":2,"name":"Kirsch y el deslinde perredista"}]},{"@type":"WebSite","@id":"https:\/\/lospoliticosveracruz.com\/#website","url":"https:\/\/lospoliticosveracruz.com\/","name":"Los pol\u00edticos Veracruz","description":"","publisher":{"@id":"https:\/\/lospoliticosveracruz.com\/#organization"},"potentialAction":[{"@type":"SearchAction","target":{"@type":"EntryPoint","urlTemplate":"https:\/\/lospoliticosveracruz.com\/?s={search_term_string}"},"query-input":{"@type":"PropertyValueSpecification","valueRequired":true,"valueName":"search_term_string"}}],"inLanguage":"es"},{"@type":"Organization","@id":"https:\/\/lospoliticosveracruz.com\/#organization","name":"Los pol\u00edticos Veracruz","url":"https:\/\/lospoliticosveracruz.com\/","logo":{"@type":"ImageObject","inLanguage":"es","@id":"https:\/\/lospoliticosveracruz.com\/#\/schema\/logo\/image\/","url":"https:\/\/lospoliticosveracruz.com\/wp-content\/uploads\/2025\/12\/Logo-Nuevo-LOS-POLITICOS-1.jpg","contentUrl":"https:\/\/lospoliticosveracruz.com\/wp-content\/uploads\/2025\/12\/Logo-Nuevo-LOS-POLITICOS-1.jpg","width":260,"height":70,"caption":"Los pol\u00edticos Veracruz"},"image":{"@id":"https:\/\/lospoliticosveracruz.com\/#\/schema\/logo\/image\/"},"sameAs":["https:\/\/www.facebook.com\/people\/Notimemes-de-los-Polticos\/61565672886568\/","https:\/\/x.com\/LosPoliticosVer"]},{"@type":"Person","@id":"https:\/\/lospoliticosveracruz.com\/#\/schema\/person\/b8702bb0e538456e6efd07080bf2a4a2","name":"Lo viste en Los Pol\u00edticos","image":{"@type":"ImageObject","inLanguage":"es","@id":"https:\/\/secure.gravatar.com\/avatar\/3a8de04a2656d44082be478bd6c086daa447c4651605818287b9532d3d0bd435?s=96&d=mm&r=g","url":"https:\/\/secure.gravatar.com\/avatar\/3a8de04a2656d44082be478bd6c086daa447c4651605818287b9532d3d0bd435?s=96&d=mm&r=g","contentUrl":"https:\/\/secure.gravatar.com\/avatar\/3a8de04a2656d44082be478bd6c086daa447c4651605818287b9532d3d0bd435?s=96&d=mm&r=g","caption":"Lo viste en Los Pol\u00edticos"},"url":"https:\/\/lospoliticosveracruz.com\/?author=2"}]}},"_links":{"self":[{"href":"https:\/\/lospoliticosveracruz.com\/index.php?rest_route=\/wp\/v2\/posts\/45244","targetHints":{"allow":["GET"]}}],"collection":[{"href":"https:\/\/lospoliticosveracruz.com\/index.php?rest_route=\/wp\/v2\/posts"}],"about":[{"href":"https:\/\/lospoliticosveracruz.com\/index.php?rest_route=\/wp\/v2\/types\/post"}],"author":[{"embeddable":true,"href":"https:\/\/lospoliticosveracruz.com\/index.php?rest_route=\/wp\/v2\/users\/2"}],"replies":[{"embeddable":true,"href":"https:\/\/lospoliticosveracruz.com\/index.php?rest_route=%2Fwp%2Fv2%2Fcomments&post=45244"}],"version-history":[{"count":1,"href":"https:\/\/lospoliticosveracruz.com\/index.php?rest_route=\/wp\/v2\/posts\/45244\/revisions"}],"predecessor-version":[{"id":45245,"href":"https:\/\/lospoliticosveracruz.com\/index.php?rest_route=\/wp\/v2\/posts\/45244\/revisions\/45245"}],"wp:attachment":[{"href":"https:\/\/lospoliticosveracruz.com\/index.php?rest_route=%2Fwp%2Fv2%2Fmedia&parent=45244"}],"wp:term":[{"taxonomy":"category","embeddable":true,"href":"https:\/\/lospoliticosveracruz.com\/index.php?rest_route=%2Fwp%2Fv2%2Fcategories&post=45244"},{"taxonomy":"post_tag","embeddable":true,"href":"https:\/\/lospoliticosveracruz.com\/index.php?rest_route=%2Fwp%2Fv2%2Ftags&post=45244"}],"curies":[{"name":"wp","href":"https:\/\/api.w.org\/{rel}","templated":true}]}}