{"id":45273,"date":"2018-10-07T15:28:43","date_gmt":"2018-10-07T20:28:43","guid":{"rendered":"http:\/\/www.lospoliticosveracruz.com.mx\/?p=45273"},"modified":"2018-10-07T15:28:43","modified_gmt":"2018-10-07T20:28:43","slug":"acuerpa-plana-mayor-del-pan-a-mancha-en-su-registro","status":"publish","type":"post","link":"https:\/\/lospoliticosveracruz.com\/?p=45273","title":{"rendered":"Acuerpa plana mayor del PAN a Mancha en su registro"},"content":{"rendered":"<p>&nbsp;<\/p>\n<p>El registro de Pepe Mancha ante el Comit\u00e9 Directivo Estatal del PAN, como candidato a dirigente, que fue enmarcado por el respaldo de cientos de militantes del blanquiazul que abarrotaron las oficinas centrales, m\u00e1s de 40 alcaldes, diputados locales y federales, contrasta con el de Joaqu\u00edn Guzm\u00e1n Avil\u00e9s, aspirante al mismo cargo.<\/p>\n<p>El ex titular de Sedarpa se registr\u00f3 el pasado\u00a0s\u00e1bado, sin embargo s\u00f3lo reuni\u00f3 cinco alcaldes e igual n\u00famero de diputados y apenas doscientos militantes.<\/p>\n<p>Pepe Mancha fue\u00a0arropado por los senadores Indira Rosales y Julen Rementer\u00eda, as\u00ed como por los alcaldes de Veracruz, Fernando Yunes M\u00e1rquez; de Alamo, Jorge Vera; de Tierra Blanca, Patricio Aguirre Sol\u00eds, entre otros; adem\u00e1s de diputados locales como Sergio Hern\u00e1ndez.<\/p>\n<p>Estuvieron presentes los diputados electos Mari\u00e1n Graciela Hern\u00e1ndez y Ricardo Serna\u00a0y\u00a0los legisladores en funciones Marijos\u00e9 Gamboa, Mariely Manterola, Jos\u00e9 Luis Enr\u00edquez Ambell\u00a0y\u00a0Rodrigo Garc\u00eda.<\/p>\n<p>El proceso al parecer est\u00e1 cantado&#8230; Pepe Mancha, al ser respaldado por los Yunes, senadores, diputados y alcaldes, podr\u00eda ser el pr\u00f3ximo dirigente por tres a\u00f1os en el blanquiazul.<\/p>\n","protected":false},"excerpt":{"rendered":"<p>&nbsp; El registro de Pepe Mancha ante el Comit\u00e9 Directivo Estatal del PAN, como candidato a dirigente, que fue enmarcado por el respaldo de cientos de militantes del blanquiazul que abarrotaron las oficinas centrales, m\u00e1s de 40 alcaldes, diputados locales y federales, contrasta con el de Joaqu\u00edn Guzm\u00e1n Avil\u00e9s, aspirante al mismo cargo. El ex [&hellip;]<\/p>\n","protected":false},"author":2,"featured_media":0,"comment_status":"open","ping_status":"open","sticky":false,"template":"","format":"gallery","meta":{"tdm_status":"","tdm_grid_status":"","footnotes":""},"categories":[72],"tags":[818,5514,3288,9530,8383,1130,12837,7398,5381,266,12836,1065,12838,7447,1189,6142,3198,195],"class_list":{"0":"post-45273","1":"post","2":"type-post","3":"status-publish","4":"format-gallery","6":"category-palomazos","7":"tag-fernando-yunes-marquez","8":"tag-indira-rosales","9":"tag-joaquin-guzman-aviles","10":"tag-jorge-vera","11":"tag-jose-luis-enriquez-ambell","12":"tag-julen-rementeria","13":"tag-marian-graciela-hernandez","14":"tag-mariely-manterola","15":"tag-marijose-gamboa","16":"tag-pan","17":"tag-patricio-aguirre-solis","18":"tag-pepe-mancha","19":"tag-ricardo-serna","20":"tag-rodrigo-garcia","21":"tag-sedarpa","22":"tag-sergio-hernandez","23":"tag-tierra-blanca","24":"tag-veracruz","25":"post_format-post-format-gallery"},"yoast_head":"<!-- This site is optimized with the Yoast SEO plugin v27.4 - https:\/\/yoast.com\/product\/yoast-seo-wordpress\/ -->\n<title>Acuerpa plana mayor del PAN a Mancha en su registro - Los pol\u00edticos Veracruz<\/title>\n<meta name=\"robots\" content=\"index, follow, max-snippet:-1, max-image-preview:large, max-video-preview:-1\" \/>\n<link rel=\"canonical\" href=\"https:\/\/lospoliticosveracruz.com\/?p=45273\" \/>\n<meta property=\"og:locale\" content=\"es_ES\" \/>\n<meta property=\"og:type\" content=\"article\" \/>\n<meta property=\"og:title\" content=\"Acuerpa plana mayor del PAN a Mancha en su registro - Los pol\u00edticos Veracruz\" \/>\n<meta property=\"og:description\" content=\"&nbsp; El registro de Pepe Mancha ante el Comit\u00e9 Directivo Estatal del PAN, como candidato a dirigente, que fue enmarcado por el respaldo de cientos de militantes del blanquiazul que abarrotaron las oficinas centrales, m\u00e1s de 40 alcaldes, diputados locales y federales, contrasta con el de Joaqu\u00edn Guzm\u00e1n Avil\u00e9s, aspirante al mismo cargo. El ex [&hellip;]\" \/>\n<meta property=\"og:url\" content=\"https:\/\/lospoliticosveracruz.com\/?p=45273\" \/>\n<meta property=\"og:site_name\" content=\"Los pol\u00edticos Veracruz\" \/>\n<meta property=\"article:publisher\" content=\"https:\/\/www.facebook.com\/people\/Notimemes-de-los-Polticos\/61565672886568\/\" \/>\n<meta property=\"article:published_time\" content=\"2018-10-07T20:28:43+00:00\" \/>\n<meta property=\"og:image\" content=\"https:\/\/lospoliticosveracruz.com\/wp-content\/uploads\/2016\/07\/Logo-Dor.jpg\" \/>\n\t<meta property=\"og:image:width\" content=\"200\" \/>\n\t<meta property=\"og:image:height\" content=\"200\" \/>\n\t<meta property=\"og:image:type\" content=\"image\/jpeg\" \/>\n<meta name=\"author\" content=\"Lo viste en Los Pol\u00edticos\" \/>\n<meta name=\"twitter:card\" content=\"summary_large_image\" \/>\n<meta name=\"twitter:creator\" content=\"@LosPoliticosVer\" \/>\n<meta name=\"twitter:site\" content=\"@LosPoliticosVer\" \/>\n<meta name=\"twitter:label1\" content=\"Escrito por\" \/>\n\t<meta name=\"twitter:data1\" content=\"Lo viste en Los Pol\u00edticos\" \/>\n\t<meta name=\"twitter:label2\" content=\"Tiempo de lectura\" \/>\n\t<meta name=\"twitter:data2\" content=\"1 minuto\" \/>\n<script type=\"application\/ld+json\" class=\"yoast-schema-graph\">{\"@context\":\"https:\\\/\\\/schema.org\",\"@graph\":[{\"@type\":\"Article\",\"@id\":\"https:\\\/\\\/lospoliticosveracruz.com\\\/?p=45273#article\",\"isPartOf\":{\"@id\":\"https:\\\/\\\/lospoliticosveracruz.com\\\/?p=45273\"},\"author\":{\"name\":\"Lo viste en Los Pol\u00edticos\",\"@id\":\"https:\\\/\\\/lospoliticosveracruz.com\\\/#\\\/schema\\\/person\\\/b8702bb0e538456e6efd07080bf2a4a2\"},\"headline\":\"Acuerpa plana mayor del PAN a Mancha en su registro\",\"datePublished\":\"2018-10-07T20:28:43+00:00\",\"mainEntityOfPage\":{\"@id\":\"https:\\\/\\\/lospoliticosveracruz.com\\\/?p=45273\"},\"wordCount\":203,\"commentCount\":0,\"publisher\":{\"@id\":\"https:\\\/\\\/lospoliticosveracruz.com\\\/#organization\"},\"keywords\":[\"Fernando Yunes M\u00e1rquez\",\"Indira Rosales\",\"Joaqu\u00edn Guzm\u00e1n Avil\u00e9s\",\"Jorge Vera\",\"Jos\u00e9 Luis Enr\u00edquez Ambell\",\"Julen Rementer\u00eda\",\"Mari\u00e1n Graciela Hern\u00e1ndez\",\"Mariely Manterola\",\"Marijos\u00e9 Gamboa\",\"PAN\",\"Patricio Aguirre Sol\u00eds\",\"Pepe Mancha\",\"Ricardo Serna\",\"Rodrigo Garc\u00eda\",\"Sedarpa\",\"Sergio Hern\u00e1ndez\",\"Tierra Blanca\",\"Veracruz\"],\"articleSection\":[\"Palomazos\"],\"inLanguage\":\"es\",\"potentialAction\":[{\"@type\":\"CommentAction\",\"name\":\"Comment\",\"target\":[\"https:\\\/\\\/lospoliticosveracruz.com\\\/?p=45273#respond\"]}]},{\"@type\":\"WebPage\",\"@id\":\"https:\\\/\\\/lospoliticosveracruz.com\\\/?p=45273\",\"url\":\"https:\\\/\\\/lospoliticosveracruz.com\\\/?p=45273\",\"name\":\"Acuerpa plana mayor del PAN a Mancha en su registro - Los pol\u00edticos Veracruz\",\"isPartOf\":{\"@id\":\"https:\\\/\\\/lospoliticosveracruz.com\\\/#website\"},\"datePublished\":\"2018-10-07T20:28:43+00:00\",\"breadcrumb\":{\"@id\":\"https:\\\/\\\/lospoliticosveracruz.com\\\/?p=45273#breadcrumb\"},\"inLanguage\":\"es\",\"potentialAction\":[{\"@type\":\"ReadAction\",\"target\":[\"https:\\\/\\\/lospoliticosveracruz.com\\\/?p=45273\"]}]},{\"@type\":\"BreadcrumbList\",\"@id\":\"https:\\\/\\\/lospoliticosveracruz.com\\\/?p=45273#breadcrumb\",\"itemListElement\":[{\"@type\":\"ListItem\",\"position\":1,\"name\":\"Portada\",\"item\":\"https:\\\/\\\/lospoliticosveracruz.com\\\/\"},{\"@type\":\"ListItem\",\"position\":2,\"name\":\"Acuerpa plana mayor del PAN a Mancha en su registro\"}]},{\"@type\":\"WebSite\",\"@id\":\"https:\\\/\\\/lospoliticosveracruz.com\\\/#website\",\"url\":\"https:\\\/\\\/lospoliticosveracruz.com\\\/\",\"name\":\"Los pol\u00edticos Veracruz\",\"description\":\"\",\"publisher\":{\"@id\":\"https:\\\/\\\/lospoliticosveracruz.com\\\/#organization\"},\"potentialAction\":[{\"@type\":\"SearchAction\",\"target\":{\"@type\":\"EntryPoint\",\"urlTemplate\":\"https:\\\/\\\/lospoliticosveracruz.com\\\/?s={search_term_string}\"},\"query-input\":{\"@type\":\"PropertyValueSpecification\",\"valueRequired\":true,\"valueName\":\"search_term_string\"}}],\"inLanguage\":\"es\"},{\"@type\":\"Organization\",\"@id\":\"https:\\\/\\\/lospoliticosveracruz.com\\\/#organization\",\"name\":\"Los pol\u00edticos Veracruz\",\"url\":\"https:\\\/\\\/lospoliticosveracruz.com\\\/\",\"logo\":{\"@type\":\"ImageObject\",\"inLanguage\":\"es\",\"@id\":\"https:\\\/\\\/lospoliticosveracruz.com\\\/#\\\/schema\\\/logo\\\/image\\\/\",\"url\":\"https:\\\/\\\/lospoliticosveracruz.com\\\/wp-content\\\/uploads\\\/2025\\\/12\\\/Logo-Nuevo-LOS-POLITICOS-1.jpg\",\"contentUrl\":\"https:\\\/\\\/lospoliticosveracruz.com\\\/wp-content\\\/uploads\\\/2025\\\/12\\\/Logo-Nuevo-LOS-POLITICOS-1.jpg\",\"width\":260,\"height\":70,\"caption\":\"Los pol\u00edticos Veracruz\"},\"image\":{\"@id\":\"https:\\\/\\\/lospoliticosveracruz.com\\\/#\\\/schema\\\/logo\\\/image\\\/\"},\"sameAs\":[\"https:\\\/\\\/www.facebook.com\\\/people\\\/Notimemes-de-los-Polticos\\\/61565672886568\\\/\",\"https:\\\/\\\/x.com\\\/LosPoliticosVer\"]},{\"@type\":\"Person\",\"@id\":\"https:\\\/\\\/lospoliticosveracruz.com\\\/#\\\/schema\\\/person\\\/b8702bb0e538456e6efd07080bf2a4a2\",\"name\":\"Lo viste en Los Pol\u00edticos\",\"image\":{\"@type\":\"ImageObject\",\"inLanguage\":\"es\",\"@id\":\"https:\\\/\\\/secure.gravatar.com\\\/avatar\\\/3a8de04a2656d44082be478bd6c086daa447c4651605818287b9532d3d0bd435?s=96&d=mm&r=g\",\"url\":\"https:\\\/\\\/secure.gravatar.com\\\/avatar\\\/3a8de04a2656d44082be478bd6c086daa447c4651605818287b9532d3d0bd435?s=96&d=mm&r=g\",\"contentUrl\":\"https:\\\/\\\/secure.gravatar.com\\\/avatar\\\/3a8de04a2656d44082be478bd6c086daa447c4651605818287b9532d3d0bd435?s=96&d=mm&r=g\",\"caption\":\"Lo viste en Los Pol\u00edticos\"},\"url\":\"https:\\\/\\\/lospoliticosveracruz.com\\\/?author=2\"}]}<\/script>\n<!-- \/ Yoast SEO plugin. -->","yoast_head_json":{"title":"Acuerpa plana mayor del PAN a Mancha en su registro - Los pol\u00edticos Veracruz","robots":{"index":"index","follow":"follow","max-snippet":"max-snippet:-1","max-image-preview":"max-image-preview:large","max-video-preview":"max-video-preview:-1"},"canonical":"https:\/\/lospoliticosveracruz.com\/?p=45273","og_locale":"es_ES","og_type":"article","og_title":"Acuerpa plana mayor del PAN a Mancha en su registro - Los pol\u00edticos Veracruz","og_description":"&nbsp; El registro de Pepe Mancha ante el Comit\u00e9 Directivo Estatal del PAN, como candidato a dirigente, que fue enmarcado por el respaldo de cientos de militantes del blanquiazul que abarrotaron las oficinas centrales, m\u00e1s de 40 alcaldes, diputados locales y federales, contrasta con el de Joaqu\u00edn Guzm\u00e1n Avil\u00e9s, aspirante al mismo cargo. El ex [&hellip;]","og_url":"https:\/\/lospoliticosveracruz.com\/?p=45273","og_site_name":"Los pol\u00edticos Veracruz","article_publisher":"https:\/\/www.facebook.com\/people\/Notimemes-de-los-Polticos\/61565672886568\/","article_published_time":"2018-10-07T20:28:43+00:00","og_image":[{"width":200,"height":200,"url":"https:\/\/lospoliticosveracruz.com\/wp-content\/uploads\/2016\/07\/Logo-Dor.jpg","type":"image\/jpeg"}],"author":"Lo viste en Los Pol\u00edticos","twitter_card":"summary_large_image","twitter_creator":"@LosPoliticosVer","twitter_site":"@LosPoliticosVer","twitter_misc":{"Escrito por":"Lo viste en Los Pol\u00edticos","Tiempo de lectura":"1 minuto"},"schema":{"@context":"https:\/\/schema.org","@graph":[{"@type":"Article","@id":"https:\/\/lospoliticosveracruz.com\/?p=45273#article","isPartOf":{"@id":"https:\/\/lospoliticosveracruz.com\/?p=45273"},"author":{"name":"Lo viste en Los Pol\u00edticos","@id":"https:\/\/lospoliticosveracruz.com\/#\/schema\/person\/b8702bb0e538456e6efd07080bf2a4a2"},"headline":"Acuerpa plana mayor del PAN a Mancha en su registro","datePublished":"2018-10-07T20:28:43+00:00","mainEntityOfPage":{"@id":"https:\/\/lospoliticosveracruz.com\/?p=45273"},"wordCount":203,"commentCount":0,"publisher":{"@id":"https:\/\/lospoliticosveracruz.com\/#organization"},"keywords":["Fernando Yunes M\u00e1rquez","Indira Rosales","Joaqu\u00edn Guzm\u00e1n Avil\u00e9s","Jorge Vera","Jos\u00e9 Luis Enr\u00edquez Ambell","Julen Rementer\u00eda","Mari\u00e1n Graciela Hern\u00e1ndez","Mariely Manterola","Marijos\u00e9 Gamboa","PAN","Patricio Aguirre Sol\u00eds","Pepe Mancha","Ricardo Serna","Rodrigo Garc\u00eda","Sedarpa","Sergio Hern\u00e1ndez","Tierra Blanca","Veracruz"],"articleSection":["Palomazos"],"inLanguage":"es","potentialAction":[{"@type":"CommentAction","name":"Comment","target":["https:\/\/lospoliticosveracruz.com\/?p=45273#respond"]}]},{"@type":"WebPage","@id":"https:\/\/lospoliticosveracruz.com\/?p=45273","url":"https:\/\/lospoliticosveracruz.com\/?p=45273","name":"Acuerpa plana mayor del PAN a Mancha en su registro - Los pol\u00edticos Veracruz","isPartOf":{"@id":"https:\/\/lospoliticosveracruz.com\/#website"},"datePublished":"2018-10-07T20:28:43+00:00","breadcrumb":{"@id":"https:\/\/lospoliticosveracruz.com\/?p=45273#breadcrumb"},"inLanguage":"es","potentialAction":[{"@type":"ReadAction","target":["https:\/\/lospoliticosveracruz.com\/?p=45273"]}]},{"@type":"BreadcrumbList","@id":"https:\/\/lospoliticosveracruz.com\/?p=45273#breadcrumb","itemListElement":[{"@type":"ListItem","position":1,"name":"Portada","item":"https:\/\/lospoliticosveracruz.com\/"},{"@type":"ListItem","position":2,"name":"Acuerpa plana mayor del PAN a Mancha en su registro"}]},{"@type":"WebSite","@id":"https:\/\/lospoliticosveracruz.com\/#website","url":"https:\/\/lospoliticosveracruz.com\/","name":"Los pol\u00edticos Veracruz","description":"","publisher":{"@id":"https:\/\/lospoliticosveracruz.com\/#organization"},"potentialAction":[{"@type":"SearchAction","target":{"@type":"EntryPoint","urlTemplate":"https:\/\/lospoliticosveracruz.com\/?s={search_term_string}"},"query-input":{"@type":"PropertyValueSpecification","valueRequired":true,"valueName":"search_term_string"}}],"inLanguage":"es"},{"@type":"Organization","@id":"https:\/\/lospoliticosveracruz.com\/#organization","name":"Los pol\u00edticos Veracruz","url":"https:\/\/lospoliticosveracruz.com\/","logo":{"@type":"ImageObject","inLanguage":"es","@id":"https:\/\/lospoliticosveracruz.com\/#\/schema\/logo\/image\/","url":"https:\/\/lospoliticosveracruz.com\/wp-content\/uploads\/2025\/12\/Logo-Nuevo-LOS-POLITICOS-1.jpg","contentUrl":"https:\/\/lospoliticosveracruz.com\/wp-content\/uploads\/2025\/12\/Logo-Nuevo-LOS-POLITICOS-1.jpg","width":260,"height":70,"caption":"Los pol\u00edticos Veracruz"},"image":{"@id":"https:\/\/lospoliticosveracruz.com\/#\/schema\/logo\/image\/"},"sameAs":["https:\/\/www.facebook.com\/people\/Notimemes-de-los-Polticos\/61565672886568\/","https:\/\/x.com\/LosPoliticosVer"]},{"@type":"Person","@id":"https:\/\/lospoliticosveracruz.com\/#\/schema\/person\/b8702bb0e538456e6efd07080bf2a4a2","name":"Lo viste en Los Pol\u00edticos","image":{"@type":"ImageObject","inLanguage":"es","@id":"https:\/\/secure.gravatar.com\/avatar\/3a8de04a2656d44082be478bd6c086daa447c4651605818287b9532d3d0bd435?s=96&d=mm&r=g","url":"https:\/\/secure.gravatar.com\/avatar\/3a8de04a2656d44082be478bd6c086daa447c4651605818287b9532d3d0bd435?s=96&d=mm&r=g","contentUrl":"https:\/\/secure.gravatar.com\/avatar\/3a8de04a2656d44082be478bd6c086daa447c4651605818287b9532d3d0bd435?s=96&d=mm&r=g","caption":"Lo viste en Los Pol\u00edticos"},"url":"https:\/\/lospoliticosveracruz.com\/?author=2"}]}},"_links":{"self":[{"href":"https:\/\/lospoliticosveracruz.com\/index.php?rest_route=\/wp\/v2\/posts\/45273","targetHints":{"allow":["GET"]}}],"collection":[{"href":"https:\/\/lospoliticosveracruz.com\/index.php?rest_route=\/wp\/v2\/posts"}],"about":[{"href":"https:\/\/lospoliticosveracruz.com\/index.php?rest_route=\/wp\/v2\/types\/post"}],"author":[{"embeddable":true,"href":"https:\/\/lospoliticosveracruz.com\/index.php?rest_route=\/wp\/v2\/users\/2"}],"replies":[{"embeddable":true,"href":"https:\/\/lospoliticosveracruz.com\/index.php?rest_route=%2Fwp%2Fv2%2Fcomments&post=45273"}],"version-history":[{"count":1,"href":"https:\/\/lospoliticosveracruz.com\/index.php?rest_route=\/wp\/v2\/posts\/45273\/revisions"}],"predecessor-version":[{"id":45281,"href":"https:\/\/lospoliticosveracruz.com\/index.php?rest_route=\/wp\/v2\/posts\/45273\/revisions\/45281"}],"wp:attachment":[{"href":"https:\/\/lospoliticosveracruz.com\/index.php?rest_route=%2Fwp%2Fv2%2Fmedia&parent=45273"}],"wp:term":[{"taxonomy":"category","embeddable":true,"href":"https:\/\/lospoliticosveracruz.com\/index.php?rest_route=%2Fwp%2Fv2%2Fcategories&post=45273"},{"taxonomy":"post_tag","embeddable":true,"href":"https:\/\/lospoliticosveracruz.com\/index.php?rest_route=%2Fwp%2Fv2%2Ftags&post=45273"}],"curies":[{"name":"wp","href":"https:\/\/api.w.org\/{rel}","templated":true}]}}