{"id":45286,"date":"2018-10-07T22:55:20","date_gmt":"2018-10-08T03:55:20","guid":{"rendered":"http:\/\/www.lospoliticosveracruz.com.mx\/?p=45286"},"modified":"2018-10-07T21:25:51","modified_gmt":"2018-10-08T02:25:51","slug":"mas-desaparecidas","status":"publish","type":"post","link":"https:\/\/lospoliticosveracruz.com\/?p=45286","title":{"rendered":"M\u00e1s desaparecidas"},"content":{"rendered":"<p class=\"x_MsoNormal\"><strong>Brenda Caballero<\/strong><\/p>\n<p class=\"x_MsoNormal\"><em>N\u00fameros Rojos<\/em><\/p>\n<p class=\"x_MsoNormal\"><span id=\"geom_inter_1538964961678_65_15\">El mi\u00e9rcoles 26 de septiembre fue la \u00faltima vez que su familia supo del paradero de Rosa Lidia, de 28 a\u00f1os de edad. Originaria de Papantla, estudi\u00f3 medicina y tuvo que trasladarse a Poza Rica, pues est\u00e1 haciendo su servicio social en la Facultad de Medicina de la Universidad Veracruzana como m\u00e9dico general. Once d\u00edas han pasado y a\u00fan no se sabe nada de Rosa Lidia, quien afirman, la \u00faltima vez se le vio en las instalaciones de la Universidad.<\/span><\/p>\n<p class=\"x_MsoNormal\"><span id=\"geom_inter_1538964961679_14_16\">Sus parientes ya presentaron la denuncia correspondiente aunque temen por ella. Y no es para menos\u2026 hemos visto el incremento en cifras de mujeres desaparecidas y feminicidios, no solamente en Veracruz, sino en toda la Rep\u00fablica Mexicana.<\/span><\/p>\n<p id=\"geom_inter_1538964961679_66_17\" class=\"x_MsoNormal\"><span id=\"geom_inter_1538964961679_81_18\">Al consultar ayer la p\u00e1gina del Observatorio Veracruzano de Violencia contra las Mujeres de la Universidad Veracruzana, en el periodo de julio a diciembre con actualizaci\u00f3n al mes de agosto de 2018, registra a nivel estatal 47 mujeres desaparecidas, teniendo mayor incidencia la regi\u00f3n Sur con 26, resaltando Coatzacoalcos. En la zona Norte, donde desapareci\u00f3 Rosa Lidia, el n\u00famero era de 13 mujeres hasta agosto. El centro tiene una cifra de 8.<\/span><\/p>\n<p class=\"x_MsoNormal\">\u00bfQu\u00e9 est\u00e1n haciendo nuestras autoridades ante la desaparici\u00f3n de las mujeres y los feminicidios que se incrementan d\u00eda con d\u00eda?<\/p>\n<p class=\"x_MsoNormal\">Tristemente se ve un gran vac\u00edo que solamente se ve llenado por el n\u00famero de usuarios en redes sociales que compartimos la publicaci\u00f3n.<\/p>\n<p class=\"x_MsoNormal\">Es verdad, Veracruz ya tiene dos alertas, la primera, de violencia de g\u00e9nero contra las mujeres, se decret\u00f3 desde el 23 de noviembre de 2016 y tiene como objetivo garantizar nuestra seguridad, tanto de mujeres como de ni\u00f1as, que la violencia cese y se eliminen las desigualdades; sin embargo, las altas estad\u00edsticas demuestran que no ha sido suficiente.<\/p>\n<p class=\"x_MsoNormal\">En Veracruz, por ejemplo, se cre\u00f3 la aplicaci\u00f3n Mujer Alerta la cual debe descargarse en el celular y usarse en caso de estar en alg\u00fan riesgo; sin embargo, parece que no es usada.<\/p>\n<p class=\"x_MsoNormal\">Posiblemente tengan alguna otra aplicaci\u00f3n para estar ubicadas, como la llamada Life 360 o simplemente cada vez que llegan o salen, manden mensaje a alg\u00fan familiar.<\/p>\n<p class=\"x_MsoNormal\">Tal vez pueda ser tedioso y m\u00e1s para las adolescentes estar informando a sus padres donde se ubican, pero cr\u00e9ame, la situaci\u00f3n de inseguridad en el pa\u00eds verdaderamente lo amerita, m\u00ednimo, si viajan en alg\u00fan taxi se sugiere mandar el n\u00famero econ\u00f3mico y el mensaje de \u201cya llegu\u00e9\u201d.\u00a0\u00bfY las que no tienen celular? Pues hacerse acompa\u00f1ar por alg\u00fan familiar. Debemos de empezar a protegernos las unas a las otras.<\/p>\n<p class=\"x_MsoNormal\"><span id=\"geom_inter_1538964963676_51_19\">El d\u00eda de ayer, un grupo de mujeres, a trav\u00e9s de Facebook, convoc\u00f3 a una marcha por los asesinatos y desapariciones de veracruzanas y ya se prev\u00e9 otra para el fin de semana. Mientras tanto, el pr\u00f3ximo secretario de Seguridad P\u00fablica a nivel federal, Alfonso Durazo, cancel\u00f3 los Foros Escucha para la Pacificaci\u00f3n y Reconciliaci\u00f3n Nacional en cinco estados del pa\u00eds, entre ellos Veracruz.<\/span><\/p>\n<p class=\"x_MsoNormal\"><b><i>\u201cEl hermano de la diputada\u201d<\/i><\/b><\/p>\n<p id=\"geom_inter_1538964963677_76_22\" class=\"x_MsoNormal\"><span id=\"geom_inter_1538964963677_24_21\">Una de las cosas que siempre he detestado es que me refieran a m\u00ed como \u201cla esposa de\u201d, \u00bfpues qu\u00e9 no tengo nombre? Puede que a algunos agrade si el referente es muy reconocido, pues puede \u201cinfluir a favor\u201d, aunque tambi\u00e9n podr\u00e1 influir en contra.<\/span><\/p>\n<p class=\"x_MsoNormal\"><span id=\"geom_inter_1538964963678_68_23\">Lo anterior viene como ejemplo a la nota que circul\u00f3 el fin de semana: \u201cDetienen por pederastia a hermano de diputada de Morena\u201d. Desconozco el fondo del caso de Jonathan \u201cN\u201d, y en este momento no me ocupa, pero en caso de ser culpable \u00bfes necesario vincularlo con su hermana? \u00bfQu\u00e9 culpa tiene la diputada si tiene alg\u00fan familiar presuntamente culpable?\u00a0<\/span><\/p>\n<p id=\"geom_inter_1538964964683_19_26\" class=\"x_MsoNormal\"><span id=\"geom_inter_1538964963678_52_24\">Es verdad, el asunto parece m\u00e1s pol\u00edtico que nada, pero no se me hace justo que la diputada Tania Cruz sea constantemente mencionada en lo que aparentemente ni tiene vela en el entierro.<\/span><\/p>\n<p id=\"geom_inter_1538964963678_25_25\" class=\"x_MsoNormal\">@NumerosRojos_BC<\/p>\n<p class=\"x_MsoNormal\"><span style=\"color: #008000;\"><a style=\"color: #008000;\" href=\"mailto:caballero_brenda@hotmail.com\" target=\"_blank\" rel=\"noopener noreferrer\" data-auth=\"NotApplicable\">caballero_brenda@hotmail.com<\/a><\/span><\/p>\n","protected":false},"excerpt":{"rendered":"<p>Brenda Caballero N\u00fameros Rojos El mi\u00e9rcoles 26 de septiembre fue la \u00faltima vez que su familia supo del paradero de Rosa Lidia, de 28 a\u00f1os de edad. Originaria de Papantla, estudi\u00f3 medicina y tuvo que trasladarse a Poza Rica, pues est\u00e1 haciendo su servicio social en la Facultad de Medicina de la Universidad Veracruzana como [&hellip;]<\/p>\n","protected":false},"author":2,"featured_media":0,"comment_status":"open","ping_status":"open","sticky":false,"template":"","format":"standard","meta":{"tdm_status":"","tdm_grid_status":"","footnotes":""},"categories":[70],"tags":[7869,12841,11628,11872,5395,12839,11927,219],"class_list":{"0":"post-45286","1":"post","2":"type-post","3":"status-publish","4":"format-standard","6":"category-de-opinion","7":"tag-desaparecidas","8":"tag-foros-escucha-para-la-pacificacion-y-reconciliacion-nacional","9":"tag-life-360","10":"tag-mujer-alerta","11":"tag-pederastia","12":"tag-rosa-lidia","13":"tag-tania-cruz","14":"tag-universidad-veracruzana"},"yoast_head":"<!-- This site is optimized with the Yoast SEO plugin v27.4 - https:\/\/yoast.com\/product\/yoast-seo-wordpress\/ -->\n<title>M\u00e1s desaparecidas - Los pol\u00edticos Veracruz<\/title>\n<meta name=\"robots\" content=\"index, follow, max-snippet:-1, max-image-preview:large, max-video-preview:-1\" \/>\n<link rel=\"canonical\" href=\"https:\/\/lospoliticosveracruz.com\/?p=45286\" \/>\n<meta property=\"og:locale\" content=\"es_ES\" \/>\n<meta property=\"og:type\" content=\"article\" \/>\n<meta property=\"og:title\" content=\"M\u00e1s desaparecidas - Los pol\u00edticos Veracruz\" \/>\n<meta property=\"og:description\" content=\"Brenda Caballero N\u00fameros Rojos El mi\u00e9rcoles 26 de septiembre fue la \u00faltima vez que su familia supo del paradero de Rosa Lidia, de 28 a\u00f1os de edad. Originaria de Papantla, estudi\u00f3 medicina y tuvo que trasladarse a Poza Rica, pues est\u00e1 haciendo su servicio social en la Facultad de Medicina de la Universidad Veracruzana como [&hellip;]\" \/>\n<meta property=\"og:url\" content=\"https:\/\/lospoliticosveracruz.com\/?p=45286\" \/>\n<meta property=\"og:site_name\" content=\"Los pol\u00edticos Veracruz\" \/>\n<meta property=\"article:publisher\" content=\"https:\/\/www.facebook.com\/people\/Notimemes-de-los-Polticos\/61565672886568\/\" \/>\n<meta property=\"article:published_time\" content=\"2018-10-08T03:55:20+00:00\" \/>\n<meta property=\"og:image\" content=\"https:\/\/lospoliticosveracruz.com\/wp-content\/uploads\/2016\/07\/Logo-Dor.jpg\" \/>\n\t<meta property=\"og:image:width\" content=\"200\" \/>\n\t<meta property=\"og:image:height\" content=\"200\" \/>\n\t<meta property=\"og:image:type\" content=\"image\/jpeg\" \/>\n<meta name=\"author\" content=\"Lo viste en Los Pol\u00edticos\" \/>\n<meta name=\"twitter:card\" content=\"summary_large_image\" \/>\n<meta name=\"twitter:creator\" content=\"@LosPoliticosVer\" \/>\n<meta name=\"twitter:site\" content=\"@LosPoliticosVer\" \/>\n<meta name=\"twitter:label1\" content=\"Escrito por\" \/>\n\t<meta name=\"twitter:data1\" content=\"Lo viste en Los Pol\u00edticos\" \/>\n\t<meta name=\"twitter:label2\" content=\"Tiempo de lectura\" \/>\n\t<meta name=\"twitter:data2\" content=\"3 minutos\" \/>\n<script type=\"application\/ld+json\" class=\"yoast-schema-graph\">{\"@context\":\"https:\\\/\\\/schema.org\",\"@graph\":[{\"@type\":\"Article\",\"@id\":\"https:\\\/\\\/lospoliticosveracruz.com\\\/?p=45286#article\",\"isPartOf\":{\"@id\":\"https:\\\/\\\/lospoliticosveracruz.com\\\/?p=45286\"},\"author\":{\"name\":\"Lo viste en Los Pol\u00edticos\",\"@id\":\"https:\\\/\\\/lospoliticosveracruz.com\\\/#\\\/schema\\\/person\\\/b8702bb0e538456e6efd07080bf2a4a2\"},\"headline\":\"M\u00e1s desaparecidas\",\"datePublished\":\"2018-10-08T03:55:20+00:00\",\"mainEntityOfPage\":{\"@id\":\"https:\\\/\\\/lospoliticosveracruz.com\\\/?p=45286\"},\"wordCount\":676,\"commentCount\":0,\"publisher\":{\"@id\":\"https:\\\/\\\/lospoliticosveracruz.com\\\/#organization\"},\"keywords\":[\"Desaparecidas\",\"Foros Escucha para la Pacificaci\u00f3n y Reconciliaci\u00f3n Nacional\",\"Life 360\",\"Mujer Alerta\",\"pederastia\",\"Rosa Lidia\",\"Tania Cruz\",\"Universidad Veracruzana\"],\"articleSection\":[\"De Opini\u00f3n\"],\"inLanguage\":\"es\",\"potentialAction\":[{\"@type\":\"CommentAction\",\"name\":\"Comment\",\"target\":[\"https:\\\/\\\/lospoliticosveracruz.com\\\/?p=45286#respond\"]}]},{\"@type\":\"WebPage\",\"@id\":\"https:\\\/\\\/lospoliticosveracruz.com\\\/?p=45286\",\"url\":\"https:\\\/\\\/lospoliticosveracruz.com\\\/?p=45286\",\"name\":\"M\u00e1s desaparecidas - Los pol\u00edticos Veracruz\",\"isPartOf\":{\"@id\":\"https:\\\/\\\/lospoliticosveracruz.com\\\/#website\"},\"datePublished\":\"2018-10-08T03:55:20+00:00\",\"breadcrumb\":{\"@id\":\"https:\\\/\\\/lospoliticosveracruz.com\\\/?p=45286#breadcrumb\"},\"inLanguage\":\"es\",\"potentialAction\":[{\"@type\":\"ReadAction\",\"target\":[\"https:\\\/\\\/lospoliticosveracruz.com\\\/?p=45286\"]}]},{\"@type\":\"BreadcrumbList\",\"@id\":\"https:\\\/\\\/lospoliticosveracruz.com\\\/?p=45286#breadcrumb\",\"itemListElement\":[{\"@type\":\"ListItem\",\"position\":1,\"name\":\"Portada\",\"item\":\"https:\\\/\\\/lospoliticosveracruz.com\\\/\"},{\"@type\":\"ListItem\",\"position\":2,\"name\":\"M\u00e1s desaparecidas\"}]},{\"@type\":\"WebSite\",\"@id\":\"https:\\\/\\\/lospoliticosveracruz.com\\\/#website\",\"url\":\"https:\\\/\\\/lospoliticosveracruz.com\\\/\",\"name\":\"Los pol\u00edticos Veracruz\",\"description\":\"\",\"publisher\":{\"@id\":\"https:\\\/\\\/lospoliticosveracruz.com\\\/#organization\"},\"potentialAction\":[{\"@type\":\"SearchAction\",\"target\":{\"@type\":\"EntryPoint\",\"urlTemplate\":\"https:\\\/\\\/lospoliticosveracruz.com\\\/?s={search_term_string}\"},\"query-input\":{\"@type\":\"PropertyValueSpecification\",\"valueRequired\":true,\"valueName\":\"search_term_string\"}}],\"inLanguage\":\"es\"},{\"@type\":\"Organization\",\"@id\":\"https:\\\/\\\/lospoliticosveracruz.com\\\/#organization\",\"name\":\"Los pol\u00edticos Veracruz\",\"url\":\"https:\\\/\\\/lospoliticosveracruz.com\\\/\",\"logo\":{\"@type\":\"ImageObject\",\"inLanguage\":\"es\",\"@id\":\"https:\\\/\\\/lospoliticosveracruz.com\\\/#\\\/schema\\\/logo\\\/image\\\/\",\"url\":\"https:\\\/\\\/lospoliticosveracruz.com\\\/wp-content\\\/uploads\\\/2025\\\/12\\\/Logo-Nuevo-LOS-POLITICOS-1.jpg\",\"contentUrl\":\"https:\\\/\\\/lospoliticosveracruz.com\\\/wp-content\\\/uploads\\\/2025\\\/12\\\/Logo-Nuevo-LOS-POLITICOS-1.jpg\",\"width\":260,\"height\":70,\"caption\":\"Los pol\u00edticos Veracruz\"},\"image\":{\"@id\":\"https:\\\/\\\/lospoliticosveracruz.com\\\/#\\\/schema\\\/logo\\\/image\\\/\"},\"sameAs\":[\"https:\\\/\\\/www.facebook.com\\\/people\\\/Notimemes-de-los-Polticos\\\/61565672886568\\\/\",\"https:\\\/\\\/x.com\\\/LosPoliticosVer\"]},{\"@type\":\"Person\",\"@id\":\"https:\\\/\\\/lospoliticosveracruz.com\\\/#\\\/schema\\\/person\\\/b8702bb0e538456e6efd07080bf2a4a2\",\"name\":\"Lo viste en Los Pol\u00edticos\",\"image\":{\"@type\":\"ImageObject\",\"inLanguage\":\"es\",\"@id\":\"https:\\\/\\\/secure.gravatar.com\\\/avatar\\\/3a8de04a2656d44082be478bd6c086daa447c4651605818287b9532d3d0bd435?s=96&d=mm&r=g\",\"url\":\"https:\\\/\\\/secure.gravatar.com\\\/avatar\\\/3a8de04a2656d44082be478bd6c086daa447c4651605818287b9532d3d0bd435?s=96&d=mm&r=g\",\"contentUrl\":\"https:\\\/\\\/secure.gravatar.com\\\/avatar\\\/3a8de04a2656d44082be478bd6c086daa447c4651605818287b9532d3d0bd435?s=96&d=mm&r=g\",\"caption\":\"Lo viste en Los Pol\u00edticos\"},\"url\":\"https:\\\/\\\/lospoliticosveracruz.com\\\/?author=2\"}]}<\/script>\n<!-- \/ Yoast SEO plugin. -->","yoast_head_json":{"title":"M\u00e1s desaparecidas - Los pol\u00edticos Veracruz","robots":{"index":"index","follow":"follow","max-snippet":"max-snippet:-1","max-image-preview":"max-image-preview:large","max-video-preview":"max-video-preview:-1"},"canonical":"https:\/\/lospoliticosveracruz.com\/?p=45286","og_locale":"es_ES","og_type":"article","og_title":"M\u00e1s desaparecidas - Los pol\u00edticos Veracruz","og_description":"Brenda Caballero N\u00fameros Rojos El mi\u00e9rcoles 26 de septiembre fue la \u00faltima vez que su familia supo del paradero de Rosa Lidia, de 28 a\u00f1os de edad. Originaria de Papantla, estudi\u00f3 medicina y tuvo que trasladarse a Poza Rica, pues est\u00e1 haciendo su servicio social en la Facultad de Medicina de la Universidad Veracruzana como [&hellip;]","og_url":"https:\/\/lospoliticosveracruz.com\/?p=45286","og_site_name":"Los pol\u00edticos Veracruz","article_publisher":"https:\/\/www.facebook.com\/people\/Notimemes-de-los-Polticos\/61565672886568\/","article_published_time":"2018-10-08T03:55:20+00:00","og_image":[{"width":200,"height":200,"url":"https:\/\/lospoliticosveracruz.com\/wp-content\/uploads\/2016\/07\/Logo-Dor.jpg","type":"image\/jpeg"}],"author":"Lo viste en Los Pol\u00edticos","twitter_card":"summary_large_image","twitter_creator":"@LosPoliticosVer","twitter_site":"@LosPoliticosVer","twitter_misc":{"Escrito por":"Lo viste en Los Pol\u00edticos","Tiempo de lectura":"3 minutos"},"schema":{"@context":"https:\/\/schema.org","@graph":[{"@type":"Article","@id":"https:\/\/lospoliticosveracruz.com\/?p=45286#article","isPartOf":{"@id":"https:\/\/lospoliticosveracruz.com\/?p=45286"},"author":{"name":"Lo viste en Los Pol\u00edticos","@id":"https:\/\/lospoliticosveracruz.com\/#\/schema\/person\/b8702bb0e538456e6efd07080bf2a4a2"},"headline":"M\u00e1s desaparecidas","datePublished":"2018-10-08T03:55:20+00:00","mainEntityOfPage":{"@id":"https:\/\/lospoliticosveracruz.com\/?p=45286"},"wordCount":676,"commentCount":0,"publisher":{"@id":"https:\/\/lospoliticosveracruz.com\/#organization"},"keywords":["Desaparecidas","Foros Escucha para la Pacificaci\u00f3n y Reconciliaci\u00f3n Nacional","Life 360","Mujer Alerta","pederastia","Rosa Lidia","Tania Cruz","Universidad Veracruzana"],"articleSection":["De Opini\u00f3n"],"inLanguage":"es","potentialAction":[{"@type":"CommentAction","name":"Comment","target":["https:\/\/lospoliticosveracruz.com\/?p=45286#respond"]}]},{"@type":"WebPage","@id":"https:\/\/lospoliticosveracruz.com\/?p=45286","url":"https:\/\/lospoliticosveracruz.com\/?p=45286","name":"M\u00e1s desaparecidas - Los pol\u00edticos Veracruz","isPartOf":{"@id":"https:\/\/lospoliticosveracruz.com\/#website"},"datePublished":"2018-10-08T03:55:20+00:00","breadcrumb":{"@id":"https:\/\/lospoliticosveracruz.com\/?p=45286#breadcrumb"},"inLanguage":"es","potentialAction":[{"@type":"ReadAction","target":["https:\/\/lospoliticosveracruz.com\/?p=45286"]}]},{"@type":"BreadcrumbList","@id":"https:\/\/lospoliticosveracruz.com\/?p=45286#breadcrumb","itemListElement":[{"@type":"ListItem","position":1,"name":"Portada","item":"https:\/\/lospoliticosveracruz.com\/"},{"@type":"ListItem","position":2,"name":"M\u00e1s desaparecidas"}]},{"@type":"WebSite","@id":"https:\/\/lospoliticosveracruz.com\/#website","url":"https:\/\/lospoliticosveracruz.com\/","name":"Los pol\u00edticos Veracruz","description":"","publisher":{"@id":"https:\/\/lospoliticosveracruz.com\/#organization"},"potentialAction":[{"@type":"SearchAction","target":{"@type":"EntryPoint","urlTemplate":"https:\/\/lospoliticosveracruz.com\/?s={search_term_string}"},"query-input":{"@type":"PropertyValueSpecification","valueRequired":true,"valueName":"search_term_string"}}],"inLanguage":"es"},{"@type":"Organization","@id":"https:\/\/lospoliticosveracruz.com\/#organization","name":"Los pol\u00edticos Veracruz","url":"https:\/\/lospoliticosveracruz.com\/","logo":{"@type":"ImageObject","inLanguage":"es","@id":"https:\/\/lospoliticosveracruz.com\/#\/schema\/logo\/image\/","url":"https:\/\/lospoliticosveracruz.com\/wp-content\/uploads\/2025\/12\/Logo-Nuevo-LOS-POLITICOS-1.jpg","contentUrl":"https:\/\/lospoliticosveracruz.com\/wp-content\/uploads\/2025\/12\/Logo-Nuevo-LOS-POLITICOS-1.jpg","width":260,"height":70,"caption":"Los pol\u00edticos Veracruz"},"image":{"@id":"https:\/\/lospoliticosveracruz.com\/#\/schema\/logo\/image\/"},"sameAs":["https:\/\/www.facebook.com\/people\/Notimemes-de-los-Polticos\/61565672886568\/","https:\/\/x.com\/LosPoliticosVer"]},{"@type":"Person","@id":"https:\/\/lospoliticosveracruz.com\/#\/schema\/person\/b8702bb0e538456e6efd07080bf2a4a2","name":"Lo viste en Los Pol\u00edticos","image":{"@type":"ImageObject","inLanguage":"es","@id":"https:\/\/secure.gravatar.com\/avatar\/3a8de04a2656d44082be478bd6c086daa447c4651605818287b9532d3d0bd435?s=96&d=mm&r=g","url":"https:\/\/secure.gravatar.com\/avatar\/3a8de04a2656d44082be478bd6c086daa447c4651605818287b9532d3d0bd435?s=96&d=mm&r=g","contentUrl":"https:\/\/secure.gravatar.com\/avatar\/3a8de04a2656d44082be478bd6c086daa447c4651605818287b9532d3d0bd435?s=96&d=mm&r=g","caption":"Lo viste en Los Pol\u00edticos"},"url":"https:\/\/lospoliticosveracruz.com\/?author=2"}]}},"_links":{"self":[{"href":"https:\/\/lospoliticosveracruz.com\/index.php?rest_route=\/wp\/v2\/posts\/45286","targetHints":{"allow":["GET"]}}],"collection":[{"href":"https:\/\/lospoliticosveracruz.com\/index.php?rest_route=\/wp\/v2\/posts"}],"about":[{"href":"https:\/\/lospoliticosveracruz.com\/index.php?rest_route=\/wp\/v2\/types\/post"}],"author":[{"embeddable":true,"href":"https:\/\/lospoliticosveracruz.com\/index.php?rest_route=\/wp\/v2\/users\/2"}],"replies":[{"embeddable":true,"href":"https:\/\/lospoliticosveracruz.com\/index.php?rest_route=%2Fwp%2Fv2%2Fcomments&post=45286"}],"version-history":[{"count":2,"href":"https:\/\/lospoliticosveracruz.com\/index.php?rest_route=\/wp\/v2\/posts\/45286\/revisions"}],"predecessor-version":[{"id":45288,"href":"https:\/\/lospoliticosveracruz.com\/index.php?rest_route=\/wp\/v2\/posts\/45286\/revisions\/45288"}],"wp:attachment":[{"href":"https:\/\/lospoliticosveracruz.com\/index.php?rest_route=%2Fwp%2Fv2%2Fmedia&parent=45286"}],"wp:term":[{"taxonomy":"category","embeddable":true,"href":"https:\/\/lospoliticosveracruz.com\/index.php?rest_route=%2Fwp%2Fv2%2Fcategories&post=45286"},{"taxonomy":"post_tag","embeddable":true,"href":"https:\/\/lospoliticosveracruz.com\/index.php?rest_route=%2Fwp%2Fv2%2Ftags&post=45286"}],"curies":[{"name":"wp","href":"https:\/\/api.w.org\/{rel}","templated":true}]}}