{"id":45292,"date":"2018-10-08T22:55:06","date_gmt":"2018-10-09T03:55:06","guid":{"rendered":"http:\/\/www.lospoliticosveracruz.com.mx\/?p=45292"},"modified":"2018-10-08T20:37:01","modified_gmt":"2018-10-09T01:37:01","slug":"recordar-a-hipolito-extranar-a-ahued","status":"publish","type":"post","link":"https:\/\/lospoliticosveracruz.com\/?p=45292","title":{"rendered":"Recordar a Hip\u00f3lito; extra\u00f1ar a Ahued"},"content":{"rendered":"<p><strong>Salvador Mu\u00f1oz<\/strong><\/p>\n<p><em>Los Pol\u00edticos<\/em><\/p>\n<p><span style=\"font-weight: 400;\">El nombre de la calle no tiene caso citarlo. Lo cierto es que pasaron dos alcaldes a los que se les solicit\u00f3 una y otra ocasi\u00f3n su intervenci\u00f3n para remediar la situaci\u00f3n que con el tiempo se complic\u00f3: la calle se anegaba cuando llov\u00eda; y los baches se volvieron hoyos, tan profundos que cuando los carros ca\u00edan en ellos, algunas veces se atoraron. Hace como un a\u00f1o o menos, Ricardo Ahued se present\u00f3 a solicitud de algunos vecinos. Le explicaron el problema y qued\u00f3 en atenderlo. Al d\u00eda siguiente, un ingeniero lleg\u00f3 con otras personas y empezaron a tomar medidas y hacer trazos. A las pocas horas, lleg\u00f3 una maquinaria, no recuerdo si es \u00e9sa que llaman \u201cMano de chango\u201d. Cerraron el tramo de calle afectada y empezaron los trabajos. No creo que hayan tardado dos semanas en la reparaci\u00f3n de la calle, en crear un alcantarillado que desahogara las corrientes de agua de las lluvias hacia el parque, para que esa calle se volviera eso, una calle\u2026<\/span><\/p>\n<p><span style=\"font-weight: 400;\">La calle se abri\u00f3 una vez que el ingeniero tuvo la seguridad de que estaba en condiciones de hacerlo\u2026 no, no hubo banderazo, no hubo inauguraci\u00f3n fastuosa, no estuvo Ricardo Ahued\u2026<\/span><\/p>\n<p><span style=\"font-weight: 400;\">Si se dieron cuenta, s\u00f3lo cito el nombre del hoy senador\u2026 \u00bfpor qu\u00e9? porque cuando ocurri\u00f3 eso, ni era senador, ni era diputado, ni era candidato\u2026 era simplemente una persona a la que los vecinos acudieron como \u00faltima instancia para ver la manera de resolver un problema ante la pasividad de las autoridades municipales\u2026 a ciencia cierta, desconozco qu\u00e9 respuesta les haya dado Hip\u00f3lito Rodr\u00edguez Herrero a los vecinos si acudieron a \u00e9l, pero el que resolvi\u00f3, fue Ahued.<\/span><\/p>\n<p><span style=\"font-weight: 400;\">Si bien antes no tom\u00e9 en cuenta el tema, fue porque un amigo de Ricardo Ahued, cuando se lo pregunt\u00e9, me dijo que el empresario no estaba interesado en que saliera su nombre, sino en atender una solicitud de algunos vecinos que vieron en \u00e9l, no quien les fuera a resolver el problema, sino el cauce, la v\u00eda, el enlace con quien pudiera hacerlo\u2026 y \u00e9l lo hizo. Pero en esta ocasi\u00f3n lo retomo porque a finales de la semana pasada, vi al hoy al senador atendiendo a los locatarios de Plaza Animas all\u00e1, en su lugar de trabajo, en ese centro comercial cuyo estacionamiento, de acuerdo a lo reportado por autoridades de Protecci\u00f3n Civil municipal, no se encuentra en buenas condiciones un amplio espacio de su aparcamiento.<\/span><\/p>\n<p><span style=\"font-weight: 400;\">Los locatarios aseguran que han mermado sus ventas desde que se clausur\u00f3 parte del estacionamiento. Por equis o ye, he acudido a dicha plaza a comprar comida china (barata y bien surtida\u2026 la recomiendo) y al menos, las ocasiones que estuve, siempre vi movimiento, flujo, actividad, en el \u00e1rea de restaurantes&#8230; qui\u00e9n sabe en las otras.<\/span><\/p>\n<p><span style=\"font-weight: 400;\">Ricardo Ahued fue a la Plaza a petici\u00f3n de los locatarios\u2026 s\u00ed, estoy de acuerdo\u2026 el problema de Plaza Animas es m\u00e1s complicado que el tramo de calle que resolvi\u00f3 el hoy Senador, pero el empresario de los pl\u00e1sticos tiene algo que dif\u00edcilmente tienen otros pol\u00edticos, incluso, hasta nuestra autoridad municipal\u2026 el Senador genera confianza como sea, como candidato, funcionario, empresario, o como Ricardo Ahued\u2026<\/span><\/p>\n<p><span style=\"font-weight: 400;\">A veces sucede que los pol\u00edticos, cuando est\u00e1n en campa\u00f1a, crean un halo de confianza y por eso uno cree en sus proyectos\u2026 el caso de Hip\u00f3lito Rodr\u00edguez Herrero creo que as\u00ed fue\u2026 si bien es cierto, hay una campa\u00f1a en redes sociales por la pasividad que los ciudadanos perciben del alcalde para combatir la tremenda plaga de baches que hay en la ciudad, tambi\u00e9n es cierto que la campa\u00f1a est\u00e1 justificada. S\u00ed, es incre\u00edble el n\u00famero de baches que hay en la ciudad y si a ello agrega ese comentario desatinado del edil cuando dijo que las calles con hoyancos \u00e9l no las hizo, genera molestia ciudadana.<\/span><\/p>\n<p><span style=\"font-weight: 400;\">En descargo y sin saber, hace poco tom\u00e9 la calle de Gustavo D\u00edaz Ordaz, bajando por Huizache y cuando iba a medio camino, record\u00e9 que en el tramo alto, \u201cen la loma\u201d dijeran, es un mundo de hoyos\u2026 \u00a1ni modo! \u00a1baj\u00e9 la velocidad y me inclin\u00e9 hacia el volante, para tratar de evitar caer en un bache\u2026 \u00bfy qu\u00e9 creen? \u00a1ni un \u2018m\u00e9ndigo\u2019 hoyo! \u00a1la calle est\u00e1 perfecta! La verdad no s\u00e9 si fue un trabajo municipal\u2026 o en una de \u00e9sas, hasta fue Ricardo Ahued\u2026 \u00a1es broma! pero de que le falta activarse al alcalde en trabajos tan comunes que el ciudadano reclama, \u00a1le falta y mucho en lo que a baches se refiere! Al menos ya anunci\u00f3 un programa de bacheo que ha de estar en activo todo octubre, y en verdad uno espera que funcione; en lo que respecta a Limpia P\u00fablica, al menos, en la recolecci\u00f3n, quejas no veo y tampoco en alumbrado p\u00fablico.<\/span><\/p>\n<p><span style=\"font-weight: 400;\">Ojal\u00e1 que con el arribo de Tula Guerrero a la tesorer\u00eda, la mujer ponga a trabajar el dinero de los xalape\u00f1os para bienestar ciudadano, y en especial en asuntos como los baches, para que el xalape\u00f1o no tenga necesidad de record\u00e1rsela a Hip\u00f3lito\u2026 \u00a1o mejor! tener que extra\u00f1ar a Ahued cuando fue alcalde\u2026<\/span><\/p>\n<p>&nbsp;<\/p>\n<p><span style=\"font-weight: 400;\">smcainito@gmail.com<\/span><\/p>\n","protected":false},"excerpt":{"rendered":"<p>Salvador Mu\u00f1oz Los Pol\u00edticos El nombre de la calle no tiene caso citarlo. Lo cierto es que pasaron dos alcaldes a los que se les solicit\u00f3 una y otra ocasi\u00f3n su intervenci\u00f3n para remediar la situaci\u00f3n que con el tiempo se complic\u00f3: la calle se anegaba cuando llov\u00eda; y los baches se volvieron hoyos, tan [&hellip;]<\/p>\n","protected":false},"author":2,"featured_media":0,"comment_status":"open","ping_status":"open","sticky":false,"template":"","format":"standard","meta":{"tdm_status":"","tdm_grid_status":"","footnotes":""},"categories":[70],"tags":[7620,3574,876,2646,96],"class_list":{"0":"post-45292","1":"post","2":"type-post","3":"status-publish","4":"format-standard","6":"category-de-opinion","7":"tag-hipolito-rodriguez-herrero","8":"tag-plaza-animas","9":"tag-ricardo-ahued","10":"tag-salvador-munoz","11":"tag-xalapa"},"yoast_head":"<!-- This site is optimized with the Yoast SEO plugin v27.4 - https:\/\/yoast.com\/product\/yoast-seo-wordpress\/ -->\n<title>Recordar a Hip\u00f3lito; extra\u00f1ar a Ahued - Los pol\u00edticos Veracruz<\/title>\n<meta name=\"robots\" content=\"index, follow, max-snippet:-1, max-image-preview:large, max-video-preview:-1\" \/>\n<link rel=\"canonical\" href=\"https:\/\/lospoliticosveracruz.com\/?p=45292\" \/>\n<meta property=\"og:locale\" content=\"es_ES\" \/>\n<meta property=\"og:type\" content=\"article\" \/>\n<meta property=\"og:title\" content=\"Recordar a Hip\u00f3lito; extra\u00f1ar a Ahued - Los pol\u00edticos Veracruz\" \/>\n<meta property=\"og:description\" content=\"Salvador Mu\u00f1oz Los Pol\u00edticos El nombre de la calle no tiene caso citarlo. Lo cierto es que pasaron dos alcaldes a los que se les solicit\u00f3 una y otra ocasi\u00f3n su intervenci\u00f3n para remediar la situaci\u00f3n que con el tiempo se complic\u00f3: la calle se anegaba cuando llov\u00eda; y los baches se volvieron hoyos, tan [&hellip;]\" \/>\n<meta property=\"og:url\" content=\"https:\/\/lospoliticosveracruz.com\/?p=45292\" \/>\n<meta property=\"og:site_name\" content=\"Los pol\u00edticos Veracruz\" \/>\n<meta property=\"article:publisher\" content=\"https:\/\/www.facebook.com\/people\/Notimemes-de-los-Polticos\/61565672886568\/\" \/>\n<meta property=\"article:published_time\" content=\"2018-10-09T03:55:06+00:00\" \/>\n<meta property=\"og:image\" content=\"https:\/\/lospoliticosveracruz.com\/wp-content\/uploads\/2016\/07\/Logo-Dor.jpg\" \/>\n\t<meta property=\"og:image:width\" content=\"200\" \/>\n\t<meta property=\"og:image:height\" content=\"200\" \/>\n\t<meta property=\"og:image:type\" content=\"image\/jpeg\" \/>\n<meta name=\"author\" content=\"Lo viste en Los Pol\u00edticos\" \/>\n<meta name=\"twitter:card\" content=\"summary_large_image\" \/>\n<meta name=\"twitter:creator\" content=\"@LosPoliticosVer\" \/>\n<meta name=\"twitter:site\" content=\"@LosPoliticosVer\" \/>\n<meta name=\"twitter:label1\" content=\"Escrito por\" \/>\n\t<meta name=\"twitter:data1\" content=\"Lo viste en Los Pol\u00edticos\" \/>\n\t<meta name=\"twitter:label2\" content=\"Tiempo de lectura\" \/>\n\t<meta name=\"twitter:data2\" content=\"4 minutos\" \/>\n<script type=\"application\/ld+json\" class=\"yoast-schema-graph\">{\"@context\":\"https:\\\/\\\/schema.org\",\"@graph\":[{\"@type\":\"Article\",\"@id\":\"https:\\\/\\\/lospoliticosveracruz.com\\\/?p=45292#article\",\"isPartOf\":{\"@id\":\"https:\\\/\\\/lospoliticosveracruz.com\\\/?p=45292\"},\"author\":{\"name\":\"Lo viste en Los Pol\u00edticos\",\"@id\":\"https:\\\/\\\/lospoliticosveracruz.com\\\/#\\\/schema\\\/person\\\/b8702bb0e538456e6efd07080bf2a4a2\"},\"headline\":\"Recordar a Hip\u00f3lito; extra\u00f1ar a Ahued\",\"datePublished\":\"2018-10-09T03:55:06+00:00\",\"mainEntityOfPage\":{\"@id\":\"https:\\\/\\\/lospoliticosveracruz.com\\\/?p=45292\"},\"wordCount\":906,\"commentCount\":0,\"publisher\":{\"@id\":\"https:\\\/\\\/lospoliticosveracruz.com\\\/#organization\"},\"keywords\":[\"Hip\u00f3lito Rodr\u00edguez Herrero\",\"Plaza \u00c1nimas\",\"Ricardo Ahued\",\"Salvador Mu\u00f1oz\",\"Xalapa\"],\"articleSection\":[\"De Opini\u00f3n\"],\"inLanguage\":\"es\",\"potentialAction\":[{\"@type\":\"CommentAction\",\"name\":\"Comment\",\"target\":[\"https:\\\/\\\/lospoliticosveracruz.com\\\/?p=45292#respond\"]}]},{\"@type\":\"WebPage\",\"@id\":\"https:\\\/\\\/lospoliticosveracruz.com\\\/?p=45292\",\"url\":\"https:\\\/\\\/lospoliticosveracruz.com\\\/?p=45292\",\"name\":\"Recordar a Hip\u00f3lito; extra\u00f1ar a Ahued - Los pol\u00edticos Veracruz\",\"isPartOf\":{\"@id\":\"https:\\\/\\\/lospoliticosveracruz.com\\\/#website\"},\"datePublished\":\"2018-10-09T03:55:06+00:00\",\"breadcrumb\":{\"@id\":\"https:\\\/\\\/lospoliticosveracruz.com\\\/?p=45292#breadcrumb\"},\"inLanguage\":\"es\",\"potentialAction\":[{\"@type\":\"ReadAction\",\"target\":[\"https:\\\/\\\/lospoliticosveracruz.com\\\/?p=45292\"]}]},{\"@type\":\"BreadcrumbList\",\"@id\":\"https:\\\/\\\/lospoliticosveracruz.com\\\/?p=45292#breadcrumb\",\"itemListElement\":[{\"@type\":\"ListItem\",\"position\":1,\"name\":\"Portada\",\"item\":\"https:\\\/\\\/lospoliticosveracruz.com\\\/\"},{\"@type\":\"ListItem\",\"position\":2,\"name\":\"Recordar a Hip\u00f3lito; extra\u00f1ar a Ahued\"}]},{\"@type\":\"WebSite\",\"@id\":\"https:\\\/\\\/lospoliticosveracruz.com\\\/#website\",\"url\":\"https:\\\/\\\/lospoliticosveracruz.com\\\/\",\"name\":\"Los pol\u00edticos Veracruz\",\"description\":\"\",\"publisher\":{\"@id\":\"https:\\\/\\\/lospoliticosveracruz.com\\\/#organization\"},\"potentialAction\":[{\"@type\":\"SearchAction\",\"target\":{\"@type\":\"EntryPoint\",\"urlTemplate\":\"https:\\\/\\\/lospoliticosveracruz.com\\\/?s={search_term_string}\"},\"query-input\":{\"@type\":\"PropertyValueSpecification\",\"valueRequired\":true,\"valueName\":\"search_term_string\"}}],\"inLanguage\":\"es\"},{\"@type\":\"Organization\",\"@id\":\"https:\\\/\\\/lospoliticosveracruz.com\\\/#organization\",\"name\":\"Los pol\u00edticos Veracruz\",\"url\":\"https:\\\/\\\/lospoliticosveracruz.com\\\/\",\"logo\":{\"@type\":\"ImageObject\",\"inLanguage\":\"es\",\"@id\":\"https:\\\/\\\/lospoliticosveracruz.com\\\/#\\\/schema\\\/logo\\\/image\\\/\",\"url\":\"https:\\\/\\\/lospoliticosveracruz.com\\\/wp-content\\\/uploads\\\/2025\\\/12\\\/Logo-Nuevo-LOS-POLITICOS-1.jpg\",\"contentUrl\":\"https:\\\/\\\/lospoliticosveracruz.com\\\/wp-content\\\/uploads\\\/2025\\\/12\\\/Logo-Nuevo-LOS-POLITICOS-1.jpg\",\"width\":260,\"height\":70,\"caption\":\"Los pol\u00edticos Veracruz\"},\"image\":{\"@id\":\"https:\\\/\\\/lospoliticosveracruz.com\\\/#\\\/schema\\\/logo\\\/image\\\/\"},\"sameAs\":[\"https:\\\/\\\/www.facebook.com\\\/people\\\/Notimemes-de-los-Polticos\\\/61565672886568\\\/\",\"https:\\\/\\\/x.com\\\/LosPoliticosVer\"]},{\"@type\":\"Person\",\"@id\":\"https:\\\/\\\/lospoliticosveracruz.com\\\/#\\\/schema\\\/person\\\/b8702bb0e538456e6efd07080bf2a4a2\",\"name\":\"Lo viste en Los Pol\u00edticos\",\"image\":{\"@type\":\"ImageObject\",\"inLanguage\":\"es\",\"@id\":\"https:\\\/\\\/secure.gravatar.com\\\/avatar\\\/3a8de04a2656d44082be478bd6c086daa447c4651605818287b9532d3d0bd435?s=96&d=mm&r=g\",\"url\":\"https:\\\/\\\/secure.gravatar.com\\\/avatar\\\/3a8de04a2656d44082be478bd6c086daa447c4651605818287b9532d3d0bd435?s=96&d=mm&r=g\",\"contentUrl\":\"https:\\\/\\\/secure.gravatar.com\\\/avatar\\\/3a8de04a2656d44082be478bd6c086daa447c4651605818287b9532d3d0bd435?s=96&d=mm&r=g\",\"caption\":\"Lo viste en Los Pol\u00edticos\"},\"url\":\"https:\\\/\\\/lospoliticosveracruz.com\\\/?author=2\"}]}<\/script>\n<!-- \/ Yoast SEO plugin. -->","yoast_head_json":{"title":"Recordar a Hip\u00f3lito; extra\u00f1ar a Ahued - Los pol\u00edticos Veracruz","robots":{"index":"index","follow":"follow","max-snippet":"max-snippet:-1","max-image-preview":"max-image-preview:large","max-video-preview":"max-video-preview:-1"},"canonical":"https:\/\/lospoliticosveracruz.com\/?p=45292","og_locale":"es_ES","og_type":"article","og_title":"Recordar a Hip\u00f3lito; extra\u00f1ar a Ahued - Los pol\u00edticos Veracruz","og_description":"Salvador Mu\u00f1oz Los Pol\u00edticos El nombre de la calle no tiene caso citarlo. Lo cierto es que pasaron dos alcaldes a los que se les solicit\u00f3 una y otra ocasi\u00f3n su intervenci\u00f3n para remediar la situaci\u00f3n que con el tiempo se complic\u00f3: la calle se anegaba cuando llov\u00eda; y los baches se volvieron hoyos, tan [&hellip;]","og_url":"https:\/\/lospoliticosveracruz.com\/?p=45292","og_site_name":"Los pol\u00edticos Veracruz","article_publisher":"https:\/\/www.facebook.com\/people\/Notimemes-de-los-Polticos\/61565672886568\/","article_published_time":"2018-10-09T03:55:06+00:00","og_image":[{"width":200,"height":200,"url":"https:\/\/lospoliticosveracruz.com\/wp-content\/uploads\/2016\/07\/Logo-Dor.jpg","type":"image\/jpeg"}],"author":"Lo viste en Los Pol\u00edticos","twitter_card":"summary_large_image","twitter_creator":"@LosPoliticosVer","twitter_site":"@LosPoliticosVer","twitter_misc":{"Escrito por":"Lo viste en Los Pol\u00edticos","Tiempo de lectura":"4 minutos"},"schema":{"@context":"https:\/\/schema.org","@graph":[{"@type":"Article","@id":"https:\/\/lospoliticosveracruz.com\/?p=45292#article","isPartOf":{"@id":"https:\/\/lospoliticosveracruz.com\/?p=45292"},"author":{"name":"Lo viste en Los Pol\u00edticos","@id":"https:\/\/lospoliticosveracruz.com\/#\/schema\/person\/b8702bb0e538456e6efd07080bf2a4a2"},"headline":"Recordar a Hip\u00f3lito; extra\u00f1ar a Ahued","datePublished":"2018-10-09T03:55:06+00:00","mainEntityOfPage":{"@id":"https:\/\/lospoliticosveracruz.com\/?p=45292"},"wordCount":906,"commentCount":0,"publisher":{"@id":"https:\/\/lospoliticosveracruz.com\/#organization"},"keywords":["Hip\u00f3lito Rodr\u00edguez Herrero","Plaza \u00c1nimas","Ricardo Ahued","Salvador Mu\u00f1oz","Xalapa"],"articleSection":["De Opini\u00f3n"],"inLanguage":"es","potentialAction":[{"@type":"CommentAction","name":"Comment","target":["https:\/\/lospoliticosveracruz.com\/?p=45292#respond"]}]},{"@type":"WebPage","@id":"https:\/\/lospoliticosveracruz.com\/?p=45292","url":"https:\/\/lospoliticosveracruz.com\/?p=45292","name":"Recordar a Hip\u00f3lito; extra\u00f1ar a Ahued - Los pol\u00edticos Veracruz","isPartOf":{"@id":"https:\/\/lospoliticosveracruz.com\/#website"},"datePublished":"2018-10-09T03:55:06+00:00","breadcrumb":{"@id":"https:\/\/lospoliticosveracruz.com\/?p=45292#breadcrumb"},"inLanguage":"es","potentialAction":[{"@type":"ReadAction","target":["https:\/\/lospoliticosveracruz.com\/?p=45292"]}]},{"@type":"BreadcrumbList","@id":"https:\/\/lospoliticosveracruz.com\/?p=45292#breadcrumb","itemListElement":[{"@type":"ListItem","position":1,"name":"Portada","item":"https:\/\/lospoliticosveracruz.com\/"},{"@type":"ListItem","position":2,"name":"Recordar a Hip\u00f3lito; extra\u00f1ar a Ahued"}]},{"@type":"WebSite","@id":"https:\/\/lospoliticosveracruz.com\/#website","url":"https:\/\/lospoliticosveracruz.com\/","name":"Los pol\u00edticos Veracruz","description":"","publisher":{"@id":"https:\/\/lospoliticosveracruz.com\/#organization"},"potentialAction":[{"@type":"SearchAction","target":{"@type":"EntryPoint","urlTemplate":"https:\/\/lospoliticosveracruz.com\/?s={search_term_string}"},"query-input":{"@type":"PropertyValueSpecification","valueRequired":true,"valueName":"search_term_string"}}],"inLanguage":"es"},{"@type":"Organization","@id":"https:\/\/lospoliticosveracruz.com\/#organization","name":"Los pol\u00edticos Veracruz","url":"https:\/\/lospoliticosveracruz.com\/","logo":{"@type":"ImageObject","inLanguage":"es","@id":"https:\/\/lospoliticosveracruz.com\/#\/schema\/logo\/image\/","url":"https:\/\/lospoliticosveracruz.com\/wp-content\/uploads\/2025\/12\/Logo-Nuevo-LOS-POLITICOS-1.jpg","contentUrl":"https:\/\/lospoliticosveracruz.com\/wp-content\/uploads\/2025\/12\/Logo-Nuevo-LOS-POLITICOS-1.jpg","width":260,"height":70,"caption":"Los pol\u00edticos Veracruz"},"image":{"@id":"https:\/\/lospoliticosveracruz.com\/#\/schema\/logo\/image\/"},"sameAs":["https:\/\/www.facebook.com\/people\/Notimemes-de-los-Polticos\/61565672886568\/","https:\/\/x.com\/LosPoliticosVer"]},{"@type":"Person","@id":"https:\/\/lospoliticosveracruz.com\/#\/schema\/person\/b8702bb0e538456e6efd07080bf2a4a2","name":"Lo viste en Los Pol\u00edticos","image":{"@type":"ImageObject","inLanguage":"es","@id":"https:\/\/secure.gravatar.com\/avatar\/3a8de04a2656d44082be478bd6c086daa447c4651605818287b9532d3d0bd435?s=96&d=mm&r=g","url":"https:\/\/secure.gravatar.com\/avatar\/3a8de04a2656d44082be478bd6c086daa447c4651605818287b9532d3d0bd435?s=96&d=mm&r=g","contentUrl":"https:\/\/secure.gravatar.com\/avatar\/3a8de04a2656d44082be478bd6c086daa447c4651605818287b9532d3d0bd435?s=96&d=mm&r=g","caption":"Lo viste en Los Pol\u00edticos"},"url":"https:\/\/lospoliticosveracruz.com\/?author=2"}]}},"_links":{"self":[{"href":"https:\/\/lospoliticosveracruz.com\/index.php?rest_route=\/wp\/v2\/posts\/45292","targetHints":{"allow":["GET"]}}],"collection":[{"href":"https:\/\/lospoliticosveracruz.com\/index.php?rest_route=\/wp\/v2\/posts"}],"about":[{"href":"https:\/\/lospoliticosveracruz.com\/index.php?rest_route=\/wp\/v2\/types\/post"}],"author":[{"embeddable":true,"href":"https:\/\/lospoliticosveracruz.com\/index.php?rest_route=\/wp\/v2\/users\/2"}],"replies":[{"embeddable":true,"href":"https:\/\/lospoliticosveracruz.com\/index.php?rest_route=%2Fwp%2Fv2%2Fcomments&post=45292"}],"version-history":[{"count":1,"href":"https:\/\/lospoliticosveracruz.com\/index.php?rest_route=\/wp\/v2\/posts\/45292\/revisions"}],"predecessor-version":[{"id":45294,"href":"https:\/\/lospoliticosveracruz.com\/index.php?rest_route=\/wp\/v2\/posts\/45292\/revisions\/45294"}],"wp:attachment":[{"href":"https:\/\/lospoliticosveracruz.com\/index.php?rest_route=%2Fwp%2Fv2%2Fmedia&parent=45292"}],"wp:term":[{"taxonomy":"category","embeddable":true,"href":"https:\/\/lospoliticosveracruz.com\/index.php?rest_route=%2Fwp%2Fv2%2Fcategories&post=45292"},{"taxonomy":"post_tag","embeddable":true,"href":"https:\/\/lospoliticosveracruz.com\/index.php?rest_route=%2Fwp%2Fv2%2Ftags&post=45292"}],"curies":[{"name":"wp","href":"https:\/\/api.w.org\/{rel}","templated":true}]}}