{"id":45304,"date":"2018-10-09T22:55:23","date_gmt":"2018-10-10T03:55:23","guid":{"rendered":"http:\/\/www.lospoliticosveracruz.com.mx\/?p=45304"},"modified":"2018-10-09T21:20:30","modified_gmt":"2018-10-10T02:20:30","slug":"benitez-lucho-ya-no-es-institucional","status":"publish","type":"post","link":"https:\/\/lospoliticosveracruz.com\/?p=45304","title":{"rendered":"Ben\u00edtez Lucho ya no es \u201cinstitucional\u201d"},"content":{"rendered":"<p><strong>Salvador Mu\u00f1oz<\/strong><\/p>\n<p><em>Los Pol\u00edticos<\/em><\/p>\n<p><span style=\"font-weight: 400;\">Un hecho inusual en la historia de la pol\u00edtica, al menos en lo que se tenga memoria, es el reciente triunfo que acaba de obtener el pol\u00edtico veracruzano Antonio Ben\u00edtez Lucho ante el Instituto Mexicano del Seguro Social (IMSS), al firmar el convenio con el cual, el instituto tendr\u00e1 que pagar cinco millones de pesos al oriundo de Cosoleacaque.<\/span><\/p>\n<p><span style=\"font-weight: 400;\">\u00bfY por qu\u00e9 es inusual y a\u00fan mejor, por qu\u00e9 tendr\u00edan que pagar a Ben\u00edtez Lucho?<\/span><\/p>\n<p><span style=\"font-weight: 400;\">Bueno, es inusual, porque de acuerdo a la praxis pri\u00edsta (no s\u00e9 si en otros partidos sea de otro modo), uno siempre trae la renuncia en la mano en el mismo momento en que reciben el cargo que les ha conferido el otrora partidazo, para que cuando llegue el relevo, sin chistar, desocupen las oficinas bajo el entendido de que con \u00e9l se va la gente con la que lleg\u00f3. En este caso, Ben\u00edtez Lucho, rompi\u00f3 los esquemas del partido y demand\u00f3.<\/span><\/p>\n<p><span style=\"font-weight: 400;\">Ahora, \u00bfpor qu\u00e9 tendr\u00eda que pagar el IMSS a Ben\u00edtez Lucho? simple, el pri\u00edsta demand\u00f3 su finiquito por el tiempo que estuvo al frente de la delegaci\u00f3n del Seguro Social&#8230; algo as\u00ed como cinco a\u00f1os prestando servicio a la patria.<\/span><\/p>\n<p><span style=\"font-weight: 400;\">Se insiste, es inusual y al parecer, en el caso del sexenio que concluye, ser\u00e1 el \u00fanico funcionario que se atrevi\u00f3 a generar con su demanda, un parteaguas en lo que son los institutos\u2026 y en lo que es la institucionalidad de la que tanto presumen los pri\u00edstas.<\/span><\/p>\n<p><span style=\"font-weight: 400;\">Aunque a fuerza de ser sincero, todo indica que Ben\u00edtez Lucho hizo un c\u00e1lculo pol\u00edtico a la hora de presentar esa demanda contra el IMSS\u2026 mire porqu\u00e9:<\/span><\/p>\n<p><span style=\"font-weight: 400;\">A finales de mayo de este a\u00f1o, le pidieron el puesto a Ben\u00edtez Lucho, es decir, a casi un mes de las elecciones. Como buen pol\u00edtico de colmillo largo y retorcido, teniendo a Fidel Herrera Beltr\u00e1n como maestro, es seguro que el nativo de Cosoleacaque ya ten\u00eda calculado que el PRI no iba a ganar\u2026 bueno, a ciencia cierta, hasta un mapache con dientes de leche, lo hubiera sabido\u2026 pero bueno.<\/span><\/p>\n<p><span style=\"font-weight: 400;\">El asunto es que ante el panorama tan sombr\u00edo que se cern\u00eda y cierne sobre el Revolucionario Institucional, Ben\u00edtez Lucho pudo haber visto su futuro pol\u00edtico inmediato m\u00e1s sombr\u00edo que el de su mismo partido, y opt\u00f3 entonces por perder lo \u201cInstitucional\u201d, y proceder con esa famosa demanda.<\/span><\/p>\n<p><span style=\"font-weight: 400;\">Hablando de \u201cinstitucionalidad\u201d, hay que recordar que Ben\u00edtez Lucho lo han apuntado sus \u201cbienquerientes\u201d para que se lance en pos de la dirigencia del PRI que hoy ocupa Am\u00e9rico Z\u00fa\u00f1iga Mart\u00ednez. No se puede negar que es bien visto por un sector, en especial del lado del ala cr\u00edtica del partido, aunque hay otro sector que califica a dicho segmento m\u00e1s bien como el ala \u201ccr\u00edptica\u201d del PRI por representar todo lo que, suponen, la gente ya no quiere del Revolucionario Institucional.<\/span><\/p>\n<p><span style=\"font-weight: 400;\">Vamos, para nadie es un secreto que si Ben\u00edtez Lucho llegara al edificio de Ruiz Cortines con Francisco Moreno, ser\u00eda el regreso de Fidel Herrera Beltr\u00e1n por partida doble\u2026 recuerden que tambi\u00e9n el de Nopaltepec mueve sus fichas en el Verde Ecologista\u2026 pero al final, todo esto de la dirigencia del partido no son m\u00e1s que puras especulaciones\u2026 lo cierto es el triunfo que en estos momentos hacen del futuro inmediato de Ben\u00edtez Lucho, un remanso pol\u00edtico, ahora que anda sin chamba\u2026 pol\u00edtica, porque tampoco para nadie es un secreto que el ex delegado del IMSS es accionista en algunas empresas, en especial del ramo constructor, sector muy castigado al menos en estos \u00faltimos a\u00f1os\u2026<\/span><\/p>\n<p><span style=\"font-weight: 400;\">Ahora, nom\u00e1s le toca esperar a Ben\u00edtez Lucho que se fije la fecha para que nom\u00e1s extienda la mano y todo siga en paz\u2026 claro, siempre y cuando sus subdelegados de Veracruz, Poza Rica, Tuxpan, Mart\u00ednez de la Torre y San Andr\u00e9s Tuxtla, salgan bien de las observaciones que la Auditor\u00eda Superior de la Federaci\u00f3n haya hecho\u2026 no vaya a ser que su finiquito se convierta en una bicoca comparado con lo que tenga que solventar su gente, a ya nada de acabar el sexenio\u2026<\/span><\/p>\n<p><span style=\"font-weight: 400;\">Como sea, hay que felicitar a Ben\u00edtez Lucho por su logro, porque en una de \u00e9sas, genera \u201cjurisprudencia anti-institucional\u201d en otros cargos, cuando pidan el relevo&#8230;<\/span><\/p>\n<p>&nbsp;<\/p>\n<p><span style=\"font-weight: 400;\">smcainito@gmail.com<\/span><\/p>\n","protected":false},"excerpt":{"rendered":"<p>Salvador Mu\u00f1oz Los Pol\u00edticos Un hecho inusual en la historia de la pol\u00edtica, al menos en lo que se tenga memoria, es el reciente triunfo que acaba de obtener el pol\u00edtico veracruzano Antonio Ben\u00edtez Lucho ante el Instituto Mexicano del Seguro Social (IMSS), al firmar el convenio con el cual, el instituto tendr\u00e1 que pagar [&hellip;]<\/p>\n","protected":false},"author":2,"featured_media":0,"comment_status":"open","ping_status":"open","sticky":false,"template":"","format":"standard","meta":{"tdm_status":"","tdm_grid_status":"","footnotes":""},"categories":[70],"tags":[375,1208,12853,12852,251,195],"class_list":{"0":"post-45304","1":"post","2":"type-post","3":"status-publish","4":"format-standard","6":"category-de-opinion","7":"tag-cosoleacaque","8":"tag-imss","9":"tag-institucional","10":"tag-instituto-mexicano-del-seguro-social","11":"tag-pri","12":"tag-veracruz"},"yoast_head":"<!-- This site is optimized with the Yoast SEO plugin v27.4 - https:\/\/yoast.com\/product\/yoast-seo-wordpress\/ -->\n<title>Ben\u00edtez Lucho ya no es \u201cinstitucional\u201d - Los pol\u00edticos Veracruz<\/title>\n<meta name=\"robots\" content=\"index, follow, max-snippet:-1, max-image-preview:large, max-video-preview:-1\" \/>\n<link rel=\"canonical\" href=\"https:\/\/lospoliticosveracruz.com\/?p=45304\" \/>\n<meta property=\"og:locale\" content=\"es_ES\" \/>\n<meta property=\"og:type\" content=\"article\" \/>\n<meta property=\"og:title\" content=\"Ben\u00edtez Lucho ya no es \u201cinstitucional\u201d - Los pol\u00edticos Veracruz\" \/>\n<meta property=\"og:description\" content=\"Salvador Mu\u00f1oz Los Pol\u00edticos Un hecho inusual en la historia de la pol\u00edtica, al menos en lo que se tenga memoria, es el reciente triunfo que acaba de obtener el pol\u00edtico veracruzano Antonio Ben\u00edtez Lucho ante el Instituto Mexicano del Seguro Social (IMSS), al firmar el convenio con el cual, el instituto tendr\u00e1 que pagar [&hellip;]\" \/>\n<meta property=\"og:url\" content=\"https:\/\/lospoliticosveracruz.com\/?p=45304\" \/>\n<meta property=\"og:site_name\" content=\"Los pol\u00edticos Veracruz\" \/>\n<meta property=\"article:publisher\" content=\"https:\/\/www.facebook.com\/people\/Notimemes-de-los-Polticos\/61565672886568\/\" \/>\n<meta property=\"article:published_time\" content=\"2018-10-10T03:55:23+00:00\" \/>\n<meta property=\"og:image\" content=\"https:\/\/lospoliticosveracruz.com\/wp-content\/uploads\/2016\/07\/Logo-Dor.jpg\" \/>\n\t<meta property=\"og:image:width\" content=\"200\" \/>\n\t<meta property=\"og:image:height\" content=\"200\" \/>\n\t<meta property=\"og:image:type\" content=\"image\/jpeg\" \/>\n<meta name=\"author\" content=\"Lo viste en Los Pol\u00edticos\" \/>\n<meta name=\"twitter:card\" content=\"summary_large_image\" \/>\n<meta name=\"twitter:creator\" content=\"@LosPoliticosVer\" \/>\n<meta name=\"twitter:site\" content=\"@LosPoliticosVer\" \/>\n<meta name=\"twitter:label1\" content=\"Escrito por\" \/>\n\t<meta name=\"twitter:data1\" content=\"Lo viste en Los Pol\u00edticos\" \/>\n\t<meta name=\"twitter:label2\" content=\"Tiempo de lectura\" \/>\n\t<meta name=\"twitter:data2\" content=\"4 minutos\" \/>\n<script type=\"application\/ld+json\" class=\"yoast-schema-graph\">{\"@context\":\"https:\\\/\\\/schema.org\",\"@graph\":[{\"@type\":\"Article\",\"@id\":\"https:\\\/\\\/lospoliticosveracruz.com\\\/?p=45304#article\",\"isPartOf\":{\"@id\":\"https:\\\/\\\/lospoliticosveracruz.com\\\/?p=45304\"},\"author\":{\"name\":\"Lo viste en Los Pol\u00edticos\",\"@id\":\"https:\\\/\\\/lospoliticosveracruz.com\\\/#\\\/schema\\\/person\\\/b8702bb0e538456e6efd07080bf2a4a2\"},\"headline\":\"Ben\u00edtez Lucho ya no es \u201cinstitucional\u201d\",\"datePublished\":\"2018-10-10T03:55:23+00:00\",\"mainEntityOfPage\":{\"@id\":\"https:\\\/\\\/lospoliticosveracruz.com\\\/?p=45304\"},\"wordCount\":768,\"commentCount\":0,\"publisher\":{\"@id\":\"https:\\\/\\\/lospoliticosveracruz.com\\\/#organization\"},\"keywords\":[\"Cosoleacaque\",\"IMSS\",\"institucional\",\"Instituto Mexicano del Seguro Social\",\"PRI\",\"Veracruz\"],\"articleSection\":[\"De Opini\u00f3n\"],\"inLanguage\":\"es\",\"potentialAction\":[{\"@type\":\"CommentAction\",\"name\":\"Comment\",\"target\":[\"https:\\\/\\\/lospoliticosveracruz.com\\\/?p=45304#respond\"]}]},{\"@type\":\"WebPage\",\"@id\":\"https:\\\/\\\/lospoliticosveracruz.com\\\/?p=45304\",\"url\":\"https:\\\/\\\/lospoliticosveracruz.com\\\/?p=45304\",\"name\":\"Ben\u00edtez Lucho ya no es \u201cinstitucional\u201d - Los pol\u00edticos Veracruz\",\"isPartOf\":{\"@id\":\"https:\\\/\\\/lospoliticosveracruz.com\\\/#website\"},\"datePublished\":\"2018-10-10T03:55:23+00:00\",\"breadcrumb\":{\"@id\":\"https:\\\/\\\/lospoliticosveracruz.com\\\/?p=45304#breadcrumb\"},\"inLanguage\":\"es\",\"potentialAction\":[{\"@type\":\"ReadAction\",\"target\":[\"https:\\\/\\\/lospoliticosveracruz.com\\\/?p=45304\"]}]},{\"@type\":\"BreadcrumbList\",\"@id\":\"https:\\\/\\\/lospoliticosveracruz.com\\\/?p=45304#breadcrumb\",\"itemListElement\":[{\"@type\":\"ListItem\",\"position\":1,\"name\":\"Portada\",\"item\":\"https:\\\/\\\/lospoliticosveracruz.com\\\/\"},{\"@type\":\"ListItem\",\"position\":2,\"name\":\"Ben\u00edtez Lucho ya no es \u201cinstitucional\u201d\"}]},{\"@type\":\"WebSite\",\"@id\":\"https:\\\/\\\/lospoliticosveracruz.com\\\/#website\",\"url\":\"https:\\\/\\\/lospoliticosveracruz.com\\\/\",\"name\":\"Los pol\u00edticos Veracruz\",\"description\":\"\",\"publisher\":{\"@id\":\"https:\\\/\\\/lospoliticosveracruz.com\\\/#organization\"},\"potentialAction\":[{\"@type\":\"SearchAction\",\"target\":{\"@type\":\"EntryPoint\",\"urlTemplate\":\"https:\\\/\\\/lospoliticosveracruz.com\\\/?s={search_term_string}\"},\"query-input\":{\"@type\":\"PropertyValueSpecification\",\"valueRequired\":true,\"valueName\":\"search_term_string\"}}],\"inLanguage\":\"es\"},{\"@type\":\"Organization\",\"@id\":\"https:\\\/\\\/lospoliticosveracruz.com\\\/#organization\",\"name\":\"Los pol\u00edticos Veracruz\",\"url\":\"https:\\\/\\\/lospoliticosveracruz.com\\\/\",\"logo\":{\"@type\":\"ImageObject\",\"inLanguage\":\"es\",\"@id\":\"https:\\\/\\\/lospoliticosveracruz.com\\\/#\\\/schema\\\/logo\\\/image\\\/\",\"url\":\"https:\\\/\\\/lospoliticosveracruz.com\\\/wp-content\\\/uploads\\\/2025\\\/12\\\/Logo-Nuevo-LOS-POLITICOS-1.jpg\",\"contentUrl\":\"https:\\\/\\\/lospoliticosveracruz.com\\\/wp-content\\\/uploads\\\/2025\\\/12\\\/Logo-Nuevo-LOS-POLITICOS-1.jpg\",\"width\":260,\"height\":70,\"caption\":\"Los pol\u00edticos Veracruz\"},\"image\":{\"@id\":\"https:\\\/\\\/lospoliticosveracruz.com\\\/#\\\/schema\\\/logo\\\/image\\\/\"},\"sameAs\":[\"https:\\\/\\\/www.facebook.com\\\/people\\\/Notimemes-de-los-Polticos\\\/61565672886568\\\/\",\"https:\\\/\\\/x.com\\\/LosPoliticosVer\"]},{\"@type\":\"Person\",\"@id\":\"https:\\\/\\\/lospoliticosveracruz.com\\\/#\\\/schema\\\/person\\\/b8702bb0e538456e6efd07080bf2a4a2\",\"name\":\"Lo viste en Los Pol\u00edticos\",\"image\":{\"@type\":\"ImageObject\",\"inLanguage\":\"es\",\"@id\":\"https:\\\/\\\/secure.gravatar.com\\\/avatar\\\/3a8de04a2656d44082be478bd6c086daa447c4651605818287b9532d3d0bd435?s=96&d=mm&r=g\",\"url\":\"https:\\\/\\\/secure.gravatar.com\\\/avatar\\\/3a8de04a2656d44082be478bd6c086daa447c4651605818287b9532d3d0bd435?s=96&d=mm&r=g\",\"contentUrl\":\"https:\\\/\\\/secure.gravatar.com\\\/avatar\\\/3a8de04a2656d44082be478bd6c086daa447c4651605818287b9532d3d0bd435?s=96&d=mm&r=g\",\"caption\":\"Lo viste en Los Pol\u00edticos\"},\"url\":\"https:\\\/\\\/lospoliticosveracruz.com\\\/?author=2\"}]}<\/script>\n<!-- \/ Yoast SEO plugin. -->","yoast_head_json":{"title":"Ben\u00edtez Lucho ya no es \u201cinstitucional\u201d - Los pol\u00edticos Veracruz","robots":{"index":"index","follow":"follow","max-snippet":"max-snippet:-1","max-image-preview":"max-image-preview:large","max-video-preview":"max-video-preview:-1"},"canonical":"https:\/\/lospoliticosveracruz.com\/?p=45304","og_locale":"es_ES","og_type":"article","og_title":"Ben\u00edtez Lucho ya no es \u201cinstitucional\u201d - Los pol\u00edticos Veracruz","og_description":"Salvador Mu\u00f1oz Los Pol\u00edticos Un hecho inusual en la historia de la pol\u00edtica, al menos en lo que se tenga memoria, es el reciente triunfo que acaba de obtener el pol\u00edtico veracruzano Antonio Ben\u00edtez Lucho ante el Instituto Mexicano del Seguro Social (IMSS), al firmar el convenio con el cual, el instituto tendr\u00e1 que pagar [&hellip;]","og_url":"https:\/\/lospoliticosveracruz.com\/?p=45304","og_site_name":"Los pol\u00edticos Veracruz","article_publisher":"https:\/\/www.facebook.com\/people\/Notimemes-de-los-Polticos\/61565672886568\/","article_published_time":"2018-10-10T03:55:23+00:00","og_image":[{"width":200,"height":200,"url":"https:\/\/lospoliticosveracruz.com\/wp-content\/uploads\/2016\/07\/Logo-Dor.jpg","type":"image\/jpeg"}],"author":"Lo viste en Los Pol\u00edticos","twitter_card":"summary_large_image","twitter_creator":"@LosPoliticosVer","twitter_site":"@LosPoliticosVer","twitter_misc":{"Escrito por":"Lo viste en Los Pol\u00edticos","Tiempo de lectura":"4 minutos"},"schema":{"@context":"https:\/\/schema.org","@graph":[{"@type":"Article","@id":"https:\/\/lospoliticosveracruz.com\/?p=45304#article","isPartOf":{"@id":"https:\/\/lospoliticosveracruz.com\/?p=45304"},"author":{"name":"Lo viste en Los Pol\u00edticos","@id":"https:\/\/lospoliticosveracruz.com\/#\/schema\/person\/b8702bb0e538456e6efd07080bf2a4a2"},"headline":"Ben\u00edtez Lucho ya no es \u201cinstitucional\u201d","datePublished":"2018-10-10T03:55:23+00:00","mainEntityOfPage":{"@id":"https:\/\/lospoliticosveracruz.com\/?p=45304"},"wordCount":768,"commentCount":0,"publisher":{"@id":"https:\/\/lospoliticosveracruz.com\/#organization"},"keywords":["Cosoleacaque","IMSS","institucional","Instituto Mexicano del Seguro Social","PRI","Veracruz"],"articleSection":["De Opini\u00f3n"],"inLanguage":"es","potentialAction":[{"@type":"CommentAction","name":"Comment","target":["https:\/\/lospoliticosveracruz.com\/?p=45304#respond"]}]},{"@type":"WebPage","@id":"https:\/\/lospoliticosveracruz.com\/?p=45304","url":"https:\/\/lospoliticosveracruz.com\/?p=45304","name":"Ben\u00edtez Lucho ya no es \u201cinstitucional\u201d - Los pol\u00edticos Veracruz","isPartOf":{"@id":"https:\/\/lospoliticosveracruz.com\/#website"},"datePublished":"2018-10-10T03:55:23+00:00","breadcrumb":{"@id":"https:\/\/lospoliticosveracruz.com\/?p=45304#breadcrumb"},"inLanguage":"es","potentialAction":[{"@type":"ReadAction","target":["https:\/\/lospoliticosveracruz.com\/?p=45304"]}]},{"@type":"BreadcrumbList","@id":"https:\/\/lospoliticosveracruz.com\/?p=45304#breadcrumb","itemListElement":[{"@type":"ListItem","position":1,"name":"Portada","item":"https:\/\/lospoliticosveracruz.com\/"},{"@type":"ListItem","position":2,"name":"Ben\u00edtez Lucho ya no es \u201cinstitucional\u201d"}]},{"@type":"WebSite","@id":"https:\/\/lospoliticosveracruz.com\/#website","url":"https:\/\/lospoliticosveracruz.com\/","name":"Los pol\u00edticos Veracruz","description":"","publisher":{"@id":"https:\/\/lospoliticosveracruz.com\/#organization"},"potentialAction":[{"@type":"SearchAction","target":{"@type":"EntryPoint","urlTemplate":"https:\/\/lospoliticosveracruz.com\/?s={search_term_string}"},"query-input":{"@type":"PropertyValueSpecification","valueRequired":true,"valueName":"search_term_string"}}],"inLanguage":"es"},{"@type":"Organization","@id":"https:\/\/lospoliticosveracruz.com\/#organization","name":"Los pol\u00edticos Veracruz","url":"https:\/\/lospoliticosveracruz.com\/","logo":{"@type":"ImageObject","inLanguage":"es","@id":"https:\/\/lospoliticosveracruz.com\/#\/schema\/logo\/image\/","url":"https:\/\/lospoliticosveracruz.com\/wp-content\/uploads\/2025\/12\/Logo-Nuevo-LOS-POLITICOS-1.jpg","contentUrl":"https:\/\/lospoliticosveracruz.com\/wp-content\/uploads\/2025\/12\/Logo-Nuevo-LOS-POLITICOS-1.jpg","width":260,"height":70,"caption":"Los pol\u00edticos Veracruz"},"image":{"@id":"https:\/\/lospoliticosveracruz.com\/#\/schema\/logo\/image\/"},"sameAs":["https:\/\/www.facebook.com\/people\/Notimemes-de-los-Polticos\/61565672886568\/","https:\/\/x.com\/LosPoliticosVer"]},{"@type":"Person","@id":"https:\/\/lospoliticosveracruz.com\/#\/schema\/person\/b8702bb0e538456e6efd07080bf2a4a2","name":"Lo viste en Los Pol\u00edticos","image":{"@type":"ImageObject","inLanguage":"es","@id":"https:\/\/secure.gravatar.com\/avatar\/3a8de04a2656d44082be478bd6c086daa447c4651605818287b9532d3d0bd435?s=96&d=mm&r=g","url":"https:\/\/secure.gravatar.com\/avatar\/3a8de04a2656d44082be478bd6c086daa447c4651605818287b9532d3d0bd435?s=96&d=mm&r=g","contentUrl":"https:\/\/secure.gravatar.com\/avatar\/3a8de04a2656d44082be478bd6c086daa447c4651605818287b9532d3d0bd435?s=96&d=mm&r=g","caption":"Lo viste en Los Pol\u00edticos"},"url":"https:\/\/lospoliticosveracruz.com\/?author=2"}]}},"_links":{"self":[{"href":"https:\/\/lospoliticosveracruz.com\/index.php?rest_route=\/wp\/v2\/posts\/45304","targetHints":{"allow":["GET"]}}],"collection":[{"href":"https:\/\/lospoliticosveracruz.com\/index.php?rest_route=\/wp\/v2\/posts"}],"about":[{"href":"https:\/\/lospoliticosveracruz.com\/index.php?rest_route=\/wp\/v2\/types\/post"}],"author":[{"embeddable":true,"href":"https:\/\/lospoliticosveracruz.com\/index.php?rest_route=\/wp\/v2\/users\/2"}],"replies":[{"embeddable":true,"href":"https:\/\/lospoliticosveracruz.com\/index.php?rest_route=%2Fwp%2Fv2%2Fcomments&post=45304"}],"version-history":[{"count":1,"href":"https:\/\/lospoliticosveracruz.com\/index.php?rest_route=\/wp\/v2\/posts\/45304\/revisions"}],"predecessor-version":[{"id":45306,"href":"https:\/\/lospoliticosveracruz.com\/index.php?rest_route=\/wp\/v2\/posts\/45304\/revisions\/45306"}],"wp:attachment":[{"href":"https:\/\/lospoliticosveracruz.com\/index.php?rest_route=%2Fwp%2Fv2%2Fmedia&parent=45304"}],"wp:term":[{"taxonomy":"category","embeddable":true,"href":"https:\/\/lospoliticosveracruz.com\/index.php?rest_route=%2Fwp%2Fv2%2Fcategories&post=45304"},{"taxonomy":"post_tag","embeddable":true,"href":"https:\/\/lospoliticosveracruz.com\/index.php?rest_route=%2Fwp%2Fv2%2Ftags&post=45304"}],"curies":[{"name":"wp","href":"https:\/\/api.w.org\/{rel}","templated":true}]}}