{"id":45307,"date":"2018-10-10T22:55:28","date_gmt":"2018-10-11T03:55:28","guid":{"rendered":"http:\/\/www.lospoliticosveracruz.com.mx\/?p=45307"},"modified":"2018-10-10T21:03:30","modified_gmt":"2018-10-11T02:03:30","slug":"la-renovacion-del-pri","status":"publish","type":"post","link":"https:\/\/lospoliticosveracruz.com\/?p=45307","title":{"rendered":"La renovaci\u00f3n del PRI"},"content":{"rendered":"<p><strong>Salvador Mu\u00f1oz<\/strong><\/p>\n<p><em>Los Pol\u00edticos<\/em><\/p>\n<p><span style=\"font-weight: 400;\">A lo mejor me equivoque, pero no se recuerda un liderazgo como el que ejerci\u00f3 en 70ytantos d\u00edas Ren\u00e9 Ju\u00e1rez Cisneros dentro del PRI. Incluso, su discurso hizo reaccionar a una militancia que se sent\u00eda abatida, cansada, y si bien, se ten\u00eda la certeza de que no se iba a poder refrendar la presidencia de la Rep\u00fablica, despert\u00f3 en el pri\u00edsta, ese orgullo adormilado por tantos estigmas que envolvieron al partido en un sexenio o un poco m\u00e1s, que van desde el duartismo, el moreirismo, y hasta el pe\u00f1ismo. Quiz\u00e1s por eso, ex dirigentes del mismo partido, ped\u00edan a Ren\u00e9 Ju\u00e1rez se mantuviera al frente del PRI, porque percib\u00edan que pod\u00eda ser esa bocanada de ox\u00edgeno puro que le hac\u00eda falta al tricolor\u2026 aunque ahora, algunos de \u00e9sos sean los que pretendan sacarlo de la jefatura de bancada en San L\u00e1zaro\u2026<\/span><\/p>\n<p><span style=\"font-weight: 400;\">II<\/span><\/p>\n<p><span style=\"font-weight: 400;\">En Veracruz, igual a lo mejor me equivoque, pero si hubo un l\u00edder nato reciente, sin ser presidente del partido, quiz\u00e1s lo sea Pepe Yunes, entendiendo a \u00e9ste, con la calidad moral para dar la cara por el PRI, no as\u00ed, muchos que lo acompa\u00f1aron o \u201cdesacompa\u00f1aron\u201d\u2026<\/span><\/p>\n<p><span style=\"font-weight: 400;\">En el caso de Am\u00e9rico Z\u00fa\u00f1iga, desde una percepci\u00f3n muy personal, fue una dirigencia que se madur\u00f3 demasiado pronto, as\u00ed como cuando se envuelve el fruto en papel, y su actuaci\u00f3n siempre estuvo a la sombra de Pepe Yunes, pero era natural este proceso, pues al final, quien ten\u00eda que lucir deb\u00eda de ser el candidato, no el presidente del partido.<\/span><\/p>\n<p><span style=\"font-weight: 400;\">III<\/span><\/p>\n<p><span style=\"font-weight: 400;\">A Renato Alarc\u00f3n, pudi\u00e9ramos citarlo como \u201cel dirigente cient\u00edfico\u201d. Tom\u00f3 al partido, derrotado\u2026 el partido, no \u00e9l. Carg\u00f3 el estigma de un ex gobernador acusado de todos los males del planeta; la alianza que hizo con otros partidos, hizo que subiera y bajara candidatos y candidatas y hac\u00eda c\u00e1lculos y m\u00e1s c\u00e1lculos en espera de que el 2017 no significara una cat\u00e1strofe y simplemente quedara en otra derrota. Creo que si comparamos el 2016, 2017 y 2018, la libra, pero es de acuerdo a percepciones\u2026<\/span><\/p>\n<p><span style=\"font-weight: 400;\">Amadeo Flores Espinosa \u201centrega\u201d (como dirigente del PRI) el Gobierno estatal al PAN\u2026 aunque realmente el trabajo sucio lo hizo el ex gobernador Javier Duarte.<\/span><\/p>\n<p><span style=\"font-weight: 400;\">Alfredo Ferrari fue un dirigente que recorri\u00f3 lo largo y ancho del estado para reunirse no s\u00f3lo con sus candidatos, sino con los sectores. Era m\u00e1s raza, m\u00e1s pueblo, directo. Todav\u00eda le toc\u00f3 los vestigios de lo que Fidel Herrera bautizara como \u201cla plenitud del pinche poder\u201d que iba menguando\u2026<\/span><\/p>\n<p><span style=\"font-weight: 400;\">IV<\/span><\/p>\n<p><span style=\"font-weight: 400;\">Cito a esos \u00faltimos dirigentes del PRI veracruzano porque algunos fueron por prelaci\u00f3n, como fue el caso de Ferrari, y los otros, por decirlo de un modo, designaci\u00f3n o resignaci\u00f3n\u2026 esto \u00faltimo, cuesti\u00f3n de percepci\u00f3n de cada quien para ver qui\u00e9n lo tom\u00f3 as\u00ed y m\u00e1s cuando muchos vieron que el partidazo se hund\u00eda.<\/span><\/p>\n<p><span style=\"font-weight: 400;\">Ahora, en espera de que se lance la convocatoria para la renovaci\u00f3n de la dirigencia del PRI, ser\u00eda interesante conocer el sentir de la militancia pri\u00edsta, qu\u00e9 piensa de su partido, cu\u00e1l es el perfil que le gustar\u00eda que tuviera su pr\u00f3ximo l\u00edder\u2026 en el Altiplano, hasta el momento, suenan tres nombres: Alejandro Moreno, Ren\u00e9 Ju\u00e1rez e Ivonne Ortega. De esos tres, no creo que el primero deje la gubernatura de Campeche cuyo cargo termina en el 21. Dejar\u00eda la contienda con los dos \u00faltimos.<\/span><\/p>\n<p><span style=\"font-weight: 400;\">\u00bfY en Veracruz? insisten en dos damas\u2026 pero de ello hablaremos en otra ocasi\u00f3n\u2026<\/span><\/p>\n<p>&nbsp;<\/p>\n<p><span style=\"font-weight: 400;\">smcainito@gmail.com<\/span><\/p>\n","protected":false},"excerpt":{"rendered":"<p>Salvador Mu\u00f1oz Los Pol\u00edticos A lo mejor me equivoque, pero no se recuerda un liderazgo como el que ejerci\u00f3 en 70ytantos d\u00edas Ren\u00e9 Ju\u00e1rez Cisneros dentro del PRI. Incluso, su discurso hizo reaccionar a una militancia que se sent\u00eda abatida, cansada, y si bien, se ten\u00eda la certeza de que no se iba a poder [&hellip;]<\/p>\n","protected":false},"author":2,"featured_media":0,"comment_status":"open","ping_status":"open","sticky":false,"template":"","format":"standard","meta":{"tdm_status":"","tdm_grid_status":"","footnotes":""},"categories":[70],"tags":[3685,483,162,570,251,3060,6669,2646],"class_list":{"0":"post-45307","1":"post","2":"type-post","3":"status-publish","4":"format-standard","6":"category-de-opinion","7":"tag-amadeo-flores-espinosa","8":"tag-americo-zuniga","9":"tag-javier-duarte","10":"tag-pepe-yunes","11":"tag-pri","12":"tag-renato-alarcon","13":"tag-rene-juarez-cisneros","14":"tag-salvador-munoz"},"yoast_head":"<!-- This site is optimized with the Yoast SEO plugin v27.4 - https:\/\/yoast.com\/product\/yoast-seo-wordpress\/ -->\n<title>La renovaci\u00f3n del PRI - Los pol\u00edticos Veracruz<\/title>\n<meta name=\"robots\" content=\"index, follow, max-snippet:-1, max-image-preview:large, max-video-preview:-1\" \/>\n<link rel=\"canonical\" href=\"https:\/\/lospoliticosveracruz.com\/?p=45307\" \/>\n<meta property=\"og:locale\" content=\"es_ES\" \/>\n<meta property=\"og:type\" content=\"article\" \/>\n<meta property=\"og:title\" content=\"La renovaci\u00f3n del PRI - Los pol\u00edticos Veracruz\" \/>\n<meta property=\"og:description\" content=\"Salvador Mu\u00f1oz Los Pol\u00edticos A lo mejor me equivoque, pero no se recuerda un liderazgo como el que ejerci\u00f3 en 70ytantos d\u00edas Ren\u00e9 Ju\u00e1rez Cisneros dentro del PRI. Incluso, su discurso hizo reaccionar a una militancia que se sent\u00eda abatida, cansada, y si bien, se ten\u00eda la certeza de que no se iba a poder [&hellip;]\" \/>\n<meta property=\"og:url\" content=\"https:\/\/lospoliticosveracruz.com\/?p=45307\" \/>\n<meta property=\"og:site_name\" content=\"Los pol\u00edticos Veracruz\" \/>\n<meta property=\"article:publisher\" content=\"https:\/\/www.facebook.com\/people\/Notimemes-de-los-Polticos\/61565672886568\/\" \/>\n<meta property=\"article:published_time\" content=\"2018-10-11T03:55:28+00:00\" \/>\n<meta property=\"og:image\" content=\"https:\/\/lospoliticosveracruz.com\/wp-content\/uploads\/2016\/07\/Logo-Dor.jpg\" \/>\n\t<meta property=\"og:image:width\" content=\"200\" \/>\n\t<meta property=\"og:image:height\" content=\"200\" \/>\n\t<meta property=\"og:image:type\" content=\"image\/jpeg\" \/>\n<meta name=\"author\" content=\"Lo viste en Los Pol\u00edticos\" \/>\n<meta name=\"twitter:card\" content=\"summary_large_image\" \/>\n<meta name=\"twitter:creator\" content=\"@LosPoliticosVer\" \/>\n<meta name=\"twitter:site\" content=\"@LosPoliticosVer\" \/>\n<meta name=\"twitter:label1\" content=\"Escrito por\" \/>\n\t<meta name=\"twitter:data1\" content=\"Lo viste en Los Pol\u00edticos\" \/>\n\t<meta name=\"twitter:label2\" content=\"Tiempo de lectura\" \/>\n\t<meta name=\"twitter:data2\" content=\"3 minutos\" \/>\n<script type=\"application\/ld+json\" class=\"yoast-schema-graph\">{\"@context\":\"https:\\\/\\\/schema.org\",\"@graph\":[{\"@type\":\"Article\",\"@id\":\"https:\\\/\\\/lospoliticosveracruz.com\\\/?p=45307#article\",\"isPartOf\":{\"@id\":\"https:\\\/\\\/lospoliticosveracruz.com\\\/?p=45307\"},\"author\":{\"name\":\"Lo viste en Los Pol\u00edticos\",\"@id\":\"https:\\\/\\\/lospoliticosveracruz.com\\\/#\\\/schema\\\/person\\\/b8702bb0e538456e6efd07080bf2a4a2\"},\"headline\":\"La renovaci\u00f3n del PRI\",\"datePublished\":\"2018-10-11T03:55:28+00:00\",\"mainEntityOfPage\":{\"@id\":\"https:\\\/\\\/lospoliticosveracruz.com\\\/?p=45307\"},\"wordCount\":631,\"commentCount\":0,\"publisher\":{\"@id\":\"https:\\\/\\\/lospoliticosveracruz.com\\\/#organization\"},\"keywords\":[\"Amadeo Flores Espinosa\",\"Am\u00e9rico Z\u00fa\u00f1iga\",\"Javier Duarte\",\"Pepe Yunes\",\"PRI\",\"Renato Alarc\u00f3n\",\"Ren\u00e9 Ju\u00e1rez Cisneros\",\"Salvador Mu\u00f1oz\"],\"articleSection\":[\"De Opini\u00f3n\"],\"inLanguage\":\"es\",\"potentialAction\":[{\"@type\":\"CommentAction\",\"name\":\"Comment\",\"target\":[\"https:\\\/\\\/lospoliticosveracruz.com\\\/?p=45307#respond\"]}]},{\"@type\":\"WebPage\",\"@id\":\"https:\\\/\\\/lospoliticosveracruz.com\\\/?p=45307\",\"url\":\"https:\\\/\\\/lospoliticosveracruz.com\\\/?p=45307\",\"name\":\"La renovaci\u00f3n del PRI - Los pol\u00edticos Veracruz\",\"isPartOf\":{\"@id\":\"https:\\\/\\\/lospoliticosveracruz.com\\\/#website\"},\"datePublished\":\"2018-10-11T03:55:28+00:00\",\"breadcrumb\":{\"@id\":\"https:\\\/\\\/lospoliticosveracruz.com\\\/?p=45307#breadcrumb\"},\"inLanguage\":\"es\",\"potentialAction\":[{\"@type\":\"ReadAction\",\"target\":[\"https:\\\/\\\/lospoliticosveracruz.com\\\/?p=45307\"]}]},{\"@type\":\"BreadcrumbList\",\"@id\":\"https:\\\/\\\/lospoliticosveracruz.com\\\/?p=45307#breadcrumb\",\"itemListElement\":[{\"@type\":\"ListItem\",\"position\":1,\"name\":\"Portada\",\"item\":\"https:\\\/\\\/lospoliticosveracruz.com\\\/\"},{\"@type\":\"ListItem\",\"position\":2,\"name\":\"La renovaci\u00f3n del PRI\"}]},{\"@type\":\"WebSite\",\"@id\":\"https:\\\/\\\/lospoliticosveracruz.com\\\/#website\",\"url\":\"https:\\\/\\\/lospoliticosveracruz.com\\\/\",\"name\":\"Los pol\u00edticos Veracruz\",\"description\":\"\",\"publisher\":{\"@id\":\"https:\\\/\\\/lospoliticosveracruz.com\\\/#organization\"},\"potentialAction\":[{\"@type\":\"SearchAction\",\"target\":{\"@type\":\"EntryPoint\",\"urlTemplate\":\"https:\\\/\\\/lospoliticosveracruz.com\\\/?s={search_term_string}\"},\"query-input\":{\"@type\":\"PropertyValueSpecification\",\"valueRequired\":true,\"valueName\":\"search_term_string\"}}],\"inLanguage\":\"es\"},{\"@type\":\"Organization\",\"@id\":\"https:\\\/\\\/lospoliticosveracruz.com\\\/#organization\",\"name\":\"Los pol\u00edticos Veracruz\",\"url\":\"https:\\\/\\\/lospoliticosveracruz.com\\\/\",\"logo\":{\"@type\":\"ImageObject\",\"inLanguage\":\"es\",\"@id\":\"https:\\\/\\\/lospoliticosveracruz.com\\\/#\\\/schema\\\/logo\\\/image\\\/\",\"url\":\"https:\\\/\\\/lospoliticosveracruz.com\\\/wp-content\\\/uploads\\\/2025\\\/12\\\/Logo-Nuevo-LOS-POLITICOS-1.jpg\",\"contentUrl\":\"https:\\\/\\\/lospoliticosveracruz.com\\\/wp-content\\\/uploads\\\/2025\\\/12\\\/Logo-Nuevo-LOS-POLITICOS-1.jpg\",\"width\":260,\"height\":70,\"caption\":\"Los pol\u00edticos Veracruz\"},\"image\":{\"@id\":\"https:\\\/\\\/lospoliticosveracruz.com\\\/#\\\/schema\\\/logo\\\/image\\\/\"},\"sameAs\":[\"https:\\\/\\\/www.facebook.com\\\/people\\\/Notimemes-de-los-Polticos\\\/61565672886568\\\/\",\"https:\\\/\\\/x.com\\\/LosPoliticosVer\"]},{\"@type\":\"Person\",\"@id\":\"https:\\\/\\\/lospoliticosveracruz.com\\\/#\\\/schema\\\/person\\\/b8702bb0e538456e6efd07080bf2a4a2\",\"name\":\"Lo viste en Los Pol\u00edticos\",\"image\":{\"@type\":\"ImageObject\",\"inLanguage\":\"es\",\"@id\":\"https:\\\/\\\/secure.gravatar.com\\\/avatar\\\/3a8de04a2656d44082be478bd6c086daa447c4651605818287b9532d3d0bd435?s=96&d=mm&r=g\",\"url\":\"https:\\\/\\\/secure.gravatar.com\\\/avatar\\\/3a8de04a2656d44082be478bd6c086daa447c4651605818287b9532d3d0bd435?s=96&d=mm&r=g\",\"contentUrl\":\"https:\\\/\\\/secure.gravatar.com\\\/avatar\\\/3a8de04a2656d44082be478bd6c086daa447c4651605818287b9532d3d0bd435?s=96&d=mm&r=g\",\"caption\":\"Lo viste en Los Pol\u00edticos\"},\"url\":\"https:\\\/\\\/lospoliticosveracruz.com\\\/?author=2\"}]}<\/script>\n<!-- \/ Yoast SEO plugin. -->","yoast_head_json":{"title":"La renovaci\u00f3n del PRI - Los pol\u00edticos Veracruz","robots":{"index":"index","follow":"follow","max-snippet":"max-snippet:-1","max-image-preview":"max-image-preview:large","max-video-preview":"max-video-preview:-1"},"canonical":"https:\/\/lospoliticosveracruz.com\/?p=45307","og_locale":"es_ES","og_type":"article","og_title":"La renovaci\u00f3n del PRI - Los pol\u00edticos Veracruz","og_description":"Salvador Mu\u00f1oz Los Pol\u00edticos A lo mejor me equivoque, pero no se recuerda un liderazgo como el que ejerci\u00f3 en 70ytantos d\u00edas Ren\u00e9 Ju\u00e1rez Cisneros dentro del PRI. Incluso, su discurso hizo reaccionar a una militancia que se sent\u00eda abatida, cansada, y si bien, se ten\u00eda la certeza de que no se iba a poder [&hellip;]","og_url":"https:\/\/lospoliticosveracruz.com\/?p=45307","og_site_name":"Los pol\u00edticos Veracruz","article_publisher":"https:\/\/www.facebook.com\/people\/Notimemes-de-los-Polticos\/61565672886568\/","article_published_time":"2018-10-11T03:55:28+00:00","og_image":[{"width":200,"height":200,"url":"https:\/\/lospoliticosveracruz.com\/wp-content\/uploads\/2016\/07\/Logo-Dor.jpg","type":"image\/jpeg"}],"author":"Lo viste en Los Pol\u00edticos","twitter_card":"summary_large_image","twitter_creator":"@LosPoliticosVer","twitter_site":"@LosPoliticosVer","twitter_misc":{"Escrito por":"Lo viste en Los Pol\u00edticos","Tiempo de lectura":"3 minutos"},"schema":{"@context":"https:\/\/schema.org","@graph":[{"@type":"Article","@id":"https:\/\/lospoliticosveracruz.com\/?p=45307#article","isPartOf":{"@id":"https:\/\/lospoliticosveracruz.com\/?p=45307"},"author":{"name":"Lo viste en Los Pol\u00edticos","@id":"https:\/\/lospoliticosveracruz.com\/#\/schema\/person\/b8702bb0e538456e6efd07080bf2a4a2"},"headline":"La renovaci\u00f3n del PRI","datePublished":"2018-10-11T03:55:28+00:00","mainEntityOfPage":{"@id":"https:\/\/lospoliticosveracruz.com\/?p=45307"},"wordCount":631,"commentCount":0,"publisher":{"@id":"https:\/\/lospoliticosveracruz.com\/#organization"},"keywords":["Amadeo Flores Espinosa","Am\u00e9rico Z\u00fa\u00f1iga","Javier Duarte","Pepe Yunes","PRI","Renato Alarc\u00f3n","Ren\u00e9 Ju\u00e1rez Cisneros","Salvador Mu\u00f1oz"],"articleSection":["De Opini\u00f3n"],"inLanguage":"es","potentialAction":[{"@type":"CommentAction","name":"Comment","target":["https:\/\/lospoliticosveracruz.com\/?p=45307#respond"]}]},{"@type":"WebPage","@id":"https:\/\/lospoliticosveracruz.com\/?p=45307","url":"https:\/\/lospoliticosveracruz.com\/?p=45307","name":"La renovaci\u00f3n del PRI - Los pol\u00edticos Veracruz","isPartOf":{"@id":"https:\/\/lospoliticosveracruz.com\/#website"},"datePublished":"2018-10-11T03:55:28+00:00","breadcrumb":{"@id":"https:\/\/lospoliticosveracruz.com\/?p=45307#breadcrumb"},"inLanguage":"es","potentialAction":[{"@type":"ReadAction","target":["https:\/\/lospoliticosveracruz.com\/?p=45307"]}]},{"@type":"BreadcrumbList","@id":"https:\/\/lospoliticosveracruz.com\/?p=45307#breadcrumb","itemListElement":[{"@type":"ListItem","position":1,"name":"Portada","item":"https:\/\/lospoliticosveracruz.com\/"},{"@type":"ListItem","position":2,"name":"La renovaci\u00f3n del PRI"}]},{"@type":"WebSite","@id":"https:\/\/lospoliticosveracruz.com\/#website","url":"https:\/\/lospoliticosveracruz.com\/","name":"Los pol\u00edticos Veracruz","description":"","publisher":{"@id":"https:\/\/lospoliticosveracruz.com\/#organization"},"potentialAction":[{"@type":"SearchAction","target":{"@type":"EntryPoint","urlTemplate":"https:\/\/lospoliticosveracruz.com\/?s={search_term_string}"},"query-input":{"@type":"PropertyValueSpecification","valueRequired":true,"valueName":"search_term_string"}}],"inLanguage":"es"},{"@type":"Organization","@id":"https:\/\/lospoliticosveracruz.com\/#organization","name":"Los pol\u00edticos Veracruz","url":"https:\/\/lospoliticosveracruz.com\/","logo":{"@type":"ImageObject","inLanguage":"es","@id":"https:\/\/lospoliticosveracruz.com\/#\/schema\/logo\/image\/","url":"https:\/\/lospoliticosveracruz.com\/wp-content\/uploads\/2025\/12\/Logo-Nuevo-LOS-POLITICOS-1.jpg","contentUrl":"https:\/\/lospoliticosveracruz.com\/wp-content\/uploads\/2025\/12\/Logo-Nuevo-LOS-POLITICOS-1.jpg","width":260,"height":70,"caption":"Los pol\u00edticos Veracruz"},"image":{"@id":"https:\/\/lospoliticosveracruz.com\/#\/schema\/logo\/image\/"},"sameAs":["https:\/\/www.facebook.com\/people\/Notimemes-de-los-Polticos\/61565672886568\/","https:\/\/x.com\/LosPoliticosVer"]},{"@type":"Person","@id":"https:\/\/lospoliticosveracruz.com\/#\/schema\/person\/b8702bb0e538456e6efd07080bf2a4a2","name":"Lo viste en Los Pol\u00edticos","image":{"@type":"ImageObject","inLanguage":"es","@id":"https:\/\/secure.gravatar.com\/avatar\/3a8de04a2656d44082be478bd6c086daa447c4651605818287b9532d3d0bd435?s=96&d=mm&r=g","url":"https:\/\/secure.gravatar.com\/avatar\/3a8de04a2656d44082be478bd6c086daa447c4651605818287b9532d3d0bd435?s=96&d=mm&r=g","contentUrl":"https:\/\/secure.gravatar.com\/avatar\/3a8de04a2656d44082be478bd6c086daa447c4651605818287b9532d3d0bd435?s=96&d=mm&r=g","caption":"Lo viste en Los Pol\u00edticos"},"url":"https:\/\/lospoliticosveracruz.com\/?author=2"}]}},"_links":{"self":[{"href":"https:\/\/lospoliticosveracruz.com\/index.php?rest_route=\/wp\/v2\/posts\/45307","targetHints":{"allow":["GET"]}}],"collection":[{"href":"https:\/\/lospoliticosveracruz.com\/index.php?rest_route=\/wp\/v2\/posts"}],"about":[{"href":"https:\/\/lospoliticosveracruz.com\/index.php?rest_route=\/wp\/v2\/types\/post"}],"author":[{"embeddable":true,"href":"https:\/\/lospoliticosveracruz.com\/index.php?rest_route=\/wp\/v2\/users\/2"}],"replies":[{"embeddable":true,"href":"https:\/\/lospoliticosveracruz.com\/index.php?rest_route=%2Fwp%2Fv2%2Fcomments&post=45307"}],"version-history":[{"count":1,"href":"https:\/\/lospoliticosveracruz.com\/index.php?rest_route=\/wp\/v2\/posts\/45307\/revisions"}],"predecessor-version":[{"id":45309,"href":"https:\/\/lospoliticosveracruz.com\/index.php?rest_route=\/wp\/v2\/posts\/45307\/revisions\/45309"}],"wp:attachment":[{"href":"https:\/\/lospoliticosveracruz.com\/index.php?rest_route=%2Fwp%2Fv2%2Fmedia&parent=45307"}],"wp:term":[{"taxonomy":"category","embeddable":true,"href":"https:\/\/lospoliticosveracruz.com\/index.php?rest_route=%2Fwp%2Fv2%2Fcategories&post=45307"},{"taxonomy":"post_tag","embeddable":true,"href":"https:\/\/lospoliticosveracruz.com\/index.php?rest_route=%2Fwp%2Fv2%2Ftags&post=45307"}],"curies":[{"name":"wp","href":"https:\/\/api.w.org\/{rel}","templated":true}]}}