{"id":45311,"date":"2018-10-10T22:41:46","date_gmt":"2018-10-11T03:41:46","guid":{"rendered":"http:\/\/www.lospoliticosveracruz.com.mx\/?p=45311"},"modified":"2018-10-10T22:41:46","modified_gmt":"2018-10-11T03:41:46","slug":"lo-que-faltaba","status":"publish","type":"post","link":"https:\/\/lospoliticosveracruz.com\/?p=45311","title":{"rendered":"Lo que faltaba&#8230;"},"content":{"rendered":"<p style=\"text-align: justify;\" align=\"center\"><span lang=\"ES-MX\"><strong>Ricardo V\u00e1zquez S.<\/strong><b><\/b><\/span><\/p>\n<p style=\"text-align: justify;\" align=\"center\"><em>Esfera Pol\u00edtica<b><span lang=\"ES-MX\">\u00a0<\/span><\/b><\/em><\/p>\n<p style=\"text-align: justify;\"><span lang=\"ES-MX\">Que el \u201cmal del puerco\u201d invada el recinto de San L\u00e1zaro. Y tampoco hay remedio. El fen\u00f3meno se acent\u00faa en ese y en los Congresos locales. Solo hay que observar.\u00a0 \u00a0<\/span><\/p>\n<p style=\"text-align: justify;\"><span lang=\"ES-MX\">\u00a0<\/span><span lang=\"ES-MX\">Que habiendo serios problemas en el pa\u00eds, se someta a consulta el nuevo nombre que deber\u00e1 llevar el Tratado de Libre Comercio de Am\u00e9rica del Norte- Como si el nombre \u201cfif\u00ed\u201d u ordinario que se elija, represente un mayor o menor beneficio para los mexicanos. \u00a0<\/span><\/p>\n<p style=\"text-align: justify;\"><span lang=\"ES-MX\">\u00a0<\/span><span lang=\"ES-MX\">Que no obstante la insistencia de que la cancelaci\u00f3n y suspensi\u00f3n de construcci\u00f3n del nuevo aeropuerto de la Ciudad de M\u00e9xico afectar\u00eda a millones de usuarios que utilizan el transporte a\u00e9reo para conectar negocios y concretar proyectos personales y profesionales, pese a eso se va a someter a consulta popular. Si de antemano se contempla que el factor econ\u00f3mico inclinar\u00e1 la balanza a dar por cancelada la continuidad de la construcci\u00f3n, \u00bfPor qu\u00e9 no evitar el despilfarro de recursos que implicar\u00e1 la consulta? La opini\u00f3n de especialistas en aeron\u00e1utica y de expertos autorizados para emitir un punto de vista categ\u00f3rico parece no importar. El Aeropuerto Benito Ju\u00e1rez se ver\u00eda como una terminal de autob\u00fas de pueblo al lado de los eficientes y seguros aeropuertos de Singapur, Incheon, Haneda o Doha, por mencionar estos. \u00a0<\/span><\/p>\n<p style=\"text-align: justify;\"><span lang=\"ES-MX\">\u00a0<\/span><span lang=\"ES-MX\">Que los esforzados trabajadores de limpia p\u00fablica en Xalapa pongan la muestra de lo que es un aut\u00e9ntico sentido de responsabilidad.<\/span><\/p>\n<p style=\"text-align: justify;\"><span lang=\"ES-MX\">Alguna vez ha imaginado usted que no existieran personas dispuestas y expuestas a soportar malos olores al manipular desechos de todo tipo, de los m\u00e1s desagradables; sufrir cortaduras en manos con vidrios, latas, clavos, o picaduras con agujas de jeringas contaminadas con enfermedades de las m\u00e1s contagiosas y graves. Que usted y yo tuvi\u00e9ramos necesidad de trasladarnos a \u00a0diario 5 o 10 kil\u00f3metros para depositar la basura en el lugar indicado por las autoridades. Tener que barrer las calles de toda la ciudad.<\/span><\/p>\n<p style=\"text-align: justify;\"><span lang=\"ES-MX\">\u00bfEl comentario es irrelevante? Valore usted. Basta que piense por un instante lo anterior, la labor que realizan los trabajadores de limpia p\u00fablica evita que todos los dem\u00e1s tengamos que hacer esa pesada tarea. \u00a0<\/span><\/p>\n<p style=\"text-align: justify;\"><span lang=\"ES-MX\">El problema de no contar con un relleno sanitario donde vaciar toda la basura que recolectan en los camiones, es un asunto de las autoridades municipales, no es responsabilidad de los trabajadores de limpia p\u00fablica, quienes al no poder seguir recogiendo la basura en las calles, por no tener un lugar donde vaciar los desechos, de cualquier manera recibir\u00e1n su salario.<\/span><\/p>\n<p style=\"text-align: justify;\"><span lang=\"ES-MX\">Podr\u00edan permanecer sentados cruzados de brazos los de limpia p\u00fablica, y decir \u201ca ver cu\u00e1ndo\u201d, en espera a que el ayuntamiento xalape\u00f1o pueda llegar a resolver la crisis sanitaria; pero no es as\u00ed. En vez de eso, salen a la calle a exigir que se solucione el serio problema que impide puedan desarrollar su trabajo y que adem\u00e1s afecta directamente a los xalape\u00f1os. Los trabajadores de limpia salieron a protestar, en lugar de los ciudadanos.<\/span><span lang=\"ES-MX\">\u00a0<\/span><\/p>\n<p style=\"text-align: justify;\"><span lang=\"ES-MX\">\u00a0<\/span><span lang=\"ES-MX\">Que adem\u00e1s de que en Veracruz existen sitios de inter\u00e9s tur\u00edstico: la Ruta de la Niebla, la Ruta de Cort\u00e9s, y algunas m\u00e1s, ahora tenemos la \u201cRuta del bache\u201d. No es broma. Los baches en la capital del estado forman parte del paisaje urbano. Calles y avenidas de Xalapa se asemejan a una localidad de Oriente Medio despu\u00e9s de un bombardeo. Un nuevo sitio, espanta turistas. \u00a0<\/span><span lang=\"ES-MX\">\u00a0<\/span><\/p>\n<p style=\"text-align: justify;\"><span lang=\"ES-MX\">Que para completar el cuadro panor\u00e1mico, se podr\u00eda sumar uno m\u00e1s, de posible desabasto de agua. El senador Ricardo Ahued Bardahuil advierte que Xalapa se podr\u00eda quedar sin agua, por la falta de firma de un convenio con el municipio poblano de Quimixtl\u00e1n. \u00a0<\/span><\/p>\n<p style=\"text-align: justify;\"><span lang=\"ES-MX\">Solamente falta que el alcalde xalape\u00f1o Hip\u00f3lito Rodr\u00edguez, haga tres consultas ciudadanas para que la poblaci\u00f3n decida:<\/span><\/p>\n<p style=\"text-align: justify;\"><span lang=\"ES-MX\">\u00bfQuieren o no que se resuelva el problema de basura?<\/span><\/p>\n<p style=\"text-align: justify;\"><span lang=\"ES-MX\">\u00bfQuieren que se tapen los baches o que se rehabiliten y pavimenten las calles, o se queden as\u00ed?<\/span><\/p>\n<p style=\"text-align: justify;\"><span lang=\"ES-MX\">\u00bfQuieren agua o no? \u00a0<\/span><\/p>\n<p style=\"text-align: justify;\"><a href=\"mailto:rvazquez002@yahoo.com.mx\" target=\"_blank\"><span lang=\"ES-MX\">rvazquez002@yahoo.com.mx<\/span><\/a><\/p>\n","protected":false},"excerpt":{"rendered":"<p>Ricardo V\u00e1zquez S. Esfera Pol\u00edtica\u00a0 Que el \u201cmal del puerco\u201d invada el recinto de San L\u00e1zaro. Y tampoco hay remedio. El fen\u00f3meno se acent\u00faa en ese y en los Congresos locales. Solo hay que observar.\u00a0 \u00a0 \u00a0Que habiendo serios problemas en el pa\u00eds, se someta a consulta el nuevo nombre que deber\u00e1 llevar el Tratado [&hellip;]<\/p>\n","protected":false},"author":2,"featured_media":0,"comment_status":"open","ping_status":"open","sticky":false,"template":"","format":"standard","meta":{"tdm_status":"","tdm_grid_status":"","footnotes":""},"categories":[70],"tags":[12858,12832,12857,7620,12856,10273,2812,12013,3270,12855,195,96],"class_list":{"0":"post-45311","1":"post","2":"type-post","3":"status-publish","4":"format-standard","6":"category-de-opinion","7":"tag-doha","8":"tag-fifi","9":"tag-haneda","10":"tag-hipolito-rodriguez-herrero","11":"tag-incheon","12":"tag-quimixtlan","13":"tag-ricardo-ahued-bardahuil","14":"tag-ricardo-vazquez","15":"tag-san-lazaro","16":"tag-singapur","17":"tag-veracruz","18":"tag-xalapa"},"yoast_head":"<!-- This site is optimized with the Yoast SEO plugin v27.4 - https:\/\/yoast.com\/product\/yoast-seo-wordpress\/ -->\n<title>Lo que faltaba... - Los pol\u00edticos Veracruz<\/title>\n<meta name=\"robots\" content=\"index, follow, max-snippet:-1, max-image-preview:large, max-video-preview:-1\" \/>\n<link rel=\"canonical\" href=\"https:\/\/lospoliticosveracruz.com\/?p=45311\" \/>\n<meta property=\"og:locale\" content=\"es_ES\" \/>\n<meta property=\"og:type\" content=\"article\" \/>\n<meta property=\"og:title\" content=\"Lo que faltaba... - Los pol\u00edticos Veracruz\" \/>\n<meta property=\"og:description\" content=\"Ricardo V\u00e1zquez S. Esfera Pol\u00edtica\u00a0 Que el \u201cmal del puerco\u201d invada el recinto de San L\u00e1zaro. Y tampoco hay remedio. El fen\u00f3meno se acent\u00faa en ese y en los Congresos locales. Solo hay que observar.\u00a0 \u00a0 \u00a0Que habiendo serios problemas en el pa\u00eds, se someta a consulta el nuevo nombre que deber\u00e1 llevar el Tratado [&hellip;]\" \/>\n<meta property=\"og:url\" content=\"https:\/\/lospoliticosveracruz.com\/?p=45311\" \/>\n<meta property=\"og:site_name\" content=\"Los pol\u00edticos Veracruz\" \/>\n<meta property=\"article:publisher\" content=\"https:\/\/www.facebook.com\/people\/Notimemes-de-los-Polticos\/61565672886568\/\" \/>\n<meta property=\"article:published_time\" content=\"2018-10-11T03:41:46+00:00\" \/>\n<meta property=\"og:image\" content=\"https:\/\/lospoliticosveracruz.com\/wp-content\/uploads\/2016\/07\/Logo-Dor.jpg\" \/>\n\t<meta property=\"og:image:width\" content=\"200\" \/>\n\t<meta property=\"og:image:height\" content=\"200\" \/>\n\t<meta property=\"og:image:type\" content=\"image\/jpeg\" \/>\n<meta name=\"author\" content=\"Lo viste en Los Pol\u00edticos\" \/>\n<meta name=\"twitter:card\" content=\"summary_large_image\" \/>\n<meta name=\"twitter:creator\" content=\"@LosPoliticosVer\" \/>\n<meta name=\"twitter:site\" content=\"@LosPoliticosVer\" \/>\n<meta name=\"twitter:label1\" content=\"Escrito por\" \/>\n\t<meta name=\"twitter:data1\" content=\"Lo viste en Los Pol\u00edticos\" \/>\n\t<meta name=\"twitter:label2\" content=\"Tiempo de lectura\" \/>\n\t<meta name=\"twitter:data2\" content=\"3 minutos\" \/>\n<script type=\"application\/ld+json\" class=\"yoast-schema-graph\">{\"@context\":\"https:\\\/\\\/schema.org\",\"@graph\":[{\"@type\":\"Article\",\"@id\":\"https:\\\/\\\/lospoliticosveracruz.com\\\/?p=45311#article\",\"isPartOf\":{\"@id\":\"https:\\\/\\\/lospoliticosveracruz.com\\\/?p=45311\"},\"author\":{\"name\":\"Lo viste en Los Pol\u00edticos\",\"@id\":\"https:\\\/\\\/lospoliticosveracruz.com\\\/#\\\/schema\\\/person\\\/b8702bb0e538456e6efd07080bf2a4a2\"},\"headline\":\"Lo que faltaba&#8230;\",\"datePublished\":\"2018-10-11T03:41:46+00:00\",\"mainEntityOfPage\":{\"@id\":\"https:\\\/\\\/lospoliticosveracruz.com\\\/?p=45311\"},\"wordCount\":702,\"commentCount\":0,\"publisher\":{\"@id\":\"https:\\\/\\\/lospoliticosveracruz.com\\\/#organization\"},\"keywords\":[\"Doha\",\"fif\u00ed\",\"Haneda\",\"Hip\u00f3lito Rodr\u00edguez Herrero\",\"Incheon\",\"Quimixtl\u00e1n\",\"Ricardo Ahued Bardahuil\",\"Ricardo V\u00e1zquez\",\"San L\u00e1zaro\",\"Singapur\",\"Veracruz\",\"Xalapa\"],\"articleSection\":[\"De Opini\u00f3n\"],\"inLanguage\":\"es\",\"potentialAction\":[{\"@type\":\"CommentAction\",\"name\":\"Comment\",\"target\":[\"https:\\\/\\\/lospoliticosveracruz.com\\\/?p=45311#respond\"]}]},{\"@type\":\"WebPage\",\"@id\":\"https:\\\/\\\/lospoliticosveracruz.com\\\/?p=45311\",\"url\":\"https:\\\/\\\/lospoliticosveracruz.com\\\/?p=45311\",\"name\":\"Lo que faltaba... - Los pol\u00edticos Veracruz\",\"isPartOf\":{\"@id\":\"https:\\\/\\\/lospoliticosveracruz.com\\\/#website\"},\"datePublished\":\"2018-10-11T03:41:46+00:00\",\"breadcrumb\":{\"@id\":\"https:\\\/\\\/lospoliticosveracruz.com\\\/?p=45311#breadcrumb\"},\"inLanguage\":\"es\",\"potentialAction\":[{\"@type\":\"ReadAction\",\"target\":[\"https:\\\/\\\/lospoliticosveracruz.com\\\/?p=45311\"]}]},{\"@type\":\"BreadcrumbList\",\"@id\":\"https:\\\/\\\/lospoliticosveracruz.com\\\/?p=45311#breadcrumb\",\"itemListElement\":[{\"@type\":\"ListItem\",\"position\":1,\"name\":\"Portada\",\"item\":\"https:\\\/\\\/lospoliticosveracruz.com\\\/\"},{\"@type\":\"ListItem\",\"position\":2,\"name\":\"Lo que faltaba&#8230;\"}]},{\"@type\":\"WebSite\",\"@id\":\"https:\\\/\\\/lospoliticosveracruz.com\\\/#website\",\"url\":\"https:\\\/\\\/lospoliticosveracruz.com\\\/\",\"name\":\"Los pol\u00edticos Veracruz\",\"description\":\"\",\"publisher\":{\"@id\":\"https:\\\/\\\/lospoliticosveracruz.com\\\/#organization\"},\"potentialAction\":[{\"@type\":\"SearchAction\",\"target\":{\"@type\":\"EntryPoint\",\"urlTemplate\":\"https:\\\/\\\/lospoliticosveracruz.com\\\/?s={search_term_string}\"},\"query-input\":{\"@type\":\"PropertyValueSpecification\",\"valueRequired\":true,\"valueName\":\"search_term_string\"}}],\"inLanguage\":\"es\"},{\"@type\":\"Organization\",\"@id\":\"https:\\\/\\\/lospoliticosveracruz.com\\\/#organization\",\"name\":\"Los pol\u00edticos Veracruz\",\"url\":\"https:\\\/\\\/lospoliticosveracruz.com\\\/\",\"logo\":{\"@type\":\"ImageObject\",\"inLanguage\":\"es\",\"@id\":\"https:\\\/\\\/lospoliticosveracruz.com\\\/#\\\/schema\\\/logo\\\/image\\\/\",\"url\":\"https:\\\/\\\/lospoliticosveracruz.com\\\/wp-content\\\/uploads\\\/2025\\\/12\\\/Logo-Nuevo-LOS-POLITICOS-1.jpg\",\"contentUrl\":\"https:\\\/\\\/lospoliticosveracruz.com\\\/wp-content\\\/uploads\\\/2025\\\/12\\\/Logo-Nuevo-LOS-POLITICOS-1.jpg\",\"width\":260,\"height\":70,\"caption\":\"Los pol\u00edticos Veracruz\"},\"image\":{\"@id\":\"https:\\\/\\\/lospoliticosveracruz.com\\\/#\\\/schema\\\/logo\\\/image\\\/\"},\"sameAs\":[\"https:\\\/\\\/www.facebook.com\\\/people\\\/Notimemes-de-los-Polticos\\\/61565672886568\\\/\",\"https:\\\/\\\/x.com\\\/LosPoliticosVer\"]},{\"@type\":\"Person\",\"@id\":\"https:\\\/\\\/lospoliticosveracruz.com\\\/#\\\/schema\\\/person\\\/b8702bb0e538456e6efd07080bf2a4a2\",\"name\":\"Lo viste en Los Pol\u00edticos\",\"image\":{\"@type\":\"ImageObject\",\"inLanguage\":\"es\",\"@id\":\"https:\\\/\\\/secure.gravatar.com\\\/avatar\\\/3a8de04a2656d44082be478bd6c086daa447c4651605818287b9532d3d0bd435?s=96&d=mm&r=g\",\"url\":\"https:\\\/\\\/secure.gravatar.com\\\/avatar\\\/3a8de04a2656d44082be478bd6c086daa447c4651605818287b9532d3d0bd435?s=96&d=mm&r=g\",\"contentUrl\":\"https:\\\/\\\/secure.gravatar.com\\\/avatar\\\/3a8de04a2656d44082be478bd6c086daa447c4651605818287b9532d3d0bd435?s=96&d=mm&r=g\",\"caption\":\"Lo viste en Los Pol\u00edticos\"},\"url\":\"https:\\\/\\\/lospoliticosveracruz.com\\\/?author=2\"}]}<\/script>\n<!-- \/ Yoast SEO plugin. -->","yoast_head_json":{"title":"Lo que faltaba... - Los pol\u00edticos Veracruz","robots":{"index":"index","follow":"follow","max-snippet":"max-snippet:-1","max-image-preview":"max-image-preview:large","max-video-preview":"max-video-preview:-1"},"canonical":"https:\/\/lospoliticosveracruz.com\/?p=45311","og_locale":"es_ES","og_type":"article","og_title":"Lo que faltaba... - Los pol\u00edticos Veracruz","og_description":"Ricardo V\u00e1zquez S. Esfera Pol\u00edtica\u00a0 Que el \u201cmal del puerco\u201d invada el recinto de San L\u00e1zaro. Y tampoco hay remedio. El fen\u00f3meno se acent\u00faa en ese y en los Congresos locales. Solo hay que observar.\u00a0 \u00a0 \u00a0Que habiendo serios problemas en el pa\u00eds, se someta a consulta el nuevo nombre que deber\u00e1 llevar el Tratado [&hellip;]","og_url":"https:\/\/lospoliticosveracruz.com\/?p=45311","og_site_name":"Los pol\u00edticos Veracruz","article_publisher":"https:\/\/www.facebook.com\/people\/Notimemes-de-los-Polticos\/61565672886568\/","article_published_time":"2018-10-11T03:41:46+00:00","og_image":[{"width":200,"height":200,"url":"https:\/\/lospoliticosveracruz.com\/wp-content\/uploads\/2016\/07\/Logo-Dor.jpg","type":"image\/jpeg"}],"author":"Lo viste en Los Pol\u00edticos","twitter_card":"summary_large_image","twitter_creator":"@LosPoliticosVer","twitter_site":"@LosPoliticosVer","twitter_misc":{"Escrito por":"Lo viste en Los Pol\u00edticos","Tiempo de lectura":"3 minutos"},"schema":{"@context":"https:\/\/schema.org","@graph":[{"@type":"Article","@id":"https:\/\/lospoliticosveracruz.com\/?p=45311#article","isPartOf":{"@id":"https:\/\/lospoliticosveracruz.com\/?p=45311"},"author":{"name":"Lo viste en Los Pol\u00edticos","@id":"https:\/\/lospoliticosveracruz.com\/#\/schema\/person\/b8702bb0e538456e6efd07080bf2a4a2"},"headline":"Lo que faltaba&#8230;","datePublished":"2018-10-11T03:41:46+00:00","mainEntityOfPage":{"@id":"https:\/\/lospoliticosveracruz.com\/?p=45311"},"wordCount":702,"commentCount":0,"publisher":{"@id":"https:\/\/lospoliticosveracruz.com\/#organization"},"keywords":["Doha","fif\u00ed","Haneda","Hip\u00f3lito Rodr\u00edguez Herrero","Incheon","Quimixtl\u00e1n","Ricardo Ahued Bardahuil","Ricardo V\u00e1zquez","San L\u00e1zaro","Singapur","Veracruz","Xalapa"],"articleSection":["De Opini\u00f3n"],"inLanguage":"es","potentialAction":[{"@type":"CommentAction","name":"Comment","target":["https:\/\/lospoliticosveracruz.com\/?p=45311#respond"]}]},{"@type":"WebPage","@id":"https:\/\/lospoliticosveracruz.com\/?p=45311","url":"https:\/\/lospoliticosveracruz.com\/?p=45311","name":"Lo que faltaba... - Los pol\u00edticos Veracruz","isPartOf":{"@id":"https:\/\/lospoliticosveracruz.com\/#website"},"datePublished":"2018-10-11T03:41:46+00:00","breadcrumb":{"@id":"https:\/\/lospoliticosveracruz.com\/?p=45311#breadcrumb"},"inLanguage":"es","potentialAction":[{"@type":"ReadAction","target":["https:\/\/lospoliticosveracruz.com\/?p=45311"]}]},{"@type":"BreadcrumbList","@id":"https:\/\/lospoliticosveracruz.com\/?p=45311#breadcrumb","itemListElement":[{"@type":"ListItem","position":1,"name":"Portada","item":"https:\/\/lospoliticosveracruz.com\/"},{"@type":"ListItem","position":2,"name":"Lo que faltaba&#8230;"}]},{"@type":"WebSite","@id":"https:\/\/lospoliticosveracruz.com\/#website","url":"https:\/\/lospoliticosveracruz.com\/","name":"Los pol\u00edticos Veracruz","description":"","publisher":{"@id":"https:\/\/lospoliticosveracruz.com\/#organization"},"potentialAction":[{"@type":"SearchAction","target":{"@type":"EntryPoint","urlTemplate":"https:\/\/lospoliticosveracruz.com\/?s={search_term_string}"},"query-input":{"@type":"PropertyValueSpecification","valueRequired":true,"valueName":"search_term_string"}}],"inLanguage":"es"},{"@type":"Organization","@id":"https:\/\/lospoliticosveracruz.com\/#organization","name":"Los pol\u00edticos Veracruz","url":"https:\/\/lospoliticosveracruz.com\/","logo":{"@type":"ImageObject","inLanguage":"es","@id":"https:\/\/lospoliticosveracruz.com\/#\/schema\/logo\/image\/","url":"https:\/\/lospoliticosveracruz.com\/wp-content\/uploads\/2025\/12\/Logo-Nuevo-LOS-POLITICOS-1.jpg","contentUrl":"https:\/\/lospoliticosveracruz.com\/wp-content\/uploads\/2025\/12\/Logo-Nuevo-LOS-POLITICOS-1.jpg","width":260,"height":70,"caption":"Los pol\u00edticos Veracruz"},"image":{"@id":"https:\/\/lospoliticosveracruz.com\/#\/schema\/logo\/image\/"},"sameAs":["https:\/\/www.facebook.com\/people\/Notimemes-de-los-Polticos\/61565672886568\/","https:\/\/x.com\/LosPoliticosVer"]},{"@type":"Person","@id":"https:\/\/lospoliticosveracruz.com\/#\/schema\/person\/b8702bb0e538456e6efd07080bf2a4a2","name":"Lo viste en Los Pol\u00edticos","image":{"@type":"ImageObject","inLanguage":"es","@id":"https:\/\/secure.gravatar.com\/avatar\/3a8de04a2656d44082be478bd6c086daa447c4651605818287b9532d3d0bd435?s=96&d=mm&r=g","url":"https:\/\/secure.gravatar.com\/avatar\/3a8de04a2656d44082be478bd6c086daa447c4651605818287b9532d3d0bd435?s=96&d=mm&r=g","contentUrl":"https:\/\/secure.gravatar.com\/avatar\/3a8de04a2656d44082be478bd6c086daa447c4651605818287b9532d3d0bd435?s=96&d=mm&r=g","caption":"Lo viste en Los Pol\u00edticos"},"url":"https:\/\/lospoliticosveracruz.com\/?author=2"}]}},"_links":{"self":[{"href":"https:\/\/lospoliticosveracruz.com\/index.php?rest_route=\/wp\/v2\/posts\/45311","targetHints":{"allow":["GET"]}}],"collection":[{"href":"https:\/\/lospoliticosveracruz.com\/index.php?rest_route=\/wp\/v2\/posts"}],"about":[{"href":"https:\/\/lospoliticosveracruz.com\/index.php?rest_route=\/wp\/v2\/types\/post"}],"author":[{"embeddable":true,"href":"https:\/\/lospoliticosveracruz.com\/index.php?rest_route=\/wp\/v2\/users\/2"}],"replies":[{"embeddable":true,"href":"https:\/\/lospoliticosveracruz.com\/index.php?rest_route=%2Fwp%2Fv2%2Fcomments&post=45311"}],"version-history":[{"count":1,"href":"https:\/\/lospoliticosveracruz.com\/index.php?rest_route=\/wp\/v2\/posts\/45311\/revisions"}],"predecessor-version":[{"id":45312,"href":"https:\/\/lospoliticosveracruz.com\/index.php?rest_route=\/wp\/v2\/posts\/45311\/revisions\/45312"}],"wp:attachment":[{"href":"https:\/\/lospoliticosveracruz.com\/index.php?rest_route=%2Fwp%2Fv2%2Fmedia&parent=45311"}],"wp:term":[{"taxonomy":"category","embeddable":true,"href":"https:\/\/lospoliticosveracruz.com\/index.php?rest_route=%2Fwp%2Fv2%2Fcategories&post=45311"},{"taxonomy":"post_tag","embeddable":true,"href":"https:\/\/lospoliticosveracruz.com\/index.php?rest_route=%2Fwp%2Fv2%2Ftags&post=45311"}],"curies":[{"name":"wp","href":"https:\/\/api.w.org\/{rel}","templated":true}]}}