{"id":45330,"date":"2018-10-11T22:55:55","date_gmt":"2018-10-12T03:55:55","guid":{"rendered":"http:\/\/www.lospoliticosveracruz.com.mx\/?p=45330"},"modified":"2018-10-11T21:08:12","modified_gmt":"2018-10-12T02:08:12","slug":"tecno-separados","status":"publish","type":"post","link":"https:\/\/lospoliticosveracruz.com\/?p=45330","title":{"rendered":"Tecno-separados"},"content":{"rendered":"<p dir=\"ltr\"><strong>Salvador Mu\u00f1oz<\/strong><\/p>\n<p><em>Los Pol\u00edticos<\/em><\/p>\n<p dir=\"ltr\">Llego al banco y me formo en una fila de m\u00e1s de 15 personas. Todav\u00eda dudo si paso directo por un boleto para ser atendido por una cajera o me aguanto y me enfrento a esa m\u00e1quina que me va indicando los pasos a seguir para realizar mi operaci\u00f3n bancaria\u2026 opto por la \u00faltima. Mientras tanto, observo a la asesora que traga y traga cantidades enormes de paciencia ante los clientes que hacen uso de esas siete u ocho cajas, ya sea para retirar o depositar. Hay de todo\u2026 personas que ni siquiera tienen idea de d\u00f3nde meter la tarjeta y las que llegan \u201cmuy ac\u00e1\u201d, haci\u00e9ndose \u201cdon o do\u00f1a Chinguetas\u201d, pero a la hora de la hora, se traban y tienen que pedir la ayuda de la asesora\u2026<\/p>\n<p dir=\"ltr\">El asunto es que pasas y te enfrentas a una serie de indicaciones que se suponen b\u00e1sicas para la \u201centendedera\u201d de cualquier mortal promedio\u2026 es quiz\u00e1s tiempo, repeticiones, errores y aciertos para poder llegar a esa caja y ni siquiera tomar en cuenta a la asesora\u2026 \u00a1claro! eso si vas al Banco dos veces por semana o una, pero estoy seguro que un alto porcentaje de esa gente que ocupa esos modernos aparatos lo hacemos cada mes, que para pagar el Infonavit o hasta para retirar la lanita de una beca o un apoyo, me imagino, porque por lo regular, veo muchos estudiantes y viejitos\u2026<\/p>\n<p dir=\"ltr\">\u00bfY a qu\u00e9 voy con las peripecias que uno sufre con un cajero autom\u00e1tico? en un plano simple, es la modernizaci\u00f3n de los servicios por parte del banco; pero por otra, el desplazamiento de personas por m\u00e1quinas.<\/p>\n<p dir=\"ltr\">Un amigo que trabaja en un banco en Puebla, nos cuenta que al menos en su instituci\u00f3n, a\u00fan no hay este desplazamiento, pero sabe que algunas sucursales ya s\u00f3lo han de funcionar con cajeros, lo que implica en ello, el despido de personal.<\/p>\n<p dir=\"ltr\">\u00a1La Mujer acaba de sacar boleto! No, no me hizo nada ni tampoco es una amenaza\u2026 tengo que viajar y le pido siempre el favor de que saque mi boleto\u2026 por supuesto, no tiene que trasladarse a la Central de autobuses para ello; basta con que desde su celular o su computadora, entre a la p\u00e1gina web de los autobuses, escoja d\u00eda, hora y n\u00famero de asiento, y v\u00eda tarjeta bancaria, llegue a la bandeja de mi correo electr\u00f3nico el boleto\u2026 a\u00fan tengo la duda de si hay que sacar una impresi\u00f3n o basta con que muestre el c\u00f3digo QR al chofer que dej\u00f3 de usar una libreta donde con pluma, iba verificando al pasajero y su asiento\u2026 \u00a1bueno! Ya hasta el C\u00f3digo QR desplaz\u00f3 hasta cierto punto al de Barras en nuestro quehacer cotidiano\u2026 como sea, ma\u00f1ana s\u00f3lo mostrar\u00e9 el c\u00f3digo, pero llevar\u00e9 el boleto impreso \u201cpor si las moscas\u201d.<\/p>\n<p dir=\"ltr\">\u00a1Ah! Y si por alguna cosa extraordinaria tenemos que acudir a la Central a comprar boleto, ya ni es necesario bajarse del carro\u2026 hay un espacio donde se da los pormenores de nuestro destino a una bocina, nos muestran en una pantalla los asientos disponibles y una vez escogido el lugar, nos invitan a pasar a pagar unos metros adelante con previa pregunta de la denominaci\u00f3n del billete\u2026 pero siempre arriba del carro.<\/p>\n<p dir=\"ltr\">Si acaso llega a la Central y va directo a comprar su boleto, observe la cantidad de personas que atienden\u2026 no s\u00e9 ustedes, pero yo cada vez que paso, veo menos. No as\u00ed en otros lugares, donde la tecnolog\u00eda a sus servicios no ha llegado.<\/p>\n<p dir=\"ltr\">No vamos tan lejos\u2026 \u00bfha o\u00eddo hablar del sexting? No, no es el n\u00famero previo al seventeen\u2026 es la manera de flirtear por las redes sociales hasta llegar al grado de una \u201crelaci\u00f3n sexual virtual\u201d&#8230; Parece broma, pero es en serio\u2026<\/p>\n<p dir=\"ltr\">Ya nom\u00e1s de refil\u00f3n, una recomendaci\u00f3n: Si no han visto la pel\u00edcula \u201cExtinction\u201d de Netflix, \u00a1v\u00e9anla! Si bien pertenece al g\u00e9nero Ciencia Ficci\u00f3n, tiene altas dosis de Suspenso. Por supuesto, sin dejar de lado \u201cBlack Mirror\u201d&#8230;<\/p>\n<p dir=\"ltr\">La tecnolog\u00eda, que si bien, nos facilita las cosas, los quehaceres, la vida, igual separa\u2026 cheque a su alrededor y vea cu\u00e1ntas personas en su casa tienen la mirada clavada en una pantalla\u2026 en una de \u00e9sas est\u00e9 en el sexting.<\/p>\n<p>&nbsp;<\/p>\n<p dir=\"ltr\">smcainito@gmail.com<\/p>\n","protected":false},"excerpt":{"rendered":"<p>Salvador Mu\u00f1oz Los Pol\u00edticos Llego al banco y me formo en una fila de m\u00e1s de 15 personas. Todav\u00eda dudo si paso directo por un boleto para ser atendido por una cajera o me aguanto y me enfrento a esa m\u00e1quina que me va indicando los pasos a seguir para realizar mi operaci\u00f3n bancaria\u2026 opto [&hellip;]<\/p>\n","protected":false},"author":2,"featured_media":0,"comment_status":"open","ping_status":"open","sticky":false,"template":"","format":"standard","meta":{"tdm_status":"","tdm_grid_status":"","footnotes":""},"categories":[70],"tags":[6284],"class_list":{"0":"post-45330","1":"post","2":"type-post","3":"status-publish","4":"format-standard","6":"category-de-opinion","7":"tag-tecnologia"},"yoast_head":"<!-- This site is optimized with the Yoast SEO plugin v27.4 - https:\/\/yoast.com\/product\/yoast-seo-wordpress\/ -->\n<title>Tecno-separados - Los pol\u00edticos Veracruz<\/title>\n<meta name=\"robots\" content=\"index, follow, max-snippet:-1, max-image-preview:large, max-video-preview:-1\" \/>\n<link rel=\"canonical\" href=\"https:\/\/lospoliticosveracruz.com\/?p=45330\" \/>\n<meta property=\"og:locale\" content=\"es_ES\" \/>\n<meta property=\"og:type\" content=\"article\" \/>\n<meta property=\"og:title\" content=\"Tecno-separados - Los pol\u00edticos Veracruz\" \/>\n<meta property=\"og:description\" content=\"Salvador Mu\u00f1oz Los Pol\u00edticos Llego al banco y me formo en una fila de m\u00e1s de 15 personas. Todav\u00eda dudo si paso directo por un boleto para ser atendido por una cajera o me aguanto y me enfrento a esa m\u00e1quina que me va indicando los pasos a seguir para realizar mi operaci\u00f3n bancaria\u2026 opto [&hellip;]\" \/>\n<meta property=\"og:url\" content=\"https:\/\/lospoliticosveracruz.com\/?p=45330\" \/>\n<meta property=\"og:site_name\" content=\"Los pol\u00edticos Veracruz\" \/>\n<meta property=\"article:publisher\" content=\"https:\/\/www.facebook.com\/people\/Notimemes-de-los-Polticos\/61565672886568\/\" \/>\n<meta property=\"article:published_time\" content=\"2018-10-12T03:55:55+00:00\" \/>\n<meta property=\"og:image\" content=\"https:\/\/lospoliticosveracruz.com\/wp-content\/uploads\/2016\/07\/Logo-Dor.jpg\" \/>\n\t<meta property=\"og:image:width\" content=\"200\" \/>\n\t<meta property=\"og:image:height\" content=\"200\" \/>\n\t<meta property=\"og:image:type\" content=\"image\/jpeg\" \/>\n<meta name=\"author\" content=\"Lo viste en Los Pol\u00edticos\" \/>\n<meta name=\"twitter:card\" content=\"summary_large_image\" \/>\n<meta name=\"twitter:creator\" content=\"@LosPoliticosVer\" \/>\n<meta name=\"twitter:site\" content=\"@LosPoliticosVer\" \/>\n<meta name=\"twitter:label1\" content=\"Escrito por\" \/>\n\t<meta name=\"twitter:data1\" content=\"Lo viste en Los Pol\u00edticos\" \/>\n\t<meta name=\"twitter:label2\" content=\"Tiempo de lectura\" \/>\n\t<meta name=\"twitter:data2\" content=\"4 minutos\" \/>\n<script type=\"application\/ld+json\" class=\"yoast-schema-graph\">{\"@context\":\"https:\\\/\\\/schema.org\",\"@graph\":[{\"@type\":\"Article\",\"@id\":\"https:\\\/\\\/lospoliticosveracruz.com\\\/?p=45330#article\",\"isPartOf\":{\"@id\":\"https:\\\/\\\/lospoliticosveracruz.com\\\/?p=45330\"},\"author\":{\"name\":\"Lo viste en Los Pol\u00edticos\",\"@id\":\"https:\\\/\\\/lospoliticosveracruz.com\\\/#\\\/schema\\\/person\\\/b8702bb0e538456e6efd07080bf2a4a2\"},\"headline\":\"Tecno-separados\",\"datePublished\":\"2018-10-12T03:55:55+00:00\",\"mainEntityOfPage\":{\"@id\":\"https:\\\/\\\/lospoliticosveracruz.com\\\/?p=45330\"},\"wordCount\":752,\"commentCount\":0,\"publisher\":{\"@id\":\"https:\\\/\\\/lospoliticosveracruz.com\\\/#organization\"},\"keywords\":[\"Tecnolog\u00eda\"],\"articleSection\":[\"De Opini\u00f3n\"],\"inLanguage\":\"es\",\"potentialAction\":[{\"@type\":\"CommentAction\",\"name\":\"Comment\",\"target\":[\"https:\\\/\\\/lospoliticosveracruz.com\\\/?p=45330#respond\"]}]},{\"@type\":\"WebPage\",\"@id\":\"https:\\\/\\\/lospoliticosveracruz.com\\\/?p=45330\",\"url\":\"https:\\\/\\\/lospoliticosveracruz.com\\\/?p=45330\",\"name\":\"Tecno-separados - Los pol\u00edticos Veracruz\",\"isPartOf\":{\"@id\":\"https:\\\/\\\/lospoliticosveracruz.com\\\/#website\"},\"datePublished\":\"2018-10-12T03:55:55+00:00\",\"breadcrumb\":{\"@id\":\"https:\\\/\\\/lospoliticosveracruz.com\\\/?p=45330#breadcrumb\"},\"inLanguage\":\"es\",\"potentialAction\":[{\"@type\":\"ReadAction\",\"target\":[\"https:\\\/\\\/lospoliticosveracruz.com\\\/?p=45330\"]}]},{\"@type\":\"BreadcrumbList\",\"@id\":\"https:\\\/\\\/lospoliticosveracruz.com\\\/?p=45330#breadcrumb\",\"itemListElement\":[{\"@type\":\"ListItem\",\"position\":1,\"name\":\"Portada\",\"item\":\"https:\\\/\\\/lospoliticosveracruz.com\\\/\"},{\"@type\":\"ListItem\",\"position\":2,\"name\":\"Tecno-separados\"}]},{\"@type\":\"WebSite\",\"@id\":\"https:\\\/\\\/lospoliticosveracruz.com\\\/#website\",\"url\":\"https:\\\/\\\/lospoliticosveracruz.com\\\/\",\"name\":\"Los pol\u00edticos Veracruz\",\"description\":\"\",\"publisher\":{\"@id\":\"https:\\\/\\\/lospoliticosveracruz.com\\\/#organization\"},\"potentialAction\":[{\"@type\":\"SearchAction\",\"target\":{\"@type\":\"EntryPoint\",\"urlTemplate\":\"https:\\\/\\\/lospoliticosveracruz.com\\\/?s={search_term_string}\"},\"query-input\":{\"@type\":\"PropertyValueSpecification\",\"valueRequired\":true,\"valueName\":\"search_term_string\"}}],\"inLanguage\":\"es\"},{\"@type\":\"Organization\",\"@id\":\"https:\\\/\\\/lospoliticosveracruz.com\\\/#organization\",\"name\":\"Los pol\u00edticos Veracruz\",\"url\":\"https:\\\/\\\/lospoliticosveracruz.com\\\/\",\"logo\":{\"@type\":\"ImageObject\",\"inLanguage\":\"es\",\"@id\":\"https:\\\/\\\/lospoliticosveracruz.com\\\/#\\\/schema\\\/logo\\\/image\\\/\",\"url\":\"https:\\\/\\\/lospoliticosveracruz.com\\\/wp-content\\\/uploads\\\/2025\\\/12\\\/Logo-Nuevo-LOS-POLITICOS-1.jpg\",\"contentUrl\":\"https:\\\/\\\/lospoliticosveracruz.com\\\/wp-content\\\/uploads\\\/2025\\\/12\\\/Logo-Nuevo-LOS-POLITICOS-1.jpg\",\"width\":260,\"height\":70,\"caption\":\"Los pol\u00edticos Veracruz\"},\"image\":{\"@id\":\"https:\\\/\\\/lospoliticosveracruz.com\\\/#\\\/schema\\\/logo\\\/image\\\/\"},\"sameAs\":[\"https:\\\/\\\/www.facebook.com\\\/people\\\/Notimemes-de-los-Polticos\\\/61565672886568\\\/\",\"https:\\\/\\\/x.com\\\/LosPoliticosVer\"]},{\"@type\":\"Person\",\"@id\":\"https:\\\/\\\/lospoliticosveracruz.com\\\/#\\\/schema\\\/person\\\/b8702bb0e538456e6efd07080bf2a4a2\",\"name\":\"Lo viste en Los Pol\u00edticos\",\"image\":{\"@type\":\"ImageObject\",\"inLanguage\":\"es\",\"@id\":\"https:\\\/\\\/secure.gravatar.com\\\/avatar\\\/3a8de04a2656d44082be478bd6c086daa447c4651605818287b9532d3d0bd435?s=96&d=mm&r=g\",\"url\":\"https:\\\/\\\/secure.gravatar.com\\\/avatar\\\/3a8de04a2656d44082be478bd6c086daa447c4651605818287b9532d3d0bd435?s=96&d=mm&r=g\",\"contentUrl\":\"https:\\\/\\\/secure.gravatar.com\\\/avatar\\\/3a8de04a2656d44082be478bd6c086daa447c4651605818287b9532d3d0bd435?s=96&d=mm&r=g\",\"caption\":\"Lo viste en Los Pol\u00edticos\"},\"url\":\"https:\\\/\\\/lospoliticosveracruz.com\\\/?author=2\"}]}<\/script>\n<!-- \/ Yoast SEO plugin. -->","yoast_head_json":{"title":"Tecno-separados - Los pol\u00edticos Veracruz","robots":{"index":"index","follow":"follow","max-snippet":"max-snippet:-1","max-image-preview":"max-image-preview:large","max-video-preview":"max-video-preview:-1"},"canonical":"https:\/\/lospoliticosveracruz.com\/?p=45330","og_locale":"es_ES","og_type":"article","og_title":"Tecno-separados - Los pol\u00edticos Veracruz","og_description":"Salvador Mu\u00f1oz Los Pol\u00edticos Llego al banco y me formo en una fila de m\u00e1s de 15 personas. Todav\u00eda dudo si paso directo por un boleto para ser atendido por una cajera o me aguanto y me enfrento a esa m\u00e1quina que me va indicando los pasos a seguir para realizar mi operaci\u00f3n bancaria\u2026 opto [&hellip;]","og_url":"https:\/\/lospoliticosveracruz.com\/?p=45330","og_site_name":"Los pol\u00edticos Veracruz","article_publisher":"https:\/\/www.facebook.com\/people\/Notimemes-de-los-Polticos\/61565672886568\/","article_published_time":"2018-10-12T03:55:55+00:00","og_image":[{"width":200,"height":200,"url":"https:\/\/lospoliticosveracruz.com\/wp-content\/uploads\/2016\/07\/Logo-Dor.jpg","type":"image\/jpeg"}],"author":"Lo viste en Los Pol\u00edticos","twitter_card":"summary_large_image","twitter_creator":"@LosPoliticosVer","twitter_site":"@LosPoliticosVer","twitter_misc":{"Escrito por":"Lo viste en Los Pol\u00edticos","Tiempo de lectura":"4 minutos"},"schema":{"@context":"https:\/\/schema.org","@graph":[{"@type":"Article","@id":"https:\/\/lospoliticosveracruz.com\/?p=45330#article","isPartOf":{"@id":"https:\/\/lospoliticosveracruz.com\/?p=45330"},"author":{"name":"Lo viste en Los Pol\u00edticos","@id":"https:\/\/lospoliticosveracruz.com\/#\/schema\/person\/b8702bb0e538456e6efd07080bf2a4a2"},"headline":"Tecno-separados","datePublished":"2018-10-12T03:55:55+00:00","mainEntityOfPage":{"@id":"https:\/\/lospoliticosveracruz.com\/?p=45330"},"wordCount":752,"commentCount":0,"publisher":{"@id":"https:\/\/lospoliticosveracruz.com\/#organization"},"keywords":["Tecnolog\u00eda"],"articleSection":["De Opini\u00f3n"],"inLanguage":"es","potentialAction":[{"@type":"CommentAction","name":"Comment","target":["https:\/\/lospoliticosveracruz.com\/?p=45330#respond"]}]},{"@type":"WebPage","@id":"https:\/\/lospoliticosveracruz.com\/?p=45330","url":"https:\/\/lospoliticosveracruz.com\/?p=45330","name":"Tecno-separados - Los pol\u00edticos Veracruz","isPartOf":{"@id":"https:\/\/lospoliticosveracruz.com\/#website"},"datePublished":"2018-10-12T03:55:55+00:00","breadcrumb":{"@id":"https:\/\/lospoliticosveracruz.com\/?p=45330#breadcrumb"},"inLanguage":"es","potentialAction":[{"@type":"ReadAction","target":["https:\/\/lospoliticosveracruz.com\/?p=45330"]}]},{"@type":"BreadcrumbList","@id":"https:\/\/lospoliticosveracruz.com\/?p=45330#breadcrumb","itemListElement":[{"@type":"ListItem","position":1,"name":"Portada","item":"https:\/\/lospoliticosveracruz.com\/"},{"@type":"ListItem","position":2,"name":"Tecno-separados"}]},{"@type":"WebSite","@id":"https:\/\/lospoliticosveracruz.com\/#website","url":"https:\/\/lospoliticosveracruz.com\/","name":"Los pol\u00edticos Veracruz","description":"","publisher":{"@id":"https:\/\/lospoliticosveracruz.com\/#organization"},"potentialAction":[{"@type":"SearchAction","target":{"@type":"EntryPoint","urlTemplate":"https:\/\/lospoliticosveracruz.com\/?s={search_term_string}"},"query-input":{"@type":"PropertyValueSpecification","valueRequired":true,"valueName":"search_term_string"}}],"inLanguage":"es"},{"@type":"Organization","@id":"https:\/\/lospoliticosveracruz.com\/#organization","name":"Los pol\u00edticos Veracruz","url":"https:\/\/lospoliticosveracruz.com\/","logo":{"@type":"ImageObject","inLanguage":"es","@id":"https:\/\/lospoliticosveracruz.com\/#\/schema\/logo\/image\/","url":"https:\/\/lospoliticosveracruz.com\/wp-content\/uploads\/2025\/12\/Logo-Nuevo-LOS-POLITICOS-1.jpg","contentUrl":"https:\/\/lospoliticosveracruz.com\/wp-content\/uploads\/2025\/12\/Logo-Nuevo-LOS-POLITICOS-1.jpg","width":260,"height":70,"caption":"Los pol\u00edticos Veracruz"},"image":{"@id":"https:\/\/lospoliticosveracruz.com\/#\/schema\/logo\/image\/"},"sameAs":["https:\/\/www.facebook.com\/people\/Notimemes-de-los-Polticos\/61565672886568\/","https:\/\/x.com\/LosPoliticosVer"]},{"@type":"Person","@id":"https:\/\/lospoliticosveracruz.com\/#\/schema\/person\/b8702bb0e538456e6efd07080bf2a4a2","name":"Lo viste en Los Pol\u00edticos","image":{"@type":"ImageObject","inLanguage":"es","@id":"https:\/\/secure.gravatar.com\/avatar\/3a8de04a2656d44082be478bd6c086daa447c4651605818287b9532d3d0bd435?s=96&d=mm&r=g","url":"https:\/\/secure.gravatar.com\/avatar\/3a8de04a2656d44082be478bd6c086daa447c4651605818287b9532d3d0bd435?s=96&d=mm&r=g","contentUrl":"https:\/\/secure.gravatar.com\/avatar\/3a8de04a2656d44082be478bd6c086daa447c4651605818287b9532d3d0bd435?s=96&d=mm&r=g","caption":"Lo viste en Los Pol\u00edticos"},"url":"https:\/\/lospoliticosveracruz.com\/?author=2"}]}},"_links":{"self":[{"href":"https:\/\/lospoliticosveracruz.com\/index.php?rest_route=\/wp\/v2\/posts\/45330","targetHints":{"allow":["GET"]}}],"collection":[{"href":"https:\/\/lospoliticosveracruz.com\/index.php?rest_route=\/wp\/v2\/posts"}],"about":[{"href":"https:\/\/lospoliticosveracruz.com\/index.php?rest_route=\/wp\/v2\/types\/post"}],"author":[{"embeddable":true,"href":"https:\/\/lospoliticosveracruz.com\/index.php?rest_route=\/wp\/v2\/users\/2"}],"replies":[{"embeddable":true,"href":"https:\/\/lospoliticosveracruz.com\/index.php?rest_route=%2Fwp%2Fv2%2Fcomments&post=45330"}],"version-history":[{"count":1,"href":"https:\/\/lospoliticosveracruz.com\/index.php?rest_route=\/wp\/v2\/posts\/45330\/revisions"}],"predecessor-version":[{"id":45332,"href":"https:\/\/lospoliticosveracruz.com\/index.php?rest_route=\/wp\/v2\/posts\/45330\/revisions\/45332"}],"wp:attachment":[{"href":"https:\/\/lospoliticosveracruz.com\/index.php?rest_route=%2Fwp%2Fv2%2Fmedia&parent=45330"}],"wp:term":[{"taxonomy":"category","embeddable":true,"href":"https:\/\/lospoliticosveracruz.com\/index.php?rest_route=%2Fwp%2Fv2%2Fcategories&post=45330"},{"taxonomy":"post_tag","embeddable":true,"href":"https:\/\/lospoliticosveracruz.com\/index.php?rest_route=%2Fwp%2Fv2%2Ftags&post=45330"}],"curies":[{"name":"wp","href":"https:\/\/api.w.org\/{rel}","templated":true}]}}