{"id":45465,"date":"2018-10-24T11:51:13","date_gmt":"2018-10-24T16:51:13","guid":{"rendered":"http:\/\/www.lospoliticosveracruz.com.mx\/?p=45465"},"modified":"2018-10-24T11:51:13","modified_gmt":"2018-10-24T16:51:13","slug":"vamos-a-la-consulta-del-naim","status":"publish","type":"post","link":"https:\/\/lospoliticosveracruz.com\/?p=45465","title":{"rendered":"Vamos a la consulta del NAIM"},"content":{"rendered":"<p align=\"center\"><strong>Anil\u00fa Ingram Vallines<\/strong><u><\/u><u><\/u><\/p>\n<p>Del 25 al 28 de octubre se efectuar\u00e1 la llamada consulta ciudadana para determinar si el Nuevo Aeropuerto de la Ciudad de M\u00e9xico debe seguir construy\u00e9ndose en Texcoco, como lo proyect\u00f3 en esta administraci\u00f3n federal, o en la base militar de Santa Luc\u00eda, como propone el pr\u00f3ximo gobierno.<u><\/u><u><\/u><\/p>\n<p>En estos cuatro d\u00edas, los ciudadanos podremos acudir a cualquiera de las mesas instaladas para este fin en 538 municipios, en un horario de 8 de la ma\u00f1ana a 6 de la tarde, en donde asociaciones civiles participar\u00e1n en la recepci\u00f3n del voto y la <i>Fundaci\u00f3n Rosenblueth<\/i>, ser\u00e1 la que coordine y realice el c\u00f3mputo de los resultados.<u><\/u><u><\/u><\/p>\n<p>De acuerdo con los especialistas se espera una participaci\u00f3n de entre 100 mil y medio mill\u00f3n de ciudadanos, es decir, solo un pu\u00f1ado de personas definir\u00e1, con o sin conocimiento de causa, el destino de una decisi\u00f3n tan importante que determinar\u00e1 la competitividad del pa\u00eds.<u><\/u><u><\/u><\/p>\n<p>Como secretaria de la Comisi\u00f3n de Infraestructura en la C\u00e1mara de Diputados apuesto por lo que d\u00e9 dinamismo a nuestra econom\u00eda, genere empleo, nos catapulte en el plano internacional.<u><\/u><u><\/u><\/p>\n<p>El Nuevo Aeropuerto en Texcoco es el segundo m\u00e1s grande en construcci\u00f3n a nivel mundial; seis veces m\u00e1s grande que la actual terminal; un proyecto \u00fanico en el continente, con una visi\u00f3n social y 100 por ciento sustentable; se trata de una herramienta que nos permitir\u00e1 ocupar nuestro lugar como una de las econom\u00edas m\u00e1s importantes, no solo del continente sino del mundo.<u><\/u><u><\/u><\/p>\n<p>Este nuevo aeropuerto nos permitir\u00e1 adem\u00e1s tener una mejor conexi\u00f3n internacional para potencializar el turismo y la derrama econ\u00f3mica que genera; en los negocios incrementar\u00e1 la integraci\u00f3n de los diferentes mercados regionales al reducirse los costos de conexi\u00f3n, pues de realizarse como se ha planteado, 125 millones de personas anualmente viajar\u00e1n por \u00e9ste, el equivalente a 342 mil pasajeros diarios.<u><\/u><u><\/u><\/p>\n<p>Ojal\u00e1 y que quienes acudan a la consulta en unos d\u00edas m\u00e1s, sepan que con el nuevo aeropuerto que este gobierno ha impulsado, se beneficiar\u00e1 a miles de personas con empleo -160 mil tan solo durante su construcci\u00f3n-, promover\u00e1 el desarrollo de los habitantes de la regi\u00f3n e impulsar\u00e1 a la par la creaci\u00f3n de centros de salud, instituciones educativas, viviendas y servicios municipales.<u><\/u><u><\/u><\/p>\n<p>Para quienes acusan da\u00f1os ambientales, el cambio de la nueva ruta reducir\u00e1 en 95 por ciento las afectaciones por ruido, comparado con el actual aeropuerto, crear\u00e1 espacios verdes que absorben el CO2 y lo transforman en ox\u00edgeno; mitigar\u00e1 inundaciones, riesgos ambientales, entre otros beneficios.<u><\/u><u><\/u><\/p>\n<p>Desafortunadamente en los \u00faltimos d\u00edas los \u00e1nimos se han calentado.\u00a0 Bajo amenazas, y no con argumentos consolidados, intentan echar abajo un proyecto que nos beneficiar\u00e1 como naci\u00f3n, ya sin siquiera preguntar.<u><\/u><u><\/u><\/p>\n<p>Ya lo han dicho expertos en aeron\u00e1utica, controladores a\u00e9reos, pilotos y hasta acad\u00e9micos, que Santa Luc\u00eda no es una opci\u00f3n viable por la insuficiencia de terreno para construir pistas, por la falta de permisos para operar, por la complejidad del espacio a\u00e9reo. Empecinarse en una opci\u00f3n por mera demagogia puede traer un costo sumamente alto para nuestro pa\u00eds.<u><\/u><u><\/u><\/p>\n<p>Por lo anterior reitero: Desde la Comisi\u00f3n de Infraestructura no solo defender\u00e9 el nuevo aeropuerto de la Ciudad de M\u00e9xico, sino que tambi\u00e9n contribuir\u00e9 a que se generen a la brevedad m\u00e1s y mejores proyectos, que se modernicen y conserven los que ya tenemos; vigilar\u00e9 que los recursos destinados en este rubro se apliquen de manera correcta y transparente, para tener la infraestructura que merecemos: moderna, eficiente, eficaz, que comunique a todas las regiones de M\u00e9xico, que acorte distancias y acerque familias. <u><\/u><u><\/u><\/p>\n<p>@AniluIngram<\/p>\n","protected":false},"excerpt":{"rendered":"<p>Anil\u00fa Ingram Vallines Del 25 al 28 de octubre se efectuar\u00e1 la llamada consulta ciudadana para determinar si el Nuevo Aeropuerto de la Ciudad de M\u00e9xico debe seguir construy\u00e9ndose en Texcoco, como lo proyect\u00f3 en esta administraci\u00f3n federal, o en la base militar de Santa Luc\u00eda, como propone el pr\u00f3ximo gobierno. En estos cuatro d\u00edas, [&hellip;]<\/p>\n","protected":false},"author":2,"featured_media":0,"comment_status":"open","ping_status":"open","sticky":false,"template":"","format":"standard","meta":{"tdm_status":"","tdm_grid_status":"","footnotes":""},"categories":[70],"tags":[2661,12966,12963,12965,12964,12960,12754],"class_list":{"0":"post-45465","1":"post","2":"type-post","3":"status-publish","4":"format-standard","6":"category-de-opinion","7":"tag-camara-de-diputados","8":"tag-comision-de-infraestructura","9":"tag-consulta-ciudadana","10":"tag-fundacion-rosenblueth","11":"tag-nuevo-aeropuerto","12":"tag-santa-lucia","13":"tag-texcoco"},"yoast_head":"<!-- This site is optimized with the Yoast SEO plugin v27.4 - https:\/\/yoast.com\/product\/yoast-seo-wordpress\/ -->\n<title>Vamos a la consulta del NAIM - Los pol\u00edticos Veracruz<\/title>\n<meta name=\"robots\" content=\"index, follow, max-snippet:-1, max-image-preview:large, max-video-preview:-1\" \/>\n<link rel=\"canonical\" href=\"https:\/\/lospoliticosveracruz.com\/?p=45465\" \/>\n<meta property=\"og:locale\" content=\"es_ES\" \/>\n<meta property=\"og:type\" content=\"article\" \/>\n<meta property=\"og:title\" content=\"Vamos a la consulta del NAIM - Los pol\u00edticos Veracruz\" \/>\n<meta property=\"og:description\" content=\"Anil\u00fa Ingram Vallines Del 25 al 28 de octubre se efectuar\u00e1 la llamada consulta ciudadana para determinar si el Nuevo Aeropuerto de la Ciudad de M\u00e9xico debe seguir construy\u00e9ndose en Texcoco, como lo proyect\u00f3 en esta administraci\u00f3n federal, o en la base militar de Santa Luc\u00eda, como propone el pr\u00f3ximo gobierno. En estos cuatro d\u00edas, [&hellip;]\" \/>\n<meta property=\"og:url\" content=\"https:\/\/lospoliticosveracruz.com\/?p=45465\" \/>\n<meta property=\"og:site_name\" content=\"Los pol\u00edticos Veracruz\" \/>\n<meta property=\"article:publisher\" content=\"https:\/\/www.facebook.com\/people\/Notimemes-de-los-Polticos\/61565672886568\/\" \/>\n<meta property=\"article:published_time\" content=\"2018-10-24T16:51:13+00:00\" \/>\n<meta property=\"og:image\" content=\"https:\/\/lospoliticosveracruz.com\/wp-content\/uploads\/2016\/07\/Logo-Dor.jpg\" \/>\n\t<meta property=\"og:image:width\" content=\"200\" \/>\n\t<meta property=\"og:image:height\" content=\"200\" \/>\n\t<meta property=\"og:image:type\" content=\"image\/jpeg\" \/>\n<meta name=\"author\" content=\"Lo viste en Los Pol\u00edticos\" \/>\n<meta name=\"twitter:card\" content=\"summary_large_image\" \/>\n<meta name=\"twitter:creator\" content=\"@LosPoliticosVer\" \/>\n<meta name=\"twitter:site\" content=\"@LosPoliticosVer\" \/>\n<meta name=\"twitter:label1\" content=\"Escrito por\" \/>\n\t<meta name=\"twitter:data1\" content=\"Lo viste en Los Pol\u00edticos\" \/>\n\t<meta name=\"twitter:label2\" content=\"Tiempo de lectura\" \/>\n\t<meta name=\"twitter:data2\" content=\"3 minutos\" \/>\n<script type=\"application\/ld+json\" class=\"yoast-schema-graph\">{\"@context\":\"https:\\\/\\\/schema.org\",\"@graph\":[{\"@type\":\"Article\",\"@id\":\"https:\\\/\\\/lospoliticosveracruz.com\\\/?p=45465#article\",\"isPartOf\":{\"@id\":\"https:\\\/\\\/lospoliticosveracruz.com\\\/?p=45465\"},\"author\":{\"name\":\"Lo viste en Los Pol\u00edticos\",\"@id\":\"https:\\\/\\\/lospoliticosveracruz.com\\\/#\\\/schema\\\/person\\\/b8702bb0e538456e6efd07080bf2a4a2\"},\"headline\":\"Vamos a la consulta del NAIM\",\"datePublished\":\"2018-10-24T16:51:13+00:00\",\"mainEntityOfPage\":{\"@id\":\"https:\\\/\\\/lospoliticosveracruz.com\\\/?p=45465\"},\"wordCount\":635,\"commentCount\":0,\"publisher\":{\"@id\":\"https:\\\/\\\/lospoliticosveracruz.com\\\/#organization\"},\"keywords\":[\"C\u00e1mara de Diputados\",\"Comisi\u00f3n de Infraestructura\",\"consulta ciudadana\",\"Fundaci\u00f3n Rosenblueth\",\"Nuevo Aeropuerto\",\"Santa Luc\u00eda\",\"Texcoco\"],\"articleSection\":[\"De Opini\u00f3n\"],\"inLanguage\":\"es\",\"potentialAction\":[{\"@type\":\"CommentAction\",\"name\":\"Comment\",\"target\":[\"https:\\\/\\\/lospoliticosveracruz.com\\\/?p=45465#respond\"]}]},{\"@type\":\"WebPage\",\"@id\":\"https:\\\/\\\/lospoliticosveracruz.com\\\/?p=45465\",\"url\":\"https:\\\/\\\/lospoliticosveracruz.com\\\/?p=45465\",\"name\":\"Vamos a la consulta del NAIM - Los pol\u00edticos Veracruz\",\"isPartOf\":{\"@id\":\"https:\\\/\\\/lospoliticosveracruz.com\\\/#website\"},\"datePublished\":\"2018-10-24T16:51:13+00:00\",\"breadcrumb\":{\"@id\":\"https:\\\/\\\/lospoliticosveracruz.com\\\/?p=45465#breadcrumb\"},\"inLanguage\":\"es\",\"potentialAction\":[{\"@type\":\"ReadAction\",\"target\":[\"https:\\\/\\\/lospoliticosveracruz.com\\\/?p=45465\"]}]},{\"@type\":\"BreadcrumbList\",\"@id\":\"https:\\\/\\\/lospoliticosveracruz.com\\\/?p=45465#breadcrumb\",\"itemListElement\":[{\"@type\":\"ListItem\",\"position\":1,\"name\":\"Portada\",\"item\":\"https:\\\/\\\/lospoliticosveracruz.com\\\/\"},{\"@type\":\"ListItem\",\"position\":2,\"name\":\"Vamos a la consulta del NAIM\"}]},{\"@type\":\"WebSite\",\"@id\":\"https:\\\/\\\/lospoliticosveracruz.com\\\/#website\",\"url\":\"https:\\\/\\\/lospoliticosveracruz.com\\\/\",\"name\":\"Los pol\u00edticos Veracruz\",\"description\":\"\",\"publisher\":{\"@id\":\"https:\\\/\\\/lospoliticosveracruz.com\\\/#organization\"},\"potentialAction\":[{\"@type\":\"SearchAction\",\"target\":{\"@type\":\"EntryPoint\",\"urlTemplate\":\"https:\\\/\\\/lospoliticosveracruz.com\\\/?s={search_term_string}\"},\"query-input\":{\"@type\":\"PropertyValueSpecification\",\"valueRequired\":true,\"valueName\":\"search_term_string\"}}],\"inLanguage\":\"es\"},{\"@type\":\"Organization\",\"@id\":\"https:\\\/\\\/lospoliticosveracruz.com\\\/#organization\",\"name\":\"Los pol\u00edticos Veracruz\",\"url\":\"https:\\\/\\\/lospoliticosveracruz.com\\\/\",\"logo\":{\"@type\":\"ImageObject\",\"inLanguage\":\"es\",\"@id\":\"https:\\\/\\\/lospoliticosveracruz.com\\\/#\\\/schema\\\/logo\\\/image\\\/\",\"url\":\"https:\\\/\\\/lospoliticosveracruz.com\\\/wp-content\\\/uploads\\\/2025\\\/12\\\/Logo-Nuevo-LOS-POLITICOS-1.jpg\",\"contentUrl\":\"https:\\\/\\\/lospoliticosveracruz.com\\\/wp-content\\\/uploads\\\/2025\\\/12\\\/Logo-Nuevo-LOS-POLITICOS-1.jpg\",\"width\":260,\"height\":70,\"caption\":\"Los pol\u00edticos Veracruz\"},\"image\":{\"@id\":\"https:\\\/\\\/lospoliticosveracruz.com\\\/#\\\/schema\\\/logo\\\/image\\\/\"},\"sameAs\":[\"https:\\\/\\\/www.facebook.com\\\/people\\\/Notimemes-de-los-Polticos\\\/61565672886568\\\/\",\"https:\\\/\\\/x.com\\\/LosPoliticosVer\"]},{\"@type\":\"Person\",\"@id\":\"https:\\\/\\\/lospoliticosveracruz.com\\\/#\\\/schema\\\/person\\\/b8702bb0e538456e6efd07080bf2a4a2\",\"name\":\"Lo viste en Los Pol\u00edticos\",\"image\":{\"@type\":\"ImageObject\",\"inLanguage\":\"es\",\"@id\":\"https:\\\/\\\/secure.gravatar.com\\\/avatar\\\/3a8de04a2656d44082be478bd6c086daa447c4651605818287b9532d3d0bd435?s=96&d=mm&r=g\",\"url\":\"https:\\\/\\\/secure.gravatar.com\\\/avatar\\\/3a8de04a2656d44082be478bd6c086daa447c4651605818287b9532d3d0bd435?s=96&d=mm&r=g\",\"contentUrl\":\"https:\\\/\\\/secure.gravatar.com\\\/avatar\\\/3a8de04a2656d44082be478bd6c086daa447c4651605818287b9532d3d0bd435?s=96&d=mm&r=g\",\"caption\":\"Lo viste en Los Pol\u00edticos\"},\"url\":\"https:\\\/\\\/lospoliticosveracruz.com\\\/?author=2\"}]}<\/script>\n<!-- \/ Yoast SEO plugin. -->","yoast_head_json":{"title":"Vamos a la consulta del NAIM - Los pol\u00edticos Veracruz","robots":{"index":"index","follow":"follow","max-snippet":"max-snippet:-1","max-image-preview":"max-image-preview:large","max-video-preview":"max-video-preview:-1"},"canonical":"https:\/\/lospoliticosveracruz.com\/?p=45465","og_locale":"es_ES","og_type":"article","og_title":"Vamos a la consulta del NAIM - Los pol\u00edticos Veracruz","og_description":"Anil\u00fa Ingram Vallines Del 25 al 28 de octubre se efectuar\u00e1 la llamada consulta ciudadana para determinar si el Nuevo Aeropuerto de la Ciudad de M\u00e9xico debe seguir construy\u00e9ndose en Texcoco, como lo proyect\u00f3 en esta administraci\u00f3n federal, o en la base militar de Santa Luc\u00eda, como propone el pr\u00f3ximo gobierno. En estos cuatro d\u00edas, [&hellip;]","og_url":"https:\/\/lospoliticosveracruz.com\/?p=45465","og_site_name":"Los pol\u00edticos Veracruz","article_publisher":"https:\/\/www.facebook.com\/people\/Notimemes-de-los-Polticos\/61565672886568\/","article_published_time":"2018-10-24T16:51:13+00:00","og_image":[{"width":200,"height":200,"url":"https:\/\/lospoliticosveracruz.com\/wp-content\/uploads\/2016\/07\/Logo-Dor.jpg","type":"image\/jpeg"}],"author":"Lo viste en Los Pol\u00edticos","twitter_card":"summary_large_image","twitter_creator":"@LosPoliticosVer","twitter_site":"@LosPoliticosVer","twitter_misc":{"Escrito por":"Lo viste en Los Pol\u00edticos","Tiempo de lectura":"3 minutos"},"schema":{"@context":"https:\/\/schema.org","@graph":[{"@type":"Article","@id":"https:\/\/lospoliticosveracruz.com\/?p=45465#article","isPartOf":{"@id":"https:\/\/lospoliticosveracruz.com\/?p=45465"},"author":{"name":"Lo viste en Los Pol\u00edticos","@id":"https:\/\/lospoliticosveracruz.com\/#\/schema\/person\/b8702bb0e538456e6efd07080bf2a4a2"},"headline":"Vamos a la consulta del NAIM","datePublished":"2018-10-24T16:51:13+00:00","mainEntityOfPage":{"@id":"https:\/\/lospoliticosveracruz.com\/?p=45465"},"wordCount":635,"commentCount":0,"publisher":{"@id":"https:\/\/lospoliticosveracruz.com\/#organization"},"keywords":["C\u00e1mara de Diputados","Comisi\u00f3n de Infraestructura","consulta ciudadana","Fundaci\u00f3n Rosenblueth","Nuevo Aeropuerto","Santa Luc\u00eda","Texcoco"],"articleSection":["De Opini\u00f3n"],"inLanguage":"es","potentialAction":[{"@type":"CommentAction","name":"Comment","target":["https:\/\/lospoliticosveracruz.com\/?p=45465#respond"]}]},{"@type":"WebPage","@id":"https:\/\/lospoliticosveracruz.com\/?p=45465","url":"https:\/\/lospoliticosveracruz.com\/?p=45465","name":"Vamos a la consulta del NAIM - Los pol\u00edticos Veracruz","isPartOf":{"@id":"https:\/\/lospoliticosveracruz.com\/#website"},"datePublished":"2018-10-24T16:51:13+00:00","breadcrumb":{"@id":"https:\/\/lospoliticosveracruz.com\/?p=45465#breadcrumb"},"inLanguage":"es","potentialAction":[{"@type":"ReadAction","target":["https:\/\/lospoliticosveracruz.com\/?p=45465"]}]},{"@type":"BreadcrumbList","@id":"https:\/\/lospoliticosveracruz.com\/?p=45465#breadcrumb","itemListElement":[{"@type":"ListItem","position":1,"name":"Portada","item":"https:\/\/lospoliticosveracruz.com\/"},{"@type":"ListItem","position":2,"name":"Vamos a la consulta del NAIM"}]},{"@type":"WebSite","@id":"https:\/\/lospoliticosveracruz.com\/#website","url":"https:\/\/lospoliticosveracruz.com\/","name":"Los pol\u00edticos Veracruz","description":"","publisher":{"@id":"https:\/\/lospoliticosveracruz.com\/#organization"},"potentialAction":[{"@type":"SearchAction","target":{"@type":"EntryPoint","urlTemplate":"https:\/\/lospoliticosveracruz.com\/?s={search_term_string}"},"query-input":{"@type":"PropertyValueSpecification","valueRequired":true,"valueName":"search_term_string"}}],"inLanguage":"es"},{"@type":"Organization","@id":"https:\/\/lospoliticosveracruz.com\/#organization","name":"Los pol\u00edticos Veracruz","url":"https:\/\/lospoliticosveracruz.com\/","logo":{"@type":"ImageObject","inLanguage":"es","@id":"https:\/\/lospoliticosveracruz.com\/#\/schema\/logo\/image\/","url":"https:\/\/lospoliticosveracruz.com\/wp-content\/uploads\/2025\/12\/Logo-Nuevo-LOS-POLITICOS-1.jpg","contentUrl":"https:\/\/lospoliticosveracruz.com\/wp-content\/uploads\/2025\/12\/Logo-Nuevo-LOS-POLITICOS-1.jpg","width":260,"height":70,"caption":"Los pol\u00edticos Veracruz"},"image":{"@id":"https:\/\/lospoliticosveracruz.com\/#\/schema\/logo\/image\/"},"sameAs":["https:\/\/www.facebook.com\/people\/Notimemes-de-los-Polticos\/61565672886568\/","https:\/\/x.com\/LosPoliticosVer"]},{"@type":"Person","@id":"https:\/\/lospoliticosveracruz.com\/#\/schema\/person\/b8702bb0e538456e6efd07080bf2a4a2","name":"Lo viste en Los Pol\u00edticos","image":{"@type":"ImageObject","inLanguage":"es","@id":"https:\/\/secure.gravatar.com\/avatar\/3a8de04a2656d44082be478bd6c086daa447c4651605818287b9532d3d0bd435?s=96&d=mm&r=g","url":"https:\/\/secure.gravatar.com\/avatar\/3a8de04a2656d44082be478bd6c086daa447c4651605818287b9532d3d0bd435?s=96&d=mm&r=g","contentUrl":"https:\/\/secure.gravatar.com\/avatar\/3a8de04a2656d44082be478bd6c086daa447c4651605818287b9532d3d0bd435?s=96&d=mm&r=g","caption":"Lo viste en Los Pol\u00edticos"},"url":"https:\/\/lospoliticosveracruz.com\/?author=2"}]}},"_links":{"self":[{"href":"https:\/\/lospoliticosveracruz.com\/index.php?rest_route=\/wp\/v2\/posts\/45465","targetHints":{"allow":["GET"]}}],"collection":[{"href":"https:\/\/lospoliticosveracruz.com\/index.php?rest_route=\/wp\/v2\/posts"}],"about":[{"href":"https:\/\/lospoliticosveracruz.com\/index.php?rest_route=\/wp\/v2\/types\/post"}],"author":[{"embeddable":true,"href":"https:\/\/lospoliticosveracruz.com\/index.php?rest_route=\/wp\/v2\/users\/2"}],"replies":[{"embeddable":true,"href":"https:\/\/lospoliticosveracruz.com\/index.php?rest_route=%2Fwp%2Fv2%2Fcomments&post=45465"}],"version-history":[{"count":1,"href":"https:\/\/lospoliticosveracruz.com\/index.php?rest_route=\/wp\/v2\/posts\/45465\/revisions"}],"predecessor-version":[{"id":45467,"href":"https:\/\/lospoliticosveracruz.com\/index.php?rest_route=\/wp\/v2\/posts\/45465\/revisions\/45467"}],"wp:attachment":[{"href":"https:\/\/lospoliticosveracruz.com\/index.php?rest_route=%2Fwp%2Fv2%2Fmedia&parent=45465"}],"wp:term":[{"taxonomy":"category","embeddable":true,"href":"https:\/\/lospoliticosveracruz.com\/index.php?rest_route=%2Fwp%2Fv2%2Fcategories&post=45465"},{"taxonomy":"post_tag","embeddable":true,"href":"https:\/\/lospoliticosveracruz.com\/index.php?rest_route=%2Fwp%2Fv2%2Ftags&post=45465"}],"curies":[{"name":"wp","href":"https:\/\/api.w.org\/{rel}","templated":true}]}}