{"id":45502,"date":"2018-10-26T23:01:57","date_gmt":"2018-10-27T04:01:57","guid":{"rendered":"http:\/\/www.lospoliticosveracruz.com.mx\/?p=45502"},"modified":"2018-10-26T23:01:57","modified_gmt":"2018-10-27T04:01:57","slug":"una-cuestionada-consulta","status":"publish","type":"post","link":"https:\/\/lospoliticosveracruz.com\/?p=45502","title":{"rendered":"Una cuestionada consulta"},"content":{"rendered":"<p><strong>Brenda Caballero<\/strong><\/p>\n<p><em>N\u00fameros Rojos<\/em><\/p>\n<p>Desde el pasado jueves y hasta el pr\u00f3ximo domingo se llevan a cabo las votaciones para que la administraci\u00f3n del Presidente Electo Andr\u00e9s Manuel L\u00f3pez Obrador decida d\u00f3nde se construir\u00e1 el nuevo aeropuerto internacional de la Ciudad de M\u00e9xico. Las opciones a votaci\u00f3n son dos: la continuaci\u00f3n de la construcci\u00f3n de Texcoco o el nuevo Proyecto Santa Luc\u00eda.<br \/>\nEl tema se ha polarizado tanto, que mientras una parte de la poblaci\u00f3n se inclina a favor de la consulta, pues son tomados en cuenta en las decisiones del pa\u00eds; otra parte cuestiona su legalidad y deficiencias de la misma, pues varias personas lograron votar hasta tres veces el primer d\u00eda, esto, por fallas en el control de la aplicaci\u00f3n.<br \/>\nEn mi columna publicada el 4 de agosto comentaba sobre las diversas consultas que pretende hacer el Presidente electo, entre \u00e9stas la que se realiza actualmente. Esa vez escrib\u00ed lo siguiente:<br \/>\n\u201cEn M\u00e9xico pueden llevarse a cabo consultas populares sobre temas de trascendencia nacional al igual que en otros pa\u00edses. As\u00ed lo marca nuestra Constituci\u00f3n Pol\u00edtica en su art\u00edculo 35, fracci\u00f3n VIII\u2026 pero existe un procedimiento legal.<br \/>\nLas consultas deben ser convocadas y aprobadas por el Congreso de la Uni\u00f3n a petici\u00f3n del Presidente de la Rep\u00fablica, del 33% de los integrantes de alguna de las C\u00e1maras del Congreso de la Uni\u00f3n o por al menos el 2% de la lista nominal de electores.<br \/>\nEl resultado ser\u00e1 vinculatorio para el Ejecutivo y Legislativo si participan al menos el 40 por ciento de la lista nominal de electores.<br \/>\nEl proceso de la consulta debe hacerlo el INE y la fecha para su realizaci\u00f3n debe ser el mismo d\u00eda de la jornada electoral federal.<br \/>\nAdem\u00e1s de que no se puede llevar a consulta los temas de restricci\u00f3n de los derechos humanos, los principios del art\u00edculo 40 de la misma, la materia electoral, los ingresos y gastos del Estado, la seguridad nacional y la organizaci\u00f3n, funcionamiento y disciplina de la Fuerza Armada.<br \/>\n\u00a1Ah! Y para finalizar, ser\u00e1 la Suprema Corte de Justicia de la Naci\u00f3n la que resuelva sobre la constitucionalidad de la materia de la consulta.\u201d<br \/>\nDesde ese punto de vista puedo decir que la encuesta que se lleva actualmente no deber\u00eda llamarse como tal Consulta P\u00fablica, pues de acuerdo a lo que marca la ley y lo que estamos viviendo, es lo que crea incertidumbre entre la poblaci\u00f3n; no descarto que puede ser un buen ensayo o una forma de empezar un gobierno diferente, sin embargo es necesario que se tomen en cuenta a las instituciones federales y sobre todo lo que dicta nuestra Constituci\u00f3n Pol\u00edtica de los Estados Unidos Mexicanos para que haya certeza jur\u00eddica.<br \/>\nBueno, es mi opini\u00f3n, aunque los inversionistas no piensan igual, pues ya el Banco Base declar\u00f3 que el peso puede depreciarse si se echa atr\u00e1s el proyecto de Texcoco, y no tanto por el cambio de sede y la millonaria p\u00e9rdida, sino por la forma de tomar decisiones del nuevo Presidente Electo. \u00bfLo har\u00e1 siempre por consultas?<br \/>\nCreo que la decisi\u00f3n de Andr\u00e9s Manuel L\u00f3pez Obrador de no votar fue determinante para generar m\u00e1s incertidumbre. Dej\u00f3 la boleta en blanco, la dobl\u00f3 y la puso en la urna, al mismo tiempo que pregunt\u00f3 a los reporteros all\u00ed presentes: \u201c\u00bfquieren saber por qui\u00e9n vot\u00e9?\u201d De inmediato respondi\u00f3: \u201c\u00a1por la democracia!\u201d<br \/>\nDurante el primer d\u00eda se hablaba de 185 mil 400 votos, de los cuales muchos est\u00e1n duplicados. Al t\u00e9rmino de esta columna a\u00fan no se conoc\u00edan los votos del segundo d\u00eda, pero \u00bfes redituable la inversi\u00f3n de un mill\u00f3n y medio de pesos o m\u00e1s? Bueno, tal vez se dir\u00e1 que su financiamiento fue por aportaciones voluntarias de legisladores federales, principalmente de Morena, pero \u00bfy la transparencia de los recursos?<br \/>\nEl domingo a las 8 de la noche ya sabremos el resultado de la encuesta, aunque muchos ya hacen apuestas que va a Santa Luc\u00eda, pues suponen que la decisi\u00f3n ya est\u00e1 tomada y la Consulta es una simulaci\u00f3n, pues el electo dijo que buscar\u00e1 a los empresarios para platicar con ellos, adem\u00e1s de que ya se organizan los respectivos terrenos y hasta los mismos habitantes manifiestan que su opini\u00f3n no se tom\u00f3 en cuenta por la cargada de Morena.<br \/>\n\u00bfSaldr\u00e1 airoso L\u00f3pez Obrador con esta primera encuesta o empezar\u00e1 con el pie izquierdo su mandato?<br \/>\nAl ver las redes sociales, desde mi percepci\u00f3n, se est\u00e1 creando una divisi\u00f3n entre los mexicanos, y m\u00e1s cuando los que no acudan a la consulta por estar en desacuerdo son llamados corruptos.<br \/>\nCreo que AMLO exager\u00f3 con su declaraci\u00f3n, pues todo esto va generando un alto contenido de odio de unos a otros, y \u00e9se no es el cambio por el que votamos los mexicanos.<\/p>\n<p>@NumerosRojos_BC<br \/>\ncaballero_brenda@hotmail.com<\/p>\n","protected":false},"excerpt":{"rendered":"<p>Brenda Caballero N\u00fameros Rojos Desde el pasado jueves y hasta el pr\u00f3ximo domingo se llevan a cabo las votaciones para que la administraci\u00f3n del Presidente Electo Andr\u00e9s Manuel L\u00f3pez Obrador decida d\u00f3nde se construir\u00e1 el nuevo aeropuerto internacional de la Ciudad de M\u00e9xico. Las opciones a votaci\u00f3n son dos: la continuaci\u00f3n de la construcci\u00f3n de [&hellip;]<\/p>\n","protected":false},"author":2,"featured_media":0,"comment_status":"open","ping_status":"open","sticky":false,"template":"","format":"standard","meta":{"tdm_status":"","tdm_grid_status":"","footnotes":""},"categories":[70],"tags":[],"class_list":{"0":"post-45502","1":"post","2":"type-post","3":"status-publish","4":"format-standard","6":"category-de-opinion"},"yoast_head":"<!-- This site is optimized with the Yoast SEO plugin v27.4 - https:\/\/yoast.com\/product\/yoast-seo-wordpress\/ -->\n<title>Una cuestionada consulta - Los pol\u00edticos Veracruz<\/title>\n<meta name=\"robots\" content=\"index, follow, max-snippet:-1, max-image-preview:large, max-video-preview:-1\" \/>\n<link rel=\"canonical\" href=\"https:\/\/lospoliticosveracruz.com\/?p=45502\" \/>\n<meta property=\"og:locale\" content=\"es_ES\" \/>\n<meta property=\"og:type\" content=\"article\" \/>\n<meta property=\"og:title\" content=\"Una cuestionada consulta - Los pol\u00edticos Veracruz\" \/>\n<meta property=\"og:description\" content=\"Brenda Caballero N\u00fameros Rojos Desde el pasado jueves y hasta el pr\u00f3ximo domingo se llevan a cabo las votaciones para que la administraci\u00f3n del Presidente Electo Andr\u00e9s Manuel L\u00f3pez Obrador decida d\u00f3nde se construir\u00e1 el nuevo aeropuerto internacional de la Ciudad de M\u00e9xico. Las opciones a votaci\u00f3n son dos: la continuaci\u00f3n de la construcci\u00f3n de [&hellip;]\" \/>\n<meta property=\"og:url\" content=\"https:\/\/lospoliticosveracruz.com\/?p=45502\" \/>\n<meta property=\"og:site_name\" content=\"Los pol\u00edticos Veracruz\" \/>\n<meta property=\"article:publisher\" content=\"https:\/\/www.facebook.com\/people\/Notimemes-de-los-Polticos\/61565672886568\/\" \/>\n<meta property=\"article:published_time\" content=\"2018-10-27T04:01:57+00:00\" \/>\n<meta property=\"og:image\" content=\"https:\/\/lospoliticosveracruz.com\/wp-content\/uploads\/2016\/07\/Logo-Dor.jpg\" \/>\n\t<meta property=\"og:image:width\" content=\"200\" \/>\n\t<meta property=\"og:image:height\" content=\"200\" \/>\n\t<meta property=\"og:image:type\" content=\"image\/jpeg\" \/>\n<meta name=\"author\" content=\"Lo viste en Los Pol\u00edticos\" \/>\n<meta name=\"twitter:card\" content=\"summary_large_image\" \/>\n<meta name=\"twitter:creator\" content=\"@LosPoliticosVer\" \/>\n<meta name=\"twitter:site\" content=\"@LosPoliticosVer\" \/>\n<meta name=\"twitter:label1\" content=\"Escrito por\" \/>\n\t<meta name=\"twitter:data1\" content=\"Lo viste en Los Pol\u00edticos\" \/>\n\t<meta name=\"twitter:label2\" content=\"Tiempo de lectura\" \/>\n\t<meta name=\"twitter:data2\" content=\"4 minutos\" \/>\n<script type=\"application\/ld+json\" class=\"yoast-schema-graph\">{\"@context\":\"https:\\\/\\\/schema.org\",\"@graph\":[{\"@type\":\"Article\",\"@id\":\"https:\\\/\\\/lospoliticosveracruz.com\\\/?p=45502#article\",\"isPartOf\":{\"@id\":\"https:\\\/\\\/lospoliticosveracruz.com\\\/?p=45502\"},\"author\":{\"name\":\"Lo viste en Los Pol\u00edticos\",\"@id\":\"https:\\\/\\\/lospoliticosveracruz.com\\\/#\\\/schema\\\/person\\\/b8702bb0e538456e6efd07080bf2a4a2\"},\"headline\":\"Una cuestionada consulta\",\"datePublished\":\"2018-10-27T04:01:57+00:00\",\"mainEntityOfPage\":{\"@id\":\"https:\\\/\\\/lospoliticosveracruz.com\\\/?p=45502\"},\"wordCount\":854,\"commentCount\":0,\"publisher\":{\"@id\":\"https:\\\/\\\/lospoliticosveracruz.com\\\/#organization\"},\"articleSection\":[\"De Opini\u00f3n\"],\"inLanguage\":\"es\",\"potentialAction\":[{\"@type\":\"CommentAction\",\"name\":\"Comment\",\"target\":[\"https:\\\/\\\/lospoliticosveracruz.com\\\/?p=45502#respond\"]}]},{\"@type\":\"WebPage\",\"@id\":\"https:\\\/\\\/lospoliticosveracruz.com\\\/?p=45502\",\"url\":\"https:\\\/\\\/lospoliticosveracruz.com\\\/?p=45502\",\"name\":\"Una cuestionada consulta - Los pol\u00edticos Veracruz\",\"isPartOf\":{\"@id\":\"https:\\\/\\\/lospoliticosveracruz.com\\\/#website\"},\"datePublished\":\"2018-10-27T04:01:57+00:00\",\"breadcrumb\":{\"@id\":\"https:\\\/\\\/lospoliticosveracruz.com\\\/?p=45502#breadcrumb\"},\"inLanguage\":\"es\",\"potentialAction\":[{\"@type\":\"ReadAction\",\"target\":[\"https:\\\/\\\/lospoliticosveracruz.com\\\/?p=45502\"]}]},{\"@type\":\"BreadcrumbList\",\"@id\":\"https:\\\/\\\/lospoliticosveracruz.com\\\/?p=45502#breadcrumb\",\"itemListElement\":[{\"@type\":\"ListItem\",\"position\":1,\"name\":\"Portada\",\"item\":\"https:\\\/\\\/lospoliticosveracruz.com\\\/\"},{\"@type\":\"ListItem\",\"position\":2,\"name\":\"Una cuestionada consulta\"}]},{\"@type\":\"WebSite\",\"@id\":\"https:\\\/\\\/lospoliticosveracruz.com\\\/#website\",\"url\":\"https:\\\/\\\/lospoliticosveracruz.com\\\/\",\"name\":\"Los pol\u00edticos Veracruz\",\"description\":\"\",\"publisher\":{\"@id\":\"https:\\\/\\\/lospoliticosveracruz.com\\\/#organization\"},\"potentialAction\":[{\"@type\":\"SearchAction\",\"target\":{\"@type\":\"EntryPoint\",\"urlTemplate\":\"https:\\\/\\\/lospoliticosveracruz.com\\\/?s={search_term_string}\"},\"query-input\":{\"@type\":\"PropertyValueSpecification\",\"valueRequired\":true,\"valueName\":\"search_term_string\"}}],\"inLanguage\":\"es\"},{\"@type\":\"Organization\",\"@id\":\"https:\\\/\\\/lospoliticosveracruz.com\\\/#organization\",\"name\":\"Los pol\u00edticos Veracruz\",\"url\":\"https:\\\/\\\/lospoliticosveracruz.com\\\/\",\"logo\":{\"@type\":\"ImageObject\",\"inLanguage\":\"es\",\"@id\":\"https:\\\/\\\/lospoliticosveracruz.com\\\/#\\\/schema\\\/logo\\\/image\\\/\",\"url\":\"https:\\\/\\\/lospoliticosveracruz.com\\\/wp-content\\\/uploads\\\/2025\\\/12\\\/Logo-Nuevo-LOS-POLITICOS-1.jpg\",\"contentUrl\":\"https:\\\/\\\/lospoliticosveracruz.com\\\/wp-content\\\/uploads\\\/2025\\\/12\\\/Logo-Nuevo-LOS-POLITICOS-1.jpg\",\"width\":260,\"height\":70,\"caption\":\"Los pol\u00edticos Veracruz\"},\"image\":{\"@id\":\"https:\\\/\\\/lospoliticosveracruz.com\\\/#\\\/schema\\\/logo\\\/image\\\/\"},\"sameAs\":[\"https:\\\/\\\/www.facebook.com\\\/people\\\/Notimemes-de-los-Polticos\\\/61565672886568\\\/\",\"https:\\\/\\\/x.com\\\/LosPoliticosVer\"]},{\"@type\":\"Person\",\"@id\":\"https:\\\/\\\/lospoliticosveracruz.com\\\/#\\\/schema\\\/person\\\/b8702bb0e538456e6efd07080bf2a4a2\",\"name\":\"Lo viste en Los Pol\u00edticos\",\"image\":{\"@type\":\"ImageObject\",\"inLanguage\":\"es\",\"@id\":\"https:\\\/\\\/secure.gravatar.com\\\/avatar\\\/3a8de04a2656d44082be478bd6c086daa447c4651605818287b9532d3d0bd435?s=96&d=mm&r=g\",\"url\":\"https:\\\/\\\/secure.gravatar.com\\\/avatar\\\/3a8de04a2656d44082be478bd6c086daa447c4651605818287b9532d3d0bd435?s=96&d=mm&r=g\",\"contentUrl\":\"https:\\\/\\\/secure.gravatar.com\\\/avatar\\\/3a8de04a2656d44082be478bd6c086daa447c4651605818287b9532d3d0bd435?s=96&d=mm&r=g\",\"caption\":\"Lo viste en Los Pol\u00edticos\"},\"url\":\"https:\\\/\\\/lospoliticosveracruz.com\\\/?author=2\"}]}<\/script>\n<!-- \/ Yoast SEO plugin. -->","yoast_head_json":{"title":"Una cuestionada consulta - Los pol\u00edticos Veracruz","robots":{"index":"index","follow":"follow","max-snippet":"max-snippet:-1","max-image-preview":"max-image-preview:large","max-video-preview":"max-video-preview:-1"},"canonical":"https:\/\/lospoliticosveracruz.com\/?p=45502","og_locale":"es_ES","og_type":"article","og_title":"Una cuestionada consulta - Los pol\u00edticos Veracruz","og_description":"Brenda Caballero N\u00fameros Rojos Desde el pasado jueves y hasta el pr\u00f3ximo domingo se llevan a cabo las votaciones para que la administraci\u00f3n del Presidente Electo Andr\u00e9s Manuel L\u00f3pez Obrador decida d\u00f3nde se construir\u00e1 el nuevo aeropuerto internacional de la Ciudad de M\u00e9xico. Las opciones a votaci\u00f3n son dos: la continuaci\u00f3n de la construcci\u00f3n de [&hellip;]","og_url":"https:\/\/lospoliticosveracruz.com\/?p=45502","og_site_name":"Los pol\u00edticos Veracruz","article_publisher":"https:\/\/www.facebook.com\/people\/Notimemes-de-los-Polticos\/61565672886568\/","article_published_time":"2018-10-27T04:01:57+00:00","og_image":[{"width":200,"height":200,"url":"https:\/\/lospoliticosveracruz.com\/wp-content\/uploads\/2016\/07\/Logo-Dor.jpg","type":"image\/jpeg"}],"author":"Lo viste en Los Pol\u00edticos","twitter_card":"summary_large_image","twitter_creator":"@LosPoliticosVer","twitter_site":"@LosPoliticosVer","twitter_misc":{"Escrito por":"Lo viste en Los Pol\u00edticos","Tiempo de lectura":"4 minutos"},"schema":{"@context":"https:\/\/schema.org","@graph":[{"@type":"Article","@id":"https:\/\/lospoliticosveracruz.com\/?p=45502#article","isPartOf":{"@id":"https:\/\/lospoliticosveracruz.com\/?p=45502"},"author":{"name":"Lo viste en Los Pol\u00edticos","@id":"https:\/\/lospoliticosveracruz.com\/#\/schema\/person\/b8702bb0e538456e6efd07080bf2a4a2"},"headline":"Una cuestionada consulta","datePublished":"2018-10-27T04:01:57+00:00","mainEntityOfPage":{"@id":"https:\/\/lospoliticosveracruz.com\/?p=45502"},"wordCount":854,"commentCount":0,"publisher":{"@id":"https:\/\/lospoliticosveracruz.com\/#organization"},"articleSection":["De Opini\u00f3n"],"inLanguage":"es","potentialAction":[{"@type":"CommentAction","name":"Comment","target":["https:\/\/lospoliticosveracruz.com\/?p=45502#respond"]}]},{"@type":"WebPage","@id":"https:\/\/lospoliticosveracruz.com\/?p=45502","url":"https:\/\/lospoliticosveracruz.com\/?p=45502","name":"Una cuestionada consulta - Los pol\u00edticos Veracruz","isPartOf":{"@id":"https:\/\/lospoliticosveracruz.com\/#website"},"datePublished":"2018-10-27T04:01:57+00:00","breadcrumb":{"@id":"https:\/\/lospoliticosveracruz.com\/?p=45502#breadcrumb"},"inLanguage":"es","potentialAction":[{"@type":"ReadAction","target":["https:\/\/lospoliticosveracruz.com\/?p=45502"]}]},{"@type":"BreadcrumbList","@id":"https:\/\/lospoliticosveracruz.com\/?p=45502#breadcrumb","itemListElement":[{"@type":"ListItem","position":1,"name":"Portada","item":"https:\/\/lospoliticosveracruz.com\/"},{"@type":"ListItem","position":2,"name":"Una cuestionada consulta"}]},{"@type":"WebSite","@id":"https:\/\/lospoliticosveracruz.com\/#website","url":"https:\/\/lospoliticosveracruz.com\/","name":"Los pol\u00edticos Veracruz","description":"","publisher":{"@id":"https:\/\/lospoliticosveracruz.com\/#organization"},"potentialAction":[{"@type":"SearchAction","target":{"@type":"EntryPoint","urlTemplate":"https:\/\/lospoliticosveracruz.com\/?s={search_term_string}"},"query-input":{"@type":"PropertyValueSpecification","valueRequired":true,"valueName":"search_term_string"}}],"inLanguage":"es"},{"@type":"Organization","@id":"https:\/\/lospoliticosveracruz.com\/#organization","name":"Los pol\u00edticos Veracruz","url":"https:\/\/lospoliticosveracruz.com\/","logo":{"@type":"ImageObject","inLanguage":"es","@id":"https:\/\/lospoliticosveracruz.com\/#\/schema\/logo\/image\/","url":"https:\/\/lospoliticosveracruz.com\/wp-content\/uploads\/2025\/12\/Logo-Nuevo-LOS-POLITICOS-1.jpg","contentUrl":"https:\/\/lospoliticosveracruz.com\/wp-content\/uploads\/2025\/12\/Logo-Nuevo-LOS-POLITICOS-1.jpg","width":260,"height":70,"caption":"Los pol\u00edticos Veracruz"},"image":{"@id":"https:\/\/lospoliticosveracruz.com\/#\/schema\/logo\/image\/"},"sameAs":["https:\/\/www.facebook.com\/people\/Notimemes-de-los-Polticos\/61565672886568\/","https:\/\/x.com\/LosPoliticosVer"]},{"@type":"Person","@id":"https:\/\/lospoliticosveracruz.com\/#\/schema\/person\/b8702bb0e538456e6efd07080bf2a4a2","name":"Lo viste en Los Pol\u00edticos","image":{"@type":"ImageObject","inLanguage":"es","@id":"https:\/\/secure.gravatar.com\/avatar\/3a8de04a2656d44082be478bd6c086daa447c4651605818287b9532d3d0bd435?s=96&d=mm&r=g","url":"https:\/\/secure.gravatar.com\/avatar\/3a8de04a2656d44082be478bd6c086daa447c4651605818287b9532d3d0bd435?s=96&d=mm&r=g","contentUrl":"https:\/\/secure.gravatar.com\/avatar\/3a8de04a2656d44082be478bd6c086daa447c4651605818287b9532d3d0bd435?s=96&d=mm&r=g","caption":"Lo viste en Los Pol\u00edticos"},"url":"https:\/\/lospoliticosveracruz.com\/?author=2"}]}},"_links":{"self":[{"href":"https:\/\/lospoliticosveracruz.com\/index.php?rest_route=\/wp\/v2\/posts\/45502","targetHints":{"allow":["GET"]}}],"collection":[{"href":"https:\/\/lospoliticosveracruz.com\/index.php?rest_route=\/wp\/v2\/posts"}],"about":[{"href":"https:\/\/lospoliticosveracruz.com\/index.php?rest_route=\/wp\/v2\/types\/post"}],"author":[{"embeddable":true,"href":"https:\/\/lospoliticosveracruz.com\/index.php?rest_route=\/wp\/v2\/users\/2"}],"replies":[{"embeddable":true,"href":"https:\/\/lospoliticosveracruz.com\/index.php?rest_route=%2Fwp%2Fv2%2Fcomments&post=45502"}],"version-history":[{"count":1,"href":"https:\/\/lospoliticosveracruz.com\/index.php?rest_route=\/wp\/v2\/posts\/45502\/revisions"}],"predecessor-version":[{"id":45504,"href":"https:\/\/lospoliticosveracruz.com\/index.php?rest_route=\/wp\/v2\/posts\/45502\/revisions\/45504"}],"wp:attachment":[{"href":"https:\/\/lospoliticosveracruz.com\/index.php?rest_route=%2Fwp%2Fv2%2Fmedia&parent=45502"}],"wp:term":[{"taxonomy":"category","embeddable":true,"href":"https:\/\/lospoliticosveracruz.com\/index.php?rest_route=%2Fwp%2Fv2%2Fcategories&post=45502"},{"taxonomy":"post_tag","embeddable":true,"href":"https:\/\/lospoliticosveracruz.com\/index.php?rest_route=%2Fwp%2Fv2%2Ftags&post=45502"}],"curies":[{"name":"wp","href":"https:\/\/api.w.org\/{rel}","templated":true}]}}