{"id":45518,"date":"2018-10-28T22:55:30","date_gmt":"2018-10-29T04:55:30","guid":{"rendered":"http:\/\/www.lospoliticosveracruz.com.mx\/?p=45518"},"modified":"2018-10-28T21:11:17","modified_gmt":"2018-10-29T03:11:17","slug":"la-consulta-buen-ensayo","status":"publish","type":"post","link":"https:\/\/lospoliticosveracruz.com\/?p=45518","title":{"rendered":"La Consulta, \u00a1buen ensayo!"},"content":{"rendered":"<p><strong>Salvador Mu\u00f1oz<\/strong><\/p>\n<p><em>Los Pol\u00edticos<\/em><\/p>\n<p>&nbsp;<\/p>\n<p><span style=\"font-weight: 400;\">Es seguro que antes de que me vaya a dormir, haya ya un resultado de la consulta que ide\u00f3 Andr\u00e9s Manuel L\u00f3pez Obrador y organiz\u00f3 Morena para \u201cdecidir\u201d d\u00f3nde realizar un aeropuerto, ya sea que se mantenga en Texcoco o se lleve a Santa Luc\u00eda. Mi inter\u00e9s por saberlo es proporcional a mi participaci\u00f3n en la Consulta: nulo.<\/span><\/p>\n<p><span style=\"font-weight: 400;\">Entiendo la relevancia que tiene un aeropuerto en funci\u00f3n de su capacidad para el desarrollo de una ciudad o un pa\u00eds, pero de eso a su construcci\u00f3n o simple proyecto, paso\u2026 por eso no particip\u00e9. No obstante, celebro que haya gente que lo haya hecho y m\u00e1s cuando expresaron las razones de hacerlo: por primera vez se sienten escuchadas al menos por quienes han de ser sus autoridades, sus representantes y en estos momentos, su l\u00edder moral. Ese vac\u00edo pol\u00edtico-moral, repito, celebro que se est\u00e9 llenando con este ensayo democr\u00e1tico y es seguro que en aras de seguir alentando el esp\u00edritu de muchos con la autoestima pol\u00edtica por los suelos, no sea el \u00faltimo\u2026 habr\u00e1 muchos.<\/span><\/p>\n<p><span style=\"font-weight: 400;\">II<\/span><\/p>\n<p><span style=\"font-weight: 400;\">La nota que hizo ruido fue la de Christian Mu\u00f1oz, un joven que presumi\u00f3 en las redes sociales la fragilidad de esta Consulta al votar por tres ocasiones en lo que en el pri\u00edsmo se podr\u00eda calificar como un simple \u201ccarrusel\u201d. Despu\u00e9s hubo quienes acusaron a Christian Mu\u00f1oz de ser pri\u00edsta, lo que lejos de afectar, bien se podr\u00eda considerar como el mejor aval de que el sistema de la Consulta fue probado \u201cpor los mejores\u201d.<\/span><\/p>\n<p><span style=\"font-weight: 400;\">Tambi\u00e9n algunos medios de informaci\u00f3n festejaban que sus reporteros hubieran hecho lo mismo en repetidas ocasiones, lo que fue llevado como tema de discusi\u00f3n entre los Morenos y los medios\u2026 en qu\u00e9 sentido: Si estuvo bien lo que hicieron los reporteros. Si esto se hubiera llevado a una consulta, bajo una premisa que bien pudiera decir as\u00ed, yo s\u00ed hubiera votado:<\/span><\/p>\n<p><span style=\"font-weight: 400;\">\u201cReporteros participaron en varias ocasiones votando en la Consulta del Aeropuerto<\/span><\/p>\n<p><span style=\"font-weight: 400;\">A.- Consideras que actuaron como profesionales\u2026<\/span><\/p>\n<p><span style=\"font-weight: 400;\">B.- Consideras que hicieron trampa.\u201d<\/span><\/p>\n<p><span style=\"font-weight: 400;\">Es claro que la premisa es hecha al vapor pero la idea es \u00e9sa. El sentido de mi voto hubiera sido por la B.<\/span><\/p>\n<p><span style=\"font-weight: 400;\">III<\/span><\/p>\n<p><span style=\"font-weight: 400;\">Hay algo que me hace ruido en el trabajo que realizaron estos reporteros durante la Consulta: \u00bfPara demostrar la fragilidad de una consulta ellos tuvieron que ser parte activa de la trampa? \u00bfEs v\u00e1lido ser actor y dejar de ser testigo? Es posible que para muchos estudiosos del periodismo y de las ciencias de la comunicaci\u00f3n, haya luz verde para que el reportero incurra en una falta con tal de lograr su objetivo. Es posible que para otros, est\u00e9 lejos de la \u00e9tica period\u00edstica el exhibir de este modo los bemoles de la Consulta. Al final, el trabajo del reportero est\u00e1 sujeto a un jefe de Redacci\u00f3n o siendo m\u00e1s exigentes, a un Consejo de Redacci\u00f3n o Editorial, o hasta a un Manual de \u00c9tica que decida la validez del trabajo period\u00edstico del reportero.<\/span><\/p>\n<p><span style=\"font-weight: 400;\">Si bien, el objetivo de los reporteros es, por decirlo de un modo, bien-informar, tenemos que anteceder tambi\u00e9n que la consulta de Morena, es bien intencionada\u2026 pero no s\u00e9 si las buenas intenciones tengan cara de legal.<\/span><\/p>\n<p><span style=\"font-weight: 400;\">IV<\/span><\/p>\n<p><span style=\"font-weight: 400;\">Hablando de legal, record\u00e9 a John M. Ackerman, quien el pasado viernes escrib\u00eda: \u201cNo es de ninguna manera una consulta \u2018ilegal\u2019 sino en todo caso \u2018extralegal\u2019 o \u2018alegal\u2019. La ley tiene una funci\u00f3n importante pero no debe ser lo \u00fanico que regule las acciones de los seres humanos, y menos de la sociedad. Dejemos atr\u00e1s la l\u00f3gica de la simulaci\u00f3n burocr\u00e1tica\u201d. Y lo traigo a cuento porque me llam\u00f3 la atenci\u00f3n que lo \u00fanico que se manej\u00f3 sobre la Consulta Ciudadana en la revista Proceso (\u201cLegitimidad de la Consulta\u201d, Proceso, 28 de octubre de 2018. P\u00e1g. 40) \u00a0haya sido la opini\u00f3n del esposo de Irma Er\u00e9ndira Sandoval, futura titular de la Secretar\u00eda de la Funci\u00f3n P\u00fablica en el gobierno de L\u00f3pez Obrador. Ya con este antecedente, est\u00e1 de m\u00e1s decir el sesgo que la revista le dio a este ensayo democr\u00e1tico con Ackerman. No hubo m\u00e1s informaci\u00f3n.<\/span><\/p>\n<p><span style=\"font-weight: 400;\">Ojal\u00e1 que estas consultas, cuando sea Gobierno L\u00f3pez Obrador, se les d\u00e9 su justa dimensi\u00f3n, tanto por las autoridades, la prensa y los ciudadanos para que dejen de ser ensayos democr\u00e1ticos y en verdad, la voz ciudadana sea tomada en serio, por el Gobierno, y no por un partido.<\/span><\/p>\n<p><span style=\"font-weight: 400;\">smcainito@gmail.com<\/span><\/p>\n","protected":false},"excerpt":{"rendered":"<p>Salvador Mu\u00f1oz Los Pol\u00edticos &nbsp; Es seguro que antes de que me vaya a dormir, haya ya un resultado de la consulta que ide\u00f3 Andr\u00e9s Manuel L\u00f3pez Obrador y organiz\u00f3 Morena para \u201cdecidir\u201d d\u00f3nde realizar un aeropuerto, ya sea que se mantenga en Texcoco o se lleve a Santa Luc\u00eda. Mi inter\u00e9s por saberlo es [&hellip;]<\/p>\n","protected":false},"author":2,"featured_media":0,"comment_status":"open","ping_status":"open","sticky":false,"template":"","format":"standard","meta":{"tdm_status":"","tdm_grid_status":"","footnotes":""},"categories":[70],"tags":[618,12996,12998,12997,1026,251,2646,12960,12754],"class_list":{"0":"post-45518","1":"post","2":"type-post","3":"status-publish","4":"format-standard","6":"category-de-opinion","7":"tag-andres-manuel-lopez-obrador","8":"tag-christian-munoz","9":"tag-irma-erendira-sandoval","10":"tag-john-m-ackerman","11":"tag-morena","12":"tag-pri","13":"tag-salvador-munoz","14":"tag-santa-lucia","15":"tag-texcoco"},"yoast_head":"<!-- This site is optimized with the Yoast SEO plugin v27.4 - https:\/\/yoast.com\/product\/yoast-seo-wordpress\/ -->\n<title>La Consulta, \u00a1buen ensayo! - Los pol\u00edticos Veracruz<\/title>\n<meta name=\"robots\" content=\"index, follow, max-snippet:-1, max-image-preview:large, max-video-preview:-1\" \/>\n<link rel=\"canonical\" href=\"https:\/\/lospoliticosveracruz.com\/?p=45518\" \/>\n<meta property=\"og:locale\" content=\"es_ES\" \/>\n<meta property=\"og:type\" content=\"article\" \/>\n<meta property=\"og:title\" content=\"La Consulta, \u00a1buen ensayo! - Los pol\u00edticos Veracruz\" \/>\n<meta property=\"og:description\" content=\"Salvador Mu\u00f1oz Los Pol\u00edticos &nbsp; Es seguro que antes de que me vaya a dormir, haya ya un resultado de la consulta que ide\u00f3 Andr\u00e9s Manuel L\u00f3pez Obrador y organiz\u00f3 Morena para \u201cdecidir\u201d d\u00f3nde realizar un aeropuerto, ya sea que se mantenga en Texcoco o se lleve a Santa Luc\u00eda. Mi inter\u00e9s por saberlo es [&hellip;]\" \/>\n<meta property=\"og:url\" content=\"https:\/\/lospoliticosveracruz.com\/?p=45518\" \/>\n<meta property=\"og:site_name\" content=\"Los pol\u00edticos Veracruz\" \/>\n<meta property=\"article:publisher\" content=\"https:\/\/www.facebook.com\/people\/Notimemes-de-los-Polticos\/61565672886568\/\" \/>\n<meta property=\"article:published_time\" content=\"2018-10-29T04:55:30+00:00\" \/>\n<meta property=\"og:image\" content=\"https:\/\/lospoliticosveracruz.com\/wp-content\/uploads\/2016\/07\/Logo-Dor.jpg\" \/>\n\t<meta property=\"og:image:width\" content=\"200\" \/>\n\t<meta property=\"og:image:height\" content=\"200\" \/>\n\t<meta property=\"og:image:type\" content=\"image\/jpeg\" \/>\n<meta name=\"author\" content=\"Lo viste en Los Pol\u00edticos\" \/>\n<meta name=\"twitter:card\" content=\"summary_large_image\" \/>\n<meta name=\"twitter:creator\" content=\"@LosPoliticosVer\" \/>\n<meta name=\"twitter:site\" content=\"@LosPoliticosVer\" \/>\n<meta name=\"twitter:label1\" content=\"Escrito por\" \/>\n\t<meta name=\"twitter:data1\" content=\"Lo viste en Los Pol\u00edticos\" \/>\n\t<meta name=\"twitter:label2\" content=\"Tiempo de lectura\" \/>\n\t<meta name=\"twitter:data2\" content=\"4 minutos\" \/>\n<script type=\"application\/ld+json\" class=\"yoast-schema-graph\">{\"@context\":\"https:\\\/\\\/schema.org\",\"@graph\":[{\"@type\":\"Article\",\"@id\":\"https:\\\/\\\/lospoliticosveracruz.com\\\/?p=45518#article\",\"isPartOf\":{\"@id\":\"https:\\\/\\\/lospoliticosveracruz.com\\\/?p=45518\"},\"author\":{\"name\":\"Lo viste en Los Pol\u00edticos\",\"@id\":\"https:\\\/\\\/lospoliticosveracruz.com\\\/#\\\/schema\\\/person\\\/b8702bb0e538456e6efd07080bf2a4a2\"},\"headline\":\"La Consulta, \u00a1buen ensayo!\",\"datePublished\":\"2018-10-29T04:55:30+00:00\",\"mainEntityOfPage\":{\"@id\":\"https:\\\/\\\/lospoliticosveracruz.com\\\/?p=45518\"},\"wordCount\":795,\"commentCount\":0,\"publisher\":{\"@id\":\"https:\\\/\\\/lospoliticosveracruz.com\\\/#organization\"},\"keywords\":[\"Andr\u00e9s Manuel L\u00f3pez Obrador\",\"Christian Mu\u00f1oz\",\"Irma Er\u00e9ndira Sandoval\",\"John M. Ackerman\",\"Morena\",\"PRI\",\"Salvador Mu\u00f1oz\",\"Santa Luc\u00eda\",\"Texcoco\"],\"articleSection\":[\"De Opini\u00f3n\"],\"inLanguage\":\"es\",\"potentialAction\":[{\"@type\":\"CommentAction\",\"name\":\"Comment\",\"target\":[\"https:\\\/\\\/lospoliticosveracruz.com\\\/?p=45518#respond\"]}]},{\"@type\":\"WebPage\",\"@id\":\"https:\\\/\\\/lospoliticosveracruz.com\\\/?p=45518\",\"url\":\"https:\\\/\\\/lospoliticosveracruz.com\\\/?p=45518\",\"name\":\"La Consulta, \u00a1buen ensayo! - Los pol\u00edticos Veracruz\",\"isPartOf\":{\"@id\":\"https:\\\/\\\/lospoliticosveracruz.com\\\/#website\"},\"datePublished\":\"2018-10-29T04:55:30+00:00\",\"breadcrumb\":{\"@id\":\"https:\\\/\\\/lospoliticosveracruz.com\\\/?p=45518#breadcrumb\"},\"inLanguage\":\"es\",\"potentialAction\":[{\"@type\":\"ReadAction\",\"target\":[\"https:\\\/\\\/lospoliticosveracruz.com\\\/?p=45518\"]}]},{\"@type\":\"BreadcrumbList\",\"@id\":\"https:\\\/\\\/lospoliticosveracruz.com\\\/?p=45518#breadcrumb\",\"itemListElement\":[{\"@type\":\"ListItem\",\"position\":1,\"name\":\"Portada\",\"item\":\"https:\\\/\\\/lospoliticosveracruz.com\\\/\"},{\"@type\":\"ListItem\",\"position\":2,\"name\":\"La Consulta, \u00a1buen ensayo!\"}]},{\"@type\":\"WebSite\",\"@id\":\"https:\\\/\\\/lospoliticosveracruz.com\\\/#website\",\"url\":\"https:\\\/\\\/lospoliticosveracruz.com\\\/\",\"name\":\"Los pol\u00edticos Veracruz\",\"description\":\"\",\"publisher\":{\"@id\":\"https:\\\/\\\/lospoliticosveracruz.com\\\/#organization\"},\"potentialAction\":[{\"@type\":\"SearchAction\",\"target\":{\"@type\":\"EntryPoint\",\"urlTemplate\":\"https:\\\/\\\/lospoliticosveracruz.com\\\/?s={search_term_string}\"},\"query-input\":{\"@type\":\"PropertyValueSpecification\",\"valueRequired\":true,\"valueName\":\"search_term_string\"}}],\"inLanguage\":\"es\"},{\"@type\":\"Organization\",\"@id\":\"https:\\\/\\\/lospoliticosveracruz.com\\\/#organization\",\"name\":\"Los pol\u00edticos Veracruz\",\"url\":\"https:\\\/\\\/lospoliticosveracruz.com\\\/\",\"logo\":{\"@type\":\"ImageObject\",\"inLanguage\":\"es\",\"@id\":\"https:\\\/\\\/lospoliticosveracruz.com\\\/#\\\/schema\\\/logo\\\/image\\\/\",\"url\":\"https:\\\/\\\/lospoliticosveracruz.com\\\/wp-content\\\/uploads\\\/2025\\\/12\\\/Logo-Nuevo-LOS-POLITICOS-1.jpg\",\"contentUrl\":\"https:\\\/\\\/lospoliticosveracruz.com\\\/wp-content\\\/uploads\\\/2025\\\/12\\\/Logo-Nuevo-LOS-POLITICOS-1.jpg\",\"width\":260,\"height\":70,\"caption\":\"Los pol\u00edticos Veracruz\"},\"image\":{\"@id\":\"https:\\\/\\\/lospoliticosveracruz.com\\\/#\\\/schema\\\/logo\\\/image\\\/\"},\"sameAs\":[\"https:\\\/\\\/www.facebook.com\\\/people\\\/Notimemes-de-los-Polticos\\\/61565672886568\\\/\",\"https:\\\/\\\/x.com\\\/LosPoliticosVer\"]},{\"@type\":\"Person\",\"@id\":\"https:\\\/\\\/lospoliticosveracruz.com\\\/#\\\/schema\\\/person\\\/b8702bb0e538456e6efd07080bf2a4a2\",\"name\":\"Lo viste en Los Pol\u00edticos\",\"image\":{\"@type\":\"ImageObject\",\"inLanguage\":\"es\",\"@id\":\"https:\\\/\\\/secure.gravatar.com\\\/avatar\\\/3a8de04a2656d44082be478bd6c086daa447c4651605818287b9532d3d0bd435?s=96&d=mm&r=g\",\"url\":\"https:\\\/\\\/secure.gravatar.com\\\/avatar\\\/3a8de04a2656d44082be478bd6c086daa447c4651605818287b9532d3d0bd435?s=96&d=mm&r=g\",\"contentUrl\":\"https:\\\/\\\/secure.gravatar.com\\\/avatar\\\/3a8de04a2656d44082be478bd6c086daa447c4651605818287b9532d3d0bd435?s=96&d=mm&r=g\",\"caption\":\"Lo viste en Los Pol\u00edticos\"},\"url\":\"https:\\\/\\\/lospoliticosveracruz.com\\\/?author=2\"}]}<\/script>\n<!-- \/ Yoast SEO plugin. -->","yoast_head_json":{"title":"La Consulta, \u00a1buen ensayo! - Los pol\u00edticos Veracruz","robots":{"index":"index","follow":"follow","max-snippet":"max-snippet:-1","max-image-preview":"max-image-preview:large","max-video-preview":"max-video-preview:-1"},"canonical":"https:\/\/lospoliticosveracruz.com\/?p=45518","og_locale":"es_ES","og_type":"article","og_title":"La Consulta, \u00a1buen ensayo! - Los pol\u00edticos Veracruz","og_description":"Salvador Mu\u00f1oz Los Pol\u00edticos &nbsp; Es seguro que antes de que me vaya a dormir, haya ya un resultado de la consulta que ide\u00f3 Andr\u00e9s Manuel L\u00f3pez Obrador y organiz\u00f3 Morena para \u201cdecidir\u201d d\u00f3nde realizar un aeropuerto, ya sea que se mantenga en Texcoco o se lleve a Santa Luc\u00eda. Mi inter\u00e9s por saberlo es [&hellip;]","og_url":"https:\/\/lospoliticosveracruz.com\/?p=45518","og_site_name":"Los pol\u00edticos Veracruz","article_publisher":"https:\/\/www.facebook.com\/people\/Notimemes-de-los-Polticos\/61565672886568\/","article_published_time":"2018-10-29T04:55:30+00:00","og_image":[{"width":200,"height":200,"url":"https:\/\/lospoliticosveracruz.com\/wp-content\/uploads\/2016\/07\/Logo-Dor.jpg","type":"image\/jpeg"}],"author":"Lo viste en Los Pol\u00edticos","twitter_card":"summary_large_image","twitter_creator":"@LosPoliticosVer","twitter_site":"@LosPoliticosVer","twitter_misc":{"Escrito por":"Lo viste en Los Pol\u00edticos","Tiempo de lectura":"4 minutos"},"schema":{"@context":"https:\/\/schema.org","@graph":[{"@type":"Article","@id":"https:\/\/lospoliticosveracruz.com\/?p=45518#article","isPartOf":{"@id":"https:\/\/lospoliticosveracruz.com\/?p=45518"},"author":{"name":"Lo viste en Los Pol\u00edticos","@id":"https:\/\/lospoliticosveracruz.com\/#\/schema\/person\/b8702bb0e538456e6efd07080bf2a4a2"},"headline":"La Consulta, \u00a1buen ensayo!","datePublished":"2018-10-29T04:55:30+00:00","mainEntityOfPage":{"@id":"https:\/\/lospoliticosveracruz.com\/?p=45518"},"wordCount":795,"commentCount":0,"publisher":{"@id":"https:\/\/lospoliticosveracruz.com\/#organization"},"keywords":["Andr\u00e9s Manuel L\u00f3pez Obrador","Christian Mu\u00f1oz","Irma Er\u00e9ndira Sandoval","John M. Ackerman","Morena","PRI","Salvador Mu\u00f1oz","Santa Luc\u00eda","Texcoco"],"articleSection":["De Opini\u00f3n"],"inLanguage":"es","potentialAction":[{"@type":"CommentAction","name":"Comment","target":["https:\/\/lospoliticosveracruz.com\/?p=45518#respond"]}]},{"@type":"WebPage","@id":"https:\/\/lospoliticosveracruz.com\/?p=45518","url":"https:\/\/lospoliticosveracruz.com\/?p=45518","name":"La Consulta, \u00a1buen ensayo! - Los pol\u00edticos Veracruz","isPartOf":{"@id":"https:\/\/lospoliticosveracruz.com\/#website"},"datePublished":"2018-10-29T04:55:30+00:00","breadcrumb":{"@id":"https:\/\/lospoliticosveracruz.com\/?p=45518#breadcrumb"},"inLanguage":"es","potentialAction":[{"@type":"ReadAction","target":["https:\/\/lospoliticosveracruz.com\/?p=45518"]}]},{"@type":"BreadcrumbList","@id":"https:\/\/lospoliticosveracruz.com\/?p=45518#breadcrumb","itemListElement":[{"@type":"ListItem","position":1,"name":"Portada","item":"https:\/\/lospoliticosveracruz.com\/"},{"@type":"ListItem","position":2,"name":"La Consulta, \u00a1buen ensayo!"}]},{"@type":"WebSite","@id":"https:\/\/lospoliticosveracruz.com\/#website","url":"https:\/\/lospoliticosveracruz.com\/","name":"Los pol\u00edticos Veracruz","description":"","publisher":{"@id":"https:\/\/lospoliticosveracruz.com\/#organization"},"potentialAction":[{"@type":"SearchAction","target":{"@type":"EntryPoint","urlTemplate":"https:\/\/lospoliticosveracruz.com\/?s={search_term_string}"},"query-input":{"@type":"PropertyValueSpecification","valueRequired":true,"valueName":"search_term_string"}}],"inLanguage":"es"},{"@type":"Organization","@id":"https:\/\/lospoliticosveracruz.com\/#organization","name":"Los pol\u00edticos Veracruz","url":"https:\/\/lospoliticosveracruz.com\/","logo":{"@type":"ImageObject","inLanguage":"es","@id":"https:\/\/lospoliticosveracruz.com\/#\/schema\/logo\/image\/","url":"https:\/\/lospoliticosveracruz.com\/wp-content\/uploads\/2025\/12\/Logo-Nuevo-LOS-POLITICOS-1.jpg","contentUrl":"https:\/\/lospoliticosveracruz.com\/wp-content\/uploads\/2025\/12\/Logo-Nuevo-LOS-POLITICOS-1.jpg","width":260,"height":70,"caption":"Los pol\u00edticos Veracruz"},"image":{"@id":"https:\/\/lospoliticosveracruz.com\/#\/schema\/logo\/image\/"},"sameAs":["https:\/\/www.facebook.com\/people\/Notimemes-de-los-Polticos\/61565672886568\/","https:\/\/x.com\/LosPoliticosVer"]},{"@type":"Person","@id":"https:\/\/lospoliticosveracruz.com\/#\/schema\/person\/b8702bb0e538456e6efd07080bf2a4a2","name":"Lo viste en Los Pol\u00edticos","image":{"@type":"ImageObject","inLanguage":"es","@id":"https:\/\/secure.gravatar.com\/avatar\/3a8de04a2656d44082be478bd6c086daa447c4651605818287b9532d3d0bd435?s=96&d=mm&r=g","url":"https:\/\/secure.gravatar.com\/avatar\/3a8de04a2656d44082be478bd6c086daa447c4651605818287b9532d3d0bd435?s=96&d=mm&r=g","contentUrl":"https:\/\/secure.gravatar.com\/avatar\/3a8de04a2656d44082be478bd6c086daa447c4651605818287b9532d3d0bd435?s=96&d=mm&r=g","caption":"Lo viste en Los Pol\u00edticos"},"url":"https:\/\/lospoliticosveracruz.com\/?author=2"}]}},"_links":{"self":[{"href":"https:\/\/lospoliticosveracruz.com\/index.php?rest_route=\/wp\/v2\/posts\/45518","targetHints":{"allow":["GET"]}}],"collection":[{"href":"https:\/\/lospoliticosveracruz.com\/index.php?rest_route=\/wp\/v2\/posts"}],"about":[{"href":"https:\/\/lospoliticosveracruz.com\/index.php?rest_route=\/wp\/v2\/types\/post"}],"author":[{"embeddable":true,"href":"https:\/\/lospoliticosveracruz.com\/index.php?rest_route=\/wp\/v2\/users\/2"}],"replies":[{"embeddable":true,"href":"https:\/\/lospoliticosveracruz.com\/index.php?rest_route=%2Fwp%2Fv2%2Fcomments&post=45518"}],"version-history":[{"count":2,"href":"https:\/\/lospoliticosveracruz.com\/index.php?rest_route=\/wp\/v2\/posts\/45518\/revisions"}],"predecessor-version":[{"id":45521,"href":"https:\/\/lospoliticosveracruz.com\/index.php?rest_route=\/wp\/v2\/posts\/45518\/revisions\/45521"}],"wp:attachment":[{"href":"https:\/\/lospoliticosveracruz.com\/index.php?rest_route=%2Fwp%2Fv2%2Fmedia&parent=45518"}],"wp:term":[{"taxonomy":"category","embeddable":true,"href":"https:\/\/lospoliticosveracruz.com\/index.php?rest_route=%2Fwp%2Fv2%2Fcategories&post=45518"},{"taxonomy":"post_tag","embeddable":true,"href":"https:\/\/lospoliticosveracruz.com\/index.php?rest_route=%2Fwp%2Fv2%2Ftags&post=45518"}],"curies":[{"name":"wp","href":"https:\/\/api.w.org\/{rel}","templated":true}]}}