{"id":45522,"date":"2018-10-28T20:56:09","date_gmt":"2018-10-29T02:56:09","guid":{"rendered":"http:\/\/www.lospoliticosveracruz.com.mx\/?p=45522"},"modified":"2018-10-28T20:56:09","modified_gmt":"2018-10-29T02:56:09","slug":"cuic-nos-siguen-faltando-mujeres","status":"publish","type":"post","link":"https:\/\/lospoliticosveracruz.com\/?p=45522","title":{"rendered":"Cuic, nos siguen faltando mujeres\u2026"},"content":{"rendered":"<p><strong>Brenda Caballero<\/strong><\/p>\n<p><em>N\u00fameros Rojos<\/em><\/p>\n<p>Menos de tres d\u00edas faltan para que termine octubre y aunque se rumora que ser\u00e1 esta semana cuando se den los nombramientos faltantes de los nuevos titulares del gabinete del gobernador electo Cuitl\u00e1huac Garc\u00eda Jim\u00e9nez, es solamente eso: un rumor.<\/p>\n<p>En este mismo espacio antes de que el electo hiciera sus \u00faltimos nombramientos, los cuales, por cierto fueron para mujeres (Silvia Alejandre para la Secretar\u00eda de Cultura, y Waltraud Mart\u00ednez Olvera\u00a0 para la Oficina del Programa de Gobierno), hab\u00edamos comentado que no habr\u00eda cuota de g\u00e9nero pues los n\u00fameros eran para los \u201cvarones\u201d.<\/p>\n<p>Silvia y Waltraud se suman a X\u00f3chitl Arbes\u00fa Lago, pr\u00f3xima Secretaria de Turismo; y Mar\u00eda Guadalupe Arg\u00fcelles Lozano, en la Secretar\u00eda del Trabajo, Previsi\u00f3n Social y Productividad.<\/p>\n<p>Ante este panorama, no cabe la menor duda de que el pr\u00f3ximo gobernador de Veracruz quedar\u00e1 en deuda con las mujeres.<\/p>\n<p>Ahora bien, muchos me han comentado que el puesto debe ser por la preparaci\u00f3n y no por el g\u00e9nero, situaci\u00f3n en la que coincido totalmente, pero de inmediato les pregunto \u00bfAcaso no hay mujeres preparadas con las que cuente el nuevo gobernador?<\/p>\n<p>No se trata de \u201cceder\u201d la titularidad de una dependencia porque se \u201ces mujer\u201d, sino que las mujeres tambi\u00e9n pueden y tienen el derecho de estar al frente de decisiones importantes y no solamente de lo que \u201cles dejen\u201d o lo que com\u00fanmente se llama \u201ctitular de puestos sin importancia\u201d.<\/p>\n<p>A\u00fan falta la designaci\u00f3n de los titulares de la Sedema, Comunicaci\u00f3n Social, Contralor\u00eda General del Estado, Secretar\u00eda de Finanzas, Protecci\u00f3n Civil, Educaci\u00f3n y Seguridad P\u00fablica, pero de las mencionadas s\u00f3lo veo dos mujeres m\u00e1s, una en Sedema y otra en Contralor\u00eda. Claro\u2026 \u00a1ojal\u00e1 y me equivoque!<\/p>\n<p>&nbsp;<\/p>\n<p><strong><em>Indira y su acuerdo por las mujeres<\/em><\/strong><\/p>\n<p>Muy movida anda la senadora por Veracruz, Indira Rosales San Rom\u00e1n, con videos, reuniones y propuestas. Aparte de exhortar en twitter al Presidente electo Andr\u00e9s Manuel L\u00f3pez Obrador a no manipular a la opini\u00f3n p\u00fablica y a los mexicanos con consultas ilegales de acuerdo a la Constituci\u00f3n Mexicana, la senadora se\u00f1al\u00f3 que en Veracruz participar\u00eda menos del 5 por ciento del listado nominal, ya que \u00fanicamente se instalaron 118 mesas con 2 mil papeletas cada una.<\/p>\n<p>La senadora viaj\u00f3 el fin de semana hasta el sur del estado para reunirse con militantes panistas de Coatzacoalcos,\u00a0 J\u00e1ltipan, Cosoleacaque, Las Choapas y Acayucan.<\/p>\n<p>Por cierto, en su lucha por empoderar a las mujeres, Indira presentar\u00e1 el pr\u00f3ximo martes un punto de acuerdo donde solicitar\u00e1 que la terna para ocupar el lugar que deja el ministro de la SCJN, Jos\u00e9 Ram\u00f3n Coss\u00edo D\u00edaz en noviembre, sea de Mujeres. \u00a1Bien por ello!<\/p>\n<p><strong><em>\u00a0<\/em><\/strong><\/p>\n<p><strong><em>Anil\u00fa se meti\u00f3 al \u00a0Remolino<\/em><\/strong><\/p>\n<p>La diputada federal Anil\u00fa Ingram no descansa ni los domingos. Ayer sac\u00f3 sus botas de lluvia, sus jeans de mezclilla, un su\u00e9ter ligero y se meti\u00f3 hasta El Remolino, comunidad de San Andr\u00e9s Tuxtla que sufri\u00f3 graves afectaciones por el paso del Frente Frio n\u00famero 6. Anil\u00fa les llev\u00f3 medicamentos donados por empresarios veracruzanos como paracetamol, loratadina, nimesulida, diclofenaco, entre otros, adem\u00e1s de un m\u00e9dico que revisara y diagnosticara a ni\u00f1os y adultos.<\/p>\n<p>Tambi\u00e9n se reuni\u00f3 con prestadores de servicios que est\u00e1n inconformes con el alza de las tarifas el\u00e9ctricas.<\/p>\n<p>@NumerosRojos_BC<\/p>\n<p><a href=\"mailto:caballero_brenda@hotmail.com\">caballero_brenda@hotmail.com<\/a><\/p>\n","protected":false},"excerpt":{"rendered":"<p>Brenda Caballero N\u00fameros Rojos Menos de tres d\u00edas faltan para que termine octubre y aunque se rumora que ser\u00e1 esta semana cuando se den los nombramientos faltantes de los nuevos titulares del gabinete del gobernador electo Cuitl\u00e1huac Garc\u00eda Jim\u00e9nez, es solamente eso: un rumor. En este mismo espacio antes de que el electo hiciera sus [&hellip;]<\/p>\n","protected":false},"author":2,"featured_media":0,"comment_status":"open","ping_status":"open","sticky":false,"template":"","format":"standard","meta":{"tdm_status":"","tdm_grid_status":"","footnotes":""},"categories":[70],"tags":[103,618,2687,371,375,1563,5506,10510,3628,10909,2305,122,12999,13001,195,12607],"class_list":{"0":"post-45522","1":"post","2":"type-post","3":"status-publish","4":"format-standard","6":"category-de-opinion","7":"tag-acayucan","8":"tag-andres-manuel-lopez-obrador","9":"tag-brenda-caballero","10":"tag-coatzacoalcos","11":"tag-cosoleacaque","12":"tag-cuitlahuac-garcia-jimenez","13":"tag-indira-rosales-san-roman","14":"tag-jaltipan","15":"tag-las-choapas","16":"tag-maria-guadalupe-arguelles-lozano","17":"tag-mujeres","18":"tag-san-andres-tuxtla","19":"tag-silvia-alejandre","20":"tag-tarifas-electricas","21":"tag-veracruz","22":"tag-xochitl-arbesu-lago"},"yoast_head":"<!-- This site is optimized with the Yoast SEO plugin v27.4 - https:\/\/yoast.com\/product\/yoast-seo-wordpress\/ -->\n<title>Cuic, nos siguen faltando mujeres\u2026 - Los pol\u00edticos Veracruz<\/title>\n<meta name=\"robots\" content=\"index, follow, max-snippet:-1, max-image-preview:large, max-video-preview:-1\" \/>\n<link rel=\"canonical\" href=\"https:\/\/lospoliticosveracruz.com\/?p=45522\" \/>\n<meta property=\"og:locale\" content=\"es_ES\" \/>\n<meta property=\"og:type\" content=\"article\" \/>\n<meta property=\"og:title\" content=\"Cuic, nos siguen faltando mujeres\u2026 - Los pol\u00edticos Veracruz\" \/>\n<meta property=\"og:description\" content=\"Brenda Caballero N\u00fameros Rojos Menos de tres d\u00edas faltan para que termine octubre y aunque se rumora que ser\u00e1 esta semana cuando se den los nombramientos faltantes de los nuevos titulares del gabinete del gobernador electo Cuitl\u00e1huac Garc\u00eda Jim\u00e9nez, es solamente eso: un rumor. En este mismo espacio antes de que el electo hiciera sus [&hellip;]\" \/>\n<meta property=\"og:url\" content=\"https:\/\/lospoliticosveracruz.com\/?p=45522\" \/>\n<meta property=\"og:site_name\" content=\"Los pol\u00edticos Veracruz\" \/>\n<meta property=\"article:publisher\" content=\"https:\/\/www.facebook.com\/people\/Notimemes-de-los-Polticos\/61565672886568\/\" \/>\n<meta property=\"article:published_time\" content=\"2018-10-29T02:56:09+00:00\" \/>\n<meta property=\"og:image\" content=\"https:\/\/lospoliticosveracruz.com\/wp-content\/uploads\/2016\/07\/Logo-Dor.jpg\" \/>\n\t<meta property=\"og:image:width\" content=\"200\" \/>\n\t<meta property=\"og:image:height\" content=\"200\" \/>\n\t<meta property=\"og:image:type\" content=\"image\/jpeg\" \/>\n<meta name=\"author\" content=\"Lo viste en Los Pol\u00edticos\" \/>\n<meta name=\"twitter:card\" content=\"summary_large_image\" \/>\n<meta name=\"twitter:creator\" content=\"@LosPoliticosVer\" \/>\n<meta name=\"twitter:site\" content=\"@LosPoliticosVer\" \/>\n<meta name=\"twitter:label1\" content=\"Escrito por\" \/>\n\t<meta name=\"twitter:data1\" content=\"Lo viste en Los Pol\u00edticos\" \/>\n\t<meta name=\"twitter:label2\" content=\"Tiempo de lectura\" \/>\n\t<meta name=\"twitter:data2\" content=\"3 minutos\" \/>\n<script type=\"application\/ld+json\" class=\"yoast-schema-graph\">{\"@context\":\"https:\\\/\\\/schema.org\",\"@graph\":[{\"@type\":\"Article\",\"@id\":\"https:\\\/\\\/lospoliticosveracruz.com\\\/?p=45522#article\",\"isPartOf\":{\"@id\":\"https:\\\/\\\/lospoliticosveracruz.com\\\/?p=45522\"},\"author\":{\"name\":\"Lo viste en Los Pol\u00edticos\",\"@id\":\"https:\\\/\\\/lospoliticosveracruz.com\\\/#\\\/schema\\\/person\\\/b8702bb0e538456e6efd07080bf2a4a2\"},\"headline\":\"Cuic, nos siguen faltando mujeres\u2026\",\"datePublished\":\"2018-10-29T02:56:09+00:00\",\"mainEntityOfPage\":{\"@id\":\"https:\\\/\\\/lospoliticosveracruz.com\\\/?p=45522\"},\"wordCount\":597,\"commentCount\":0,\"publisher\":{\"@id\":\"https:\\\/\\\/lospoliticosveracruz.com\\\/#organization\"},\"keywords\":[\"Acayucan\",\"Andr\u00e9s Manuel L\u00f3pez Obrador\",\"Brenda Caballero\",\"Coatzacoalcos\",\"Cosoleacaque\",\"Cuitl\u00e1huac Garc\u00eda Jim\u00e9nez\",\"Indira Rosales San Rom\u00e1n\",\"J\u00e1ltipan\",\"Las Choapas\",\"Mar\u00eda Guadalupe Arg\u00fcelles Lozano\",\"Mujeres\",\"San Andr\u00e9s Tuxtla\",\"Silvia Alejandre\",\"tarifas el\u00e9ctricas\",\"Veracruz\",\"X\u00f3chitl Arbes\u00fa Lago\"],\"articleSection\":[\"De Opini\u00f3n\"],\"inLanguage\":\"es\",\"potentialAction\":[{\"@type\":\"CommentAction\",\"name\":\"Comment\",\"target\":[\"https:\\\/\\\/lospoliticosveracruz.com\\\/?p=45522#respond\"]}]},{\"@type\":\"WebPage\",\"@id\":\"https:\\\/\\\/lospoliticosveracruz.com\\\/?p=45522\",\"url\":\"https:\\\/\\\/lospoliticosveracruz.com\\\/?p=45522\",\"name\":\"Cuic, nos siguen faltando mujeres\u2026 - Los pol\u00edticos Veracruz\",\"isPartOf\":{\"@id\":\"https:\\\/\\\/lospoliticosveracruz.com\\\/#website\"},\"datePublished\":\"2018-10-29T02:56:09+00:00\",\"breadcrumb\":{\"@id\":\"https:\\\/\\\/lospoliticosveracruz.com\\\/?p=45522#breadcrumb\"},\"inLanguage\":\"es\",\"potentialAction\":[{\"@type\":\"ReadAction\",\"target\":[\"https:\\\/\\\/lospoliticosveracruz.com\\\/?p=45522\"]}]},{\"@type\":\"BreadcrumbList\",\"@id\":\"https:\\\/\\\/lospoliticosveracruz.com\\\/?p=45522#breadcrumb\",\"itemListElement\":[{\"@type\":\"ListItem\",\"position\":1,\"name\":\"Portada\",\"item\":\"https:\\\/\\\/lospoliticosveracruz.com\\\/\"},{\"@type\":\"ListItem\",\"position\":2,\"name\":\"Cuic, nos siguen faltando mujeres\u2026\"}]},{\"@type\":\"WebSite\",\"@id\":\"https:\\\/\\\/lospoliticosveracruz.com\\\/#website\",\"url\":\"https:\\\/\\\/lospoliticosveracruz.com\\\/\",\"name\":\"Los pol\u00edticos Veracruz\",\"description\":\"\",\"publisher\":{\"@id\":\"https:\\\/\\\/lospoliticosveracruz.com\\\/#organization\"},\"potentialAction\":[{\"@type\":\"SearchAction\",\"target\":{\"@type\":\"EntryPoint\",\"urlTemplate\":\"https:\\\/\\\/lospoliticosveracruz.com\\\/?s={search_term_string}\"},\"query-input\":{\"@type\":\"PropertyValueSpecification\",\"valueRequired\":true,\"valueName\":\"search_term_string\"}}],\"inLanguage\":\"es\"},{\"@type\":\"Organization\",\"@id\":\"https:\\\/\\\/lospoliticosveracruz.com\\\/#organization\",\"name\":\"Los pol\u00edticos Veracruz\",\"url\":\"https:\\\/\\\/lospoliticosveracruz.com\\\/\",\"logo\":{\"@type\":\"ImageObject\",\"inLanguage\":\"es\",\"@id\":\"https:\\\/\\\/lospoliticosveracruz.com\\\/#\\\/schema\\\/logo\\\/image\\\/\",\"url\":\"https:\\\/\\\/lospoliticosveracruz.com\\\/wp-content\\\/uploads\\\/2025\\\/12\\\/Logo-Nuevo-LOS-POLITICOS-1.jpg\",\"contentUrl\":\"https:\\\/\\\/lospoliticosveracruz.com\\\/wp-content\\\/uploads\\\/2025\\\/12\\\/Logo-Nuevo-LOS-POLITICOS-1.jpg\",\"width\":260,\"height\":70,\"caption\":\"Los pol\u00edticos Veracruz\"},\"image\":{\"@id\":\"https:\\\/\\\/lospoliticosveracruz.com\\\/#\\\/schema\\\/logo\\\/image\\\/\"},\"sameAs\":[\"https:\\\/\\\/www.facebook.com\\\/people\\\/Notimemes-de-los-Polticos\\\/61565672886568\\\/\",\"https:\\\/\\\/x.com\\\/LosPoliticosVer\"]},{\"@type\":\"Person\",\"@id\":\"https:\\\/\\\/lospoliticosveracruz.com\\\/#\\\/schema\\\/person\\\/b8702bb0e538456e6efd07080bf2a4a2\",\"name\":\"Lo viste en Los Pol\u00edticos\",\"image\":{\"@type\":\"ImageObject\",\"inLanguage\":\"es\",\"@id\":\"https:\\\/\\\/secure.gravatar.com\\\/avatar\\\/3a8de04a2656d44082be478bd6c086daa447c4651605818287b9532d3d0bd435?s=96&d=mm&r=g\",\"url\":\"https:\\\/\\\/secure.gravatar.com\\\/avatar\\\/3a8de04a2656d44082be478bd6c086daa447c4651605818287b9532d3d0bd435?s=96&d=mm&r=g\",\"contentUrl\":\"https:\\\/\\\/secure.gravatar.com\\\/avatar\\\/3a8de04a2656d44082be478bd6c086daa447c4651605818287b9532d3d0bd435?s=96&d=mm&r=g\",\"caption\":\"Lo viste en Los Pol\u00edticos\"},\"url\":\"https:\\\/\\\/lospoliticosveracruz.com\\\/?author=2\"}]}<\/script>\n<!-- \/ Yoast SEO plugin. -->","yoast_head_json":{"title":"Cuic, nos siguen faltando mujeres\u2026 - Los pol\u00edticos Veracruz","robots":{"index":"index","follow":"follow","max-snippet":"max-snippet:-1","max-image-preview":"max-image-preview:large","max-video-preview":"max-video-preview:-1"},"canonical":"https:\/\/lospoliticosveracruz.com\/?p=45522","og_locale":"es_ES","og_type":"article","og_title":"Cuic, nos siguen faltando mujeres\u2026 - Los pol\u00edticos Veracruz","og_description":"Brenda Caballero N\u00fameros Rojos Menos de tres d\u00edas faltan para que termine octubre y aunque se rumora que ser\u00e1 esta semana cuando se den los nombramientos faltantes de los nuevos titulares del gabinete del gobernador electo Cuitl\u00e1huac Garc\u00eda Jim\u00e9nez, es solamente eso: un rumor. En este mismo espacio antes de que el electo hiciera sus [&hellip;]","og_url":"https:\/\/lospoliticosveracruz.com\/?p=45522","og_site_name":"Los pol\u00edticos Veracruz","article_publisher":"https:\/\/www.facebook.com\/people\/Notimemes-de-los-Polticos\/61565672886568\/","article_published_time":"2018-10-29T02:56:09+00:00","og_image":[{"width":200,"height":200,"url":"https:\/\/lospoliticosveracruz.com\/wp-content\/uploads\/2016\/07\/Logo-Dor.jpg","type":"image\/jpeg"}],"author":"Lo viste en Los Pol\u00edticos","twitter_card":"summary_large_image","twitter_creator":"@LosPoliticosVer","twitter_site":"@LosPoliticosVer","twitter_misc":{"Escrito por":"Lo viste en Los Pol\u00edticos","Tiempo de lectura":"3 minutos"},"schema":{"@context":"https:\/\/schema.org","@graph":[{"@type":"Article","@id":"https:\/\/lospoliticosveracruz.com\/?p=45522#article","isPartOf":{"@id":"https:\/\/lospoliticosveracruz.com\/?p=45522"},"author":{"name":"Lo viste en Los Pol\u00edticos","@id":"https:\/\/lospoliticosveracruz.com\/#\/schema\/person\/b8702bb0e538456e6efd07080bf2a4a2"},"headline":"Cuic, nos siguen faltando mujeres\u2026","datePublished":"2018-10-29T02:56:09+00:00","mainEntityOfPage":{"@id":"https:\/\/lospoliticosveracruz.com\/?p=45522"},"wordCount":597,"commentCount":0,"publisher":{"@id":"https:\/\/lospoliticosveracruz.com\/#organization"},"keywords":["Acayucan","Andr\u00e9s Manuel L\u00f3pez Obrador","Brenda Caballero","Coatzacoalcos","Cosoleacaque","Cuitl\u00e1huac Garc\u00eda Jim\u00e9nez","Indira Rosales San Rom\u00e1n","J\u00e1ltipan","Las Choapas","Mar\u00eda Guadalupe Arg\u00fcelles Lozano","Mujeres","San Andr\u00e9s Tuxtla","Silvia Alejandre","tarifas el\u00e9ctricas","Veracruz","X\u00f3chitl Arbes\u00fa Lago"],"articleSection":["De Opini\u00f3n"],"inLanguage":"es","potentialAction":[{"@type":"CommentAction","name":"Comment","target":["https:\/\/lospoliticosveracruz.com\/?p=45522#respond"]}]},{"@type":"WebPage","@id":"https:\/\/lospoliticosveracruz.com\/?p=45522","url":"https:\/\/lospoliticosveracruz.com\/?p=45522","name":"Cuic, nos siguen faltando mujeres\u2026 - Los pol\u00edticos Veracruz","isPartOf":{"@id":"https:\/\/lospoliticosveracruz.com\/#website"},"datePublished":"2018-10-29T02:56:09+00:00","breadcrumb":{"@id":"https:\/\/lospoliticosveracruz.com\/?p=45522#breadcrumb"},"inLanguage":"es","potentialAction":[{"@type":"ReadAction","target":["https:\/\/lospoliticosveracruz.com\/?p=45522"]}]},{"@type":"BreadcrumbList","@id":"https:\/\/lospoliticosveracruz.com\/?p=45522#breadcrumb","itemListElement":[{"@type":"ListItem","position":1,"name":"Portada","item":"https:\/\/lospoliticosveracruz.com\/"},{"@type":"ListItem","position":2,"name":"Cuic, nos siguen faltando mujeres\u2026"}]},{"@type":"WebSite","@id":"https:\/\/lospoliticosveracruz.com\/#website","url":"https:\/\/lospoliticosveracruz.com\/","name":"Los pol\u00edticos Veracruz","description":"","publisher":{"@id":"https:\/\/lospoliticosveracruz.com\/#organization"},"potentialAction":[{"@type":"SearchAction","target":{"@type":"EntryPoint","urlTemplate":"https:\/\/lospoliticosveracruz.com\/?s={search_term_string}"},"query-input":{"@type":"PropertyValueSpecification","valueRequired":true,"valueName":"search_term_string"}}],"inLanguage":"es"},{"@type":"Organization","@id":"https:\/\/lospoliticosveracruz.com\/#organization","name":"Los pol\u00edticos Veracruz","url":"https:\/\/lospoliticosveracruz.com\/","logo":{"@type":"ImageObject","inLanguage":"es","@id":"https:\/\/lospoliticosveracruz.com\/#\/schema\/logo\/image\/","url":"https:\/\/lospoliticosveracruz.com\/wp-content\/uploads\/2025\/12\/Logo-Nuevo-LOS-POLITICOS-1.jpg","contentUrl":"https:\/\/lospoliticosveracruz.com\/wp-content\/uploads\/2025\/12\/Logo-Nuevo-LOS-POLITICOS-1.jpg","width":260,"height":70,"caption":"Los pol\u00edticos Veracruz"},"image":{"@id":"https:\/\/lospoliticosveracruz.com\/#\/schema\/logo\/image\/"},"sameAs":["https:\/\/www.facebook.com\/people\/Notimemes-de-los-Polticos\/61565672886568\/","https:\/\/x.com\/LosPoliticosVer"]},{"@type":"Person","@id":"https:\/\/lospoliticosveracruz.com\/#\/schema\/person\/b8702bb0e538456e6efd07080bf2a4a2","name":"Lo viste en Los Pol\u00edticos","image":{"@type":"ImageObject","inLanguage":"es","@id":"https:\/\/secure.gravatar.com\/avatar\/3a8de04a2656d44082be478bd6c086daa447c4651605818287b9532d3d0bd435?s=96&d=mm&r=g","url":"https:\/\/secure.gravatar.com\/avatar\/3a8de04a2656d44082be478bd6c086daa447c4651605818287b9532d3d0bd435?s=96&d=mm&r=g","contentUrl":"https:\/\/secure.gravatar.com\/avatar\/3a8de04a2656d44082be478bd6c086daa447c4651605818287b9532d3d0bd435?s=96&d=mm&r=g","caption":"Lo viste en Los Pol\u00edticos"},"url":"https:\/\/lospoliticosveracruz.com\/?author=2"}]}},"_links":{"self":[{"href":"https:\/\/lospoliticosveracruz.com\/index.php?rest_route=\/wp\/v2\/posts\/45522","targetHints":{"allow":["GET"]}}],"collection":[{"href":"https:\/\/lospoliticosveracruz.com\/index.php?rest_route=\/wp\/v2\/posts"}],"about":[{"href":"https:\/\/lospoliticosveracruz.com\/index.php?rest_route=\/wp\/v2\/types\/post"}],"author":[{"embeddable":true,"href":"https:\/\/lospoliticosveracruz.com\/index.php?rest_route=\/wp\/v2\/users\/2"}],"replies":[{"embeddable":true,"href":"https:\/\/lospoliticosveracruz.com\/index.php?rest_route=%2Fwp%2Fv2%2Fcomments&post=45522"}],"version-history":[{"count":1,"href":"https:\/\/lospoliticosveracruz.com\/index.php?rest_route=\/wp\/v2\/posts\/45522\/revisions"}],"predecessor-version":[{"id":45524,"href":"https:\/\/lospoliticosveracruz.com\/index.php?rest_route=\/wp\/v2\/posts\/45522\/revisions\/45524"}],"wp:attachment":[{"href":"https:\/\/lospoliticosveracruz.com\/index.php?rest_route=%2Fwp%2Fv2%2Fmedia&parent=45522"}],"wp:term":[{"taxonomy":"category","embeddable":true,"href":"https:\/\/lospoliticosveracruz.com\/index.php?rest_route=%2Fwp%2Fv2%2Fcategories&post=45522"},{"taxonomy":"post_tag","embeddable":true,"href":"https:\/\/lospoliticosveracruz.com\/index.php?rest_route=%2Fwp%2Fv2%2Ftags&post=45522"}],"curies":[{"name":"wp","href":"https:\/\/api.w.org\/{rel}","templated":true}]}}