{"id":45526,"date":"2018-10-29T09:16:10","date_gmt":"2018-10-29T15:16:10","guid":{"rendered":"http:\/\/www.lospoliticosveracruz.com.mx\/?p=45526"},"modified":"2018-10-29T09:16:10","modified_gmt":"2018-10-29T15:16:10","slug":"el-dia-se-colmo-de-bruma-en-forma-de-neblina","status":"publish","type":"post","link":"https:\/\/lospoliticosveracruz.com\/?p=45526","title":{"rendered":"El d\u00eda se colm\u00f3 de bruma en forma de neblina"},"content":{"rendered":"<p>&nbsp;<\/p>\n<div id=\"m_8221955574426808886yMail_cursorElementTracker_1540823663047\"><strong>Edgar Landa Hern\u00e1ndez<\/strong><\/div>\n<div id=\"m_8221955574426808886yMail_cursorElementTracker_1540823674248\"><em>Fin de siglo<\/em><\/div>\n<div id=\"m_8221955574426808886yMail_cursorElementTracker_1540823674704\">\n<div id=\"m_8221955574426808886yMail_cursorElementTracker_1540823674704\"><\/div>\n<div id=\"m_8221955574426808886yMail_cursorElementTracker_1540823674704\">La neblina hace su aparici\u00f3n una vez m\u00e1s, entra a escena con un vientecillo que sisea entre la atm\u00f3sfera dej\u00e1ndose sentir con el fr\u00edo que se le caracteriza, como aquel Xalapa de anta\u00f1o que poco a poco se esfuma, pero que en ocasiones como la de hoy se aparece y desde una forma sutil alza la mano y dice \u00a1presente!; aun no me he ido.<\/div>\n<div id=\"m_8221955574426808886yMail_cursorElementTracker_1540823674704\"><\/div>\n<div id=\"m_8221955574426808886yMail_cursorElementTracker_1540823674704\">\u00a0La tranquilidad Se respira por doquier, se vuelve a\u00e9rea y se traslucen a trav\u00e9s de las hierbas que murmuran y de los \u00e1rboles que callan, de los cantos que vigilan y de los silencios que aplauden. El d\u00e9cimo mes del calendario agoniza, decae lentamente sin dar tregua alguna, se sabe moribundo y as\u00ed expira poco a poco, pero dejando un sello sin igual que ser\u00e1 recordado por mucho tiempo.<\/div>\n<div id=\"m_8221955574426808886yMail_cursorElementTracker_1540823674704\"><\/div>\n<div id=\"m_8221955574426808886yMail_cursorElementTracker_1540823674704\">\u00a0Y la neblina prosigue invadiendo tejados y fachadas, entradas y salidas, se divierte y sobrepasa lo imaginable, mientras peque\u00f1as goterillas refrescan el sentir y la agudeza de una sensibilidad que esta latente y en todas partes, que resiente las quimeras y se postra ante los sue\u00f1os olvidados que ejercen una remembranza sin igual.<\/div>\n<div id=\"m_8221955574426808886yMail_cursorElementTracker_1540823674704\"><\/div>\n<div id=\"m_8221955574426808886yMail_cursorElementTracker_1540823674704\">\u00a0Las calles lucen desiertas, \u00e1vidas de los ruidos citadinos y avalanchas de autos que colman las avenidas entre semana, hoy apenas son recuerdos lastimeros de lo que ha dejado de ser mi otrora bella \u00a1ciudad de las flores!<\/div>\n<div id=\"m_8221955574426808886yMail_cursorElementTracker_1540823674704\"><\/div>\n<div id=\"m_8221955574426808886yMail_cursorElementTracker_1540823674704\">\u00a0Mientras tanto la gente se llena de algarab\u00eda en torno a los puestos, donde por la \u00e9poca, se llena de flor de cempas\u00fachil, de incienso, de calaveras multicolores que le dan el realce a lo que se acerca, a los d\u00edas de muertos.<\/div>\n<div id=\"m_8221955574426808886yMail_cursorElementTracker_1540823674704\"><\/div>\n<div id=\"m_8221955574426808886yMail_cursorElementTracker_1540823674704\">Huele a dulce de jamoncillo, de calabaza, mas all\u00e1 de la muerte huele a vida, a alegr\u00eda de saberse unido a esta tierra que ata y desata sentimientos. Una vez m\u00e1s la neblina me trajo decenas de remembranzas que llevo en mi ser, en el intr\u00ednseco sentir sin igual de una vida que me ha dado de todo.<\/div>\n<\/div>\n","protected":false},"excerpt":{"rendered":"<p>&nbsp; Edgar Landa Hern\u00e1ndez Fin de siglo La neblina hace su aparici\u00f3n una vez m\u00e1s, entra a escena con un vientecillo que sisea entre la atm\u00f3sfera dej\u00e1ndose sentir con el fr\u00edo que se le caracteriza, como aquel Xalapa de anta\u00f1o que poco a poco se esfuma, pero que en ocasiones como la de hoy se [&hellip;]<\/p>\n","protected":false},"author":2,"featured_media":0,"comment_status":"open","ping_status":"open","sticky":false,"template":"","format":"standard","meta":{"tdm_status":"","tdm_grid_status":"","footnotes":""},"categories":[70],"tags":[12383,13002,96],"class_list":{"0":"post-45526","1":"post","2":"type-post","3":"status-publish","4":"format-standard","6":"category-de-opinion","7":"tag-edgar-landa-hernandez","8":"tag-neblina","9":"tag-xalapa"},"yoast_head":"<!-- This site is optimized with the Yoast SEO plugin v27.4 - https:\/\/yoast.com\/product\/yoast-seo-wordpress\/ -->\n<title>El d\u00eda se colm\u00f3 de bruma en forma de neblina - Los pol\u00edticos Veracruz<\/title>\n<meta name=\"robots\" content=\"index, follow, max-snippet:-1, max-image-preview:large, max-video-preview:-1\" \/>\n<link rel=\"canonical\" href=\"https:\/\/lospoliticosveracruz.com\/?p=45526\" \/>\n<meta property=\"og:locale\" content=\"es_ES\" \/>\n<meta property=\"og:type\" content=\"article\" \/>\n<meta property=\"og:title\" content=\"El d\u00eda se colm\u00f3 de bruma en forma de neblina - Los pol\u00edticos Veracruz\" \/>\n<meta property=\"og:description\" content=\"&nbsp; Edgar Landa Hern\u00e1ndez Fin de siglo La neblina hace su aparici\u00f3n una vez m\u00e1s, entra a escena con un vientecillo que sisea entre la atm\u00f3sfera dej\u00e1ndose sentir con el fr\u00edo que se le caracteriza, como aquel Xalapa de anta\u00f1o que poco a poco se esfuma, pero que en ocasiones como la de hoy se [&hellip;]\" \/>\n<meta property=\"og:url\" content=\"https:\/\/lospoliticosveracruz.com\/?p=45526\" \/>\n<meta property=\"og:site_name\" content=\"Los pol\u00edticos Veracruz\" \/>\n<meta property=\"article:publisher\" content=\"https:\/\/www.facebook.com\/people\/Notimemes-de-los-Polticos\/61565672886568\/\" \/>\n<meta property=\"article:published_time\" content=\"2018-10-29T15:16:10+00:00\" \/>\n<meta property=\"og:image\" content=\"https:\/\/lospoliticosveracruz.com\/wp-content\/uploads\/2016\/07\/Logo-Dor.jpg\" \/>\n\t<meta property=\"og:image:width\" content=\"200\" \/>\n\t<meta property=\"og:image:height\" content=\"200\" \/>\n\t<meta property=\"og:image:type\" content=\"image\/jpeg\" \/>\n<meta name=\"author\" content=\"Lo viste en Los Pol\u00edticos\" \/>\n<meta name=\"twitter:card\" content=\"summary_large_image\" \/>\n<meta name=\"twitter:creator\" content=\"@LosPoliticosVer\" \/>\n<meta name=\"twitter:site\" content=\"@LosPoliticosVer\" \/>\n<meta name=\"twitter:label1\" content=\"Escrito por\" \/>\n\t<meta name=\"twitter:data1\" content=\"Lo viste en Los Pol\u00edticos\" \/>\n\t<meta name=\"twitter:label2\" content=\"Tiempo de lectura\" \/>\n\t<meta name=\"twitter:data2\" content=\"2 minutos\" \/>\n<script type=\"application\/ld+json\" class=\"yoast-schema-graph\">{\"@context\":\"https:\\\/\\\/schema.org\",\"@graph\":[{\"@type\":\"Article\",\"@id\":\"https:\\\/\\\/lospoliticosveracruz.com\\\/?p=45526#article\",\"isPartOf\":{\"@id\":\"https:\\\/\\\/lospoliticosveracruz.com\\\/?p=45526\"},\"author\":{\"name\":\"Lo viste en Los Pol\u00edticos\",\"@id\":\"https:\\\/\\\/lospoliticosveracruz.com\\\/#\\\/schema\\\/person\\\/b8702bb0e538456e6efd07080bf2a4a2\"},\"headline\":\"El d\u00eda se colm\u00f3 de bruma en forma de neblina\",\"datePublished\":\"2018-10-29T15:16:10+00:00\",\"mainEntityOfPage\":{\"@id\":\"https:\\\/\\\/lospoliticosveracruz.com\\\/?p=45526\"},\"wordCount\":362,\"commentCount\":0,\"publisher\":{\"@id\":\"https:\\\/\\\/lospoliticosveracruz.com\\\/#organization\"},\"keywords\":[\"Edgar Landa Hern\u00e1ndez\",\"neblina\",\"Xalapa\"],\"articleSection\":[\"De Opini\u00f3n\"],\"inLanguage\":\"es\",\"potentialAction\":[{\"@type\":\"CommentAction\",\"name\":\"Comment\",\"target\":[\"https:\\\/\\\/lospoliticosveracruz.com\\\/?p=45526#respond\"]}]},{\"@type\":\"WebPage\",\"@id\":\"https:\\\/\\\/lospoliticosveracruz.com\\\/?p=45526\",\"url\":\"https:\\\/\\\/lospoliticosveracruz.com\\\/?p=45526\",\"name\":\"El d\u00eda se colm\u00f3 de bruma en forma de neblina - Los pol\u00edticos Veracruz\",\"isPartOf\":{\"@id\":\"https:\\\/\\\/lospoliticosveracruz.com\\\/#website\"},\"datePublished\":\"2018-10-29T15:16:10+00:00\",\"breadcrumb\":{\"@id\":\"https:\\\/\\\/lospoliticosveracruz.com\\\/?p=45526#breadcrumb\"},\"inLanguage\":\"es\",\"potentialAction\":[{\"@type\":\"ReadAction\",\"target\":[\"https:\\\/\\\/lospoliticosveracruz.com\\\/?p=45526\"]}]},{\"@type\":\"BreadcrumbList\",\"@id\":\"https:\\\/\\\/lospoliticosveracruz.com\\\/?p=45526#breadcrumb\",\"itemListElement\":[{\"@type\":\"ListItem\",\"position\":1,\"name\":\"Portada\",\"item\":\"https:\\\/\\\/lospoliticosveracruz.com\\\/\"},{\"@type\":\"ListItem\",\"position\":2,\"name\":\"El d\u00eda se colm\u00f3 de bruma en forma de neblina\"}]},{\"@type\":\"WebSite\",\"@id\":\"https:\\\/\\\/lospoliticosveracruz.com\\\/#website\",\"url\":\"https:\\\/\\\/lospoliticosveracruz.com\\\/\",\"name\":\"Los pol\u00edticos Veracruz\",\"description\":\"\",\"publisher\":{\"@id\":\"https:\\\/\\\/lospoliticosveracruz.com\\\/#organization\"},\"potentialAction\":[{\"@type\":\"SearchAction\",\"target\":{\"@type\":\"EntryPoint\",\"urlTemplate\":\"https:\\\/\\\/lospoliticosveracruz.com\\\/?s={search_term_string}\"},\"query-input\":{\"@type\":\"PropertyValueSpecification\",\"valueRequired\":true,\"valueName\":\"search_term_string\"}}],\"inLanguage\":\"es\"},{\"@type\":\"Organization\",\"@id\":\"https:\\\/\\\/lospoliticosveracruz.com\\\/#organization\",\"name\":\"Los pol\u00edticos Veracruz\",\"url\":\"https:\\\/\\\/lospoliticosveracruz.com\\\/\",\"logo\":{\"@type\":\"ImageObject\",\"inLanguage\":\"es\",\"@id\":\"https:\\\/\\\/lospoliticosveracruz.com\\\/#\\\/schema\\\/logo\\\/image\\\/\",\"url\":\"https:\\\/\\\/lospoliticosveracruz.com\\\/wp-content\\\/uploads\\\/2025\\\/12\\\/Logo-Nuevo-LOS-POLITICOS-1.jpg\",\"contentUrl\":\"https:\\\/\\\/lospoliticosveracruz.com\\\/wp-content\\\/uploads\\\/2025\\\/12\\\/Logo-Nuevo-LOS-POLITICOS-1.jpg\",\"width\":260,\"height\":70,\"caption\":\"Los pol\u00edticos Veracruz\"},\"image\":{\"@id\":\"https:\\\/\\\/lospoliticosveracruz.com\\\/#\\\/schema\\\/logo\\\/image\\\/\"},\"sameAs\":[\"https:\\\/\\\/www.facebook.com\\\/people\\\/Notimemes-de-los-Polticos\\\/61565672886568\\\/\",\"https:\\\/\\\/x.com\\\/LosPoliticosVer\"]},{\"@type\":\"Person\",\"@id\":\"https:\\\/\\\/lospoliticosveracruz.com\\\/#\\\/schema\\\/person\\\/b8702bb0e538456e6efd07080bf2a4a2\",\"name\":\"Lo viste en Los Pol\u00edticos\",\"image\":{\"@type\":\"ImageObject\",\"inLanguage\":\"es\",\"@id\":\"https:\\\/\\\/secure.gravatar.com\\\/avatar\\\/3a8de04a2656d44082be478bd6c086daa447c4651605818287b9532d3d0bd435?s=96&d=mm&r=g\",\"url\":\"https:\\\/\\\/secure.gravatar.com\\\/avatar\\\/3a8de04a2656d44082be478bd6c086daa447c4651605818287b9532d3d0bd435?s=96&d=mm&r=g\",\"contentUrl\":\"https:\\\/\\\/secure.gravatar.com\\\/avatar\\\/3a8de04a2656d44082be478bd6c086daa447c4651605818287b9532d3d0bd435?s=96&d=mm&r=g\",\"caption\":\"Lo viste en Los Pol\u00edticos\"},\"url\":\"https:\\\/\\\/lospoliticosveracruz.com\\\/?author=2\"}]}<\/script>\n<!-- \/ Yoast SEO plugin. -->","yoast_head_json":{"title":"El d\u00eda se colm\u00f3 de bruma en forma de neblina - Los pol\u00edticos Veracruz","robots":{"index":"index","follow":"follow","max-snippet":"max-snippet:-1","max-image-preview":"max-image-preview:large","max-video-preview":"max-video-preview:-1"},"canonical":"https:\/\/lospoliticosveracruz.com\/?p=45526","og_locale":"es_ES","og_type":"article","og_title":"El d\u00eda se colm\u00f3 de bruma en forma de neblina - Los pol\u00edticos Veracruz","og_description":"&nbsp; Edgar Landa Hern\u00e1ndez Fin de siglo La neblina hace su aparici\u00f3n una vez m\u00e1s, entra a escena con un vientecillo que sisea entre la atm\u00f3sfera dej\u00e1ndose sentir con el fr\u00edo que se le caracteriza, como aquel Xalapa de anta\u00f1o que poco a poco se esfuma, pero que en ocasiones como la de hoy se [&hellip;]","og_url":"https:\/\/lospoliticosveracruz.com\/?p=45526","og_site_name":"Los pol\u00edticos Veracruz","article_publisher":"https:\/\/www.facebook.com\/people\/Notimemes-de-los-Polticos\/61565672886568\/","article_published_time":"2018-10-29T15:16:10+00:00","og_image":[{"width":200,"height":200,"url":"https:\/\/lospoliticosveracruz.com\/wp-content\/uploads\/2016\/07\/Logo-Dor.jpg","type":"image\/jpeg"}],"author":"Lo viste en Los Pol\u00edticos","twitter_card":"summary_large_image","twitter_creator":"@LosPoliticosVer","twitter_site":"@LosPoliticosVer","twitter_misc":{"Escrito por":"Lo viste en Los Pol\u00edticos","Tiempo de lectura":"2 minutos"},"schema":{"@context":"https:\/\/schema.org","@graph":[{"@type":"Article","@id":"https:\/\/lospoliticosveracruz.com\/?p=45526#article","isPartOf":{"@id":"https:\/\/lospoliticosveracruz.com\/?p=45526"},"author":{"name":"Lo viste en Los Pol\u00edticos","@id":"https:\/\/lospoliticosveracruz.com\/#\/schema\/person\/b8702bb0e538456e6efd07080bf2a4a2"},"headline":"El d\u00eda se colm\u00f3 de bruma en forma de neblina","datePublished":"2018-10-29T15:16:10+00:00","mainEntityOfPage":{"@id":"https:\/\/lospoliticosveracruz.com\/?p=45526"},"wordCount":362,"commentCount":0,"publisher":{"@id":"https:\/\/lospoliticosveracruz.com\/#organization"},"keywords":["Edgar Landa Hern\u00e1ndez","neblina","Xalapa"],"articleSection":["De Opini\u00f3n"],"inLanguage":"es","potentialAction":[{"@type":"CommentAction","name":"Comment","target":["https:\/\/lospoliticosveracruz.com\/?p=45526#respond"]}]},{"@type":"WebPage","@id":"https:\/\/lospoliticosveracruz.com\/?p=45526","url":"https:\/\/lospoliticosveracruz.com\/?p=45526","name":"El d\u00eda se colm\u00f3 de bruma en forma de neblina - Los pol\u00edticos Veracruz","isPartOf":{"@id":"https:\/\/lospoliticosveracruz.com\/#website"},"datePublished":"2018-10-29T15:16:10+00:00","breadcrumb":{"@id":"https:\/\/lospoliticosveracruz.com\/?p=45526#breadcrumb"},"inLanguage":"es","potentialAction":[{"@type":"ReadAction","target":["https:\/\/lospoliticosveracruz.com\/?p=45526"]}]},{"@type":"BreadcrumbList","@id":"https:\/\/lospoliticosveracruz.com\/?p=45526#breadcrumb","itemListElement":[{"@type":"ListItem","position":1,"name":"Portada","item":"https:\/\/lospoliticosveracruz.com\/"},{"@type":"ListItem","position":2,"name":"El d\u00eda se colm\u00f3 de bruma en forma de neblina"}]},{"@type":"WebSite","@id":"https:\/\/lospoliticosveracruz.com\/#website","url":"https:\/\/lospoliticosveracruz.com\/","name":"Los pol\u00edticos Veracruz","description":"","publisher":{"@id":"https:\/\/lospoliticosveracruz.com\/#organization"},"potentialAction":[{"@type":"SearchAction","target":{"@type":"EntryPoint","urlTemplate":"https:\/\/lospoliticosveracruz.com\/?s={search_term_string}"},"query-input":{"@type":"PropertyValueSpecification","valueRequired":true,"valueName":"search_term_string"}}],"inLanguage":"es"},{"@type":"Organization","@id":"https:\/\/lospoliticosveracruz.com\/#organization","name":"Los pol\u00edticos Veracruz","url":"https:\/\/lospoliticosveracruz.com\/","logo":{"@type":"ImageObject","inLanguage":"es","@id":"https:\/\/lospoliticosveracruz.com\/#\/schema\/logo\/image\/","url":"https:\/\/lospoliticosveracruz.com\/wp-content\/uploads\/2025\/12\/Logo-Nuevo-LOS-POLITICOS-1.jpg","contentUrl":"https:\/\/lospoliticosveracruz.com\/wp-content\/uploads\/2025\/12\/Logo-Nuevo-LOS-POLITICOS-1.jpg","width":260,"height":70,"caption":"Los pol\u00edticos Veracruz"},"image":{"@id":"https:\/\/lospoliticosveracruz.com\/#\/schema\/logo\/image\/"},"sameAs":["https:\/\/www.facebook.com\/people\/Notimemes-de-los-Polticos\/61565672886568\/","https:\/\/x.com\/LosPoliticosVer"]},{"@type":"Person","@id":"https:\/\/lospoliticosveracruz.com\/#\/schema\/person\/b8702bb0e538456e6efd07080bf2a4a2","name":"Lo viste en Los Pol\u00edticos","image":{"@type":"ImageObject","inLanguage":"es","@id":"https:\/\/secure.gravatar.com\/avatar\/3a8de04a2656d44082be478bd6c086daa447c4651605818287b9532d3d0bd435?s=96&d=mm&r=g","url":"https:\/\/secure.gravatar.com\/avatar\/3a8de04a2656d44082be478bd6c086daa447c4651605818287b9532d3d0bd435?s=96&d=mm&r=g","contentUrl":"https:\/\/secure.gravatar.com\/avatar\/3a8de04a2656d44082be478bd6c086daa447c4651605818287b9532d3d0bd435?s=96&d=mm&r=g","caption":"Lo viste en Los Pol\u00edticos"},"url":"https:\/\/lospoliticosveracruz.com\/?author=2"}]}},"_links":{"self":[{"href":"https:\/\/lospoliticosveracruz.com\/index.php?rest_route=\/wp\/v2\/posts\/45526","targetHints":{"allow":["GET"]}}],"collection":[{"href":"https:\/\/lospoliticosveracruz.com\/index.php?rest_route=\/wp\/v2\/posts"}],"about":[{"href":"https:\/\/lospoliticosveracruz.com\/index.php?rest_route=\/wp\/v2\/types\/post"}],"author":[{"embeddable":true,"href":"https:\/\/lospoliticosveracruz.com\/index.php?rest_route=\/wp\/v2\/users\/2"}],"replies":[{"embeddable":true,"href":"https:\/\/lospoliticosveracruz.com\/index.php?rest_route=%2Fwp%2Fv2%2Fcomments&post=45526"}],"version-history":[{"count":1,"href":"https:\/\/lospoliticosveracruz.com\/index.php?rest_route=\/wp\/v2\/posts\/45526\/revisions"}],"predecessor-version":[{"id":45528,"href":"https:\/\/lospoliticosveracruz.com\/index.php?rest_route=\/wp\/v2\/posts\/45526\/revisions\/45528"}],"wp:attachment":[{"href":"https:\/\/lospoliticosveracruz.com\/index.php?rest_route=%2Fwp%2Fv2%2Fmedia&parent=45526"}],"wp:term":[{"taxonomy":"category","embeddable":true,"href":"https:\/\/lospoliticosveracruz.com\/index.php?rest_route=%2Fwp%2Fv2%2Fcategories&post=45526"},{"taxonomy":"post_tag","embeddable":true,"href":"https:\/\/lospoliticosveracruz.com\/index.php?rest_route=%2Fwp%2Fv2%2Ftags&post=45526"}],"curies":[{"name":"wp","href":"https:\/\/api.w.org\/{rel}","templated":true}]}}