{"id":45532,"date":"2018-10-29T22:55:56","date_gmt":"2018-10-30T04:55:56","guid":{"rendered":"http:\/\/www.lospoliticosveracruz.com.mx\/?p=45532"},"modified":"2018-10-29T22:47:35","modified_gmt":"2018-10-30T04:47:35","slug":"los-pluris-del-ople","status":"publish","type":"post","link":"https:\/\/lospoliticosveracruz.com\/?p=45532","title":{"rendered":"Los \u201cpluris\u201d del OPLE"},"content":{"rendered":"<p><strong>Salvador Mu\u00f1oz<\/strong><\/p>\n<p><em>Los Pol\u00edticos<\/em><\/p>\n<p><span style=\"font-weight: 400;\">\u00bfY Moreno? \u00bfD\u00f3nde est\u00e1 Moreno?, era la pregunta que se hac\u00edan y el cuchicheo entre los cercanos al emisor era: \u00a1Est\u00e1 con los morenos!<\/span><\/p>\n<p><span style=\"font-weight: 400;\">Era la broma que se hac\u00eda en la entrega de Constancias de Asignaci\u00f3n de Diputaciones por el Principio de Representaci\u00f3n Proporcional, que en buen cristiano era acreditar a los diputados \u201cpluris\u201d como tal para la Legislatura LXV del Congreso local de Veracruz, a instalarse el pr\u00f3ximo mi\u00e9rcoles.<\/span><\/p>\n<p><span style=\"font-weight: 400;\">La entrega de las constancias en las instalaciones del OPLE, bien pudiera pasar como un mero tr\u00e1mite de no ser por unos detalles y un ligero inconveniente en el que quienes integran el organismo electoral tendr\u00e1n que tomar en cuenta: la inclusi\u00f3n.<\/span><\/p>\n<p><span style=\"font-weight: 400;\">A lo mejor s\u00ed la tienen contemplada y en este acto se les pudo haber pasado, porque cuando van subiendo al estrado los morenos Jos\u00e9 Andr\u00e9s Castellanos Vel\u00e1zquez (propietario) y su suplente Mart\u00edn Mart\u00ednez G\u00f3mez con bast\u00f3n en mano, algo le comenta el presidente del OPLE, Alejandro Bonilla Bonilla a la consejera Eva Barrientos. Esperamos que haya sido eso, que hayan notado la falta de una rampa y un pasamanos quiz\u00e1s.<\/span><\/p>\n<p><span style=\"font-weight: 400;\">No fue el \u00fanico caso. Cuando toca turno a los otros morenos Henri Christophe G\u00f3mez S\u00e1nchez y a su compa\u00f1ero de f\u00f3rmula, fue m\u00e1s claro el problema para Ignacio Arroyo Gaona al subir por los tres o cuatro escalones que llevan al estrado. El lado derecho de don Ignacio, pierna y brazo, aparentemente lo tiene r\u00edgido, casi inm\u00f3vil, a tal grado que Henri Christophe tuvo que auxiliarlo tomando su constancia para que apoyado por el bast\u00f3n de cuatro patas, pudiera descender del estrado.<\/span><\/p>\n<p><span style=\"font-weight: 400;\">Es seguro, como dice Bonilla Bonilla, han de trabajar en ello en estos dos a\u00f1os que no habr\u00e1 proceso electoral\u2026<\/span><\/p>\n<p><span style=\"font-weight: 400;\">* Ahora, los otros detalles m\u00e1s agradables\u2026 como por ejemplo, cuando pasa la primera f\u00f3rmula, Enrique Cambranis y Federico Salom\u00f3n Molina, la emoci\u00f3n le gana al presidente del OPLE quien aplaude con mucho entusiasmo. Todav\u00eda les da instrucciones para que posen para la foto del recuerdo.<\/span><\/p>\n<p><span style=\"font-weight: 400;\">* Cuando pasa la panista Marichuy Mart\u00ednez D\u00edaz (su suplente no lleg\u00f3), la prensa la regres\u00f3 porque ya bajaba del estrado olvidando posar para la foto.<\/span><\/p>\n<p><span style=\"font-weight: 400;\">* El dirigente del PAN, Omar \u201cel Cari\u00f1o\u201d Miranda y su suplente Jorge Barrera parec\u00edan clones: compactos y los dos con barba. Ah, ambos saludaron con beso en la mejilla a Eva Barrientos, no as\u00ed a Tania V\u00e1zquez Mu\u00f1oz\u2026 a ella nom\u00e1s de mano.<\/span><\/p>\n<p><span style=\"font-weight: 400;\">* En el caso de Montserrat Ortega, no pudo estar presente su esposo\u2026 anda en campa\u00f1a en pos de reelegirse en la dirigencia del PAN.<\/span><\/p>\n<p><span style=\"font-weight: 400;\">* Mizraim Eligio Castel\u00e1n Enr\u00edquez le gan\u00f3 a su compa\u00f1ero de f\u00f3rmula Sergio Hern\u00e1ndez\u2026 pero a subir al estrado\u2026 bueno, desde que inici\u00f3 la ceremonia estaba atr\u00e1s de los consejeros porque es representante del PAN ante el Consejo General.<\/span><\/p>\n<p><span style=\"font-weight: 400;\">* Juan Carlos Molina Palacios, fiel a su estilo, lleg\u00f3 con sombrero, se sent\u00f3 y por unos breves momentos, se descubri\u00f3 la cabeza, pero la fuerza de la costumbre lo puso en su lugar. Subi\u00f3 al estrado por su constancia y al bajar se le pregunt\u00f3:<\/span><span style=\"font-weight: 400;\"><br \/>\n<\/span><span style=\"font-weight: 400;\">\u2013\u00bfTe vas a tomar la foto ma\u00f1ana en el Congreso con sombrero o te pondr\u00e1s \u00abFif\u00ed\u00bb?<\/span><\/p>\n<p><span style=\"font-weight: 400;\">\u2013\u00a1Con sombrero, hermano\u2026 con sombrero!<\/span><\/p>\n<p><span style=\"font-weight: 400;\">* Despu\u00e9s de 21:30 minutos de haber iniciado el evento, justo cuando posan para la foto Jorge Moreno Salinas y Rafael de Hombre, sube a ocupar su lugar el consejero Juan Manuel V\u00e1zquez Barajas, y as\u00ed, para que no se viera feo, Bonilla Bonilla le pasa unas constancias para que las entregue a Florencia Mart\u00ednez y Lidia Abigail V\u00e1zquez (PRD). Cinco minutos tras haber llegado, un asistente le lleva una botellita de agua\u2026 no piense que por \u201cla cruda\u201d, sino es porque \u201clleg\u00f3 corriendo\u201d.<\/span><\/p>\n<p><span style=\"font-weight: 400;\">* M\u00f3nica Robles lleg\u00f3 sin suplente\u2026 y es que la suplente ya amarr\u00f3 \u201chueso\u201d&#8230; es la pr\u00f3xima secretaria de Turismo, X\u00f3chitl Arbes\u00fa Lago.<\/span><\/p>\n<p><span style=\"font-weight: 400;\">* \u00a0Al final, los reporteros buscaron a Jos\u00e9 Manuel Pozos Castro para cuestionarlo si ha de ser la cabeza de la Jucopo en la pr\u00f3xima legislatura, mientras que por otro lado, Am\u00e9rico Z\u00fa\u00f1iga, Erika Ayala y Juan Carlos Molina Palacios se tomaban la foto del recuerdo y por supuesto, all\u00ed se percataron que alguien faltaba&#8230;<\/span><\/p>\n<p><span style=\"font-weight: 400;\">\u2013\u00bfY Moreno? \u00bfD\u00f3nde est\u00e1 Moreno?<\/span><\/p>\n<p><span style=\"font-weight: 400;\">\u2013\u00a1Est\u00e1 con los morenos!\u2013 un malicioso dec\u00eda entre cuchicheos.<\/span><\/p>\n<p><span style=\"font-weight: 400;\">S\u00ed, no dur\u00f3 nada\u2026 pero nadita de nada la botella de agua que le llevaron al consejero Juan Manuel V\u00e1zquez Barajas\u2026 \u00a1de seguro ven\u00eda deshidrat\u00e1ndose!<\/span><\/p>\n<p>&nbsp;<\/p>\n<p><span style=\"font-weight: 400;\">smcainito@gmail.com<\/span><\/p>\n","protected":false},"excerpt":{"rendered":"<p>Salvador Mu\u00f1oz Los Pol\u00edticos \u00bfY Moreno? \u00bfD\u00f3nde est\u00e1 Moreno?, era la pregunta que se hac\u00edan y el cuchicheo entre los cercanos al emisor era: \u00a1Est\u00e1 con los morenos! Era la broma que se hac\u00eda en la entrega de Constancias de Asignaci\u00f3n de Diputaciones por el Principio de Representaci\u00f3n Proporcional, que en buen cristiano era acreditar [&hellip;]<\/p>\n","protected":false},"author":2,"featured_media":0,"comment_status":"open","ping_status":"open","sticky":false,"template":"","format":"standard","meta":{"tdm_status":"","tdm_grid_status":"","footnotes":""},"categories":[70],"tags":[483,2226,106,13008,13013,13006,13007,13010,13005,11958,3256,9417,13014,13003,13009,13004,13012,13011,1026,12807,3272,251,6142,195],"class_list":{"0":"post-45532","1":"post","2":"type-post","3":"status-publish","4":"format-standard","6":"category-de-opinion","7":"tag-americo-zuniga","8":"tag-enrique-cambranis","9":"tag-erika-ayala","10":"tag-federico-salomon-molina","11":"tag-florencia-martinez","12":"tag-henri-christophe-gomez-sanchez","13":"tag-ignacio-arroyo-gaona","14":"tag-jorge-barrera","15":"tag-jose-andres-castellanos-velazquez","16":"tag-jose-manuel-pozos-castro","17":"tag-juan-carlos-molina-palacios","18":"tag-juan-manuel-vazquez-barajas","19":"tag-lidia-abigail-vazquez","20":"tag-lxv-del-congreso","21":"tag-marichuy-martinez-diaz","22":"tag-martin-martinez-gomez","23":"tag-mizraim-eligio-castelan-enriquez","24":"tag-montserrat-ortega","25":"tag-morena","26":"tag-omar-miranda","27":"tag-ople","28":"tag-pri","29":"tag-sergio-hernandez","30":"tag-veracruz"},"yoast_head":"<!-- This site is optimized with the Yoast SEO plugin v27.4 - https:\/\/yoast.com\/product\/yoast-seo-wordpress\/ -->\n<title>Los \u201cpluris\u201d del OPLE - Los pol\u00edticos Veracruz<\/title>\n<meta name=\"robots\" content=\"index, follow, max-snippet:-1, max-image-preview:large, max-video-preview:-1\" \/>\n<link rel=\"canonical\" href=\"https:\/\/lospoliticosveracruz.com\/?p=45532\" \/>\n<meta property=\"og:locale\" content=\"es_ES\" \/>\n<meta property=\"og:type\" content=\"article\" \/>\n<meta property=\"og:title\" content=\"Los \u201cpluris\u201d del OPLE - Los pol\u00edticos Veracruz\" \/>\n<meta property=\"og:description\" content=\"Salvador Mu\u00f1oz Los Pol\u00edticos \u00bfY Moreno? \u00bfD\u00f3nde est\u00e1 Moreno?, era la pregunta que se hac\u00edan y el cuchicheo entre los cercanos al emisor era: \u00a1Est\u00e1 con los morenos! Era la broma que se hac\u00eda en la entrega de Constancias de Asignaci\u00f3n de Diputaciones por el Principio de Representaci\u00f3n Proporcional, que en buen cristiano era acreditar [&hellip;]\" \/>\n<meta property=\"og:url\" content=\"https:\/\/lospoliticosveracruz.com\/?p=45532\" \/>\n<meta property=\"og:site_name\" content=\"Los pol\u00edticos Veracruz\" \/>\n<meta property=\"article:publisher\" content=\"https:\/\/www.facebook.com\/people\/Notimemes-de-los-Polticos\/61565672886568\/\" \/>\n<meta property=\"article:published_time\" content=\"2018-10-30T04:55:56+00:00\" \/>\n<meta property=\"og:image\" content=\"https:\/\/lospoliticosveracruz.com\/wp-content\/uploads\/2016\/07\/Logo-Dor.jpg\" \/>\n\t<meta property=\"og:image:width\" content=\"200\" \/>\n\t<meta property=\"og:image:height\" content=\"200\" \/>\n\t<meta property=\"og:image:type\" content=\"image\/jpeg\" \/>\n<meta name=\"author\" content=\"Lo viste en Los Pol\u00edticos\" \/>\n<meta name=\"twitter:card\" content=\"summary_large_image\" \/>\n<meta name=\"twitter:creator\" content=\"@LosPoliticosVer\" \/>\n<meta name=\"twitter:site\" content=\"@LosPoliticosVer\" \/>\n<meta name=\"twitter:label1\" content=\"Escrito por\" \/>\n\t<meta name=\"twitter:data1\" content=\"Lo viste en Los Pol\u00edticos\" \/>\n\t<meta name=\"twitter:label2\" content=\"Tiempo de lectura\" \/>\n\t<meta name=\"twitter:data2\" content=\"4 minutos\" \/>\n<script type=\"application\/ld+json\" class=\"yoast-schema-graph\">{\"@context\":\"https:\\\/\\\/schema.org\",\"@graph\":[{\"@type\":\"Article\",\"@id\":\"https:\\\/\\\/lospoliticosveracruz.com\\\/?p=45532#article\",\"isPartOf\":{\"@id\":\"https:\\\/\\\/lospoliticosveracruz.com\\\/?p=45532\"},\"author\":{\"name\":\"Lo viste en Los Pol\u00edticos\",\"@id\":\"https:\\\/\\\/lospoliticosveracruz.com\\\/#\\\/schema\\\/person\\\/b8702bb0e538456e6efd07080bf2a4a2\"},\"headline\":\"Los \u201cpluris\u201d del OPLE\",\"datePublished\":\"2018-10-30T04:55:56+00:00\",\"mainEntityOfPage\":{\"@id\":\"https:\\\/\\\/lospoliticosveracruz.com\\\/?p=45532\"},\"wordCount\":801,\"commentCount\":0,\"publisher\":{\"@id\":\"https:\\\/\\\/lospoliticosveracruz.com\\\/#organization\"},\"keywords\":[\"Am\u00e9rico Z\u00fa\u00f1iga\",\"Enrique Cambranis\",\"Erika Ayala\",\"Federico Salom\u00f3n Molina\",\"Florencia Mart\u00ednez\",\"Henri Christophe G\u00f3mez S\u00e1nchez\",\"Ignacio Arroyo Gaona\",\"Jorge Barrera\",\"Jos\u00e9 Andr\u00e9s Castellanos Vel\u00e1zquez\",\"Jos\u00e9 Manuel Pozos Castro\",\"Juan Carlos Molina Palacios\",\"Juan Manuel V\u00e1zquez Barajas\",\"Lidia Abigail V\u00e1zquez\",\"LXV del Congreso\",\"Marichuy Mart\u00ednez D\u00edaz\",\"Mart\u00edn Mart\u00ednez G\u00f3mez\",\"Mizraim Eligio Castel\u00e1n Enr\u00edquez\",\"Montserrat Ortega\",\"Morena\",\"Omar Miranda\",\"OPLE\",\"PRI\",\"Sergio Hern\u00e1ndez\",\"Veracruz\"],\"articleSection\":[\"De Opini\u00f3n\"],\"inLanguage\":\"es\",\"potentialAction\":[{\"@type\":\"CommentAction\",\"name\":\"Comment\",\"target\":[\"https:\\\/\\\/lospoliticosveracruz.com\\\/?p=45532#respond\"]}]},{\"@type\":\"WebPage\",\"@id\":\"https:\\\/\\\/lospoliticosveracruz.com\\\/?p=45532\",\"url\":\"https:\\\/\\\/lospoliticosveracruz.com\\\/?p=45532\",\"name\":\"Los \u201cpluris\u201d del OPLE - Los pol\u00edticos Veracruz\",\"isPartOf\":{\"@id\":\"https:\\\/\\\/lospoliticosveracruz.com\\\/#website\"},\"datePublished\":\"2018-10-30T04:55:56+00:00\",\"breadcrumb\":{\"@id\":\"https:\\\/\\\/lospoliticosveracruz.com\\\/?p=45532#breadcrumb\"},\"inLanguage\":\"es\",\"potentialAction\":[{\"@type\":\"ReadAction\",\"target\":[\"https:\\\/\\\/lospoliticosveracruz.com\\\/?p=45532\"]}]},{\"@type\":\"BreadcrumbList\",\"@id\":\"https:\\\/\\\/lospoliticosveracruz.com\\\/?p=45532#breadcrumb\",\"itemListElement\":[{\"@type\":\"ListItem\",\"position\":1,\"name\":\"Portada\",\"item\":\"https:\\\/\\\/lospoliticosveracruz.com\\\/\"},{\"@type\":\"ListItem\",\"position\":2,\"name\":\"Los \u201cpluris\u201d del OPLE\"}]},{\"@type\":\"WebSite\",\"@id\":\"https:\\\/\\\/lospoliticosveracruz.com\\\/#website\",\"url\":\"https:\\\/\\\/lospoliticosveracruz.com\\\/\",\"name\":\"Los pol\u00edticos Veracruz\",\"description\":\"\",\"publisher\":{\"@id\":\"https:\\\/\\\/lospoliticosveracruz.com\\\/#organization\"},\"potentialAction\":[{\"@type\":\"SearchAction\",\"target\":{\"@type\":\"EntryPoint\",\"urlTemplate\":\"https:\\\/\\\/lospoliticosveracruz.com\\\/?s={search_term_string}\"},\"query-input\":{\"@type\":\"PropertyValueSpecification\",\"valueRequired\":true,\"valueName\":\"search_term_string\"}}],\"inLanguage\":\"es\"},{\"@type\":\"Organization\",\"@id\":\"https:\\\/\\\/lospoliticosveracruz.com\\\/#organization\",\"name\":\"Los pol\u00edticos Veracruz\",\"url\":\"https:\\\/\\\/lospoliticosveracruz.com\\\/\",\"logo\":{\"@type\":\"ImageObject\",\"inLanguage\":\"es\",\"@id\":\"https:\\\/\\\/lospoliticosveracruz.com\\\/#\\\/schema\\\/logo\\\/image\\\/\",\"url\":\"https:\\\/\\\/lospoliticosveracruz.com\\\/wp-content\\\/uploads\\\/2025\\\/12\\\/Logo-Nuevo-LOS-POLITICOS-1.jpg\",\"contentUrl\":\"https:\\\/\\\/lospoliticosveracruz.com\\\/wp-content\\\/uploads\\\/2025\\\/12\\\/Logo-Nuevo-LOS-POLITICOS-1.jpg\",\"width\":260,\"height\":70,\"caption\":\"Los pol\u00edticos Veracruz\"},\"image\":{\"@id\":\"https:\\\/\\\/lospoliticosveracruz.com\\\/#\\\/schema\\\/logo\\\/image\\\/\"},\"sameAs\":[\"https:\\\/\\\/www.facebook.com\\\/people\\\/Notimemes-de-los-Polticos\\\/61565672886568\\\/\",\"https:\\\/\\\/x.com\\\/LosPoliticosVer\"]},{\"@type\":\"Person\",\"@id\":\"https:\\\/\\\/lospoliticosveracruz.com\\\/#\\\/schema\\\/person\\\/b8702bb0e538456e6efd07080bf2a4a2\",\"name\":\"Lo viste en Los Pol\u00edticos\",\"image\":{\"@type\":\"ImageObject\",\"inLanguage\":\"es\",\"@id\":\"https:\\\/\\\/secure.gravatar.com\\\/avatar\\\/3a8de04a2656d44082be478bd6c086daa447c4651605818287b9532d3d0bd435?s=96&d=mm&r=g\",\"url\":\"https:\\\/\\\/secure.gravatar.com\\\/avatar\\\/3a8de04a2656d44082be478bd6c086daa447c4651605818287b9532d3d0bd435?s=96&d=mm&r=g\",\"contentUrl\":\"https:\\\/\\\/secure.gravatar.com\\\/avatar\\\/3a8de04a2656d44082be478bd6c086daa447c4651605818287b9532d3d0bd435?s=96&d=mm&r=g\",\"caption\":\"Lo viste en Los Pol\u00edticos\"},\"url\":\"https:\\\/\\\/lospoliticosveracruz.com\\\/?author=2\"}]}<\/script>\n<!-- \/ Yoast SEO plugin. -->","yoast_head_json":{"title":"Los \u201cpluris\u201d del OPLE - Los pol\u00edticos Veracruz","robots":{"index":"index","follow":"follow","max-snippet":"max-snippet:-1","max-image-preview":"max-image-preview:large","max-video-preview":"max-video-preview:-1"},"canonical":"https:\/\/lospoliticosveracruz.com\/?p=45532","og_locale":"es_ES","og_type":"article","og_title":"Los \u201cpluris\u201d del OPLE - Los pol\u00edticos Veracruz","og_description":"Salvador Mu\u00f1oz Los Pol\u00edticos \u00bfY Moreno? \u00bfD\u00f3nde est\u00e1 Moreno?, era la pregunta que se hac\u00edan y el cuchicheo entre los cercanos al emisor era: \u00a1Est\u00e1 con los morenos! Era la broma que se hac\u00eda en la entrega de Constancias de Asignaci\u00f3n de Diputaciones por el Principio de Representaci\u00f3n Proporcional, que en buen cristiano era acreditar [&hellip;]","og_url":"https:\/\/lospoliticosveracruz.com\/?p=45532","og_site_name":"Los pol\u00edticos Veracruz","article_publisher":"https:\/\/www.facebook.com\/people\/Notimemes-de-los-Polticos\/61565672886568\/","article_published_time":"2018-10-30T04:55:56+00:00","og_image":[{"width":200,"height":200,"url":"https:\/\/lospoliticosveracruz.com\/wp-content\/uploads\/2016\/07\/Logo-Dor.jpg","type":"image\/jpeg"}],"author":"Lo viste en Los Pol\u00edticos","twitter_card":"summary_large_image","twitter_creator":"@LosPoliticosVer","twitter_site":"@LosPoliticosVer","twitter_misc":{"Escrito por":"Lo viste en Los Pol\u00edticos","Tiempo de lectura":"4 minutos"},"schema":{"@context":"https:\/\/schema.org","@graph":[{"@type":"Article","@id":"https:\/\/lospoliticosveracruz.com\/?p=45532#article","isPartOf":{"@id":"https:\/\/lospoliticosveracruz.com\/?p=45532"},"author":{"name":"Lo viste en Los Pol\u00edticos","@id":"https:\/\/lospoliticosveracruz.com\/#\/schema\/person\/b8702bb0e538456e6efd07080bf2a4a2"},"headline":"Los \u201cpluris\u201d del OPLE","datePublished":"2018-10-30T04:55:56+00:00","mainEntityOfPage":{"@id":"https:\/\/lospoliticosveracruz.com\/?p=45532"},"wordCount":801,"commentCount":0,"publisher":{"@id":"https:\/\/lospoliticosveracruz.com\/#organization"},"keywords":["Am\u00e9rico Z\u00fa\u00f1iga","Enrique Cambranis","Erika Ayala","Federico Salom\u00f3n Molina","Florencia Mart\u00ednez","Henri Christophe G\u00f3mez S\u00e1nchez","Ignacio Arroyo Gaona","Jorge Barrera","Jos\u00e9 Andr\u00e9s Castellanos Vel\u00e1zquez","Jos\u00e9 Manuel Pozos Castro","Juan Carlos Molina Palacios","Juan Manuel V\u00e1zquez Barajas","Lidia Abigail V\u00e1zquez","LXV del Congreso","Marichuy Mart\u00ednez D\u00edaz","Mart\u00edn Mart\u00ednez G\u00f3mez","Mizraim Eligio Castel\u00e1n Enr\u00edquez","Montserrat Ortega","Morena","Omar Miranda","OPLE","PRI","Sergio Hern\u00e1ndez","Veracruz"],"articleSection":["De Opini\u00f3n"],"inLanguage":"es","potentialAction":[{"@type":"CommentAction","name":"Comment","target":["https:\/\/lospoliticosveracruz.com\/?p=45532#respond"]}]},{"@type":"WebPage","@id":"https:\/\/lospoliticosveracruz.com\/?p=45532","url":"https:\/\/lospoliticosveracruz.com\/?p=45532","name":"Los \u201cpluris\u201d del OPLE - Los pol\u00edticos Veracruz","isPartOf":{"@id":"https:\/\/lospoliticosveracruz.com\/#website"},"datePublished":"2018-10-30T04:55:56+00:00","breadcrumb":{"@id":"https:\/\/lospoliticosveracruz.com\/?p=45532#breadcrumb"},"inLanguage":"es","potentialAction":[{"@type":"ReadAction","target":["https:\/\/lospoliticosveracruz.com\/?p=45532"]}]},{"@type":"BreadcrumbList","@id":"https:\/\/lospoliticosveracruz.com\/?p=45532#breadcrumb","itemListElement":[{"@type":"ListItem","position":1,"name":"Portada","item":"https:\/\/lospoliticosveracruz.com\/"},{"@type":"ListItem","position":2,"name":"Los \u201cpluris\u201d del OPLE"}]},{"@type":"WebSite","@id":"https:\/\/lospoliticosveracruz.com\/#website","url":"https:\/\/lospoliticosveracruz.com\/","name":"Los pol\u00edticos Veracruz","description":"","publisher":{"@id":"https:\/\/lospoliticosveracruz.com\/#organization"},"potentialAction":[{"@type":"SearchAction","target":{"@type":"EntryPoint","urlTemplate":"https:\/\/lospoliticosveracruz.com\/?s={search_term_string}"},"query-input":{"@type":"PropertyValueSpecification","valueRequired":true,"valueName":"search_term_string"}}],"inLanguage":"es"},{"@type":"Organization","@id":"https:\/\/lospoliticosveracruz.com\/#organization","name":"Los pol\u00edticos Veracruz","url":"https:\/\/lospoliticosveracruz.com\/","logo":{"@type":"ImageObject","inLanguage":"es","@id":"https:\/\/lospoliticosveracruz.com\/#\/schema\/logo\/image\/","url":"https:\/\/lospoliticosveracruz.com\/wp-content\/uploads\/2025\/12\/Logo-Nuevo-LOS-POLITICOS-1.jpg","contentUrl":"https:\/\/lospoliticosveracruz.com\/wp-content\/uploads\/2025\/12\/Logo-Nuevo-LOS-POLITICOS-1.jpg","width":260,"height":70,"caption":"Los pol\u00edticos Veracruz"},"image":{"@id":"https:\/\/lospoliticosveracruz.com\/#\/schema\/logo\/image\/"},"sameAs":["https:\/\/www.facebook.com\/people\/Notimemes-de-los-Polticos\/61565672886568\/","https:\/\/x.com\/LosPoliticosVer"]},{"@type":"Person","@id":"https:\/\/lospoliticosveracruz.com\/#\/schema\/person\/b8702bb0e538456e6efd07080bf2a4a2","name":"Lo viste en Los Pol\u00edticos","image":{"@type":"ImageObject","inLanguage":"es","@id":"https:\/\/secure.gravatar.com\/avatar\/3a8de04a2656d44082be478bd6c086daa447c4651605818287b9532d3d0bd435?s=96&d=mm&r=g","url":"https:\/\/secure.gravatar.com\/avatar\/3a8de04a2656d44082be478bd6c086daa447c4651605818287b9532d3d0bd435?s=96&d=mm&r=g","contentUrl":"https:\/\/secure.gravatar.com\/avatar\/3a8de04a2656d44082be478bd6c086daa447c4651605818287b9532d3d0bd435?s=96&d=mm&r=g","caption":"Lo viste en Los Pol\u00edticos"},"url":"https:\/\/lospoliticosveracruz.com\/?author=2"}]}},"_links":{"self":[{"href":"https:\/\/lospoliticosveracruz.com\/index.php?rest_route=\/wp\/v2\/posts\/45532","targetHints":{"allow":["GET"]}}],"collection":[{"href":"https:\/\/lospoliticosveracruz.com\/index.php?rest_route=\/wp\/v2\/posts"}],"about":[{"href":"https:\/\/lospoliticosveracruz.com\/index.php?rest_route=\/wp\/v2\/types\/post"}],"author":[{"embeddable":true,"href":"https:\/\/lospoliticosveracruz.com\/index.php?rest_route=\/wp\/v2\/users\/2"}],"replies":[{"embeddable":true,"href":"https:\/\/lospoliticosveracruz.com\/index.php?rest_route=%2Fwp%2Fv2%2Fcomments&post=45532"}],"version-history":[{"count":2,"href":"https:\/\/lospoliticosveracruz.com\/index.php?rest_route=\/wp\/v2\/posts\/45532\/revisions"}],"predecessor-version":[{"id":45540,"href":"https:\/\/lospoliticosveracruz.com\/index.php?rest_route=\/wp\/v2\/posts\/45532\/revisions\/45540"}],"wp:attachment":[{"href":"https:\/\/lospoliticosveracruz.com\/index.php?rest_route=%2Fwp%2Fv2%2Fmedia&parent=45532"}],"wp:term":[{"taxonomy":"category","embeddable":true,"href":"https:\/\/lospoliticosveracruz.com\/index.php?rest_route=%2Fwp%2Fv2%2Fcategories&post=45532"},{"taxonomy":"post_tag","embeddable":true,"href":"https:\/\/lospoliticosveracruz.com\/index.php?rest_route=%2Fwp%2Fv2%2Ftags&post=45532"}],"curies":[{"name":"wp","href":"https:\/\/api.w.org\/{rel}","templated":true}]}}