{"id":45596,"date":"2018-11-04T22:45:27","date_gmt":"2018-11-05T04:45:27","guid":{"rendered":"http:\/\/www.lospoliticosveracruz.com.mx\/?p=45596"},"modified":"2018-11-04T22:44:32","modified_gmt":"2018-11-05T04:44:32","slug":"los-contrastes-de-orizaba","status":"publish","type":"post","link":"https:\/\/lospoliticosveracruz.com\/?p=45596","title":{"rendered":"Los contrastes de Orizaba"},"content":{"rendered":"<p><strong>Salvador Mu\u00f1oz<\/strong><\/p>\n<p><em>Los Pol\u00edticos<\/em><\/p>\n<p><span style=\"font-weight: 400;\">Orizaba es contrastes\u2026 por un lado, sus visitantes disfrutan de una ciudad fuera de serie, mientras que por el otro, en un alto n\u00famero de sus pobladores, hay molestia, por decir lo menos.<\/span><\/p>\n<p><span style=\"font-weight: 400;\">Los orizabe\u00f1os se sienten orgullosos de su ciudad, hace muchos a\u00f1os bautizada por los mismos lugare\u00f1os como \u201cOrizabaches\u201d, por la cantidad de hoyos en diversos puntos de la Pluviosilla. Los nimios avances que alcaldes de la ciudad hicieron son opacados u olvidados por el trabajo que Juan Manuel Diez Francos en su primera y segunda etapa ha hecho a lo largo de un poco m\u00e1s de una d\u00e9cada, acompa\u00f1ado de un \u201cproyecto de continuidad\u201d con Hugo Chah\u00edn Malluly y actualmente con Igor Roj\u00ed (el del \u201cpal\u00edndromo fon\u00e9tico\u201d, por as\u00ed decirlo).<\/span><\/p>\n<p><span style=\"font-weight: 400;\">Ninguna otra ciudad en Veracruz ha tenido la \u201cCuarta Transformaci\u00f3n\u201d (parafraseando a Morena, tan de moda) que Orizaba ha vivido, y no s\u00f3lo en cuestiones de imagen urbana, sino en las diversas ramas que hacen posible su desarrollo como es Turismo, Comercio y Artes, al grado de que las diversas actividades culturales que se exhiben en la Pluviosilla, hacen que los reflectores se concentren en este punto del estado, m\u00e1s que en la capital de Veracruz, Xalapa\u2026 \u00a1vamos! se corre el riesgo de que de la Atenas Veracruzana, en breve, s\u00f3lo quede el recuerdo de lo que fue en la cultura\u2026<\/span><\/p>\n<p><span style=\"font-weight: 400;\">Si tiene oportunidad de ir a Orizaba, es imperdible la visita al Poliforum Mier y Pesado. Cuando ni\u00f1o, pasar por el entonces asilo de ancianos, era imposible no desear pisar sus verdes y cuidados pastos, pero era un \u00e1rea prohibida para los mortales chayoteros\u2026 hasta hace un a\u00f1o que el Gobierno municipal adquiri\u00f3 el inmueble que parece un castillo.<\/span><\/p>\n<p><span style=\"font-weight: 400;\">Diversas exposiciones que van desde trajes regionales, artes pl\u00e1sticas, bocetos de Diego Rivera, Clemente Orozco, o hasta la colecci\u00f3n de pinturas de Juan Manuel Diez Francos del artista Sergio Mart\u00ednez V\u00e1zquez que retrata al \u00f3leo una cantidad de paisajes de Orizaba con su Museo del Ayer y Hoy as\u00ed como su sala de Presidentes, invitan a recorrer la ciudad, su alameda, su telef\u00e9rico, su r\u00edo, su palacio municipal y su palacio de hierro, as\u00ed como cada una de sus Iglesias\u2026 sus balnearios naturales como Ojo de Agua, para los valientes, pues su manantial helado templa el car\u00e1cter\u2026<\/span><\/p>\n<p><span style=\"font-weight: 400;\">El Poliforum es casa de orizabe\u00f1os ilustres y sin duda, dos que nos trasladan a nuestra infancia son Mar\u00eda Luisa Y\u00e1\u00f1ez Mayer, la abuelita de las casas de las mu\u00f1ecas que cualquier ni\u00f1a quisiera tener; y el se\u00f1or Gabilondo Soler, quien con su museo, nos obliga a cantar, aunque ac\u00e1 entre nos, leer una carta a su madre, hace llorar.<\/span><\/p>\n<p><span style=\"font-weight: 400;\">Al salir del Poliforum genera una promesa: \u201cVolver\u00e9 pronto\u2026 volver\u00e9\u201d.<\/span><\/p>\n<p><span style=\"font-weight: 400;\">Caminar sus calles deja de tener sentido para darle otro: \u00a1Pasear sus calles!<\/span><\/p>\n<p><span style=\"font-weight: 400;\">Lo que el visitante disfruta en esta ciudad es proporcionalmente contrario a lo que sus ciudadanos (al menos con los que platiqu\u00e9) sufren\u2026 est\u00e1n molestos despu\u00e9s de los \u00faltimos acontecimientos que se dieran a conocer con la muerte de dos j\u00f3venes que lleva a seis elementos de la Polic\u00eda Municipal enfrentar a la Ley, pues se les acusa de haberlos asesinado.<\/span><\/p>\n<p><span style=\"font-weight: 400;\">Para los chayoteros, el responsable de esto es el director de Gobernaci\u00f3n municipal, Juan Ram\u00f3n Herebia, quien a estas alturas, solicit\u00f3 permiso mientras se investiga qu\u00e9 fue lo que pas\u00f3 y si hay responsables, se proceda contra ellos.<\/span><\/p>\n<p><span style=\"font-weight: 400;\">Juan Ram\u00f3n Herebia es de los pol\u00edticos locales que es \u201cparte del proyecto de continuidad\u201d al que apost\u00f3 Juan Manuel Diez Francos, art\u00edfice del gran cambio de Orizaba, para darle otra cara a la ciudad. M\u00e1s de diez a\u00f1os en las entra\u00f1as de la Gobernaci\u00f3n y Polic\u00eda Municipal, dicen los vecinos de la Pluviosilla, le han conferido un poder similar al del alcalde\u2026 o un poquito m\u00e1s\u2026<\/span><\/p>\n<p><span style=\"font-weight: 400;\">No es la primera vez que hay malestar ciudadano contra sus autoridades locales\u2026 desde inspectores de comercio, agentes de tr\u00e1nsito y polic\u00eda municipal, el enfado es latente.<\/span><\/p>\n<p><span style=\"font-weight: 400;\">Uno, como visitante, no deja de maravillarse y reconocer el trabajo que las autoridades municipales han hecho en esta bella ciudad; uno, como oriza-fuere\u00f1o, lamenta escuchar al poblador narrar la muerte de dos j\u00f3venes en manos de la polic\u00eda y que para ellos, el actuar los guardianes del orden tenga un responsable: Juan Ram\u00f3n Herebia\u2026 Orizaba es una ciudad de contrastes.<\/span><\/p>\n<p>&nbsp;<\/p>\n<p><span style=\"font-weight: 400;\">smcainito@gmail.com<\/span><\/p>\n<p>&nbsp;<\/p>\n","protected":false},"excerpt":{"rendered":"<p>Salvador Mu\u00f1oz Los Pol\u00edticos Orizaba es contrastes\u2026 por un lado, sus visitantes disfrutan de una ciudad fuera de serie, mientras que por el otro, en un alto n\u00famero de sus pobladores, hay molestia, por decir lo menos. Los orizabe\u00f1os se sienten orgullosos de su ciudad, hace muchos a\u00f1os bautizada por los mismos lugare\u00f1os como \u201cOrizabaches\u201d, [&hellip;]<\/p>\n","protected":false},"author":2,"featured_media":0,"comment_status":"open","ping_status":"open","sticky":false,"template":"","format":"standard","meta":{"tdm_status":"","tdm_grid_status":"","footnotes":""},"categories":[70],"tags":[13052,168,13054,13049,8078,1640,13055,13053,6612,1639,13050,11180,13051],"class_list":{"0":"post-45596","1":"post","2":"type-post","3":"status-publish","4":"format-standard","6":"category-de-opinion","7":"tag-clemente-orozco","8":"tag-diego-rivera","9":"tag-gabilondo-soler","10":"tag-hugo-chahin-malluly","11":"tag-igor-roji","12":"tag-juan-manuel-diez-francos","13":"tag-juan-ramon-herebia","14":"tag-maria-luisa-yanez-mayer","15":"tag-ojo-de-agua","16":"tag-orizaba","17":"tag-pluviosilla","18":"tag-poliforum-mier-y-pesado","19":"tag-sergio-martinez-vazquez"},"yoast_head":"<!-- This site is optimized with the Yoast SEO plugin v27.4 - https:\/\/yoast.com\/product\/yoast-seo-wordpress\/ -->\n<title>Los contrastes de Orizaba - Los pol\u00edticos Veracruz<\/title>\n<meta name=\"robots\" content=\"index, follow, max-snippet:-1, max-image-preview:large, max-video-preview:-1\" \/>\n<link rel=\"canonical\" href=\"https:\/\/lospoliticosveracruz.com\/?p=45596\" \/>\n<meta property=\"og:locale\" content=\"es_ES\" \/>\n<meta property=\"og:type\" content=\"article\" \/>\n<meta property=\"og:title\" content=\"Los contrastes de Orizaba - Los pol\u00edticos Veracruz\" \/>\n<meta property=\"og:description\" content=\"Salvador Mu\u00f1oz Los Pol\u00edticos Orizaba es contrastes\u2026 por un lado, sus visitantes disfrutan de una ciudad fuera de serie, mientras que por el otro, en un alto n\u00famero de sus pobladores, hay molestia, por decir lo menos. Los orizabe\u00f1os se sienten orgullosos de su ciudad, hace muchos a\u00f1os bautizada por los mismos lugare\u00f1os como \u201cOrizabaches\u201d, [&hellip;]\" \/>\n<meta property=\"og:url\" content=\"https:\/\/lospoliticosveracruz.com\/?p=45596\" \/>\n<meta property=\"og:site_name\" content=\"Los pol\u00edticos Veracruz\" \/>\n<meta property=\"article:publisher\" content=\"https:\/\/www.facebook.com\/people\/Notimemes-de-los-Polticos\/61565672886568\/\" \/>\n<meta property=\"article:published_time\" content=\"2018-11-05T04:45:27+00:00\" \/>\n<meta property=\"og:image\" content=\"https:\/\/lospoliticosveracruz.com\/wp-content\/uploads\/2016\/07\/Logo-Dor.jpg\" \/>\n\t<meta property=\"og:image:width\" content=\"200\" \/>\n\t<meta property=\"og:image:height\" content=\"200\" \/>\n\t<meta property=\"og:image:type\" content=\"image\/jpeg\" \/>\n<meta name=\"author\" content=\"Lo viste en Los Pol\u00edticos\" \/>\n<meta name=\"twitter:card\" content=\"summary_large_image\" \/>\n<meta name=\"twitter:creator\" content=\"@LosPoliticosVer\" \/>\n<meta name=\"twitter:site\" content=\"@LosPoliticosVer\" \/>\n<meta name=\"twitter:label1\" content=\"Escrito por\" \/>\n\t<meta name=\"twitter:data1\" content=\"Lo viste en Los Pol\u00edticos\" \/>\n\t<meta name=\"twitter:label2\" content=\"Tiempo de lectura\" \/>\n\t<meta name=\"twitter:data2\" content=\"4 minutos\" \/>\n<script type=\"application\/ld+json\" class=\"yoast-schema-graph\">{\"@context\":\"https:\\\/\\\/schema.org\",\"@graph\":[{\"@type\":\"Article\",\"@id\":\"https:\\\/\\\/lospoliticosveracruz.com\\\/?p=45596#article\",\"isPartOf\":{\"@id\":\"https:\\\/\\\/lospoliticosveracruz.com\\\/?p=45596\"},\"author\":{\"name\":\"Lo viste en Los Pol\u00edticos\",\"@id\":\"https:\\\/\\\/lospoliticosveracruz.com\\\/#\\\/schema\\\/person\\\/b8702bb0e538456e6efd07080bf2a4a2\"},\"headline\":\"Los contrastes de Orizaba\",\"datePublished\":\"2018-11-05T04:45:27+00:00\",\"mainEntityOfPage\":{\"@id\":\"https:\\\/\\\/lospoliticosveracruz.com\\\/?p=45596\"},\"wordCount\":782,\"commentCount\":0,\"publisher\":{\"@id\":\"https:\\\/\\\/lospoliticosveracruz.com\\\/#organization\"},\"keywords\":[\"Clemente Orozco\",\"Diego Rivera\",\"Gabilondo Soler\",\"Hugo Chah\u00edn Malluly\",\"Igor Roj\u00ed\",\"Juan Manuel Diez Francos\",\"Juan Ram\u00f3n Herebia\",\"Mar\u00eda Luisa Y\u00e1\u00f1ez Mayer\",\"Ojo de Agua\",\"Orizaba\",\"Pluviosilla\",\"Poliforum Mier y Pesado\",\"Sergio Mart\u00ednez V\u00e1zquez\"],\"articleSection\":[\"De Opini\u00f3n\"],\"inLanguage\":\"es\",\"potentialAction\":[{\"@type\":\"CommentAction\",\"name\":\"Comment\",\"target\":[\"https:\\\/\\\/lospoliticosveracruz.com\\\/?p=45596#respond\"]}]},{\"@type\":\"WebPage\",\"@id\":\"https:\\\/\\\/lospoliticosveracruz.com\\\/?p=45596\",\"url\":\"https:\\\/\\\/lospoliticosveracruz.com\\\/?p=45596\",\"name\":\"Los contrastes de Orizaba - Los pol\u00edticos Veracruz\",\"isPartOf\":{\"@id\":\"https:\\\/\\\/lospoliticosveracruz.com\\\/#website\"},\"datePublished\":\"2018-11-05T04:45:27+00:00\",\"breadcrumb\":{\"@id\":\"https:\\\/\\\/lospoliticosveracruz.com\\\/?p=45596#breadcrumb\"},\"inLanguage\":\"es\",\"potentialAction\":[{\"@type\":\"ReadAction\",\"target\":[\"https:\\\/\\\/lospoliticosveracruz.com\\\/?p=45596\"]}]},{\"@type\":\"BreadcrumbList\",\"@id\":\"https:\\\/\\\/lospoliticosveracruz.com\\\/?p=45596#breadcrumb\",\"itemListElement\":[{\"@type\":\"ListItem\",\"position\":1,\"name\":\"Portada\",\"item\":\"https:\\\/\\\/lospoliticosveracruz.com\\\/\"},{\"@type\":\"ListItem\",\"position\":2,\"name\":\"Los contrastes de Orizaba\"}]},{\"@type\":\"WebSite\",\"@id\":\"https:\\\/\\\/lospoliticosveracruz.com\\\/#website\",\"url\":\"https:\\\/\\\/lospoliticosveracruz.com\\\/\",\"name\":\"Los pol\u00edticos Veracruz\",\"description\":\"\",\"publisher\":{\"@id\":\"https:\\\/\\\/lospoliticosveracruz.com\\\/#organization\"},\"potentialAction\":[{\"@type\":\"SearchAction\",\"target\":{\"@type\":\"EntryPoint\",\"urlTemplate\":\"https:\\\/\\\/lospoliticosveracruz.com\\\/?s={search_term_string}\"},\"query-input\":{\"@type\":\"PropertyValueSpecification\",\"valueRequired\":true,\"valueName\":\"search_term_string\"}}],\"inLanguage\":\"es\"},{\"@type\":\"Organization\",\"@id\":\"https:\\\/\\\/lospoliticosveracruz.com\\\/#organization\",\"name\":\"Los pol\u00edticos Veracruz\",\"url\":\"https:\\\/\\\/lospoliticosveracruz.com\\\/\",\"logo\":{\"@type\":\"ImageObject\",\"inLanguage\":\"es\",\"@id\":\"https:\\\/\\\/lospoliticosveracruz.com\\\/#\\\/schema\\\/logo\\\/image\\\/\",\"url\":\"https:\\\/\\\/lospoliticosveracruz.com\\\/wp-content\\\/uploads\\\/2025\\\/12\\\/Logo-Nuevo-LOS-POLITICOS-1.jpg\",\"contentUrl\":\"https:\\\/\\\/lospoliticosveracruz.com\\\/wp-content\\\/uploads\\\/2025\\\/12\\\/Logo-Nuevo-LOS-POLITICOS-1.jpg\",\"width\":260,\"height\":70,\"caption\":\"Los pol\u00edticos Veracruz\"},\"image\":{\"@id\":\"https:\\\/\\\/lospoliticosveracruz.com\\\/#\\\/schema\\\/logo\\\/image\\\/\"},\"sameAs\":[\"https:\\\/\\\/www.facebook.com\\\/people\\\/Notimemes-de-los-Polticos\\\/61565672886568\\\/\",\"https:\\\/\\\/x.com\\\/LosPoliticosVer\"]},{\"@type\":\"Person\",\"@id\":\"https:\\\/\\\/lospoliticosveracruz.com\\\/#\\\/schema\\\/person\\\/b8702bb0e538456e6efd07080bf2a4a2\",\"name\":\"Lo viste en Los Pol\u00edticos\",\"image\":{\"@type\":\"ImageObject\",\"inLanguage\":\"es\",\"@id\":\"https:\\\/\\\/secure.gravatar.com\\\/avatar\\\/3a8de04a2656d44082be478bd6c086daa447c4651605818287b9532d3d0bd435?s=96&d=mm&r=g\",\"url\":\"https:\\\/\\\/secure.gravatar.com\\\/avatar\\\/3a8de04a2656d44082be478bd6c086daa447c4651605818287b9532d3d0bd435?s=96&d=mm&r=g\",\"contentUrl\":\"https:\\\/\\\/secure.gravatar.com\\\/avatar\\\/3a8de04a2656d44082be478bd6c086daa447c4651605818287b9532d3d0bd435?s=96&d=mm&r=g\",\"caption\":\"Lo viste en Los Pol\u00edticos\"},\"url\":\"https:\\\/\\\/lospoliticosveracruz.com\\\/?author=2\"}]}<\/script>\n<!-- \/ Yoast SEO plugin. -->","yoast_head_json":{"title":"Los contrastes de Orizaba - Los pol\u00edticos Veracruz","robots":{"index":"index","follow":"follow","max-snippet":"max-snippet:-1","max-image-preview":"max-image-preview:large","max-video-preview":"max-video-preview:-1"},"canonical":"https:\/\/lospoliticosveracruz.com\/?p=45596","og_locale":"es_ES","og_type":"article","og_title":"Los contrastes de Orizaba - Los pol\u00edticos Veracruz","og_description":"Salvador Mu\u00f1oz Los Pol\u00edticos Orizaba es contrastes\u2026 por un lado, sus visitantes disfrutan de una ciudad fuera de serie, mientras que por el otro, en un alto n\u00famero de sus pobladores, hay molestia, por decir lo menos. Los orizabe\u00f1os se sienten orgullosos de su ciudad, hace muchos a\u00f1os bautizada por los mismos lugare\u00f1os como \u201cOrizabaches\u201d, [&hellip;]","og_url":"https:\/\/lospoliticosveracruz.com\/?p=45596","og_site_name":"Los pol\u00edticos Veracruz","article_publisher":"https:\/\/www.facebook.com\/people\/Notimemes-de-los-Polticos\/61565672886568\/","article_published_time":"2018-11-05T04:45:27+00:00","og_image":[{"width":200,"height":200,"url":"https:\/\/lospoliticosveracruz.com\/wp-content\/uploads\/2016\/07\/Logo-Dor.jpg","type":"image\/jpeg"}],"author":"Lo viste en Los Pol\u00edticos","twitter_card":"summary_large_image","twitter_creator":"@LosPoliticosVer","twitter_site":"@LosPoliticosVer","twitter_misc":{"Escrito por":"Lo viste en Los Pol\u00edticos","Tiempo de lectura":"4 minutos"},"schema":{"@context":"https:\/\/schema.org","@graph":[{"@type":"Article","@id":"https:\/\/lospoliticosveracruz.com\/?p=45596#article","isPartOf":{"@id":"https:\/\/lospoliticosveracruz.com\/?p=45596"},"author":{"name":"Lo viste en Los Pol\u00edticos","@id":"https:\/\/lospoliticosveracruz.com\/#\/schema\/person\/b8702bb0e538456e6efd07080bf2a4a2"},"headline":"Los contrastes de Orizaba","datePublished":"2018-11-05T04:45:27+00:00","mainEntityOfPage":{"@id":"https:\/\/lospoliticosveracruz.com\/?p=45596"},"wordCount":782,"commentCount":0,"publisher":{"@id":"https:\/\/lospoliticosveracruz.com\/#organization"},"keywords":["Clemente Orozco","Diego Rivera","Gabilondo Soler","Hugo Chah\u00edn Malluly","Igor Roj\u00ed","Juan Manuel Diez Francos","Juan Ram\u00f3n Herebia","Mar\u00eda Luisa Y\u00e1\u00f1ez Mayer","Ojo de Agua","Orizaba","Pluviosilla","Poliforum Mier y Pesado","Sergio Mart\u00ednez V\u00e1zquez"],"articleSection":["De Opini\u00f3n"],"inLanguage":"es","potentialAction":[{"@type":"CommentAction","name":"Comment","target":["https:\/\/lospoliticosveracruz.com\/?p=45596#respond"]}]},{"@type":"WebPage","@id":"https:\/\/lospoliticosveracruz.com\/?p=45596","url":"https:\/\/lospoliticosveracruz.com\/?p=45596","name":"Los contrastes de Orizaba - Los pol\u00edticos Veracruz","isPartOf":{"@id":"https:\/\/lospoliticosveracruz.com\/#website"},"datePublished":"2018-11-05T04:45:27+00:00","breadcrumb":{"@id":"https:\/\/lospoliticosveracruz.com\/?p=45596#breadcrumb"},"inLanguage":"es","potentialAction":[{"@type":"ReadAction","target":["https:\/\/lospoliticosveracruz.com\/?p=45596"]}]},{"@type":"BreadcrumbList","@id":"https:\/\/lospoliticosveracruz.com\/?p=45596#breadcrumb","itemListElement":[{"@type":"ListItem","position":1,"name":"Portada","item":"https:\/\/lospoliticosveracruz.com\/"},{"@type":"ListItem","position":2,"name":"Los contrastes de Orizaba"}]},{"@type":"WebSite","@id":"https:\/\/lospoliticosveracruz.com\/#website","url":"https:\/\/lospoliticosveracruz.com\/","name":"Los pol\u00edticos Veracruz","description":"","publisher":{"@id":"https:\/\/lospoliticosveracruz.com\/#organization"},"potentialAction":[{"@type":"SearchAction","target":{"@type":"EntryPoint","urlTemplate":"https:\/\/lospoliticosveracruz.com\/?s={search_term_string}"},"query-input":{"@type":"PropertyValueSpecification","valueRequired":true,"valueName":"search_term_string"}}],"inLanguage":"es"},{"@type":"Organization","@id":"https:\/\/lospoliticosveracruz.com\/#organization","name":"Los pol\u00edticos Veracruz","url":"https:\/\/lospoliticosveracruz.com\/","logo":{"@type":"ImageObject","inLanguage":"es","@id":"https:\/\/lospoliticosveracruz.com\/#\/schema\/logo\/image\/","url":"https:\/\/lospoliticosveracruz.com\/wp-content\/uploads\/2025\/12\/Logo-Nuevo-LOS-POLITICOS-1.jpg","contentUrl":"https:\/\/lospoliticosveracruz.com\/wp-content\/uploads\/2025\/12\/Logo-Nuevo-LOS-POLITICOS-1.jpg","width":260,"height":70,"caption":"Los pol\u00edticos Veracruz"},"image":{"@id":"https:\/\/lospoliticosveracruz.com\/#\/schema\/logo\/image\/"},"sameAs":["https:\/\/www.facebook.com\/people\/Notimemes-de-los-Polticos\/61565672886568\/","https:\/\/x.com\/LosPoliticosVer"]},{"@type":"Person","@id":"https:\/\/lospoliticosveracruz.com\/#\/schema\/person\/b8702bb0e538456e6efd07080bf2a4a2","name":"Lo viste en Los Pol\u00edticos","image":{"@type":"ImageObject","inLanguage":"es","@id":"https:\/\/secure.gravatar.com\/avatar\/3a8de04a2656d44082be478bd6c086daa447c4651605818287b9532d3d0bd435?s=96&d=mm&r=g","url":"https:\/\/secure.gravatar.com\/avatar\/3a8de04a2656d44082be478bd6c086daa447c4651605818287b9532d3d0bd435?s=96&d=mm&r=g","contentUrl":"https:\/\/secure.gravatar.com\/avatar\/3a8de04a2656d44082be478bd6c086daa447c4651605818287b9532d3d0bd435?s=96&d=mm&r=g","caption":"Lo viste en Los Pol\u00edticos"},"url":"https:\/\/lospoliticosveracruz.com\/?author=2"}]}},"_links":{"self":[{"href":"https:\/\/lospoliticosveracruz.com\/index.php?rest_route=\/wp\/v2\/posts\/45596","targetHints":{"allow":["GET"]}}],"collection":[{"href":"https:\/\/lospoliticosveracruz.com\/index.php?rest_route=\/wp\/v2\/posts"}],"about":[{"href":"https:\/\/lospoliticosveracruz.com\/index.php?rest_route=\/wp\/v2\/types\/post"}],"author":[{"embeddable":true,"href":"https:\/\/lospoliticosveracruz.com\/index.php?rest_route=\/wp\/v2\/users\/2"}],"replies":[{"embeddable":true,"href":"https:\/\/lospoliticosveracruz.com\/index.php?rest_route=%2Fwp%2Fv2%2Fcomments&post=45596"}],"version-history":[{"count":1,"href":"https:\/\/lospoliticosveracruz.com\/index.php?rest_route=\/wp\/v2\/posts\/45596\/revisions"}],"predecessor-version":[{"id":45598,"href":"https:\/\/lospoliticosveracruz.com\/index.php?rest_route=\/wp\/v2\/posts\/45596\/revisions\/45598"}],"wp:attachment":[{"href":"https:\/\/lospoliticosveracruz.com\/index.php?rest_route=%2Fwp%2Fv2%2Fmedia&parent=45596"}],"wp:term":[{"taxonomy":"category","embeddable":true,"href":"https:\/\/lospoliticosveracruz.com\/index.php?rest_route=%2Fwp%2Fv2%2Fcategories&post=45596"},{"taxonomy":"post_tag","embeddable":true,"href":"https:\/\/lospoliticosveracruz.com\/index.php?rest_route=%2Fwp%2Fv2%2Ftags&post=45596"}],"curies":[{"name":"wp","href":"https:\/\/api.w.org\/{rel}","templated":true}]}}