{"id":45695,"date":"2018-11-09T09:06:56","date_gmt":"2018-11-09T15:06:56","guid":{"rendered":"http:\/\/www.lospoliticosveracruz.com.mx\/?p=45695"},"modified":"2018-11-09T09:06:56","modified_gmt":"2018-11-09T15:06:56","slug":"por-las-jefas-de-familia","status":"publish","type":"post","link":"https:\/\/lospoliticosveracruz.com\/?p=45695","title":{"rendered":"Por las jefas de familia"},"content":{"rendered":"<p><strong>Anil\u00fa Ingram Vallines<\/strong><\/p>\n<p>Sacar adelante a una familia es una tarea tit\u00e1nica, que requiere las 24 horas y los 365 d\u00edas del a\u00f1o, principalmente para las mujeres que, adem\u00e1s de su rol de madres, desempe\u00f1an tambi\u00e9n el de trabajadoras.<\/p>\n<p>Son ellas quienes velan por el bienestar de cada integrante de la familia: desde el m\u00e1s peque\u00f1o hasta el m\u00e1s grande; y contribuyen a la econom\u00eda familiar.\u00a0 Dos tareas complejas que solo ellas saben sacar adelante.<\/p>\n<p>En todos estos a\u00f1os he conocido a muchas veracruzanas de val\u00eda, que trabajan de sol a sol por sus hijos; por todas y cada una de ellas, present\u00e9 hace unos d\u00edas en la C\u00e1mara de Diputados una iniciativa que les otorgue un apoyo econ\u00f3mico que les permita salir adelante, que contribuya con su econom\u00eda.<\/p>\n<p>Se trata de que, en el Presupuesto de Egresos de la Federaci\u00f3n de cada a\u00f1o, se disponga de una asignaci\u00f3n presupuestal, mil 200 pesos, para un programa que atienda las carencias y necesidades de las mujeres que encabezan una familia.<\/p>\n<p>Muchas de ellas y sus familias est\u00e1n inmersas en c\u00edrculos viciosos, donde la pobreza, la inseguridad y la violencia no permiten que puedan alcanzar sus objetivos de una vida digna y tranquila.<\/p>\n<p>Por eso, cuando garantizamos a las mujeres la igualdad de g\u00e9nero; cuando erradicamos la pobreza; cuando impulsamos un crecimiento econ\u00f3mico incluyente; cuando damos acceso a una mayor educaci\u00f3n y a la salud, les ofrecemos tambi\u00e9n mejores oportunidades econ\u00f3micas, mayor autonom\u00eda, capacidad de decisi\u00f3n y modificaci\u00f3n de sus expectativas de vida; a ellas y a sus hijas e hijos.<\/p>\n<p>Estoy convencida de que como representantes populares debemos y tenemos que continuar garantizando condiciones de ingreso b\u00e1sico de las jefas de familia en beneficio de los suyos, de quienes dependen econ\u00f3micamente de ellas: los mil 200 pesos mensuales propuestos pueden hacer una diferencia en cada hogar al que llegue.<\/p>\n<p>La Encuesta Nacional de Ocupaci\u00f3n y Empleo del INEGI arroja que en M\u00e9xico hay 20 millones de amas de casa y que 27 de cada 100 madres, ejercen su maternidad sin pareja; es decir 9.2 millones de mujeres. De las madres de 15 a\u00f1os y m\u00e1s, 43.4 por ciento tienen un empleo. De ellas, 38.6 por ciento trabaja en empresas y\/o negocios; y otro 31 por ciento, en el sector informal.<\/p>\n<p>La Declaraci\u00f3n y Plataforma de Acci\u00f3n\u00a0de Beijing, aprobada por los Estados miembros de la Organizaci\u00f3n de las Naciones Unidas (ONU), en 1995, destaca a las mujeres y la econom\u00edacomo una de las 12 principales esferas de preocupaci\u00f3n. Los 189 gobiernos que firmaron el acuerdo \u2013M\u00e9xico entre estos-, se comprometieron a llevar a cabo acciones espec\u00edficas para alcanzar objetivos concretos para mejorar el papel de las mujeres en la econom\u00eda.\u00a0 Sigue siendo nuestro compromiso y nuestra tarea.<\/p>\n<p>Por eso, los mil 200 pesos mensuales que buscamos otorgar como apoyo pueden ser para la comida de ese mes, para completar la renta o lo de los pasajes para ir al trabajo.<\/p>\n<p>Hemos avanzado, s\u00ed, en aras de garantizar la equidad entre hombres y mujeres, sin embargo, a\u00fan persiste una brecha significativa.<\/p>\n<p>Estamos por comenzar la discusi\u00f3n a fondo del presupuesto 2019.\u00a0 Revisemos cada rubro, para reasignar donde m\u00e1s haga falta, como es este caso.\u00a0 Hoy es posible entregar un seguro de vida para jefas de familia que ha permitido que muchas ni\u00f1as, ni\u00f1os y j\u00f3venes no se queden en el desamparo. Con inteligencia financiera y voluntad pol\u00edtica, podemos seguir cerrando la brecha de la desigualdad, apoyando a m\u00e1s hogares. El apoyo de mil 200 pesos que propongo es un paso m\u00e1s para llegar a este fin.<\/p>\n<p>@AniluIngram<\/p>\n","protected":false},"excerpt":{"rendered":"<p>Anil\u00fa Ingram Vallines Sacar adelante a una familia es una tarea tit\u00e1nica, que requiere las 24 horas y los 365 d\u00edas del a\u00f1o, principalmente para las mujeres que, adem\u00e1s de su rol de madres, desempe\u00f1an tambi\u00e9n el de trabajadoras. Son ellas quienes velan por el bienestar de cada integrante de la familia: desde el m\u00e1s [&hellip;]<\/p>\n","protected":false},"author":2,"featured_media":0,"comment_status":"open","ping_status":"open","sticky":false,"template":"","format":"standard","meta":{"tdm_status":"","tdm_grid_status":"","footnotes":""},"categories":[70],"tags":[1872,3350,7061,2305,13088,7036,13087],"class_list":{"0":"post-45695","1":"post","2":"type-post","3":"status-publish","4":"format-standard","6":"category-de-opinion","7":"tag-anilu-ingram-vallines","8":"tag-familia","9":"tag-federacion","10":"tag-mujeres","11":"tag-presupuesto-2019","12":"tag-presupuesto-de-egresos","13":"tag-trabajadoras"},"yoast_head":"<!-- This site is optimized with the Yoast SEO plugin v27.4 - https:\/\/yoast.com\/product\/yoast-seo-wordpress\/ -->\n<title>Por las jefas de familia - Los pol\u00edticos Veracruz<\/title>\n<meta name=\"robots\" content=\"index, follow, max-snippet:-1, max-image-preview:large, max-video-preview:-1\" \/>\n<link rel=\"canonical\" href=\"https:\/\/lospoliticosveracruz.com\/?p=45695\" \/>\n<meta property=\"og:locale\" content=\"es_ES\" \/>\n<meta property=\"og:type\" content=\"article\" \/>\n<meta property=\"og:title\" content=\"Por las jefas de familia - Los pol\u00edticos Veracruz\" \/>\n<meta property=\"og:description\" content=\"Anil\u00fa Ingram Vallines Sacar adelante a una familia es una tarea tit\u00e1nica, que requiere las 24 horas y los 365 d\u00edas del a\u00f1o, principalmente para las mujeres que, adem\u00e1s de su rol de madres, desempe\u00f1an tambi\u00e9n el de trabajadoras. Son ellas quienes velan por el bienestar de cada integrante de la familia: desde el m\u00e1s [&hellip;]\" \/>\n<meta property=\"og:url\" content=\"https:\/\/lospoliticosveracruz.com\/?p=45695\" \/>\n<meta property=\"og:site_name\" content=\"Los pol\u00edticos Veracruz\" \/>\n<meta property=\"article:publisher\" content=\"https:\/\/www.facebook.com\/people\/Notimemes-de-los-Polticos\/61565672886568\/\" \/>\n<meta property=\"article:published_time\" content=\"2018-11-09T15:06:56+00:00\" \/>\n<meta property=\"og:image\" content=\"https:\/\/lospoliticosveracruz.com\/wp-content\/uploads\/2016\/07\/Logo-Dor.jpg\" \/>\n\t<meta property=\"og:image:width\" content=\"200\" \/>\n\t<meta property=\"og:image:height\" content=\"200\" \/>\n\t<meta property=\"og:image:type\" content=\"image\/jpeg\" \/>\n<meta name=\"author\" content=\"Lo viste en Los Pol\u00edticos\" \/>\n<meta name=\"twitter:card\" content=\"summary_large_image\" \/>\n<meta name=\"twitter:creator\" content=\"@LosPoliticosVer\" \/>\n<meta name=\"twitter:site\" content=\"@LosPoliticosVer\" \/>\n<meta name=\"twitter:label1\" content=\"Escrito por\" \/>\n\t<meta name=\"twitter:data1\" content=\"Lo viste en Los Pol\u00edticos\" \/>\n\t<meta name=\"twitter:label2\" content=\"Tiempo de lectura\" \/>\n\t<meta name=\"twitter:data2\" content=\"3 minutos\" \/>\n<script type=\"application\/ld+json\" class=\"yoast-schema-graph\">{\"@context\":\"https:\\\/\\\/schema.org\",\"@graph\":[{\"@type\":\"Article\",\"@id\":\"https:\\\/\\\/lospoliticosveracruz.com\\\/?p=45695#article\",\"isPartOf\":{\"@id\":\"https:\\\/\\\/lospoliticosveracruz.com\\\/?p=45695\"},\"author\":{\"name\":\"Lo viste en Los Pol\u00edticos\",\"@id\":\"https:\\\/\\\/lospoliticosveracruz.com\\\/#\\\/schema\\\/person\\\/b8702bb0e538456e6efd07080bf2a4a2\"},\"headline\":\"Por las jefas de familia\",\"datePublished\":\"2018-11-09T15:06:56+00:00\",\"mainEntityOfPage\":{\"@id\":\"https:\\\/\\\/lospoliticosveracruz.com\\\/?p=45695\"},\"wordCount\":635,\"commentCount\":0,\"publisher\":{\"@id\":\"https:\\\/\\\/lospoliticosveracruz.com\\\/#organization\"},\"keywords\":[\"Anil\u00fa Ingram Vallines\",\"Familia\",\"Federaci\u00f3n\",\"Mujeres\",\"presupuesto 2019\",\"Presupuesto de Egresos\",\"trabajadoras\"],\"articleSection\":[\"De Opini\u00f3n\"],\"inLanguage\":\"es\",\"potentialAction\":[{\"@type\":\"CommentAction\",\"name\":\"Comment\",\"target\":[\"https:\\\/\\\/lospoliticosveracruz.com\\\/?p=45695#respond\"]}]},{\"@type\":\"WebPage\",\"@id\":\"https:\\\/\\\/lospoliticosveracruz.com\\\/?p=45695\",\"url\":\"https:\\\/\\\/lospoliticosveracruz.com\\\/?p=45695\",\"name\":\"Por las jefas de familia - Los pol\u00edticos Veracruz\",\"isPartOf\":{\"@id\":\"https:\\\/\\\/lospoliticosveracruz.com\\\/#website\"},\"datePublished\":\"2018-11-09T15:06:56+00:00\",\"breadcrumb\":{\"@id\":\"https:\\\/\\\/lospoliticosveracruz.com\\\/?p=45695#breadcrumb\"},\"inLanguage\":\"es\",\"potentialAction\":[{\"@type\":\"ReadAction\",\"target\":[\"https:\\\/\\\/lospoliticosveracruz.com\\\/?p=45695\"]}]},{\"@type\":\"BreadcrumbList\",\"@id\":\"https:\\\/\\\/lospoliticosveracruz.com\\\/?p=45695#breadcrumb\",\"itemListElement\":[{\"@type\":\"ListItem\",\"position\":1,\"name\":\"Portada\",\"item\":\"https:\\\/\\\/lospoliticosveracruz.com\\\/\"},{\"@type\":\"ListItem\",\"position\":2,\"name\":\"Por las jefas de familia\"}]},{\"@type\":\"WebSite\",\"@id\":\"https:\\\/\\\/lospoliticosveracruz.com\\\/#website\",\"url\":\"https:\\\/\\\/lospoliticosveracruz.com\\\/\",\"name\":\"Los pol\u00edticos Veracruz\",\"description\":\"\",\"publisher\":{\"@id\":\"https:\\\/\\\/lospoliticosveracruz.com\\\/#organization\"},\"potentialAction\":[{\"@type\":\"SearchAction\",\"target\":{\"@type\":\"EntryPoint\",\"urlTemplate\":\"https:\\\/\\\/lospoliticosveracruz.com\\\/?s={search_term_string}\"},\"query-input\":{\"@type\":\"PropertyValueSpecification\",\"valueRequired\":true,\"valueName\":\"search_term_string\"}}],\"inLanguage\":\"es\"},{\"@type\":\"Organization\",\"@id\":\"https:\\\/\\\/lospoliticosveracruz.com\\\/#organization\",\"name\":\"Los pol\u00edticos Veracruz\",\"url\":\"https:\\\/\\\/lospoliticosveracruz.com\\\/\",\"logo\":{\"@type\":\"ImageObject\",\"inLanguage\":\"es\",\"@id\":\"https:\\\/\\\/lospoliticosveracruz.com\\\/#\\\/schema\\\/logo\\\/image\\\/\",\"url\":\"https:\\\/\\\/lospoliticosveracruz.com\\\/wp-content\\\/uploads\\\/2025\\\/12\\\/Logo-Nuevo-LOS-POLITICOS-1.jpg\",\"contentUrl\":\"https:\\\/\\\/lospoliticosveracruz.com\\\/wp-content\\\/uploads\\\/2025\\\/12\\\/Logo-Nuevo-LOS-POLITICOS-1.jpg\",\"width\":260,\"height\":70,\"caption\":\"Los pol\u00edticos Veracruz\"},\"image\":{\"@id\":\"https:\\\/\\\/lospoliticosveracruz.com\\\/#\\\/schema\\\/logo\\\/image\\\/\"},\"sameAs\":[\"https:\\\/\\\/www.facebook.com\\\/people\\\/Notimemes-de-los-Polticos\\\/61565672886568\\\/\",\"https:\\\/\\\/x.com\\\/LosPoliticosVer\"]},{\"@type\":\"Person\",\"@id\":\"https:\\\/\\\/lospoliticosveracruz.com\\\/#\\\/schema\\\/person\\\/b8702bb0e538456e6efd07080bf2a4a2\",\"name\":\"Lo viste en Los Pol\u00edticos\",\"image\":{\"@type\":\"ImageObject\",\"inLanguage\":\"es\",\"@id\":\"https:\\\/\\\/secure.gravatar.com\\\/avatar\\\/3a8de04a2656d44082be478bd6c086daa447c4651605818287b9532d3d0bd435?s=96&d=mm&r=g\",\"url\":\"https:\\\/\\\/secure.gravatar.com\\\/avatar\\\/3a8de04a2656d44082be478bd6c086daa447c4651605818287b9532d3d0bd435?s=96&d=mm&r=g\",\"contentUrl\":\"https:\\\/\\\/secure.gravatar.com\\\/avatar\\\/3a8de04a2656d44082be478bd6c086daa447c4651605818287b9532d3d0bd435?s=96&d=mm&r=g\",\"caption\":\"Lo viste en Los Pol\u00edticos\"},\"url\":\"https:\\\/\\\/lospoliticosveracruz.com\\\/?author=2\"}]}<\/script>\n<!-- \/ Yoast SEO plugin. -->","yoast_head_json":{"title":"Por las jefas de familia - Los pol\u00edticos Veracruz","robots":{"index":"index","follow":"follow","max-snippet":"max-snippet:-1","max-image-preview":"max-image-preview:large","max-video-preview":"max-video-preview:-1"},"canonical":"https:\/\/lospoliticosveracruz.com\/?p=45695","og_locale":"es_ES","og_type":"article","og_title":"Por las jefas de familia - Los pol\u00edticos Veracruz","og_description":"Anil\u00fa Ingram Vallines Sacar adelante a una familia es una tarea tit\u00e1nica, que requiere las 24 horas y los 365 d\u00edas del a\u00f1o, principalmente para las mujeres que, adem\u00e1s de su rol de madres, desempe\u00f1an tambi\u00e9n el de trabajadoras. Son ellas quienes velan por el bienestar de cada integrante de la familia: desde el m\u00e1s [&hellip;]","og_url":"https:\/\/lospoliticosveracruz.com\/?p=45695","og_site_name":"Los pol\u00edticos Veracruz","article_publisher":"https:\/\/www.facebook.com\/people\/Notimemes-de-los-Polticos\/61565672886568\/","article_published_time":"2018-11-09T15:06:56+00:00","og_image":[{"width":200,"height":200,"url":"https:\/\/lospoliticosveracruz.com\/wp-content\/uploads\/2016\/07\/Logo-Dor.jpg","type":"image\/jpeg"}],"author":"Lo viste en Los Pol\u00edticos","twitter_card":"summary_large_image","twitter_creator":"@LosPoliticosVer","twitter_site":"@LosPoliticosVer","twitter_misc":{"Escrito por":"Lo viste en Los Pol\u00edticos","Tiempo de lectura":"3 minutos"},"schema":{"@context":"https:\/\/schema.org","@graph":[{"@type":"Article","@id":"https:\/\/lospoliticosveracruz.com\/?p=45695#article","isPartOf":{"@id":"https:\/\/lospoliticosveracruz.com\/?p=45695"},"author":{"name":"Lo viste en Los Pol\u00edticos","@id":"https:\/\/lospoliticosveracruz.com\/#\/schema\/person\/b8702bb0e538456e6efd07080bf2a4a2"},"headline":"Por las jefas de familia","datePublished":"2018-11-09T15:06:56+00:00","mainEntityOfPage":{"@id":"https:\/\/lospoliticosveracruz.com\/?p=45695"},"wordCount":635,"commentCount":0,"publisher":{"@id":"https:\/\/lospoliticosveracruz.com\/#organization"},"keywords":["Anil\u00fa Ingram Vallines","Familia","Federaci\u00f3n","Mujeres","presupuesto 2019","Presupuesto de Egresos","trabajadoras"],"articleSection":["De Opini\u00f3n"],"inLanguage":"es","potentialAction":[{"@type":"CommentAction","name":"Comment","target":["https:\/\/lospoliticosveracruz.com\/?p=45695#respond"]}]},{"@type":"WebPage","@id":"https:\/\/lospoliticosveracruz.com\/?p=45695","url":"https:\/\/lospoliticosveracruz.com\/?p=45695","name":"Por las jefas de familia - Los pol\u00edticos Veracruz","isPartOf":{"@id":"https:\/\/lospoliticosveracruz.com\/#website"},"datePublished":"2018-11-09T15:06:56+00:00","breadcrumb":{"@id":"https:\/\/lospoliticosveracruz.com\/?p=45695#breadcrumb"},"inLanguage":"es","potentialAction":[{"@type":"ReadAction","target":["https:\/\/lospoliticosveracruz.com\/?p=45695"]}]},{"@type":"BreadcrumbList","@id":"https:\/\/lospoliticosveracruz.com\/?p=45695#breadcrumb","itemListElement":[{"@type":"ListItem","position":1,"name":"Portada","item":"https:\/\/lospoliticosveracruz.com\/"},{"@type":"ListItem","position":2,"name":"Por las jefas de familia"}]},{"@type":"WebSite","@id":"https:\/\/lospoliticosveracruz.com\/#website","url":"https:\/\/lospoliticosveracruz.com\/","name":"Los pol\u00edticos Veracruz","description":"","publisher":{"@id":"https:\/\/lospoliticosveracruz.com\/#organization"},"potentialAction":[{"@type":"SearchAction","target":{"@type":"EntryPoint","urlTemplate":"https:\/\/lospoliticosveracruz.com\/?s={search_term_string}"},"query-input":{"@type":"PropertyValueSpecification","valueRequired":true,"valueName":"search_term_string"}}],"inLanguage":"es"},{"@type":"Organization","@id":"https:\/\/lospoliticosveracruz.com\/#organization","name":"Los pol\u00edticos Veracruz","url":"https:\/\/lospoliticosveracruz.com\/","logo":{"@type":"ImageObject","inLanguage":"es","@id":"https:\/\/lospoliticosveracruz.com\/#\/schema\/logo\/image\/","url":"https:\/\/lospoliticosveracruz.com\/wp-content\/uploads\/2025\/12\/Logo-Nuevo-LOS-POLITICOS-1.jpg","contentUrl":"https:\/\/lospoliticosveracruz.com\/wp-content\/uploads\/2025\/12\/Logo-Nuevo-LOS-POLITICOS-1.jpg","width":260,"height":70,"caption":"Los pol\u00edticos Veracruz"},"image":{"@id":"https:\/\/lospoliticosveracruz.com\/#\/schema\/logo\/image\/"},"sameAs":["https:\/\/www.facebook.com\/people\/Notimemes-de-los-Polticos\/61565672886568\/","https:\/\/x.com\/LosPoliticosVer"]},{"@type":"Person","@id":"https:\/\/lospoliticosveracruz.com\/#\/schema\/person\/b8702bb0e538456e6efd07080bf2a4a2","name":"Lo viste en Los Pol\u00edticos","image":{"@type":"ImageObject","inLanguage":"es","@id":"https:\/\/secure.gravatar.com\/avatar\/3a8de04a2656d44082be478bd6c086daa447c4651605818287b9532d3d0bd435?s=96&d=mm&r=g","url":"https:\/\/secure.gravatar.com\/avatar\/3a8de04a2656d44082be478bd6c086daa447c4651605818287b9532d3d0bd435?s=96&d=mm&r=g","contentUrl":"https:\/\/secure.gravatar.com\/avatar\/3a8de04a2656d44082be478bd6c086daa447c4651605818287b9532d3d0bd435?s=96&d=mm&r=g","caption":"Lo viste en Los Pol\u00edticos"},"url":"https:\/\/lospoliticosveracruz.com\/?author=2"}]}},"_links":{"self":[{"href":"https:\/\/lospoliticosveracruz.com\/index.php?rest_route=\/wp\/v2\/posts\/45695","targetHints":{"allow":["GET"]}}],"collection":[{"href":"https:\/\/lospoliticosveracruz.com\/index.php?rest_route=\/wp\/v2\/posts"}],"about":[{"href":"https:\/\/lospoliticosveracruz.com\/index.php?rest_route=\/wp\/v2\/types\/post"}],"author":[{"embeddable":true,"href":"https:\/\/lospoliticosveracruz.com\/index.php?rest_route=\/wp\/v2\/users\/2"}],"replies":[{"embeddable":true,"href":"https:\/\/lospoliticosveracruz.com\/index.php?rest_route=%2Fwp%2Fv2%2Fcomments&post=45695"}],"version-history":[{"count":1,"href":"https:\/\/lospoliticosveracruz.com\/index.php?rest_route=\/wp\/v2\/posts\/45695\/revisions"}],"predecessor-version":[{"id":45697,"href":"https:\/\/lospoliticosveracruz.com\/index.php?rest_route=\/wp\/v2\/posts\/45695\/revisions\/45697"}],"wp:attachment":[{"href":"https:\/\/lospoliticosveracruz.com\/index.php?rest_route=%2Fwp%2Fv2%2Fmedia&parent=45695"}],"wp:term":[{"taxonomy":"category","embeddable":true,"href":"https:\/\/lospoliticosveracruz.com\/index.php?rest_route=%2Fwp%2Fv2%2Fcategories&post=45695"},{"taxonomy":"post_tag","embeddable":true,"href":"https:\/\/lospoliticosveracruz.com\/index.php?rest_route=%2Fwp%2Fv2%2Ftags&post=45695"}],"curies":[{"name":"wp","href":"https:\/\/api.w.org\/{rel}","templated":true}]}}