{"id":45714,"date":"2018-11-11T22:48:05","date_gmt":"2018-11-12T04:48:05","guid":{"rendered":"http:\/\/www.lospoliticosveracruz.com.mx\/?p=45714"},"modified":"2018-11-11T22:48:05","modified_gmt":"2018-11-12T04:48:05","slug":"sin-presupuesto-contra-la-violencia","status":"publish","type":"post","link":"https:\/\/lospoliticosveracruz.com\/?p=45714","title":{"rendered":"Sin presupuesto contra la violencia"},"content":{"rendered":"<p><strong>Brenda Caballero<\/strong><\/p>\n<p><em>N\u00fameros Rojos<\/em><\/p>\n<p>\u00bfSabe usted cu\u00e1nto se asigna del Presupuesto de la Federaci\u00f3n para combatir la violencia contra las mujeres? Cuando escuch\u00e9 la cifra me qued\u00e9 fr\u00eda, pues la violencia en M\u00e9xico se ha convertido en un tema \u00a0muy recurrente. Los mismos datos del Inegi indican que 6 de cada 10 mujeres han sufrido alg\u00fan tipo de violencia ocasionada principalmente por el esposo, pareja o novio.<\/p>\n<p>Entonces \u00bfPuede usted creer que \u00fanicamente el 0.01% del Presupuesto Federal se asigne?<\/p>\n<p>Definitivamente es una cifra irrisoria si tomamos en cuenta la cantidad de feminicidios que tenemos en M\u00e9xico, donde matan a 7 mujeres al d\u00eda.<\/p>\n<p>Ante esta situaci\u00f3n y en tiempos de elaboraci\u00f3n del Presupuesto Federal para 2019, la directora general Wendy Figueroa Morales y la doctora Patricia Olamendi Torres hicieron hace unos d\u00edas un llamado para que se apruebe un presupuesto fijo multianual designado espec\u00edficamente a los Refugios para las mujeres v\u00edctimas de violencia, pues \u00e9stos han sido un mecanismo que ha dado resultado para la prevenci\u00f3n de feminicidios.<\/p>\n<p>Recordemos que los 44 Refugios y 41 Centros de Atenci\u00f3n Externa del pa\u00eds ofrecen atenci\u00f3n integral especializada a las mujeres, sus hijas e hijos v\u00edctimas de violencia bajo un enfoque de derechos humanos, perspectiva de g\u00e9nero e interculturalidad, de forma completamente gratuita. Pero los recursos para operar no se les asignan a todos. El a\u00f1o pasado solamente 28 Refugios tuvieron el beneficio, por lo que es muy dif\u00edcil que puedan acceder al financiamiento de los recursos p\u00fablicos, adem\u00e1s de que tienen que concursar para ello. Los recursos que les da la federaci\u00f3n \u00fanicamente cubren aproximadamente 8 meses la operatividad, pues \u00e9stos trabajan las 24 horas los 365 d\u00edas del a\u00f1o.<\/p>\n<p>En Veracruz ya se encuentra en funciones desde octubre, el Primer Refugio Estatal para Mujeres V\u00edctimas de Violencia, pero no se le asignar\u00e1n recursos federales, para ello debe tener un a\u00f1o funcionando con sus propios recursos y despu\u00e9s participar en el concurso para poder tener acceso.<\/p>\n<p>La Directora de la Asociaci\u00f3n Civil Red Nacional de Refugios, expres\u00f3 que no era posible que las mujeres continuaran concursando por sus vidas cada a\u00f1o.<\/p>\n<p>Ojal\u00e1 y las diputadas y Senadoras tomen en cuenta las declaraciones de Figueroa y Olamendi e intercedan para incrementar el Presupuesto.<\/p>\n<p>&nbsp;<\/p>\n<p><strong><em>Mujeres sin discriminaci\u00f3n<\/em><\/strong><\/p>\n<p>Con el objetivo de visibilizar y sensibilizar a las mujeres en la defensa de los Derechos Humanos, para incidir en la erradicaci\u00f3n de todos los tipos de violencia en el estado de Veracruz, la Asociaci\u00f3n Civil L\u00edderes Veracruzanas (LIVE AC) en el marco del D\u00eda Internacional de la Eliminaci\u00f3n de la Violencia contra la Mujer que se conmemora el 25 de noviembre, llevar\u00e1 a cabo el Foro \u201cMujeres sin Discriminaci\u00f3n\u201d, tomando en consideraci\u00f3n 4 ejes tem\u00e1ticos: Violencia Pol\u00edtica, Violencia Familiar, Violencia Laboral \u00a0as\u00ed como Violencia f\u00edsica y sexual.<\/p>\n<p>Rosana Ubanell, periodista y escritora espa\u00f1ola autora de la novela \u2018Volver a morir\u2019, hablar\u00e1 sobre el Empoderamiento de la Mujer; la comunicadora y activista Liliana Mendiola Y\u00e9pez tocar\u00e1 el tema de Violencia Familiar; El tema de Violencia pol\u00edtica estar\u00e1 a cargo de Gladys de Lourdes P\u00e9rez Maldonado, Magistrada Visitadora del Tribunal Superior de Justicia de Veracruz; Carolina Viveros Garc\u00eda, Jurista y Acad\u00e9mica tocar\u00e1 el tema de la violencia laboral.<\/p>\n<p>La cita es el viernes 16 en punto de las \u00a09:00 am en el Colegio de Notarios P\u00fablicos del Estado de Veracruz, ubicado en la Calle Nicol\u00e1s Bravo 15, zona Centro en Xalapa. Entrada Libre. \u00a1No falte!<\/p>\n<p>&nbsp;<\/p>\n<p><strong>Participaci\u00f3n Pol\u00edtica de las Mujeres<\/strong><\/p>\n<p>En el marco del 65 Aniversario del Sufragio de las Mujeres en M\u00e9xico, el d\u00eda de hoy, 12 de noviembre, el Instituto Veracruzano de las Mujeres, en coordinaci\u00f3n con el Ople Veracruz y el Tribunal Electoral de Veracruz, llevar\u00e1n a cabo la ponencia Participaci\u00f3n Pol\u00edtica de las Mujeres, De las cuotas de g\u00e9nero a la Paridad, a cargo de Adriana Medina Espino.<\/p>\n<p>La cita es en el Auditorio Leonardo Pasquel del Ople en Ju\u00e1rez 71, zona centro de Xalapa, Veracruz.<\/p>\n<p>&nbsp;<\/p>\n<p><strong><em>No pierda de vista a Indira en el Senado<\/em><\/strong><\/p>\n<p>Ser\u00e1 esta semana cuando en el Senado se apruebe la Ley Org\u00e1nica de la Fiscal\u00eda General de la Rep\u00fablica. Nos dice la Senadora Indira Rosales San Rom\u00e1n que el PAN votar\u00e1 en contra, pues siguen con el \u201cFiscal carnal\u201d por lo que las fiscal\u00edas especializadas de anticorrupci\u00f3n, derechos humanos y electorales seguir\u00e1n dependiendo del Fiscal General y \u00e9ste a su vez del Presidente. \u201cAs\u00ed es que Cero Autonom\u00eda\u201d.<\/p>\n<p>&nbsp;<\/p>\n<p>@NumerosRojos_BC<\/p>\n<p><a href=\"mailto:Caballero_brenda@hotmail.com\">Caballero_brenda@hotmail.com<\/a><\/p>\n","protected":false},"excerpt":{"rendered":"<p>Brenda Caballero N\u00fameros Rojos \u00bfSabe usted cu\u00e1nto se asigna del Presupuesto de la Federaci\u00f3n para combatir la violencia contra las mujeres? Cuando escuch\u00e9 la cifra me qued\u00e9 fr\u00eda, pues la violencia en M\u00e9xico se ha convertido en un tema \u00a0muy recurrente. Los mismos datos del Inegi indican que 6 de cada 10 mujeres han sufrido [&hellip;]<\/p>\n","protected":false},"author":2,"featured_media":0,"comment_status":"open","ping_status":"open","sticky":false,"template":"","format":"standard","meta":{"tdm_status":"","tdm_grid_status":"","footnotes":""},"categories":[70],"tags":[2687,1618,13107,5506,6587,10451,12504,13106,395,13104,3272,13101,394,13103,13102,13105,195,4182],"class_list":{"0":"post-45714","1":"post","2":"type-post","3":"status-publish","4":"format-standard","6":"category-de-opinion","7":"tag-brenda-caballero","8":"tag-carolina-viveros-garcia","9":"tag-gladys-de-lourdes-perez-maldonado","10":"tag-indira-rosales-san-roman","11":"tag-instituto-veracruzano-de-las-mujeres","12":"tag-ivm","13":"tag-lideres-veracruzanas","14":"tag-liliana-mendiola-yepez","15":"tag-mexico","16":"tag-mujeres-sin-discriminacion","17":"tag-ople","18":"tag-patricia-olamendi-torres","19":"tag-presupuesto","20":"tag-red-nacional-de-refugios","21":"tag-refugio","22":"tag-rosana-ubanell","23":"tag-veracruz","24":"tag-violencia-contra-las-mujeres"},"yoast_head":"<!-- This site is optimized with the Yoast SEO plugin v27.4 - https:\/\/yoast.com\/product\/yoast-seo-wordpress\/ -->\n<title>Sin presupuesto contra la violencia - Los pol\u00edticos Veracruz<\/title>\n<meta name=\"robots\" content=\"index, follow, max-snippet:-1, max-image-preview:large, max-video-preview:-1\" \/>\n<link rel=\"canonical\" href=\"https:\/\/lospoliticosveracruz.com\/?p=45714\" \/>\n<meta property=\"og:locale\" content=\"es_ES\" \/>\n<meta property=\"og:type\" content=\"article\" \/>\n<meta property=\"og:title\" content=\"Sin presupuesto contra la violencia - Los pol\u00edticos Veracruz\" \/>\n<meta property=\"og:description\" content=\"Brenda Caballero N\u00fameros Rojos \u00bfSabe usted cu\u00e1nto se asigna del Presupuesto de la Federaci\u00f3n para combatir la violencia contra las mujeres? Cuando escuch\u00e9 la cifra me qued\u00e9 fr\u00eda, pues la violencia en M\u00e9xico se ha convertido en un tema \u00a0muy recurrente. Los mismos datos del Inegi indican que 6 de cada 10 mujeres han sufrido [&hellip;]\" \/>\n<meta property=\"og:url\" content=\"https:\/\/lospoliticosveracruz.com\/?p=45714\" \/>\n<meta property=\"og:site_name\" content=\"Los pol\u00edticos Veracruz\" \/>\n<meta property=\"article:publisher\" content=\"https:\/\/www.facebook.com\/people\/Notimemes-de-los-Polticos\/61565672886568\/\" \/>\n<meta property=\"article:published_time\" content=\"2018-11-12T04:48:05+00:00\" \/>\n<meta property=\"og:image\" content=\"https:\/\/lospoliticosveracruz.com\/wp-content\/uploads\/2016\/07\/Logo-Dor.jpg\" \/>\n\t<meta property=\"og:image:width\" content=\"200\" \/>\n\t<meta property=\"og:image:height\" content=\"200\" \/>\n\t<meta property=\"og:image:type\" content=\"image\/jpeg\" \/>\n<meta name=\"author\" content=\"Lo viste en Los Pol\u00edticos\" \/>\n<meta name=\"twitter:card\" content=\"summary_large_image\" \/>\n<meta name=\"twitter:creator\" content=\"@LosPoliticosVer\" \/>\n<meta name=\"twitter:site\" content=\"@LosPoliticosVer\" \/>\n<meta name=\"twitter:label1\" content=\"Escrito por\" \/>\n\t<meta name=\"twitter:data1\" content=\"Lo viste en Los Pol\u00edticos\" \/>\n\t<meta name=\"twitter:label2\" content=\"Tiempo de lectura\" \/>\n\t<meta name=\"twitter:data2\" content=\"4 minutos\" \/>\n<script type=\"application\/ld+json\" class=\"yoast-schema-graph\">{\"@context\":\"https:\\\/\\\/schema.org\",\"@graph\":[{\"@type\":\"Article\",\"@id\":\"https:\\\/\\\/lospoliticosveracruz.com\\\/?p=45714#article\",\"isPartOf\":{\"@id\":\"https:\\\/\\\/lospoliticosveracruz.com\\\/?p=45714\"},\"author\":{\"name\":\"Lo viste en Los Pol\u00edticos\",\"@id\":\"https:\\\/\\\/lospoliticosveracruz.com\\\/#\\\/schema\\\/person\\\/b8702bb0e538456e6efd07080bf2a4a2\"},\"headline\":\"Sin presupuesto contra la violencia\",\"datePublished\":\"2018-11-12T04:48:05+00:00\",\"mainEntityOfPage\":{\"@id\":\"https:\\\/\\\/lospoliticosveracruz.com\\\/?p=45714\"},\"wordCount\":795,\"commentCount\":0,\"publisher\":{\"@id\":\"https:\\\/\\\/lospoliticosveracruz.com\\\/#organization\"},\"keywords\":[\"Brenda Caballero\",\"Carolina Viveros Garc\u00eda\",\"Gladys de Lourdes P\u00e9rez Maldonado\",\"Indira Rosales San Rom\u00e1n\",\"Instituto Veracruzano de las Mujeres\",\"IVM\",\"L\u00edderes Veracruzanas\",\"Liliana Mendiola Y\u00e9pez\",\"M\u00e9xico\",\"Mujeres sin Discriminaci\u00f3n\",\"OPLE\",\"Patricia Olamendi Torres\",\"presupuesto\",\"Red Nacional de Refugios\",\"refugio\",\"Rosana Ubanell\",\"Veracruz\",\"Violencia contra las mujeres\"],\"articleSection\":[\"De Opini\u00f3n\"],\"inLanguage\":\"es\",\"potentialAction\":[{\"@type\":\"CommentAction\",\"name\":\"Comment\",\"target\":[\"https:\\\/\\\/lospoliticosveracruz.com\\\/?p=45714#respond\"]}]},{\"@type\":\"WebPage\",\"@id\":\"https:\\\/\\\/lospoliticosveracruz.com\\\/?p=45714\",\"url\":\"https:\\\/\\\/lospoliticosveracruz.com\\\/?p=45714\",\"name\":\"Sin presupuesto contra la violencia - Los pol\u00edticos Veracruz\",\"isPartOf\":{\"@id\":\"https:\\\/\\\/lospoliticosveracruz.com\\\/#website\"},\"datePublished\":\"2018-11-12T04:48:05+00:00\",\"breadcrumb\":{\"@id\":\"https:\\\/\\\/lospoliticosveracruz.com\\\/?p=45714#breadcrumb\"},\"inLanguage\":\"es\",\"potentialAction\":[{\"@type\":\"ReadAction\",\"target\":[\"https:\\\/\\\/lospoliticosveracruz.com\\\/?p=45714\"]}]},{\"@type\":\"BreadcrumbList\",\"@id\":\"https:\\\/\\\/lospoliticosveracruz.com\\\/?p=45714#breadcrumb\",\"itemListElement\":[{\"@type\":\"ListItem\",\"position\":1,\"name\":\"Portada\",\"item\":\"https:\\\/\\\/lospoliticosveracruz.com\\\/\"},{\"@type\":\"ListItem\",\"position\":2,\"name\":\"Sin presupuesto contra la violencia\"}]},{\"@type\":\"WebSite\",\"@id\":\"https:\\\/\\\/lospoliticosveracruz.com\\\/#website\",\"url\":\"https:\\\/\\\/lospoliticosveracruz.com\\\/\",\"name\":\"Los pol\u00edticos Veracruz\",\"description\":\"\",\"publisher\":{\"@id\":\"https:\\\/\\\/lospoliticosveracruz.com\\\/#organization\"},\"potentialAction\":[{\"@type\":\"SearchAction\",\"target\":{\"@type\":\"EntryPoint\",\"urlTemplate\":\"https:\\\/\\\/lospoliticosveracruz.com\\\/?s={search_term_string}\"},\"query-input\":{\"@type\":\"PropertyValueSpecification\",\"valueRequired\":true,\"valueName\":\"search_term_string\"}}],\"inLanguage\":\"es\"},{\"@type\":\"Organization\",\"@id\":\"https:\\\/\\\/lospoliticosveracruz.com\\\/#organization\",\"name\":\"Los pol\u00edticos Veracruz\",\"url\":\"https:\\\/\\\/lospoliticosveracruz.com\\\/\",\"logo\":{\"@type\":\"ImageObject\",\"inLanguage\":\"es\",\"@id\":\"https:\\\/\\\/lospoliticosveracruz.com\\\/#\\\/schema\\\/logo\\\/image\\\/\",\"url\":\"https:\\\/\\\/lospoliticosveracruz.com\\\/wp-content\\\/uploads\\\/2025\\\/12\\\/Logo-Nuevo-LOS-POLITICOS-1.jpg\",\"contentUrl\":\"https:\\\/\\\/lospoliticosveracruz.com\\\/wp-content\\\/uploads\\\/2025\\\/12\\\/Logo-Nuevo-LOS-POLITICOS-1.jpg\",\"width\":260,\"height\":70,\"caption\":\"Los pol\u00edticos Veracruz\"},\"image\":{\"@id\":\"https:\\\/\\\/lospoliticosveracruz.com\\\/#\\\/schema\\\/logo\\\/image\\\/\"},\"sameAs\":[\"https:\\\/\\\/www.facebook.com\\\/people\\\/Notimemes-de-los-Polticos\\\/61565672886568\\\/\",\"https:\\\/\\\/x.com\\\/LosPoliticosVer\"]},{\"@type\":\"Person\",\"@id\":\"https:\\\/\\\/lospoliticosveracruz.com\\\/#\\\/schema\\\/person\\\/b8702bb0e538456e6efd07080bf2a4a2\",\"name\":\"Lo viste en Los Pol\u00edticos\",\"image\":{\"@type\":\"ImageObject\",\"inLanguage\":\"es\",\"@id\":\"https:\\\/\\\/secure.gravatar.com\\\/avatar\\\/3a8de04a2656d44082be478bd6c086daa447c4651605818287b9532d3d0bd435?s=96&d=mm&r=g\",\"url\":\"https:\\\/\\\/secure.gravatar.com\\\/avatar\\\/3a8de04a2656d44082be478bd6c086daa447c4651605818287b9532d3d0bd435?s=96&d=mm&r=g\",\"contentUrl\":\"https:\\\/\\\/secure.gravatar.com\\\/avatar\\\/3a8de04a2656d44082be478bd6c086daa447c4651605818287b9532d3d0bd435?s=96&d=mm&r=g\",\"caption\":\"Lo viste en Los Pol\u00edticos\"},\"url\":\"https:\\\/\\\/lospoliticosveracruz.com\\\/?author=2\"}]}<\/script>\n<!-- \/ Yoast SEO plugin. -->","yoast_head_json":{"title":"Sin presupuesto contra la violencia - Los pol\u00edticos Veracruz","robots":{"index":"index","follow":"follow","max-snippet":"max-snippet:-1","max-image-preview":"max-image-preview:large","max-video-preview":"max-video-preview:-1"},"canonical":"https:\/\/lospoliticosveracruz.com\/?p=45714","og_locale":"es_ES","og_type":"article","og_title":"Sin presupuesto contra la violencia - Los pol\u00edticos Veracruz","og_description":"Brenda Caballero N\u00fameros Rojos \u00bfSabe usted cu\u00e1nto se asigna del Presupuesto de la Federaci\u00f3n para combatir la violencia contra las mujeres? Cuando escuch\u00e9 la cifra me qued\u00e9 fr\u00eda, pues la violencia en M\u00e9xico se ha convertido en un tema \u00a0muy recurrente. Los mismos datos del Inegi indican que 6 de cada 10 mujeres han sufrido [&hellip;]","og_url":"https:\/\/lospoliticosveracruz.com\/?p=45714","og_site_name":"Los pol\u00edticos Veracruz","article_publisher":"https:\/\/www.facebook.com\/people\/Notimemes-de-los-Polticos\/61565672886568\/","article_published_time":"2018-11-12T04:48:05+00:00","og_image":[{"width":200,"height":200,"url":"https:\/\/lospoliticosveracruz.com\/wp-content\/uploads\/2016\/07\/Logo-Dor.jpg","type":"image\/jpeg"}],"author":"Lo viste en Los Pol\u00edticos","twitter_card":"summary_large_image","twitter_creator":"@LosPoliticosVer","twitter_site":"@LosPoliticosVer","twitter_misc":{"Escrito por":"Lo viste en Los Pol\u00edticos","Tiempo de lectura":"4 minutos"},"schema":{"@context":"https:\/\/schema.org","@graph":[{"@type":"Article","@id":"https:\/\/lospoliticosveracruz.com\/?p=45714#article","isPartOf":{"@id":"https:\/\/lospoliticosveracruz.com\/?p=45714"},"author":{"name":"Lo viste en Los Pol\u00edticos","@id":"https:\/\/lospoliticosveracruz.com\/#\/schema\/person\/b8702bb0e538456e6efd07080bf2a4a2"},"headline":"Sin presupuesto contra la violencia","datePublished":"2018-11-12T04:48:05+00:00","mainEntityOfPage":{"@id":"https:\/\/lospoliticosveracruz.com\/?p=45714"},"wordCount":795,"commentCount":0,"publisher":{"@id":"https:\/\/lospoliticosveracruz.com\/#organization"},"keywords":["Brenda Caballero","Carolina Viveros Garc\u00eda","Gladys de Lourdes P\u00e9rez Maldonado","Indira Rosales San Rom\u00e1n","Instituto Veracruzano de las Mujeres","IVM","L\u00edderes Veracruzanas","Liliana Mendiola Y\u00e9pez","M\u00e9xico","Mujeres sin Discriminaci\u00f3n","OPLE","Patricia Olamendi Torres","presupuesto","Red Nacional de Refugios","refugio","Rosana Ubanell","Veracruz","Violencia contra las mujeres"],"articleSection":["De Opini\u00f3n"],"inLanguage":"es","potentialAction":[{"@type":"CommentAction","name":"Comment","target":["https:\/\/lospoliticosveracruz.com\/?p=45714#respond"]}]},{"@type":"WebPage","@id":"https:\/\/lospoliticosveracruz.com\/?p=45714","url":"https:\/\/lospoliticosveracruz.com\/?p=45714","name":"Sin presupuesto contra la violencia - Los pol\u00edticos Veracruz","isPartOf":{"@id":"https:\/\/lospoliticosveracruz.com\/#website"},"datePublished":"2018-11-12T04:48:05+00:00","breadcrumb":{"@id":"https:\/\/lospoliticosveracruz.com\/?p=45714#breadcrumb"},"inLanguage":"es","potentialAction":[{"@type":"ReadAction","target":["https:\/\/lospoliticosveracruz.com\/?p=45714"]}]},{"@type":"BreadcrumbList","@id":"https:\/\/lospoliticosveracruz.com\/?p=45714#breadcrumb","itemListElement":[{"@type":"ListItem","position":1,"name":"Portada","item":"https:\/\/lospoliticosveracruz.com\/"},{"@type":"ListItem","position":2,"name":"Sin presupuesto contra la violencia"}]},{"@type":"WebSite","@id":"https:\/\/lospoliticosveracruz.com\/#website","url":"https:\/\/lospoliticosveracruz.com\/","name":"Los pol\u00edticos Veracruz","description":"","publisher":{"@id":"https:\/\/lospoliticosveracruz.com\/#organization"},"potentialAction":[{"@type":"SearchAction","target":{"@type":"EntryPoint","urlTemplate":"https:\/\/lospoliticosveracruz.com\/?s={search_term_string}"},"query-input":{"@type":"PropertyValueSpecification","valueRequired":true,"valueName":"search_term_string"}}],"inLanguage":"es"},{"@type":"Organization","@id":"https:\/\/lospoliticosveracruz.com\/#organization","name":"Los pol\u00edticos Veracruz","url":"https:\/\/lospoliticosveracruz.com\/","logo":{"@type":"ImageObject","inLanguage":"es","@id":"https:\/\/lospoliticosveracruz.com\/#\/schema\/logo\/image\/","url":"https:\/\/lospoliticosveracruz.com\/wp-content\/uploads\/2025\/12\/Logo-Nuevo-LOS-POLITICOS-1.jpg","contentUrl":"https:\/\/lospoliticosveracruz.com\/wp-content\/uploads\/2025\/12\/Logo-Nuevo-LOS-POLITICOS-1.jpg","width":260,"height":70,"caption":"Los pol\u00edticos Veracruz"},"image":{"@id":"https:\/\/lospoliticosveracruz.com\/#\/schema\/logo\/image\/"},"sameAs":["https:\/\/www.facebook.com\/people\/Notimemes-de-los-Polticos\/61565672886568\/","https:\/\/x.com\/LosPoliticosVer"]},{"@type":"Person","@id":"https:\/\/lospoliticosveracruz.com\/#\/schema\/person\/b8702bb0e538456e6efd07080bf2a4a2","name":"Lo viste en Los Pol\u00edticos","image":{"@type":"ImageObject","inLanguage":"es","@id":"https:\/\/secure.gravatar.com\/avatar\/3a8de04a2656d44082be478bd6c086daa447c4651605818287b9532d3d0bd435?s=96&d=mm&r=g","url":"https:\/\/secure.gravatar.com\/avatar\/3a8de04a2656d44082be478bd6c086daa447c4651605818287b9532d3d0bd435?s=96&d=mm&r=g","contentUrl":"https:\/\/secure.gravatar.com\/avatar\/3a8de04a2656d44082be478bd6c086daa447c4651605818287b9532d3d0bd435?s=96&d=mm&r=g","caption":"Lo viste en Los Pol\u00edticos"},"url":"https:\/\/lospoliticosveracruz.com\/?author=2"}]}},"_links":{"self":[{"href":"https:\/\/lospoliticosveracruz.com\/index.php?rest_route=\/wp\/v2\/posts\/45714","targetHints":{"allow":["GET"]}}],"collection":[{"href":"https:\/\/lospoliticosveracruz.com\/index.php?rest_route=\/wp\/v2\/posts"}],"about":[{"href":"https:\/\/lospoliticosveracruz.com\/index.php?rest_route=\/wp\/v2\/types\/post"}],"author":[{"embeddable":true,"href":"https:\/\/lospoliticosveracruz.com\/index.php?rest_route=\/wp\/v2\/users\/2"}],"replies":[{"embeddable":true,"href":"https:\/\/lospoliticosveracruz.com\/index.php?rest_route=%2Fwp%2Fv2%2Fcomments&post=45714"}],"version-history":[{"count":1,"href":"https:\/\/lospoliticosveracruz.com\/index.php?rest_route=\/wp\/v2\/posts\/45714\/revisions"}],"predecessor-version":[{"id":45715,"href":"https:\/\/lospoliticosveracruz.com\/index.php?rest_route=\/wp\/v2\/posts\/45714\/revisions\/45715"}],"wp:attachment":[{"href":"https:\/\/lospoliticosveracruz.com\/index.php?rest_route=%2Fwp%2Fv2%2Fmedia&parent=45714"}],"wp:term":[{"taxonomy":"category","embeddable":true,"href":"https:\/\/lospoliticosveracruz.com\/index.php?rest_route=%2Fwp%2Fv2%2Fcategories&post=45714"},{"taxonomy":"post_tag","embeddable":true,"href":"https:\/\/lospoliticosveracruz.com\/index.php?rest_route=%2Fwp%2Fv2%2Ftags&post=45714"}],"curies":[{"name":"wp","href":"https:\/\/api.w.org\/{rel}","templated":true}]}}