{"id":45875,"date":"2018-11-23T14:23:57","date_gmt":"2018-11-23T20:23:57","guid":{"rendered":"http:\/\/www.lospoliticosveracruz.com.mx\/?p=45875"},"modified":"2018-11-23T14:23:57","modified_gmt":"2018-11-23T20:23:57","slug":"mujeres-sin-discriminacion","status":"publish","type":"post","link":"https:\/\/lospoliticosveracruz.com\/?p=45875","title":{"rendered":"Mujeres sin discriminaci\u00f3n"},"content":{"rendered":"<p><strong>Naldy Rodr\u00edguez<\/strong><\/p>\n<p><em>Transparencia 3.0<\/em><\/p>\n<p>Hace ya 37 a\u00f1os que se conmemora el D\u00eda Internacional de la Eliminaci\u00f3n de la Violencia contra la Mujer. Sin duda hay avances en ese periodo, es cierto, pero falta mucho camino cuando a diario nos enteramos de una agresi\u00f3n, un abuso, un asesinato.<\/p>\n<p>Durante el 2018, el estado de Veracruz ha ocupado el primero, segundo y tercer lugar en la incidencia de probables feminicidios, de acuerdo a cifras del Secretariado Ejecutivo del Sistema Nacional de Seguridad P\u00fablica. Y en general, en todo el pa\u00eds ha habido un incremento de este lastre para nuestra sociedad en los \u00faltimos cinco a\u00f1os.<\/p>\n<p>Hasta octubre iban 82 feminicidios en la entidad\u2026 Apenas hace una semana en una peque\u00f1a localidad,\u00a0 en Mafafas, municipio de Tepetl\u00e1n, fue encontrado el cuerpo inerte de una peque\u00f1ita, una inocente de 9 a\u00f1os que desapareci\u00f3 d\u00edas atr\u00e1s afuera de su casa. Inconcebible y\u00a0 sin palabras.<\/p>\n<p>Cada 25 de noviembre, desde 1981, es un d\u00eda para denunciar y reclamar, pero sobre todo para sensibilizar. No han sido suficientes los foros, encuentros, manifestaciones, pronunciamientos y mesas de an\u00e1lisis, cuando vemos monstruosidades como la de la ni\u00f1a Amiyatzi.<\/p>\n<p>Otros tipos de violencia y discriminaci\u00f3n en contra de las mujeres tambi\u00e9n afectan: en lo laboral persiste el moobing, la brecha salarial y disparidad econ\u00f3mica; en lo pol\u00edtico seguimos viendo agresiones en contra de las mujeres, pero sobre todo esa discriminaci\u00f3n simb\u00f3lica que es dif\u00edcil percibir. Si bien, de manera hist\u00f3rica, se tiene en Veracruz un Congreso paritario, a\u00fan no se logra que se tome en cuenta a las mujeres para los puestos importantes y con ello poder estar en la toma de decisiones.<\/p>\n<p>\u201cTambi\u00e9n hay hombres violentados\u201d, es cierto, como expuso la magistrada del Poder Judicial de Veracruz, Gladys de Lourdes P\u00e9rez Maldonado en el Foro \u201cMujeres sin discriminaci\u00f3n\u201d organizado por L\u00edderes Veracruzanas. \u201cNo solo somos las mujeres, que la mujer milenariamente ha sido violentada a lo largo de la historia y subyugada en su casa, s\u00ed\u201d.<\/p>\n<p>En el encuentro se defini\u00f3 como \u201cfeminista feliz, mexicana, que no odia a los hombres\u201d, pero que s\u00ed ha sufrido alg\u00fan tipo de violencia en diferentes momentos de su vida. Por eso, se pronunci\u00f3 por ir a la par en la b\u00fasqueda por la igualdad de oportunidades y el respeto.<\/p>\n<p>Y lament\u00f3 el estigma y connotaci\u00f3n negativa que se le ha impuesto socialmente a las \u201cfeministas\u201d.<\/p>\n<p>\u201cUna buena feminista y defensora del respeto de los derechos humanos de la mujer y de la igualdad de oportunidades de la mujer, debe reconocer que el var\u00f3n tambi\u00e9n ha sido violentado\u201d.<\/p>\n<p>La escritora y periodista espa\u00f1ola, Rossana Ubanell, consider\u00f3 que la evoluci\u00f3n del hombre \u201ccom\u00fan y corriente\u201d tambi\u00e9n se puede construir desde la mirada femenina, \u201cpara que entienda cu\u00e1l es su nuevo puesto\u201d.<\/p>\n<p>La autora de varios libros -que han sido bestseller- particip\u00f3 en el mismo encuentro con el tema \u201cEmpoderamiento para evitar la violencia contra la mujer\u201d, donde advirti\u00f3 que las mujeres tienen presiones externas en el \u00e1mbito social, familiar y ahora en las redes sociales, e internas, cuando existe baja autoestima e inseguridad. Por eso, recomend\u00f3 el autoconocimiento, buena toma de decisiones y la preparaci\u00f3n acad\u00e9mica para alcanzar la independencia econ\u00f3mica.<\/p>\n<p>Liliana Mendiola comparti\u00f3 una charla \u00edntima y valiente, desde su experiencia, sobre los focos rojos que toda mujer debe prender cuando sufre alg\u00fan tipo de violencia con su pareja o en el seno familiar. \u201cMirar distinto\u201d, como titul\u00f3 la ponencia, para evitar ser v\u00edctimas de agresiones f\u00edsicas y\/o psicol\u00f3gicas, que pudieran derivar en un acontecimiento tr\u00e1gico.<\/p>\n<p>\u201cAprend\u00ed a mirar mejor y ver que ninguna mujer ni hombre deben sufrir\u00a0 violencia\u201d, dijo la activista en contra de la violencia hacia las mujeres.<\/p>\n<p>La violencia simb\u00f3lica y en las leyes tambi\u00e9n fue expuesta en el foro por el Magistrado Federal en materia civil, Jos\u00e9 Manuel de Alba de Alba\u2026 S\u00ed un hombre, pero un hombre que maneja con gran acierto el tema\u00a0 \u201cjuzgar con perspectiva de g\u00e9nero\u201d y que en los hechos (en sus sentencias y votos en lo particular) ha trabajado para eliminar la discriminaci\u00f3n hacia las mujeres. \u201cLa ley de alguna manera protege al hombre\u201d, reconoci\u00f3.<\/p>\n<p>La violencia y acoso pol\u00edtico tambi\u00e9n es uno de los grandes pendientes para el fortalecimiento de la democracia en Veracruz y en M\u00e9xico, advirti\u00f3 la acad\u00e9mica Carolina Viveros Garc\u00eda. Con su experiencia como la primera mujer en presidir un organismo aut\u00f3nomo electoral, se\u00f1al\u00f3 que pol\u00edticas y legisladoras deben hacer valer el principio constitucional pro persona (la m\u00e1s ampl\u00eda protecci\u00f3n de derechos humanos) y el de igualdad.<\/p>\n<p>Para tratar de incidir en la erradicaci\u00f3n de la violencia contra la mujer, propiciar la informaci\u00f3n y el di\u00e1logo que contribuya a un entorno seguro, la agrupaci\u00f3n L\u00edderes Veracruzanas realiz\u00f3 el foro \u201cMujeres sin discriminaci\u00f3n\u201d\u2026 Fue un ciclo de conferencias para hombres tambi\u00e9n, a ellos debemos sensibilizar y sumar en la lucha para eliminar todo tipo de agresiones.<\/p>\n<p>La violencia contra la mujer no es letra muerta.<\/p>\n<p>&nbsp;<\/p>\n<p>Transparencia3.0@hotmail.com<\/p>\n<p>Twitter @ydlan<\/p>\n","protected":false},"excerpt":{"rendered":"<p>Naldy Rodr\u00edguez Transparencia 3.0 Hace ya 37 a\u00f1os que se conmemora el D\u00eda Internacional de la Eliminaci\u00f3n de la Violencia contra la Mujer. Sin duda hay avances en ese periodo, es cierto, pero falta mucho camino cuando a diario nos enteramos de una agresi\u00f3n, un abuso, un asesinato. Durante el 2018, el estado de Veracruz [&hellip;]<\/p>\n","protected":false},"author":2,"featured_media":0,"comment_status":"open","ping_status":"open","sticky":false,"template":"","format":"standard","meta":{"tdm_status":"","tdm_grid_status":"","footnotes":""},"categories":[70],"tags":[1618,13158,13107,13160,12504,13208,13204,13104,5281,13207,177,13205,195],"class_list":{"0":"post-45875","1":"post","2":"type-post","3":"status-publish","4":"format-standard","6":"category-de-opinion","7":"tag-carolina-viveros-garcia","8":"tag-eliminacion-de-la-violencia-contra-la-mujer","9":"tag-gladys-de-lourdes-perez-maldonado","10":"tag-jose-manuel-de-alba-de-alba","11":"tag-lideres-veracruzanas","12":"tag-liliana-mendiola","13":"tag-mafafas","14":"tag-mujeres-sin-discriminacion","15":"tag-naldy-rodriguez","16":"tag-rossana-ubanell","17":"tag-seguridad-publica","18":"tag-tepetlan","19":"tag-veracruz"},"yoast_head":"<!-- This site is optimized with the Yoast SEO plugin v27.4 - https:\/\/yoast.com\/product\/yoast-seo-wordpress\/ -->\n<title>Mujeres sin discriminaci\u00f3n - Los pol\u00edticos Veracruz<\/title>\n<meta name=\"robots\" content=\"index, follow, max-snippet:-1, max-image-preview:large, max-video-preview:-1\" \/>\n<link rel=\"canonical\" href=\"https:\/\/lospoliticosveracruz.com\/?p=45875\" \/>\n<meta property=\"og:locale\" content=\"es_ES\" \/>\n<meta property=\"og:type\" content=\"article\" \/>\n<meta property=\"og:title\" content=\"Mujeres sin discriminaci\u00f3n - Los pol\u00edticos Veracruz\" \/>\n<meta property=\"og:description\" content=\"Naldy Rodr\u00edguez Transparencia 3.0 Hace ya 37 a\u00f1os que se conmemora el D\u00eda Internacional de la Eliminaci\u00f3n de la Violencia contra la Mujer. Sin duda hay avances en ese periodo, es cierto, pero falta mucho camino cuando a diario nos enteramos de una agresi\u00f3n, un abuso, un asesinato. Durante el 2018, el estado de Veracruz [&hellip;]\" \/>\n<meta property=\"og:url\" content=\"https:\/\/lospoliticosveracruz.com\/?p=45875\" \/>\n<meta property=\"og:site_name\" content=\"Los pol\u00edticos Veracruz\" \/>\n<meta property=\"article:publisher\" content=\"https:\/\/www.facebook.com\/people\/Notimemes-de-los-Polticos\/61565672886568\/\" \/>\n<meta property=\"article:published_time\" content=\"2018-11-23T20:23:57+00:00\" \/>\n<meta property=\"og:image\" content=\"https:\/\/lospoliticosveracruz.com\/wp-content\/uploads\/2016\/07\/Logo-Dor.jpg\" \/>\n\t<meta property=\"og:image:width\" content=\"200\" \/>\n\t<meta property=\"og:image:height\" content=\"200\" \/>\n\t<meta property=\"og:image:type\" content=\"image\/jpeg\" \/>\n<meta name=\"author\" content=\"Lo viste en Los Pol\u00edticos\" \/>\n<meta name=\"twitter:card\" content=\"summary_large_image\" \/>\n<meta name=\"twitter:creator\" content=\"@LosPoliticosVer\" \/>\n<meta name=\"twitter:site\" content=\"@LosPoliticosVer\" \/>\n<meta name=\"twitter:label1\" content=\"Escrito por\" \/>\n\t<meta name=\"twitter:data1\" content=\"Lo viste en Los Pol\u00edticos\" \/>\n\t<meta name=\"twitter:label2\" content=\"Tiempo de lectura\" \/>\n\t<meta name=\"twitter:data2\" content=\"4 minutos\" \/>\n<script type=\"application\/ld+json\" class=\"yoast-schema-graph\">{\"@context\":\"https:\\\/\\\/schema.org\",\"@graph\":[{\"@type\":\"Article\",\"@id\":\"https:\\\/\\\/lospoliticosveracruz.com\\\/?p=45875#article\",\"isPartOf\":{\"@id\":\"https:\\\/\\\/lospoliticosveracruz.com\\\/?p=45875\"},\"author\":{\"name\":\"Lo viste en Los Pol\u00edticos\",\"@id\":\"https:\\\/\\\/lospoliticosveracruz.com\\\/#\\\/schema\\\/person\\\/b8702bb0e538456e6efd07080bf2a4a2\"},\"headline\":\"Mujeres sin discriminaci\u00f3n\",\"datePublished\":\"2018-11-23T20:23:57+00:00\",\"mainEntityOfPage\":{\"@id\":\"https:\\\/\\\/lospoliticosveracruz.com\\\/?p=45875\"},\"wordCount\":891,\"commentCount\":0,\"publisher\":{\"@id\":\"https:\\\/\\\/lospoliticosveracruz.com\\\/#organization\"},\"keywords\":[\"Carolina Viveros Garc\u00eda\",\"Eliminaci\u00f3n de la Violencia contra la Mujer\",\"Gladys de Lourdes P\u00e9rez Maldonado\",\"Jos\u00e9 Manuel de Alba de Alba\",\"L\u00edderes Veracruzanas\",\"Liliana Mendiola\",\"Mafafas\",\"Mujeres sin Discriminaci\u00f3n\",\"Naldy Rodr\u00edguez\",\"Rossana Ubanell\",\"Seguridad P\u00fablica\",\"Tepetl\u00e1n\",\"Veracruz\"],\"articleSection\":[\"De Opini\u00f3n\"],\"inLanguage\":\"es\",\"potentialAction\":[{\"@type\":\"CommentAction\",\"name\":\"Comment\",\"target\":[\"https:\\\/\\\/lospoliticosveracruz.com\\\/?p=45875#respond\"]}]},{\"@type\":\"WebPage\",\"@id\":\"https:\\\/\\\/lospoliticosveracruz.com\\\/?p=45875\",\"url\":\"https:\\\/\\\/lospoliticosveracruz.com\\\/?p=45875\",\"name\":\"Mujeres sin discriminaci\u00f3n - Los pol\u00edticos Veracruz\",\"isPartOf\":{\"@id\":\"https:\\\/\\\/lospoliticosveracruz.com\\\/#website\"},\"datePublished\":\"2018-11-23T20:23:57+00:00\",\"breadcrumb\":{\"@id\":\"https:\\\/\\\/lospoliticosveracruz.com\\\/?p=45875#breadcrumb\"},\"inLanguage\":\"es\",\"potentialAction\":[{\"@type\":\"ReadAction\",\"target\":[\"https:\\\/\\\/lospoliticosveracruz.com\\\/?p=45875\"]}]},{\"@type\":\"BreadcrumbList\",\"@id\":\"https:\\\/\\\/lospoliticosveracruz.com\\\/?p=45875#breadcrumb\",\"itemListElement\":[{\"@type\":\"ListItem\",\"position\":1,\"name\":\"Portada\",\"item\":\"https:\\\/\\\/lospoliticosveracruz.com\\\/\"},{\"@type\":\"ListItem\",\"position\":2,\"name\":\"Mujeres sin discriminaci\u00f3n\"}]},{\"@type\":\"WebSite\",\"@id\":\"https:\\\/\\\/lospoliticosveracruz.com\\\/#website\",\"url\":\"https:\\\/\\\/lospoliticosveracruz.com\\\/\",\"name\":\"Los pol\u00edticos Veracruz\",\"description\":\"\",\"publisher\":{\"@id\":\"https:\\\/\\\/lospoliticosveracruz.com\\\/#organization\"},\"potentialAction\":[{\"@type\":\"SearchAction\",\"target\":{\"@type\":\"EntryPoint\",\"urlTemplate\":\"https:\\\/\\\/lospoliticosveracruz.com\\\/?s={search_term_string}\"},\"query-input\":{\"@type\":\"PropertyValueSpecification\",\"valueRequired\":true,\"valueName\":\"search_term_string\"}}],\"inLanguage\":\"es\"},{\"@type\":\"Organization\",\"@id\":\"https:\\\/\\\/lospoliticosveracruz.com\\\/#organization\",\"name\":\"Los pol\u00edticos Veracruz\",\"url\":\"https:\\\/\\\/lospoliticosveracruz.com\\\/\",\"logo\":{\"@type\":\"ImageObject\",\"inLanguage\":\"es\",\"@id\":\"https:\\\/\\\/lospoliticosveracruz.com\\\/#\\\/schema\\\/logo\\\/image\\\/\",\"url\":\"https:\\\/\\\/lospoliticosveracruz.com\\\/wp-content\\\/uploads\\\/2025\\\/12\\\/Logo-Nuevo-LOS-POLITICOS-1.jpg\",\"contentUrl\":\"https:\\\/\\\/lospoliticosveracruz.com\\\/wp-content\\\/uploads\\\/2025\\\/12\\\/Logo-Nuevo-LOS-POLITICOS-1.jpg\",\"width\":260,\"height\":70,\"caption\":\"Los pol\u00edticos Veracruz\"},\"image\":{\"@id\":\"https:\\\/\\\/lospoliticosveracruz.com\\\/#\\\/schema\\\/logo\\\/image\\\/\"},\"sameAs\":[\"https:\\\/\\\/www.facebook.com\\\/people\\\/Notimemes-de-los-Polticos\\\/61565672886568\\\/\",\"https:\\\/\\\/x.com\\\/LosPoliticosVer\"]},{\"@type\":\"Person\",\"@id\":\"https:\\\/\\\/lospoliticosveracruz.com\\\/#\\\/schema\\\/person\\\/b8702bb0e538456e6efd07080bf2a4a2\",\"name\":\"Lo viste en Los Pol\u00edticos\",\"image\":{\"@type\":\"ImageObject\",\"inLanguage\":\"es\",\"@id\":\"https:\\\/\\\/secure.gravatar.com\\\/avatar\\\/3a8de04a2656d44082be478bd6c086daa447c4651605818287b9532d3d0bd435?s=96&d=mm&r=g\",\"url\":\"https:\\\/\\\/secure.gravatar.com\\\/avatar\\\/3a8de04a2656d44082be478bd6c086daa447c4651605818287b9532d3d0bd435?s=96&d=mm&r=g\",\"contentUrl\":\"https:\\\/\\\/secure.gravatar.com\\\/avatar\\\/3a8de04a2656d44082be478bd6c086daa447c4651605818287b9532d3d0bd435?s=96&d=mm&r=g\",\"caption\":\"Lo viste en Los Pol\u00edticos\"},\"url\":\"https:\\\/\\\/lospoliticosveracruz.com\\\/?author=2\"}]}<\/script>\n<!-- \/ Yoast SEO plugin. -->","yoast_head_json":{"title":"Mujeres sin discriminaci\u00f3n - Los pol\u00edticos Veracruz","robots":{"index":"index","follow":"follow","max-snippet":"max-snippet:-1","max-image-preview":"max-image-preview:large","max-video-preview":"max-video-preview:-1"},"canonical":"https:\/\/lospoliticosveracruz.com\/?p=45875","og_locale":"es_ES","og_type":"article","og_title":"Mujeres sin discriminaci\u00f3n - Los pol\u00edticos Veracruz","og_description":"Naldy Rodr\u00edguez Transparencia 3.0 Hace ya 37 a\u00f1os que se conmemora el D\u00eda Internacional de la Eliminaci\u00f3n de la Violencia contra la Mujer. Sin duda hay avances en ese periodo, es cierto, pero falta mucho camino cuando a diario nos enteramos de una agresi\u00f3n, un abuso, un asesinato. Durante el 2018, el estado de Veracruz [&hellip;]","og_url":"https:\/\/lospoliticosveracruz.com\/?p=45875","og_site_name":"Los pol\u00edticos Veracruz","article_publisher":"https:\/\/www.facebook.com\/people\/Notimemes-de-los-Polticos\/61565672886568\/","article_published_time":"2018-11-23T20:23:57+00:00","og_image":[{"width":200,"height":200,"url":"https:\/\/lospoliticosveracruz.com\/wp-content\/uploads\/2016\/07\/Logo-Dor.jpg","type":"image\/jpeg"}],"author":"Lo viste en Los Pol\u00edticos","twitter_card":"summary_large_image","twitter_creator":"@LosPoliticosVer","twitter_site":"@LosPoliticosVer","twitter_misc":{"Escrito por":"Lo viste en Los Pol\u00edticos","Tiempo de lectura":"4 minutos"},"schema":{"@context":"https:\/\/schema.org","@graph":[{"@type":"Article","@id":"https:\/\/lospoliticosveracruz.com\/?p=45875#article","isPartOf":{"@id":"https:\/\/lospoliticosveracruz.com\/?p=45875"},"author":{"name":"Lo viste en Los Pol\u00edticos","@id":"https:\/\/lospoliticosveracruz.com\/#\/schema\/person\/b8702bb0e538456e6efd07080bf2a4a2"},"headline":"Mujeres sin discriminaci\u00f3n","datePublished":"2018-11-23T20:23:57+00:00","mainEntityOfPage":{"@id":"https:\/\/lospoliticosveracruz.com\/?p=45875"},"wordCount":891,"commentCount":0,"publisher":{"@id":"https:\/\/lospoliticosveracruz.com\/#organization"},"keywords":["Carolina Viveros Garc\u00eda","Eliminaci\u00f3n de la Violencia contra la Mujer","Gladys de Lourdes P\u00e9rez Maldonado","Jos\u00e9 Manuel de Alba de Alba","L\u00edderes Veracruzanas","Liliana Mendiola","Mafafas","Mujeres sin Discriminaci\u00f3n","Naldy Rodr\u00edguez","Rossana Ubanell","Seguridad P\u00fablica","Tepetl\u00e1n","Veracruz"],"articleSection":["De Opini\u00f3n"],"inLanguage":"es","potentialAction":[{"@type":"CommentAction","name":"Comment","target":["https:\/\/lospoliticosveracruz.com\/?p=45875#respond"]}]},{"@type":"WebPage","@id":"https:\/\/lospoliticosveracruz.com\/?p=45875","url":"https:\/\/lospoliticosveracruz.com\/?p=45875","name":"Mujeres sin discriminaci\u00f3n - Los pol\u00edticos Veracruz","isPartOf":{"@id":"https:\/\/lospoliticosveracruz.com\/#website"},"datePublished":"2018-11-23T20:23:57+00:00","breadcrumb":{"@id":"https:\/\/lospoliticosveracruz.com\/?p=45875#breadcrumb"},"inLanguage":"es","potentialAction":[{"@type":"ReadAction","target":["https:\/\/lospoliticosveracruz.com\/?p=45875"]}]},{"@type":"BreadcrumbList","@id":"https:\/\/lospoliticosveracruz.com\/?p=45875#breadcrumb","itemListElement":[{"@type":"ListItem","position":1,"name":"Portada","item":"https:\/\/lospoliticosveracruz.com\/"},{"@type":"ListItem","position":2,"name":"Mujeres sin discriminaci\u00f3n"}]},{"@type":"WebSite","@id":"https:\/\/lospoliticosveracruz.com\/#website","url":"https:\/\/lospoliticosveracruz.com\/","name":"Los pol\u00edticos Veracruz","description":"","publisher":{"@id":"https:\/\/lospoliticosveracruz.com\/#organization"},"potentialAction":[{"@type":"SearchAction","target":{"@type":"EntryPoint","urlTemplate":"https:\/\/lospoliticosveracruz.com\/?s={search_term_string}"},"query-input":{"@type":"PropertyValueSpecification","valueRequired":true,"valueName":"search_term_string"}}],"inLanguage":"es"},{"@type":"Organization","@id":"https:\/\/lospoliticosveracruz.com\/#organization","name":"Los pol\u00edticos Veracruz","url":"https:\/\/lospoliticosveracruz.com\/","logo":{"@type":"ImageObject","inLanguage":"es","@id":"https:\/\/lospoliticosveracruz.com\/#\/schema\/logo\/image\/","url":"https:\/\/lospoliticosveracruz.com\/wp-content\/uploads\/2025\/12\/Logo-Nuevo-LOS-POLITICOS-1.jpg","contentUrl":"https:\/\/lospoliticosveracruz.com\/wp-content\/uploads\/2025\/12\/Logo-Nuevo-LOS-POLITICOS-1.jpg","width":260,"height":70,"caption":"Los pol\u00edticos Veracruz"},"image":{"@id":"https:\/\/lospoliticosveracruz.com\/#\/schema\/logo\/image\/"},"sameAs":["https:\/\/www.facebook.com\/people\/Notimemes-de-los-Polticos\/61565672886568\/","https:\/\/x.com\/LosPoliticosVer"]},{"@type":"Person","@id":"https:\/\/lospoliticosveracruz.com\/#\/schema\/person\/b8702bb0e538456e6efd07080bf2a4a2","name":"Lo viste en Los Pol\u00edticos","image":{"@type":"ImageObject","inLanguage":"es","@id":"https:\/\/secure.gravatar.com\/avatar\/3a8de04a2656d44082be478bd6c086daa447c4651605818287b9532d3d0bd435?s=96&d=mm&r=g","url":"https:\/\/secure.gravatar.com\/avatar\/3a8de04a2656d44082be478bd6c086daa447c4651605818287b9532d3d0bd435?s=96&d=mm&r=g","contentUrl":"https:\/\/secure.gravatar.com\/avatar\/3a8de04a2656d44082be478bd6c086daa447c4651605818287b9532d3d0bd435?s=96&d=mm&r=g","caption":"Lo viste en Los Pol\u00edticos"},"url":"https:\/\/lospoliticosveracruz.com\/?author=2"}]}},"_links":{"self":[{"href":"https:\/\/lospoliticosveracruz.com\/index.php?rest_route=\/wp\/v2\/posts\/45875","targetHints":{"allow":["GET"]}}],"collection":[{"href":"https:\/\/lospoliticosveracruz.com\/index.php?rest_route=\/wp\/v2\/posts"}],"about":[{"href":"https:\/\/lospoliticosveracruz.com\/index.php?rest_route=\/wp\/v2\/types\/post"}],"author":[{"embeddable":true,"href":"https:\/\/lospoliticosveracruz.com\/index.php?rest_route=\/wp\/v2\/users\/2"}],"replies":[{"embeddable":true,"href":"https:\/\/lospoliticosveracruz.com\/index.php?rest_route=%2Fwp%2Fv2%2Fcomments&post=45875"}],"version-history":[{"count":1,"href":"https:\/\/lospoliticosveracruz.com\/index.php?rest_route=\/wp\/v2\/posts\/45875\/revisions"}],"predecessor-version":[{"id":45877,"href":"https:\/\/lospoliticosveracruz.com\/index.php?rest_route=\/wp\/v2\/posts\/45875\/revisions\/45877"}],"wp:attachment":[{"href":"https:\/\/lospoliticosveracruz.com\/index.php?rest_route=%2Fwp%2Fv2%2Fmedia&parent=45875"}],"wp:term":[{"taxonomy":"category","embeddable":true,"href":"https:\/\/lospoliticosveracruz.com\/index.php?rest_route=%2Fwp%2Fv2%2Fcategories&post=45875"},{"taxonomy":"post_tag","embeddable":true,"href":"https:\/\/lospoliticosveracruz.com\/index.php?rest_route=%2Fwp%2Fv2%2Ftags&post=45875"}],"curies":[{"name":"wp","href":"https:\/\/api.w.org\/{rel}","templated":true}]}}