{"id":45884,"date":"2018-11-23T22:59:30","date_gmt":"2018-11-24T04:59:30","guid":{"rendered":"http:\/\/www.lospoliticosveracruz.com.mx\/?p=45884"},"modified":"2018-11-23T22:59:30","modified_gmt":"2018-11-24T04:59:30","slug":"orates-nomas-el-loco-valdes","status":"publish","type":"post","link":"https:\/\/lospoliticosveracruz.com\/?p=45884","title":{"rendered":"Orates, nom\u00e1s el Loco Vald\u00e9s"},"content":{"rendered":"<p class=\"x_MsoNormal\"><strong>Brenda Caballero<\/strong><\/p>\n<p class=\"x_MsoNormal\"><em>N\u00fameros Rojos<\/em><\/p>\n<p class=\"x_MsoNormal\">La an\u00e9cdota cuenta que Manuel \u201cEl Loco\u201d Vald\u00e9s pregunt\u00f3 al aire: \u201c\u00bfQui\u00e9n fue el\u00a0Presidente<u>\u00a0<\/u>Bombero? \u00a1Pues Bomberito Ju\u00e1rez! \u00bfY qui\u00e9n lo ayudaba? Su esposa, Manguerita Maza de Ju\u00e1rez\u201d.<\/p>\n<p class=\"x_MsoNormal\">Eso bast\u00f3 para que fuera censurado su programa \u201cEl Show del Loco Vald\u00e9s\u201d, all\u00e1 a principios de los 70, una \u00e9poca donde el control de los medios lo ten\u00eda el Gobierno, por muy privados que fueran.<\/p>\n<p class=\"x_MsoNormal\">Le cuento esto porque hoy es uno de esos d\u00edas que aplaudo la prudencia y sensatez de los Senadores de Morena, porque retuvieron una iniciativa que los Diputados de su mismo partido hab\u00edan\u00a0\u00a0formulado para que la secretar\u00eda de Gobernaci\u00f3n tuviera competencia para proveer el servicio de radiodifusi\u00f3n p\u00fablica digital a nivel nacional, lo que hubiera dado control sobre el Sistema P\u00fablico de Radiodifusi\u00f3n del Estado Mexicano, el Canal 22 y Radio Educaci\u00f3n, medios p\u00fablicos federales, s\u00ed, pero que gozan de autonom\u00eda y sobre todo pluralidad.<\/p>\n<p class=\"x_MsoNormal\">\u00bfPor qu\u00e9 darle medios de difusi\u00f3n al Gobierno de Andr\u00e9s Manuel? Ah, porque si bien es cierto que ser\u00e1 el Presidente con mayor n\u00famero de votos en la historia del pa\u00eds, m\u00e1s cierto es que despu\u00e9s de su triunfo, L\u00f3pez Obrador ha tenido serios tropiezos en diversos medios, sean radio, televisi\u00f3n, impresos y sobre todo, redes sociales, donde a falta de argumentos se recurre al descalificativo f\u00e1cil y no hablo de los seguidores de AMLO, sino del mismo Andr\u00e9s Manuel: Fif\u00eds, chayoteros, no quieren la transformaci\u00f3n, maiceados y una serie de ocurrencias que si bien, tienen efecto, es la \u00faltima estrategia que tiene, la descalificaci\u00f3n, para confrontar un argumento.<\/p>\n<p class=\"x_MsoNormal\">Luego entonces, de haberse aprobado esta ocurrencia de los diputados federales, hubi\u00e9ramos dado un salto, hacia atr\u00e1s, a los a\u00f1os 60 y 70, a los tiempos de gobierno de los presidentes pri\u00edstas Gustavo D\u00edaz Ordaz, Luis Echeverr\u00eda o Jos\u00e9 L\u00f3pez Portillo, donde la informaci\u00f3n que se difund\u00eda era palomeada por Gobernaci\u00f3n ante el control que ten\u00eda el Gobierno de los medios.<\/p>\n<p class=\"x_MsoNormal\">Es cierto, hablamos de medios p\u00fablicos pero que tienen en su mayor\u00eda un sentido con oficio educativo, cultural, art\u00edstico pero que de haber dado luz verde a esa iniciativa, simplemente pasar\u00edan a ser \u201cvoceros del Se\u00f1or Presidente\u201d\u2026 imaginen, si casi no se oyen o se ven estos medios, hacerlos \u201cdifusores de la palabra del Se\u00f1or\u2026 AMLO\u201d ser\u00eda enterrarlos de plano.<\/p>\n<p class=\"x_MsoNormal\">Bien por los Senadores de Morena ante esta demencia de los diputados federales, porque para orates, nom\u00e1s el Loco Vald\u00e9s.<\/p>\n<p>@NumerosRojos_BC<\/p>\n<p><a href=\"mailto:caballero_brenda@hotmail.com\" target=\"_blank\" rel=\"noopener noreferrer\" data-auth=\"NotApplicable\">caballero_brenda@hotmail.com<\/a><\/p>\n","protected":false},"excerpt":{"rendered":"<p>Brenda Caballero N\u00fameros Rojos La an\u00e9cdota cuenta que Manuel \u201cEl Loco\u201d Vald\u00e9s pregunt\u00f3 al aire: \u201c\u00bfQui\u00e9n fue el\u00a0Presidente\u00a0Bombero? \u00a1Pues Bomberito Ju\u00e1rez! \u00bfY qui\u00e9n lo ayudaba? Su esposa, Manguerita Maza de Ju\u00e1rez\u201d. Eso bast\u00f3 para que fuera censurado su programa \u201cEl Show del Loco Vald\u00e9s\u201d, all\u00e1 a principios de los 70, una \u00e9poca donde el control [&hellip;]<\/p>\n","protected":false},"author":2,"featured_media":0,"comment_status":"open","ping_status":"open","sticky":false,"template":"","format":"standard","meta":{"tdm_status":"","tdm_grid_status":"","footnotes":""},"categories":[70],"tags":[],"class_list":{"0":"post-45884","1":"post","2":"type-post","3":"status-publish","4":"format-standard","6":"category-de-opinion"},"yoast_head":"<!-- This site is optimized with the Yoast SEO plugin v27.4 - https:\/\/yoast.com\/product\/yoast-seo-wordpress\/ -->\n<title>Orates, nom\u00e1s el Loco Vald\u00e9s - Los pol\u00edticos Veracruz<\/title>\n<meta name=\"robots\" content=\"index, follow, max-snippet:-1, max-image-preview:large, max-video-preview:-1\" \/>\n<link rel=\"canonical\" href=\"https:\/\/lospoliticosveracruz.com\/?p=45884\" \/>\n<meta property=\"og:locale\" content=\"es_ES\" \/>\n<meta property=\"og:type\" content=\"article\" \/>\n<meta property=\"og:title\" content=\"Orates, nom\u00e1s el Loco Vald\u00e9s - Los pol\u00edticos Veracruz\" \/>\n<meta property=\"og:description\" content=\"Brenda Caballero N\u00fameros Rojos La an\u00e9cdota cuenta que Manuel \u201cEl Loco\u201d Vald\u00e9s pregunt\u00f3 al aire: \u201c\u00bfQui\u00e9n fue el\u00a0Presidente\u00a0Bombero? \u00a1Pues Bomberito Ju\u00e1rez! \u00bfY qui\u00e9n lo ayudaba? Su esposa, Manguerita Maza de Ju\u00e1rez\u201d. Eso bast\u00f3 para que fuera censurado su programa \u201cEl Show del Loco Vald\u00e9s\u201d, all\u00e1 a principios de los 70, una \u00e9poca donde el control [&hellip;]\" \/>\n<meta property=\"og:url\" content=\"https:\/\/lospoliticosveracruz.com\/?p=45884\" \/>\n<meta property=\"og:site_name\" content=\"Los pol\u00edticos Veracruz\" \/>\n<meta property=\"article:publisher\" content=\"https:\/\/www.facebook.com\/people\/Notimemes-de-los-Polticos\/61565672886568\/\" \/>\n<meta property=\"article:published_time\" content=\"2018-11-24T04:59:30+00:00\" \/>\n<meta property=\"og:image\" content=\"https:\/\/lospoliticosveracruz.com\/wp-content\/uploads\/2016\/07\/Logo-Dor.jpg\" \/>\n\t<meta property=\"og:image:width\" content=\"200\" \/>\n\t<meta property=\"og:image:height\" content=\"200\" \/>\n\t<meta property=\"og:image:type\" content=\"image\/jpeg\" \/>\n<meta name=\"author\" content=\"Lo viste en Los Pol\u00edticos\" \/>\n<meta name=\"twitter:card\" content=\"summary_large_image\" \/>\n<meta name=\"twitter:creator\" content=\"@LosPoliticosVer\" \/>\n<meta name=\"twitter:site\" content=\"@LosPoliticosVer\" \/>\n<meta name=\"twitter:label1\" content=\"Escrito por\" \/>\n\t<meta name=\"twitter:data1\" content=\"Lo viste en Los Pol\u00edticos\" \/>\n\t<meta name=\"twitter:label2\" content=\"Tiempo de lectura\" \/>\n\t<meta name=\"twitter:data2\" content=\"2 minutos\" \/>\n<script type=\"application\/ld+json\" class=\"yoast-schema-graph\">{\"@context\":\"https:\\\/\\\/schema.org\",\"@graph\":[{\"@type\":\"Article\",\"@id\":\"https:\\\/\\\/lospoliticosveracruz.com\\\/?p=45884#article\",\"isPartOf\":{\"@id\":\"https:\\\/\\\/lospoliticosveracruz.com\\\/?p=45884\"},\"author\":{\"name\":\"Lo viste en Los Pol\u00edticos\",\"@id\":\"https:\\\/\\\/lospoliticosveracruz.com\\\/#\\\/schema\\\/person\\\/b8702bb0e538456e6efd07080bf2a4a2\"},\"headline\":\"Orates, nom\u00e1s el Loco Vald\u00e9s\",\"datePublished\":\"2018-11-24T04:59:30+00:00\",\"mainEntityOfPage\":{\"@id\":\"https:\\\/\\\/lospoliticosveracruz.com\\\/?p=45884\"},\"wordCount\":467,\"commentCount\":0,\"publisher\":{\"@id\":\"https:\\\/\\\/lospoliticosveracruz.com\\\/#organization\"},\"articleSection\":[\"De Opini\u00f3n\"],\"inLanguage\":\"es\",\"potentialAction\":[{\"@type\":\"CommentAction\",\"name\":\"Comment\",\"target\":[\"https:\\\/\\\/lospoliticosveracruz.com\\\/?p=45884#respond\"]}]},{\"@type\":\"WebPage\",\"@id\":\"https:\\\/\\\/lospoliticosveracruz.com\\\/?p=45884\",\"url\":\"https:\\\/\\\/lospoliticosveracruz.com\\\/?p=45884\",\"name\":\"Orates, nom\u00e1s el Loco Vald\u00e9s - Los pol\u00edticos Veracruz\",\"isPartOf\":{\"@id\":\"https:\\\/\\\/lospoliticosveracruz.com\\\/#website\"},\"datePublished\":\"2018-11-24T04:59:30+00:00\",\"breadcrumb\":{\"@id\":\"https:\\\/\\\/lospoliticosveracruz.com\\\/?p=45884#breadcrumb\"},\"inLanguage\":\"es\",\"potentialAction\":[{\"@type\":\"ReadAction\",\"target\":[\"https:\\\/\\\/lospoliticosveracruz.com\\\/?p=45884\"]}]},{\"@type\":\"BreadcrumbList\",\"@id\":\"https:\\\/\\\/lospoliticosveracruz.com\\\/?p=45884#breadcrumb\",\"itemListElement\":[{\"@type\":\"ListItem\",\"position\":1,\"name\":\"Portada\",\"item\":\"https:\\\/\\\/lospoliticosveracruz.com\\\/\"},{\"@type\":\"ListItem\",\"position\":2,\"name\":\"Orates, nom\u00e1s el Loco Vald\u00e9s\"}]},{\"@type\":\"WebSite\",\"@id\":\"https:\\\/\\\/lospoliticosveracruz.com\\\/#website\",\"url\":\"https:\\\/\\\/lospoliticosveracruz.com\\\/\",\"name\":\"Los pol\u00edticos Veracruz\",\"description\":\"\",\"publisher\":{\"@id\":\"https:\\\/\\\/lospoliticosveracruz.com\\\/#organization\"},\"potentialAction\":[{\"@type\":\"SearchAction\",\"target\":{\"@type\":\"EntryPoint\",\"urlTemplate\":\"https:\\\/\\\/lospoliticosveracruz.com\\\/?s={search_term_string}\"},\"query-input\":{\"@type\":\"PropertyValueSpecification\",\"valueRequired\":true,\"valueName\":\"search_term_string\"}}],\"inLanguage\":\"es\"},{\"@type\":\"Organization\",\"@id\":\"https:\\\/\\\/lospoliticosveracruz.com\\\/#organization\",\"name\":\"Los pol\u00edticos Veracruz\",\"url\":\"https:\\\/\\\/lospoliticosveracruz.com\\\/\",\"logo\":{\"@type\":\"ImageObject\",\"inLanguage\":\"es\",\"@id\":\"https:\\\/\\\/lospoliticosveracruz.com\\\/#\\\/schema\\\/logo\\\/image\\\/\",\"url\":\"https:\\\/\\\/lospoliticosveracruz.com\\\/wp-content\\\/uploads\\\/2025\\\/12\\\/Logo-Nuevo-LOS-POLITICOS-1.jpg\",\"contentUrl\":\"https:\\\/\\\/lospoliticosveracruz.com\\\/wp-content\\\/uploads\\\/2025\\\/12\\\/Logo-Nuevo-LOS-POLITICOS-1.jpg\",\"width\":260,\"height\":70,\"caption\":\"Los pol\u00edticos Veracruz\"},\"image\":{\"@id\":\"https:\\\/\\\/lospoliticosveracruz.com\\\/#\\\/schema\\\/logo\\\/image\\\/\"},\"sameAs\":[\"https:\\\/\\\/www.facebook.com\\\/people\\\/Notimemes-de-los-Polticos\\\/61565672886568\\\/\",\"https:\\\/\\\/x.com\\\/LosPoliticosVer\"]},{\"@type\":\"Person\",\"@id\":\"https:\\\/\\\/lospoliticosveracruz.com\\\/#\\\/schema\\\/person\\\/b8702bb0e538456e6efd07080bf2a4a2\",\"name\":\"Lo viste en Los Pol\u00edticos\",\"image\":{\"@type\":\"ImageObject\",\"inLanguage\":\"es\",\"@id\":\"https:\\\/\\\/secure.gravatar.com\\\/avatar\\\/3a8de04a2656d44082be478bd6c086daa447c4651605818287b9532d3d0bd435?s=96&d=mm&r=g\",\"url\":\"https:\\\/\\\/secure.gravatar.com\\\/avatar\\\/3a8de04a2656d44082be478bd6c086daa447c4651605818287b9532d3d0bd435?s=96&d=mm&r=g\",\"contentUrl\":\"https:\\\/\\\/secure.gravatar.com\\\/avatar\\\/3a8de04a2656d44082be478bd6c086daa447c4651605818287b9532d3d0bd435?s=96&d=mm&r=g\",\"caption\":\"Lo viste en Los Pol\u00edticos\"},\"url\":\"https:\\\/\\\/lospoliticosveracruz.com\\\/?author=2\"}]}<\/script>\n<!-- \/ Yoast SEO plugin. -->","yoast_head_json":{"title":"Orates, nom\u00e1s el Loco Vald\u00e9s - Los pol\u00edticos Veracruz","robots":{"index":"index","follow":"follow","max-snippet":"max-snippet:-1","max-image-preview":"max-image-preview:large","max-video-preview":"max-video-preview:-1"},"canonical":"https:\/\/lospoliticosveracruz.com\/?p=45884","og_locale":"es_ES","og_type":"article","og_title":"Orates, nom\u00e1s el Loco Vald\u00e9s - Los pol\u00edticos Veracruz","og_description":"Brenda Caballero N\u00fameros Rojos La an\u00e9cdota cuenta que Manuel \u201cEl Loco\u201d Vald\u00e9s pregunt\u00f3 al aire: \u201c\u00bfQui\u00e9n fue el\u00a0Presidente\u00a0Bombero? \u00a1Pues Bomberito Ju\u00e1rez! \u00bfY qui\u00e9n lo ayudaba? Su esposa, Manguerita Maza de Ju\u00e1rez\u201d. Eso bast\u00f3 para que fuera censurado su programa \u201cEl Show del Loco Vald\u00e9s\u201d, all\u00e1 a principios de los 70, una \u00e9poca donde el control [&hellip;]","og_url":"https:\/\/lospoliticosveracruz.com\/?p=45884","og_site_name":"Los pol\u00edticos Veracruz","article_publisher":"https:\/\/www.facebook.com\/people\/Notimemes-de-los-Polticos\/61565672886568\/","article_published_time":"2018-11-24T04:59:30+00:00","og_image":[{"width":200,"height":200,"url":"https:\/\/lospoliticosveracruz.com\/wp-content\/uploads\/2016\/07\/Logo-Dor.jpg","type":"image\/jpeg"}],"author":"Lo viste en Los Pol\u00edticos","twitter_card":"summary_large_image","twitter_creator":"@LosPoliticosVer","twitter_site":"@LosPoliticosVer","twitter_misc":{"Escrito por":"Lo viste en Los Pol\u00edticos","Tiempo de lectura":"2 minutos"},"schema":{"@context":"https:\/\/schema.org","@graph":[{"@type":"Article","@id":"https:\/\/lospoliticosveracruz.com\/?p=45884#article","isPartOf":{"@id":"https:\/\/lospoliticosveracruz.com\/?p=45884"},"author":{"name":"Lo viste en Los Pol\u00edticos","@id":"https:\/\/lospoliticosveracruz.com\/#\/schema\/person\/b8702bb0e538456e6efd07080bf2a4a2"},"headline":"Orates, nom\u00e1s el Loco Vald\u00e9s","datePublished":"2018-11-24T04:59:30+00:00","mainEntityOfPage":{"@id":"https:\/\/lospoliticosveracruz.com\/?p=45884"},"wordCount":467,"commentCount":0,"publisher":{"@id":"https:\/\/lospoliticosveracruz.com\/#organization"},"articleSection":["De Opini\u00f3n"],"inLanguage":"es","potentialAction":[{"@type":"CommentAction","name":"Comment","target":["https:\/\/lospoliticosveracruz.com\/?p=45884#respond"]}]},{"@type":"WebPage","@id":"https:\/\/lospoliticosveracruz.com\/?p=45884","url":"https:\/\/lospoliticosveracruz.com\/?p=45884","name":"Orates, nom\u00e1s el Loco Vald\u00e9s - Los pol\u00edticos Veracruz","isPartOf":{"@id":"https:\/\/lospoliticosveracruz.com\/#website"},"datePublished":"2018-11-24T04:59:30+00:00","breadcrumb":{"@id":"https:\/\/lospoliticosveracruz.com\/?p=45884#breadcrumb"},"inLanguage":"es","potentialAction":[{"@type":"ReadAction","target":["https:\/\/lospoliticosveracruz.com\/?p=45884"]}]},{"@type":"BreadcrumbList","@id":"https:\/\/lospoliticosveracruz.com\/?p=45884#breadcrumb","itemListElement":[{"@type":"ListItem","position":1,"name":"Portada","item":"https:\/\/lospoliticosveracruz.com\/"},{"@type":"ListItem","position":2,"name":"Orates, nom\u00e1s el Loco Vald\u00e9s"}]},{"@type":"WebSite","@id":"https:\/\/lospoliticosveracruz.com\/#website","url":"https:\/\/lospoliticosveracruz.com\/","name":"Los pol\u00edticos Veracruz","description":"","publisher":{"@id":"https:\/\/lospoliticosveracruz.com\/#organization"},"potentialAction":[{"@type":"SearchAction","target":{"@type":"EntryPoint","urlTemplate":"https:\/\/lospoliticosveracruz.com\/?s={search_term_string}"},"query-input":{"@type":"PropertyValueSpecification","valueRequired":true,"valueName":"search_term_string"}}],"inLanguage":"es"},{"@type":"Organization","@id":"https:\/\/lospoliticosveracruz.com\/#organization","name":"Los pol\u00edticos Veracruz","url":"https:\/\/lospoliticosveracruz.com\/","logo":{"@type":"ImageObject","inLanguage":"es","@id":"https:\/\/lospoliticosveracruz.com\/#\/schema\/logo\/image\/","url":"https:\/\/lospoliticosveracruz.com\/wp-content\/uploads\/2025\/12\/Logo-Nuevo-LOS-POLITICOS-1.jpg","contentUrl":"https:\/\/lospoliticosveracruz.com\/wp-content\/uploads\/2025\/12\/Logo-Nuevo-LOS-POLITICOS-1.jpg","width":260,"height":70,"caption":"Los pol\u00edticos Veracruz"},"image":{"@id":"https:\/\/lospoliticosveracruz.com\/#\/schema\/logo\/image\/"},"sameAs":["https:\/\/www.facebook.com\/people\/Notimemes-de-los-Polticos\/61565672886568\/","https:\/\/x.com\/LosPoliticosVer"]},{"@type":"Person","@id":"https:\/\/lospoliticosveracruz.com\/#\/schema\/person\/b8702bb0e538456e6efd07080bf2a4a2","name":"Lo viste en Los Pol\u00edticos","image":{"@type":"ImageObject","inLanguage":"es","@id":"https:\/\/secure.gravatar.com\/avatar\/3a8de04a2656d44082be478bd6c086daa447c4651605818287b9532d3d0bd435?s=96&d=mm&r=g","url":"https:\/\/secure.gravatar.com\/avatar\/3a8de04a2656d44082be478bd6c086daa447c4651605818287b9532d3d0bd435?s=96&d=mm&r=g","contentUrl":"https:\/\/secure.gravatar.com\/avatar\/3a8de04a2656d44082be478bd6c086daa447c4651605818287b9532d3d0bd435?s=96&d=mm&r=g","caption":"Lo viste en Los Pol\u00edticos"},"url":"https:\/\/lospoliticosveracruz.com\/?author=2"}]}},"_links":{"self":[{"href":"https:\/\/lospoliticosveracruz.com\/index.php?rest_route=\/wp\/v2\/posts\/45884","targetHints":{"allow":["GET"]}}],"collection":[{"href":"https:\/\/lospoliticosveracruz.com\/index.php?rest_route=\/wp\/v2\/posts"}],"about":[{"href":"https:\/\/lospoliticosveracruz.com\/index.php?rest_route=\/wp\/v2\/types\/post"}],"author":[{"embeddable":true,"href":"https:\/\/lospoliticosveracruz.com\/index.php?rest_route=\/wp\/v2\/users\/2"}],"replies":[{"embeddable":true,"href":"https:\/\/lospoliticosveracruz.com\/index.php?rest_route=%2Fwp%2Fv2%2Fcomments&post=45884"}],"version-history":[{"count":2,"href":"https:\/\/lospoliticosveracruz.com\/index.php?rest_route=\/wp\/v2\/posts\/45884\/revisions"}],"predecessor-version":[{"id":45887,"href":"https:\/\/lospoliticosveracruz.com\/index.php?rest_route=\/wp\/v2\/posts\/45884\/revisions\/45887"}],"wp:attachment":[{"href":"https:\/\/lospoliticosveracruz.com\/index.php?rest_route=%2Fwp%2Fv2%2Fmedia&parent=45884"}],"wp:term":[{"taxonomy":"category","embeddable":true,"href":"https:\/\/lospoliticosveracruz.com\/index.php?rest_route=%2Fwp%2Fv2%2Fcategories&post=45884"},{"taxonomy":"post_tag","embeddable":true,"href":"https:\/\/lospoliticosveracruz.com\/index.php?rest_route=%2Fwp%2Fv2%2Ftags&post=45884"}],"curies":[{"name":"wp","href":"https:\/\/api.w.org\/{rel}","templated":true}]}}