{"id":45894,"date":"2018-11-25T22:30:58","date_gmt":"2018-11-26T04:30:58","guid":{"rendered":"http:\/\/www.lospoliticosveracruz.com.mx\/?p=45894"},"modified":"2018-11-25T21:10:47","modified_gmt":"2018-11-26T03:10:47","slug":"mujeres-al-gabinete-de-cuitlahuac","status":"publish","type":"post","link":"https:\/\/lospoliticosveracruz.com\/?p=45894","title":{"rendered":"Mujeres al Gabinete de Cuitl\u00e1huac"},"content":{"rendered":"<p><strong><span style=\"color: #000000;\"><span style=\"font-family: 'Times New Roman', serif;\"><span style=\"font-size: medium;\">Brenda Caballero<\/span><\/span><\/span><\/strong><\/p>\n<p><em><span style=\"color: #000000;\">\u00a0N\u00fameros Rojos<\/span><\/em><\/p>\n<p><span style=\"color: #000000;\"><span style=\"font-family: 'Times New Roman', serif;\"><span style=\"font-size: medium;\">As\u00ed como desde este espacio levanto la voz a favor de la inclusi\u00f3n de las mujeres en la Administraci\u00f3n P\u00fablica Estatal, he de reconocer que el gobernador electo Cuitl\u00e1huac Garc\u00eda Jim\u00e9nez se est\u00e1 aplicando en cuesti\u00f3n de paridad de g\u00e9nero con la designaci\u00f3n de 6 mujeres que ocupar\u00e1n dos Secretar\u00edas, dos Direcciones Generales, la Contralor\u00eda General y la Oficial\u00eda Mayor de la SEV.<\/span><\/span><\/span><\/p>\n<p><span style=\"color: #000000;\"><span style=\"font-family: 'Times New Roman', serif;\"><span style=\"font-size: medium;\">A principios de octubre escrib\u00eda en la columna titulada \u201cLa Deuda de Cuitl\u00e1huac\u201d que para igualar la cuota de g\u00e9nero, Cuitl\u00e1huac ten\u00eda que presentar a 6 mujeres m\u00e1s de los 8 cargos restantes. Incluso, reconozco escrib\u00ed, que ve\u00eda muy lejos, casi imposible se igualara la cuota de g\u00e9nero&#8230; qu\u00e9 bueno que me estoy equivocando, pues estas mujeres se unir\u00e1n a las titulares de la Secretar\u00eda de Turismo, X\u00f3chitl Arbes\u00fa Lago; a la de Trabajo, Previsi\u00f3n Social y Productividad, Mar\u00eda Guadalupe Arg\u00fcelles Lozano; a la Secretar\u00eda de Cultura, Silvia Alejandr\u00e9 y a la titular de la Oficina del Programa de Gobierno, Waltraud Mart\u00ednez Olvera.<\/span><\/span><\/span><\/p>\n<p><span style=\"color: #000000;\"><span style=\"font-family: 'Times New Roman', serif;\"><span style=\"font-size: medium;\">Con ello habr\u00e1 mujeres titulares en 9 dependencias y organismos y una en la oficial\u00eda mayor de la SEV.<\/span><\/span><\/span><\/p>\n<p><span style=\"color: #000000;\"><span style=\"font-family: 'Times New Roman', serif;\"><span style=\"font-size: medium;\">Por cierto, ya que entramos en el tema de la SEV en la que seguramente el titular ser\u00e1 un var\u00f3n y todos apuntan a que ser\u00e1 Zenyazen Escobar Garc\u00eda, con el que no estaba muy de acuerdo Esteban Moctezuma Barrag\u00e1n, pr\u00f3ximo Secretario de Educaci\u00f3n con Andr\u00e9s Manuel L\u00f3pez Obrador, por sus esc\u00e1ndalos, no pierda de vista a Ariadna Aguilar Amaya, pr\u00f3xima Oficial Mayor de la SEV, quien aparte de ser una mujer muy preparada, que ya trabaj\u00f3 en la SEV como directora de Secundarias y subdirectora de Telesecundarias, y que adem\u00e1s cuenta con Maestr\u00eda en Econom\u00eda y Negocios, es estudiante de Doctorado en Administraci\u00f3n P\u00fablica, con estudios tambi\u00e9n en Harvard y en la Universidad de Vigo, Espa\u00f1a; trabaja en Kybernus, un programa de creaci\u00f3n de valor social de Grupo Salinas que busca construir en M\u00e9xico una cultura de liderazgo basada en valores, coincidentemente del mismo equipo de Esteban Moctezuma, pues recordemos que \u00e9l fue nombrado Presidente de la Fundaci\u00f3n Azteca en el 2002.<\/span><\/span><\/span><\/p>\n<p><span style=\"color: #000000;\"><span style=\"font-family: 'Times New Roman', serif;\"><span style=\"font-size: medium;\">Sin duda, la preparaci\u00f3n de Ariadna pone un est\u00e1ndar muy alto para el pr\u00f3ximo Secretario de Educaci\u00f3n en Veracruz.<\/span><\/span><\/span><\/p>\n<p><span style=\"color: #000000;\"><span style=\"font-family: 'Times New Roman', serif;\"><span style=\"font-size: medium;\">Aunque algunos comentaron que la ex diputada local Daniela Griego Ceballos merec\u00eda una Secretar\u00eda m\u00e1s que el Instituto de Pensiones del Estado de Veracruz, lo cierto es que ya se ve\u00eda venir su nombramiento en el IPE, pues como Presidenta de la Comisi\u00f3n Especial de \u00e9ste en la pasada Legislatura, se meti\u00f3 muy a fondo con el tema de Pensiones, reuni\u00e9ndose con jubilados y pensionados, adem\u00e1s de representantes sindicales para lograr la reforma a la Ley del Instituto de Pensiones del Estado de Veracruz. Sin duda, Daniela ha hecho en menos tiempo mucho m\u00e1s que el propio titular del IPE, Hilario Barcelata Ch\u00e1vez, quien solamente se la pas\u00f3 en el cargo de esc\u00e1ndalo en esc\u00e1ndalo. Daniela es una mujer inteligente, y no tengo la menor duda de que reestructurar\u00e1 al IPE para sacarlo adelante.<\/span><\/span><\/span><\/p>\n<p><span style=\"color: #000000;\"><span style=\"font-family: 'Times New Roman', serif;\"><span style=\"font-size: medium;\">La verdad me sorprende el nombramiento de Guadalupe Osorno Maldonado frente a la Secretar\u00eda de Protecci\u00f3n Civil, pues siempre se ha relacionado con causas feministas y de equidad y g\u00e9nero, incluso en su discurso del d\u00eda de ayer le puso esa esencia, y por supuesto lenguaje incluyente. Aunque es bueno que no se quede con un estereotipo y ampl\u00ede su campo profesional; no dudo que Lupe le dar\u00e1 otro giro a la Secretar\u00eda de Protecci\u00f3n Civil.<\/span><\/span><\/span><\/p>\n<p><span style=\"color: #000000;\"><span style=\"font-family: 'Times New Roman', serif;\"><span style=\"font-size: medium;\">Si habl\u00e1ramos de un cargo designado por estrategia pol\u00edtica, ser\u00eda el de la pr\u00f3xima Directora del DIF, Ver\u00f3nica Aguilera Tapia, pues fue precandidata del PAN a la diputaci\u00f3n local por Veracruz. Aguilera Tapia trabaj\u00f3 para los Ayuntamientos de Veracruz y Boca del R\u00edo, por lo que conoce perfectamente el basti\u00f3n azul situado en esos municipios. Con ella al frente del DIF, el gobierno de Cuitl\u00e1huac tratar\u00eda de hacer un contrapeso pol\u00edtico en materia de asistencia y pol\u00edtica social para minar el dominio panista de la zona.<\/span><\/span><\/span><\/p>\n<p><span style=\"color: #000000;\"><span style=\"font-family: 'Times New Roman', serif;\"><span style=\"font-size: medium;\">Para la Secretar\u00eda de Medio Ambiente ya sonaba fuerte el nombre de la ex diputada del distrito de Cosoleacaque, Mar\u00eda del Roc\u00edo P\u00e9rez P\u00e9rez, pues en la pasada legislatura estuvo en la Comisi\u00f3n de Medio Ambiente, Recursos Naturales y Cambio Clim\u00e1tico, donde promovi\u00f3 diversas iniciativas en ese rubro.<\/span><\/span><\/span><\/p>\n<p><span style=\"color: #000000;\"><span style=\"font-family: 'Times New Roman', serif;\"><span style=\"font-size: medium;\">Cabe recordar que Mar\u00eda del Roc\u00edo le quit\u00f3 el cacicazgo pri\u00edsta a los Merl\u00edn Castro en Cosoleacaque, pues le gan\u00f3 por 467 votos a Carla Enr\u00edquez Merl\u00edn, hija de la ex diputada Gladys Merl\u00edn Castro quien le impugn\u00f3 el triunfo.<\/span><\/span><\/span><\/p>\n<p><span style=\"color: #000000;\"><span style=\"font-family: 'Times New Roman', serif;\"><span style=\"font-size: medium;\">Por \u00faltimo, con mucha porra durante su designaci\u00f3n, llega a la Contralor\u00eda General del Estado la abogada Leslie Garibo Puga, quien ser\u00e1 la tercera contralora en el Estado de Veracruz, aunque sin duda Leslie tendr\u00e1 mayor fuerza que Susana Torres Hern\u00e1ndez y Clara Luz Prieto Villegas, titulares de la Contralor\u00eda con Fidel Herrera Beltr\u00e1n, pues aparte de tener como antecedente su trabajo realizado ante el OPLE como representante del partido Morena, es de las mujeres m\u00e1s cercanas a Eric Cisneros Burgos, pr\u00f3ximo Secretario de Gobierno. Luego entonces, en el pr\u00f3ximo sexenio veremos una mancuerna incondicional Garibo-Cisneros, ya que si el Secretario pone el dedo sobre alg\u00fan funcionario yunista, la maquinaria de la Contralor\u00eda se encargar\u00e1 de hacer las respectivas observaciones.<\/span><\/span><\/span><\/p>\n<p><span style=\"color: #000000;\"><span style=\"font-family: 'Times New Roman', serif;\"><span style=\"font-size: medium;\">Por lo pronto, tal parece que Cuitl\u00e1huac Garc\u00eda antes de rendir protesta como gobernador de Veracruz quiere saldar su deuda con las veracruzanas. \u00bfQui\u00e9n dec\u00eda que al pr\u00f3ximo gobernador no le gustaba trabajar con mujeres?<\/span><\/span><\/span><\/p>\n<p><span style=\"color: #000000;\">\u00a0<\/span><\/p>\n<p><span style=\"color: #000000;\"><span style=\"font-family: 'Times New Roman', serif;\"><span style=\"font-size: medium;\">@NumerosRojos_BC<\/span><\/span><\/span><\/p>\n<p><span style=\"color: #000000;\">\u00a0<\/span><\/p>\n<p><a target=\"_blank\"><span style=\"color: #0000ff;\"><span style=\"font-family: 'Times New Roman', serif;\"><span style=\"font-size: medium;\">caballero_brenda@hotmail.com<\/span><\/span><\/span><\/a><\/p>\n","protected":false},"excerpt":{"rendered":"<p>Brenda Caballero \u00a0N\u00fameros Rojos As\u00ed como desde este espacio levanto la voz a favor de la inclusi\u00f3n de las mujeres en la Administraci\u00f3n P\u00fablica Estatal, he de reconocer que el gobernador electo Cuitl\u00e1huac Garc\u00eda Jim\u00e9nez se est\u00e1 aplicando en cuesti\u00f3n de paridad de g\u00e9nero con la designaci\u00f3n de 6 mujeres que ocupar\u00e1n dos Secretar\u00edas, dos [&hellip;]<\/p>\n","protected":false},"author":2,"featured_media":0,"comment_status":"open","ping_status":"open","sticky":false,"template":"","format":"standard","meta":{"tdm_status":"","tdm_grid_status":"","footnotes":""},"categories":[70],"tags":[2687,1563,3386,6657,13217,11408,13220,7321,10909,1276,13215,13216,12999,8861,198,12607,12372],"class_list":{"0":"post-45894","1":"post","2":"type-post","3":"status-publish","4":"format-standard","6":"category-de-opinion","7":"tag-brenda-caballero","8":"tag-cuitlahuac-garcia-jimenez","9":"tag-cultura","10":"tag-daniela-griego-ceballos","11":"tag-esteban-moctezuma-barragan","12":"tag-guadalupe-osorno-maldonado","13":"tag-leslie-garibo-puga","14":"tag-maria-del-rocio-perez-perez","15":"tag-maria-guadalupe-arguelles-lozano","16":"tag-pensiones","17":"tag-prevision-social-y-productividad","18":"tag-programa-de-gobierno","19":"tag-silvia-alejandre","20":"tag-trabajo","21":"tag-turismo","22":"tag-xochitl-arbesu-lago","23":"tag-zenyazen-escobar-garcia"},"yoast_head":"<!-- This site is optimized with the Yoast SEO plugin v27.4 - https:\/\/yoast.com\/product\/yoast-seo-wordpress\/ -->\n<title>Mujeres al Gabinete de Cuitl\u00e1huac - Los pol\u00edticos Veracruz<\/title>\n<meta name=\"robots\" content=\"index, follow, max-snippet:-1, max-image-preview:large, max-video-preview:-1\" \/>\n<link rel=\"canonical\" href=\"https:\/\/lospoliticosveracruz.com\/?p=45894\" \/>\n<meta property=\"og:locale\" content=\"es_ES\" \/>\n<meta property=\"og:type\" content=\"article\" \/>\n<meta property=\"og:title\" content=\"Mujeres al Gabinete de Cuitl\u00e1huac - Los pol\u00edticos Veracruz\" \/>\n<meta property=\"og:description\" content=\"Brenda Caballero \u00a0N\u00fameros Rojos As\u00ed como desde este espacio levanto la voz a favor de la inclusi\u00f3n de las mujeres en la Administraci\u00f3n P\u00fablica Estatal, he de reconocer que el gobernador electo Cuitl\u00e1huac Garc\u00eda Jim\u00e9nez se est\u00e1 aplicando en cuesti\u00f3n de paridad de g\u00e9nero con la designaci\u00f3n de 6 mujeres que ocupar\u00e1n dos Secretar\u00edas, dos [&hellip;]\" \/>\n<meta property=\"og:url\" content=\"https:\/\/lospoliticosveracruz.com\/?p=45894\" \/>\n<meta property=\"og:site_name\" content=\"Los pol\u00edticos Veracruz\" \/>\n<meta property=\"article:publisher\" content=\"https:\/\/www.facebook.com\/people\/Notimemes-de-los-Polticos\/61565672886568\/\" \/>\n<meta property=\"article:published_time\" content=\"2018-11-26T04:30:58+00:00\" \/>\n<meta property=\"og:image\" content=\"https:\/\/lospoliticosveracruz.com\/wp-content\/uploads\/2016\/07\/Logo-Dor.jpg\" \/>\n\t<meta property=\"og:image:width\" content=\"200\" \/>\n\t<meta property=\"og:image:height\" content=\"200\" \/>\n\t<meta property=\"og:image:type\" content=\"image\/jpeg\" \/>\n<meta name=\"author\" content=\"Lo viste en Los Pol\u00edticos\" \/>\n<meta name=\"twitter:card\" content=\"summary_large_image\" \/>\n<meta name=\"twitter:creator\" content=\"@LosPoliticosVer\" \/>\n<meta name=\"twitter:site\" content=\"@LosPoliticosVer\" \/>\n<meta name=\"twitter:label1\" content=\"Escrito por\" \/>\n\t<meta name=\"twitter:data1\" content=\"Lo viste en Los Pol\u00edticos\" \/>\n\t<meta name=\"twitter:label2\" content=\"Tiempo de lectura\" \/>\n\t<meta name=\"twitter:data2\" content=\"5 minutos\" \/>\n<script type=\"application\/ld+json\" class=\"yoast-schema-graph\">{\"@context\":\"https:\\\/\\\/schema.org\",\"@graph\":[{\"@type\":\"Article\",\"@id\":\"https:\\\/\\\/lospoliticosveracruz.com\\\/?p=45894#article\",\"isPartOf\":{\"@id\":\"https:\\\/\\\/lospoliticosveracruz.com\\\/?p=45894\"},\"author\":{\"name\":\"Lo viste en Los Pol\u00edticos\",\"@id\":\"https:\\\/\\\/lospoliticosveracruz.com\\\/#\\\/schema\\\/person\\\/b8702bb0e538456e6efd07080bf2a4a2\"},\"headline\":\"Mujeres al Gabinete de Cuitl\u00e1huac\",\"datePublished\":\"2018-11-26T04:30:58+00:00\",\"mainEntityOfPage\":{\"@id\":\"https:\\\/\\\/lospoliticosveracruz.com\\\/?p=45894\"},\"wordCount\":1029,\"commentCount\":0,\"publisher\":{\"@id\":\"https:\\\/\\\/lospoliticosveracruz.com\\\/#organization\"},\"keywords\":[\"Brenda Caballero\",\"Cuitl\u00e1huac Garc\u00eda Jim\u00e9nez\",\"Cultura\",\"Daniela Griego Ceballos\",\"Esteban Moctezuma Barrag\u00e1n\",\"Guadalupe Osorno Maldonado\",\"Leslie Garibo Puga\",\"Mar\u00eda del Roc\u00edo P\u00e9rez P\u00e9rez\",\"Mar\u00eda Guadalupe Arg\u00fcelles Lozano\",\"Pensiones\",\"Previsi\u00f3n Social y Productividad\",\"Programa de Gobierno\",\"Silvia Alejandre\",\"trabajo\",\"Turismo\",\"X\u00f3chitl Arbes\u00fa Lago\",\"Zenyazen Escobar Garc\u00eda\"],\"articleSection\":[\"De Opini\u00f3n\"],\"inLanguage\":\"es\",\"potentialAction\":[{\"@type\":\"CommentAction\",\"name\":\"Comment\",\"target\":[\"https:\\\/\\\/lospoliticosveracruz.com\\\/?p=45894#respond\"]}]},{\"@type\":\"WebPage\",\"@id\":\"https:\\\/\\\/lospoliticosveracruz.com\\\/?p=45894\",\"url\":\"https:\\\/\\\/lospoliticosveracruz.com\\\/?p=45894\",\"name\":\"Mujeres al Gabinete de Cuitl\u00e1huac - Los pol\u00edticos Veracruz\",\"isPartOf\":{\"@id\":\"https:\\\/\\\/lospoliticosveracruz.com\\\/#website\"},\"datePublished\":\"2018-11-26T04:30:58+00:00\",\"breadcrumb\":{\"@id\":\"https:\\\/\\\/lospoliticosveracruz.com\\\/?p=45894#breadcrumb\"},\"inLanguage\":\"es\",\"potentialAction\":[{\"@type\":\"ReadAction\",\"target\":[\"https:\\\/\\\/lospoliticosveracruz.com\\\/?p=45894\"]}]},{\"@type\":\"BreadcrumbList\",\"@id\":\"https:\\\/\\\/lospoliticosveracruz.com\\\/?p=45894#breadcrumb\",\"itemListElement\":[{\"@type\":\"ListItem\",\"position\":1,\"name\":\"Portada\",\"item\":\"https:\\\/\\\/lospoliticosveracruz.com\\\/\"},{\"@type\":\"ListItem\",\"position\":2,\"name\":\"Mujeres al Gabinete de Cuitl\u00e1huac\"}]},{\"@type\":\"WebSite\",\"@id\":\"https:\\\/\\\/lospoliticosveracruz.com\\\/#website\",\"url\":\"https:\\\/\\\/lospoliticosveracruz.com\\\/\",\"name\":\"Los pol\u00edticos Veracruz\",\"description\":\"\",\"publisher\":{\"@id\":\"https:\\\/\\\/lospoliticosveracruz.com\\\/#organization\"},\"potentialAction\":[{\"@type\":\"SearchAction\",\"target\":{\"@type\":\"EntryPoint\",\"urlTemplate\":\"https:\\\/\\\/lospoliticosveracruz.com\\\/?s={search_term_string}\"},\"query-input\":{\"@type\":\"PropertyValueSpecification\",\"valueRequired\":true,\"valueName\":\"search_term_string\"}}],\"inLanguage\":\"es\"},{\"@type\":\"Organization\",\"@id\":\"https:\\\/\\\/lospoliticosveracruz.com\\\/#organization\",\"name\":\"Los pol\u00edticos Veracruz\",\"url\":\"https:\\\/\\\/lospoliticosveracruz.com\\\/\",\"logo\":{\"@type\":\"ImageObject\",\"inLanguage\":\"es\",\"@id\":\"https:\\\/\\\/lospoliticosveracruz.com\\\/#\\\/schema\\\/logo\\\/image\\\/\",\"url\":\"https:\\\/\\\/lospoliticosveracruz.com\\\/wp-content\\\/uploads\\\/2025\\\/12\\\/Logo-Nuevo-LOS-POLITICOS-1.jpg\",\"contentUrl\":\"https:\\\/\\\/lospoliticosveracruz.com\\\/wp-content\\\/uploads\\\/2025\\\/12\\\/Logo-Nuevo-LOS-POLITICOS-1.jpg\",\"width\":260,\"height\":70,\"caption\":\"Los pol\u00edticos Veracruz\"},\"image\":{\"@id\":\"https:\\\/\\\/lospoliticosveracruz.com\\\/#\\\/schema\\\/logo\\\/image\\\/\"},\"sameAs\":[\"https:\\\/\\\/www.facebook.com\\\/people\\\/Notimemes-de-los-Polticos\\\/61565672886568\\\/\",\"https:\\\/\\\/x.com\\\/LosPoliticosVer\"]},{\"@type\":\"Person\",\"@id\":\"https:\\\/\\\/lospoliticosveracruz.com\\\/#\\\/schema\\\/person\\\/b8702bb0e538456e6efd07080bf2a4a2\",\"name\":\"Lo viste en Los Pol\u00edticos\",\"image\":{\"@type\":\"ImageObject\",\"inLanguage\":\"es\",\"@id\":\"https:\\\/\\\/secure.gravatar.com\\\/avatar\\\/3a8de04a2656d44082be478bd6c086daa447c4651605818287b9532d3d0bd435?s=96&d=mm&r=g\",\"url\":\"https:\\\/\\\/secure.gravatar.com\\\/avatar\\\/3a8de04a2656d44082be478bd6c086daa447c4651605818287b9532d3d0bd435?s=96&d=mm&r=g\",\"contentUrl\":\"https:\\\/\\\/secure.gravatar.com\\\/avatar\\\/3a8de04a2656d44082be478bd6c086daa447c4651605818287b9532d3d0bd435?s=96&d=mm&r=g\",\"caption\":\"Lo viste en Los Pol\u00edticos\"},\"url\":\"https:\\\/\\\/lospoliticosveracruz.com\\\/?author=2\"}]}<\/script>\n<!-- \/ Yoast SEO plugin. -->","yoast_head_json":{"title":"Mujeres al Gabinete de Cuitl\u00e1huac - Los pol\u00edticos Veracruz","robots":{"index":"index","follow":"follow","max-snippet":"max-snippet:-1","max-image-preview":"max-image-preview:large","max-video-preview":"max-video-preview:-1"},"canonical":"https:\/\/lospoliticosveracruz.com\/?p=45894","og_locale":"es_ES","og_type":"article","og_title":"Mujeres al Gabinete de Cuitl\u00e1huac - Los pol\u00edticos Veracruz","og_description":"Brenda Caballero \u00a0N\u00fameros Rojos As\u00ed como desde este espacio levanto la voz a favor de la inclusi\u00f3n de las mujeres en la Administraci\u00f3n P\u00fablica Estatal, he de reconocer que el gobernador electo Cuitl\u00e1huac Garc\u00eda Jim\u00e9nez se est\u00e1 aplicando en cuesti\u00f3n de paridad de g\u00e9nero con la designaci\u00f3n de 6 mujeres que ocupar\u00e1n dos Secretar\u00edas, dos [&hellip;]","og_url":"https:\/\/lospoliticosveracruz.com\/?p=45894","og_site_name":"Los pol\u00edticos Veracruz","article_publisher":"https:\/\/www.facebook.com\/people\/Notimemes-de-los-Polticos\/61565672886568\/","article_published_time":"2018-11-26T04:30:58+00:00","og_image":[{"width":200,"height":200,"url":"https:\/\/lospoliticosveracruz.com\/wp-content\/uploads\/2016\/07\/Logo-Dor.jpg","type":"image\/jpeg"}],"author":"Lo viste en Los Pol\u00edticos","twitter_card":"summary_large_image","twitter_creator":"@LosPoliticosVer","twitter_site":"@LosPoliticosVer","twitter_misc":{"Escrito por":"Lo viste en Los Pol\u00edticos","Tiempo de lectura":"5 minutos"},"schema":{"@context":"https:\/\/schema.org","@graph":[{"@type":"Article","@id":"https:\/\/lospoliticosveracruz.com\/?p=45894#article","isPartOf":{"@id":"https:\/\/lospoliticosveracruz.com\/?p=45894"},"author":{"name":"Lo viste en Los Pol\u00edticos","@id":"https:\/\/lospoliticosveracruz.com\/#\/schema\/person\/b8702bb0e538456e6efd07080bf2a4a2"},"headline":"Mujeres al Gabinete de Cuitl\u00e1huac","datePublished":"2018-11-26T04:30:58+00:00","mainEntityOfPage":{"@id":"https:\/\/lospoliticosveracruz.com\/?p=45894"},"wordCount":1029,"commentCount":0,"publisher":{"@id":"https:\/\/lospoliticosveracruz.com\/#organization"},"keywords":["Brenda Caballero","Cuitl\u00e1huac Garc\u00eda Jim\u00e9nez","Cultura","Daniela Griego Ceballos","Esteban Moctezuma Barrag\u00e1n","Guadalupe Osorno Maldonado","Leslie Garibo Puga","Mar\u00eda del Roc\u00edo P\u00e9rez P\u00e9rez","Mar\u00eda Guadalupe Arg\u00fcelles Lozano","Pensiones","Previsi\u00f3n Social y Productividad","Programa de Gobierno","Silvia Alejandre","trabajo","Turismo","X\u00f3chitl Arbes\u00fa Lago","Zenyazen Escobar Garc\u00eda"],"articleSection":["De Opini\u00f3n"],"inLanguage":"es","potentialAction":[{"@type":"CommentAction","name":"Comment","target":["https:\/\/lospoliticosveracruz.com\/?p=45894#respond"]}]},{"@type":"WebPage","@id":"https:\/\/lospoliticosveracruz.com\/?p=45894","url":"https:\/\/lospoliticosveracruz.com\/?p=45894","name":"Mujeres al Gabinete de Cuitl\u00e1huac - Los pol\u00edticos Veracruz","isPartOf":{"@id":"https:\/\/lospoliticosveracruz.com\/#website"},"datePublished":"2018-11-26T04:30:58+00:00","breadcrumb":{"@id":"https:\/\/lospoliticosveracruz.com\/?p=45894#breadcrumb"},"inLanguage":"es","potentialAction":[{"@type":"ReadAction","target":["https:\/\/lospoliticosveracruz.com\/?p=45894"]}]},{"@type":"BreadcrumbList","@id":"https:\/\/lospoliticosveracruz.com\/?p=45894#breadcrumb","itemListElement":[{"@type":"ListItem","position":1,"name":"Portada","item":"https:\/\/lospoliticosveracruz.com\/"},{"@type":"ListItem","position":2,"name":"Mujeres al Gabinete de Cuitl\u00e1huac"}]},{"@type":"WebSite","@id":"https:\/\/lospoliticosveracruz.com\/#website","url":"https:\/\/lospoliticosveracruz.com\/","name":"Los pol\u00edticos Veracruz","description":"","publisher":{"@id":"https:\/\/lospoliticosveracruz.com\/#organization"},"potentialAction":[{"@type":"SearchAction","target":{"@type":"EntryPoint","urlTemplate":"https:\/\/lospoliticosveracruz.com\/?s={search_term_string}"},"query-input":{"@type":"PropertyValueSpecification","valueRequired":true,"valueName":"search_term_string"}}],"inLanguage":"es"},{"@type":"Organization","@id":"https:\/\/lospoliticosveracruz.com\/#organization","name":"Los pol\u00edticos Veracruz","url":"https:\/\/lospoliticosveracruz.com\/","logo":{"@type":"ImageObject","inLanguage":"es","@id":"https:\/\/lospoliticosveracruz.com\/#\/schema\/logo\/image\/","url":"https:\/\/lospoliticosveracruz.com\/wp-content\/uploads\/2025\/12\/Logo-Nuevo-LOS-POLITICOS-1.jpg","contentUrl":"https:\/\/lospoliticosveracruz.com\/wp-content\/uploads\/2025\/12\/Logo-Nuevo-LOS-POLITICOS-1.jpg","width":260,"height":70,"caption":"Los pol\u00edticos Veracruz"},"image":{"@id":"https:\/\/lospoliticosveracruz.com\/#\/schema\/logo\/image\/"},"sameAs":["https:\/\/www.facebook.com\/people\/Notimemes-de-los-Polticos\/61565672886568\/","https:\/\/x.com\/LosPoliticosVer"]},{"@type":"Person","@id":"https:\/\/lospoliticosveracruz.com\/#\/schema\/person\/b8702bb0e538456e6efd07080bf2a4a2","name":"Lo viste en Los Pol\u00edticos","image":{"@type":"ImageObject","inLanguage":"es","@id":"https:\/\/secure.gravatar.com\/avatar\/3a8de04a2656d44082be478bd6c086daa447c4651605818287b9532d3d0bd435?s=96&d=mm&r=g","url":"https:\/\/secure.gravatar.com\/avatar\/3a8de04a2656d44082be478bd6c086daa447c4651605818287b9532d3d0bd435?s=96&d=mm&r=g","contentUrl":"https:\/\/secure.gravatar.com\/avatar\/3a8de04a2656d44082be478bd6c086daa447c4651605818287b9532d3d0bd435?s=96&d=mm&r=g","caption":"Lo viste en Los Pol\u00edticos"},"url":"https:\/\/lospoliticosveracruz.com\/?author=2"}]}},"_links":{"self":[{"href":"https:\/\/lospoliticosveracruz.com\/index.php?rest_route=\/wp\/v2\/posts\/45894","targetHints":{"allow":["GET"]}}],"collection":[{"href":"https:\/\/lospoliticosveracruz.com\/index.php?rest_route=\/wp\/v2\/posts"}],"about":[{"href":"https:\/\/lospoliticosveracruz.com\/index.php?rest_route=\/wp\/v2\/types\/post"}],"author":[{"embeddable":true,"href":"https:\/\/lospoliticosveracruz.com\/index.php?rest_route=\/wp\/v2\/users\/2"}],"replies":[{"embeddable":true,"href":"https:\/\/lospoliticosveracruz.com\/index.php?rest_route=%2Fwp%2Fv2%2Fcomments&post=45894"}],"version-history":[{"count":1,"href":"https:\/\/lospoliticosveracruz.com\/index.php?rest_route=\/wp\/v2\/posts\/45894\/revisions"}],"predecessor-version":[{"id":45896,"href":"https:\/\/lospoliticosveracruz.com\/index.php?rest_route=\/wp\/v2\/posts\/45894\/revisions\/45896"}],"wp:attachment":[{"href":"https:\/\/lospoliticosveracruz.com\/index.php?rest_route=%2Fwp%2Fv2%2Fmedia&parent=45894"}],"wp:term":[{"taxonomy":"category","embeddable":true,"href":"https:\/\/lospoliticosveracruz.com\/index.php?rest_route=%2Fwp%2Fv2%2Fcategories&post=45894"},{"taxonomy":"post_tag","embeddable":true,"href":"https:\/\/lospoliticosveracruz.com\/index.php?rest_route=%2Fwp%2Fv2%2Ftags&post=45894"}],"curies":[{"name":"wp","href":"https:\/\/api.w.org\/{rel}","templated":true}]}}