{"id":45900,"date":"2018-11-26T08:10:02","date_gmt":"2018-11-26T14:10:02","guid":{"rendered":"http:\/\/www.lospoliticosveracruz.com.mx\/?p=45900"},"modified":"2018-11-26T08:10:02","modified_gmt":"2018-11-26T14:10:02","slug":"xalapa-y-el-auge-de-la-moda-nacional-en-diciembre","status":"publish","type":"post","link":"https:\/\/lospoliticosveracruz.com\/?p=45900","title":{"rendered":"Xalapa y el auge de la moda nacional en diciembre"},"content":{"rendered":"<p><strong>David Izozorbe Hern\u00e1ndez<\/strong><\/p>\n<p><em>Sentido Plural<\/em><\/p>\n<p>En la actualidad la industria de la moda ha tenido un gran auge a nivel internacional y gracias a ello, los dise\u00f1adores de moda pueden posicionarse ampliamente dentro de este sector. Sin duda, la moda ocupa un papel muy importante en la sociedad, puesto que no s\u00f3lo permite a las personas definir su propio estilo, sino que adem\u00e1s les permite ocupar un lugar en la sociedad y expresarse por medio de ella. Lo cierto es que en las sociedades de consumo los individuos han dejado de buscar ropa o accesorios comunes y ahora buscan ser \u00fanicos y diferenciarse del resto de las personas.<\/p>\n<p>A pesar de que hist\u00f3ricamente, los sectores dominantes del pa\u00eds han preferido la moda extranjera sobre la nacional, la moda mexicana ha ido cobrando un importante auge durante los \u00faltimos a\u00f1os, al ofrecer dise\u00f1os muy diferenciados de los que ofrecen las marcas de ropa internacionales. Desafortunadamente, se ha permeado una idea err\u00f3nea en la poblaci\u00f3n, de que la moda \u00fanicamente se encuentra en las tiendas, en las plazas comerciales, en los aparadores de las avenidas m\u00e1s importantes o en las famosas ciudades que han adquirido prestigio por glorias pasadas o por sus precios tan elevados que generan exclusividad y que solo permiten a personas de un determinado sector social acceder a ese tipo de prendas o accesorios que pueden llegar a costar miles de pesos.<\/p>\n<p>Sin embargo, la moda no s\u00f3lo puede verse en las tiendas de prestigio, sino que puede verse en un establecimiento de cualquier nivel socioecon\u00f3mico, en la calle, en el cine y principalmente en las pasarelas de moda. Es por ello que en nuestro pa\u00eds han surgido plataformas importantes que buscan acercar a la sociedad con el mundo de la moda y una de ellas es la plataforma Moda M\u00e9xico, el evento de moda m\u00e1s importante en Veracruz, organizado por la marca de ropa Mal de Amores y Asertiva Entretenimiento.<\/p>\n<p>Este evento realizado desde hace cuatro a\u00f1os en la capital del estado, ha venido impulsando talentos locales y nacionales en el mundo de la moda, tomando realce por ser el \u00fanico en el estado que abre la participaci\u00f3n de j\u00f3venes dise\u00f1adores de moda, periodistas, m\u00fasicos, arte visual, video bloggers, directores de c\u00e1mara, actores y un conjunto de creativos de la escena cultural y art\u00edstica de la moda en M\u00e9xico.<\/p>\n<p>Bajo la bandera de \u201cConsume lo hecho en M\u00e9xico\u201d firmas de dise\u00f1o de modas se han unido a este evento, generando espacios que impulsan a los artistas veracruzanos y nacionales de dise\u00f1o textil, y con ello lograr reconocimiento a nivel nacional, como el ser nominados a los premios GLOBAL QUALITY AWARDS 2014 por ser \u201cAgentes transformadores del entorno e inspiraci\u00f3n de generaciones futuras\u201d otorgados por la GLOBAL QUALITY FOUNDATION y nominados a la semana del emprendedor por parte del Instituto Nacional de Emprendedores (INADEM).<\/p>\n<p>Este a\u00f1o llega a Xalapa la quinta edici\u00f3n de \u201cModa M\u00e9xico\u201d una edici\u00f3n especial que contar\u00e1 con la presencia de dise\u00f1adores como Galo Bert\u00edn, dise\u00f1ador queretano, participante de Google Mas Fashion Plus y Mercedez Benz Fashion Week M\u00e9xico, catalogado como uno de los dise\u00f1adores m\u00e1s influyentes contempor\u00e1neos en M\u00e9xico, Alan Zepeda, dise\u00f1ador poblano, participante del Google Mas Fashion Plus, Intermoda y Elle M\u00e9xico Dise\u00f1a, mencionado por Forbes como una de las figuras m\u00e1s influyentes de la Moda en M\u00e9xico, Cesar Luna, un talento emergente del municipio de Coatzacoalcos, quien ya ha participado para editoriales de revistas nacionales y vistiendo constantemente a varias celebridades del momento y la l\u00ednea casual Etherea de Xalapa, Veracruz.<\/p>\n<p>De igual manera, en esta edici\u00f3n se podr\u00e1 apreciar el impulso que est\u00e1 tomando el talento veracruzano a trav\u00e9s de la secci\u00f3n \u201cVeracruz est\u00e1 de Moda\u201d en donde m\u00e1s de 90 dise\u00f1adores veracruzanos, inscribieron sus propuestas para ser parte del evento y presentar sus colecciones este a\u00f1o.<\/p>\n<p>Gracias a este tipo de eventos, la\u00a0<a href=\"https:\/\/www.brantano.com.mx\/content\/14-moda-mexicana\">moda mexicana<\/a>\u00a0se est\u00e1 proyectando de forma especial, ya que los dise\u00f1adores de estas prendas, conocen muy bien y a detalle la cultura de M\u00e9xico. Las grandes casas de dise\u00f1o han tenido que reconocer que la\u00a0<a href=\"https:\/\/www.brantano.com.mx\/content\/14-moda-mexicana\">moda mexicana<\/a>\u00a0ha evolucionado de manera muy importante durante los \u00faltimos a\u00f1os. El talento mexicano ha ido poco a poco dejando de lado las influencias internacionales para desarrollar creaciones originales que permitan destacarse de entre el c\u00famulo de dise\u00f1adores que se gu\u00edan por las tendencias extranjeras.<\/p>\n<p>La realizaci\u00f3n del evento, se llevar\u00e1 a cabo el d\u00eda domingo 16 de diciembre del presente, en la Galer\u00eda Dom\u00ednguez y Buis ubicada en la Av. Arco Sur #72 en la ciudad de Xalapa, Veracruz, M\u00e9xico, donde habr\u00e1 tambi\u00e9n una alfombra roja previa al evento, para recibir a todos los invitados especiales y asistentes acreditados.<\/p>\n<p>As\u00ed que recordemos apoyar el talento mexicano consumiendo productos textiles locales, y de esta forma tambi\u00e9n estaremos contribuyendo a reactivar la econom\u00eda y evitar la fuga de capital, mostrando al mismo tiempo el reconocimiento del dise\u00f1o de modas de los mexicanos inmersos en esta importante industria.<\/p>\n<p>&nbsp;<\/p>\n<p>Dudas y comentarios: <a href=\"mailto:izodav@hotmail.com\">izodav@hotmail.com<\/a><\/p>\n<p><a href=\"https:\/\/www.facebook.com\/Izodav\">https:\/\/www.facebook.com\/Izodav<\/a><\/p>\n<p>&nbsp;<\/p>\n","protected":false},"excerpt":{"rendered":"<p>David Izozorbe Hern\u00e1ndez Sentido Plural En la actualidad la industria de la moda ha tenido un gran auge a nivel internacional y gracias a ello, los dise\u00f1adores de moda pueden posicionarse ampliamente dentro de este sector. Sin duda, la moda ocupa un papel muy importante en la sociedad, puesto que no s\u00f3lo permite a las [&hellip;]<\/p>\n","protected":false},"author":2,"featured_media":0,"comment_status":"open","ping_status":"open","sticky":false,"template":"","format":"standard","meta":{"tdm_status":"","tdm_grid_status":"","footnotes":""},"categories":[70],"tags":[13236,13231,13232,13233,13227,13229,13234,13228,195],"class_list":{"0":"post-45900","1":"post","2":"type-post","3":"status-publish","4":"format-standard","6":"category-de-opinion","7":"tag-cesar-luna","8":"tag-consume-lo-hecho-en-mexico","9":"tag-galo-bertin","10":"tag-google-mas-fashion-plus","11":"tag-industria-de-la-moda","12":"tag-mal-de-amores","13":"tag-mercedez-benz-fashion-week-mexico","14":"tag-moda-mexico","15":"tag-veracruz"},"yoast_head":"<!-- This site is optimized with the Yoast SEO plugin v27.4 - https:\/\/yoast.com\/product\/yoast-seo-wordpress\/ -->\n<title>Xalapa y el auge de la moda nacional en diciembre - Los pol\u00edticos Veracruz<\/title>\n<meta name=\"robots\" content=\"index, follow, max-snippet:-1, max-image-preview:large, max-video-preview:-1\" \/>\n<link rel=\"canonical\" href=\"https:\/\/lospoliticosveracruz.com\/?p=45900\" \/>\n<meta property=\"og:locale\" content=\"es_ES\" \/>\n<meta property=\"og:type\" content=\"article\" \/>\n<meta property=\"og:title\" content=\"Xalapa y el auge de la moda nacional en diciembre - Los pol\u00edticos Veracruz\" \/>\n<meta property=\"og:description\" content=\"David Izozorbe Hern\u00e1ndez Sentido Plural En la actualidad la industria de la moda ha tenido un gran auge a nivel internacional y gracias a ello, los dise\u00f1adores de moda pueden posicionarse ampliamente dentro de este sector. Sin duda, la moda ocupa un papel muy importante en la sociedad, puesto que no s\u00f3lo permite a las [&hellip;]\" \/>\n<meta property=\"og:url\" content=\"https:\/\/lospoliticosveracruz.com\/?p=45900\" \/>\n<meta property=\"og:site_name\" content=\"Los pol\u00edticos Veracruz\" \/>\n<meta property=\"article:publisher\" content=\"https:\/\/www.facebook.com\/people\/Notimemes-de-los-Polticos\/61565672886568\/\" \/>\n<meta property=\"article:published_time\" content=\"2018-11-26T14:10:02+00:00\" \/>\n<meta property=\"og:image\" content=\"https:\/\/lospoliticosveracruz.com\/wp-content\/uploads\/2016\/07\/Logo-Dor.jpg\" \/>\n\t<meta property=\"og:image:width\" content=\"200\" \/>\n\t<meta property=\"og:image:height\" content=\"200\" \/>\n\t<meta property=\"og:image:type\" content=\"image\/jpeg\" \/>\n<meta name=\"author\" content=\"Lo viste en Los Pol\u00edticos\" \/>\n<meta name=\"twitter:card\" content=\"summary_large_image\" \/>\n<meta name=\"twitter:creator\" content=\"@LosPoliticosVer\" \/>\n<meta name=\"twitter:site\" content=\"@LosPoliticosVer\" \/>\n<meta name=\"twitter:label1\" content=\"Escrito por\" \/>\n\t<meta name=\"twitter:data1\" content=\"Lo viste en Los Pol\u00edticos\" \/>\n\t<meta name=\"twitter:label2\" content=\"Tiempo de lectura\" \/>\n\t<meta name=\"twitter:data2\" content=\"5 minutos\" \/>\n<script type=\"application\/ld+json\" class=\"yoast-schema-graph\">{\"@context\":\"https:\\\/\\\/schema.org\",\"@graph\":[{\"@type\":\"Article\",\"@id\":\"https:\\\/\\\/lospoliticosveracruz.com\\\/?p=45900#article\",\"isPartOf\":{\"@id\":\"https:\\\/\\\/lospoliticosveracruz.com\\\/?p=45900\"},\"author\":{\"name\":\"Lo viste en Los Pol\u00edticos\",\"@id\":\"https:\\\/\\\/lospoliticosveracruz.com\\\/#\\\/schema\\\/person\\\/b8702bb0e538456e6efd07080bf2a4a2\"},\"headline\":\"Xalapa y el auge de la moda nacional en diciembre\",\"datePublished\":\"2018-11-26T14:10:02+00:00\",\"mainEntityOfPage\":{\"@id\":\"https:\\\/\\\/lospoliticosveracruz.com\\\/?p=45900\"},\"wordCount\":912,\"commentCount\":0,\"publisher\":{\"@id\":\"https:\\\/\\\/lospoliticosveracruz.com\\\/#organization\"},\"keywords\":[\"C\u00e9sar Luna\",\"Consume lo hecho en M\u00e9xico\",\"Galo Bert\u00edn\",\"Google Mas Fashion Plus\",\"industria de la moda\",\"Mal de Amores\",\"Mercedez Benz Fashion Week M\u00e9xico\",\"Moda M\u00e9xico\",\"Veracruz\"],\"articleSection\":[\"De Opini\u00f3n\"],\"inLanguage\":\"es\",\"potentialAction\":[{\"@type\":\"CommentAction\",\"name\":\"Comment\",\"target\":[\"https:\\\/\\\/lospoliticosveracruz.com\\\/?p=45900#respond\"]}]},{\"@type\":\"WebPage\",\"@id\":\"https:\\\/\\\/lospoliticosveracruz.com\\\/?p=45900\",\"url\":\"https:\\\/\\\/lospoliticosveracruz.com\\\/?p=45900\",\"name\":\"Xalapa y el auge de la moda nacional en diciembre - Los pol\u00edticos Veracruz\",\"isPartOf\":{\"@id\":\"https:\\\/\\\/lospoliticosveracruz.com\\\/#website\"},\"datePublished\":\"2018-11-26T14:10:02+00:00\",\"breadcrumb\":{\"@id\":\"https:\\\/\\\/lospoliticosveracruz.com\\\/?p=45900#breadcrumb\"},\"inLanguage\":\"es\",\"potentialAction\":[{\"@type\":\"ReadAction\",\"target\":[\"https:\\\/\\\/lospoliticosveracruz.com\\\/?p=45900\"]}]},{\"@type\":\"BreadcrumbList\",\"@id\":\"https:\\\/\\\/lospoliticosveracruz.com\\\/?p=45900#breadcrumb\",\"itemListElement\":[{\"@type\":\"ListItem\",\"position\":1,\"name\":\"Portada\",\"item\":\"https:\\\/\\\/lospoliticosveracruz.com\\\/\"},{\"@type\":\"ListItem\",\"position\":2,\"name\":\"Xalapa y el auge de la moda nacional en diciembre\"}]},{\"@type\":\"WebSite\",\"@id\":\"https:\\\/\\\/lospoliticosveracruz.com\\\/#website\",\"url\":\"https:\\\/\\\/lospoliticosveracruz.com\\\/\",\"name\":\"Los pol\u00edticos Veracruz\",\"description\":\"\",\"publisher\":{\"@id\":\"https:\\\/\\\/lospoliticosveracruz.com\\\/#organization\"},\"potentialAction\":[{\"@type\":\"SearchAction\",\"target\":{\"@type\":\"EntryPoint\",\"urlTemplate\":\"https:\\\/\\\/lospoliticosveracruz.com\\\/?s={search_term_string}\"},\"query-input\":{\"@type\":\"PropertyValueSpecification\",\"valueRequired\":true,\"valueName\":\"search_term_string\"}}],\"inLanguage\":\"es\"},{\"@type\":\"Organization\",\"@id\":\"https:\\\/\\\/lospoliticosveracruz.com\\\/#organization\",\"name\":\"Los pol\u00edticos Veracruz\",\"url\":\"https:\\\/\\\/lospoliticosveracruz.com\\\/\",\"logo\":{\"@type\":\"ImageObject\",\"inLanguage\":\"es\",\"@id\":\"https:\\\/\\\/lospoliticosveracruz.com\\\/#\\\/schema\\\/logo\\\/image\\\/\",\"url\":\"https:\\\/\\\/lospoliticosveracruz.com\\\/wp-content\\\/uploads\\\/2025\\\/12\\\/Logo-Nuevo-LOS-POLITICOS-1.jpg\",\"contentUrl\":\"https:\\\/\\\/lospoliticosveracruz.com\\\/wp-content\\\/uploads\\\/2025\\\/12\\\/Logo-Nuevo-LOS-POLITICOS-1.jpg\",\"width\":260,\"height\":70,\"caption\":\"Los pol\u00edticos Veracruz\"},\"image\":{\"@id\":\"https:\\\/\\\/lospoliticosveracruz.com\\\/#\\\/schema\\\/logo\\\/image\\\/\"},\"sameAs\":[\"https:\\\/\\\/www.facebook.com\\\/people\\\/Notimemes-de-los-Polticos\\\/61565672886568\\\/\",\"https:\\\/\\\/x.com\\\/LosPoliticosVer\"]},{\"@type\":\"Person\",\"@id\":\"https:\\\/\\\/lospoliticosveracruz.com\\\/#\\\/schema\\\/person\\\/b8702bb0e538456e6efd07080bf2a4a2\",\"name\":\"Lo viste en Los Pol\u00edticos\",\"image\":{\"@type\":\"ImageObject\",\"inLanguage\":\"es\",\"@id\":\"https:\\\/\\\/secure.gravatar.com\\\/avatar\\\/3a8de04a2656d44082be478bd6c086daa447c4651605818287b9532d3d0bd435?s=96&d=mm&r=g\",\"url\":\"https:\\\/\\\/secure.gravatar.com\\\/avatar\\\/3a8de04a2656d44082be478bd6c086daa447c4651605818287b9532d3d0bd435?s=96&d=mm&r=g\",\"contentUrl\":\"https:\\\/\\\/secure.gravatar.com\\\/avatar\\\/3a8de04a2656d44082be478bd6c086daa447c4651605818287b9532d3d0bd435?s=96&d=mm&r=g\",\"caption\":\"Lo viste en Los Pol\u00edticos\"},\"url\":\"https:\\\/\\\/lospoliticosveracruz.com\\\/?author=2\"}]}<\/script>\n<!-- \/ Yoast SEO plugin. -->","yoast_head_json":{"title":"Xalapa y el auge de la moda nacional en diciembre - Los pol\u00edticos Veracruz","robots":{"index":"index","follow":"follow","max-snippet":"max-snippet:-1","max-image-preview":"max-image-preview:large","max-video-preview":"max-video-preview:-1"},"canonical":"https:\/\/lospoliticosveracruz.com\/?p=45900","og_locale":"es_ES","og_type":"article","og_title":"Xalapa y el auge de la moda nacional en diciembre - Los pol\u00edticos Veracruz","og_description":"David Izozorbe Hern\u00e1ndez Sentido Plural En la actualidad la industria de la moda ha tenido un gran auge a nivel internacional y gracias a ello, los dise\u00f1adores de moda pueden posicionarse ampliamente dentro de este sector. Sin duda, la moda ocupa un papel muy importante en la sociedad, puesto que no s\u00f3lo permite a las [&hellip;]","og_url":"https:\/\/lospoliticosveracruz.com\/?p=45900","og_site_name":"Los pol\u00edticos Veracruz","article_publisher":"https:\/\/www.facebook.com\/people\/Notimemes-de-los-Polticos\/61565672886568\/","article_published_time":"2018-11-26T14:10:02+00:00","og_image":[{"width":200,"height":200,"url":"https:\/\/lospoliticosveracruz.com\/wp-content\/uploads\/2016\/07\/Logo-Dor.jpg","type":"image\/jpeg"}],"author":"Lo viste en Los Pol\u00edticos","twitter_card":"summary_large_image","twitter_creator":"@LosPoliticosVer","twitter_site":"@LosPoliticosVer","twitter_misc":{"Escrito por":"Lo viste en Los Pol\u00edticos","Tiempo de lectura":"5 minutos"},"schema":{"@context":"https:\/\/schema.org","@graph":[{"@type":"Article","@id":"https:\/\/lospoliticosveracruz.com\/?p=45900#article","isPartOf":{"@id":"https:\/\/lospoliticosveracruz.com\/?p=45900"},"author":{"name":"Lo viste en Los Pol\u00edticos","@id":"https:\/\/lospoliticosveracruz.com\/#\/schema\/person\/b8702bb0e538456e6efd07080bf2a4a2"},"headline":"Xalapa y el auge de la moda nacional en diciembre","datePublished":"2018-11-26T14:10:02+00:00","mainEntityOfPage":{"@id":"https:\/\/lospoliticosveracruz.com\/?p=45900"},"wordCount":912,"commentCount":0,"publisher":{"@id":"https:\/\/lospoliticosveracruz.com\/#organization"},"keywords":["C\u00e9sar Luna","Consume lo hecho en M\u00e9xico","Galo Bert\u00edn","Google Mas Fashion Plus","industria de la moda","Mal de Amores","Mercedez Benz Fashion Week M\u00e9xico","Moda M\u00e9xico","Veracruz"],"articleSection":["De Opini\u00f3n"],"inLanguage":"es","potentialAction":[{"@type":"CommentAction","name":"Comment","target":["https:\/\/lospoliticosveracruz.com\/?p=45900#respond"]}]},{"@type":"WebPage","@id":"https:\/\/lospoliticosveracruz.com\/?p=45900","url":"https:\/\/lospoliticosveracruz.com\/?p=45900","name":"Xalapa y el auge de la moda nacional en diciembre - Los pol\u00edticos Veracruz","isPartOf":{"@id":"https:\/\/lospoliticosveracruz.com\/#website"},"datePublished":"2018-11-26T14:10:02+00:00","breadcrumb":{"@id":"https:\/\/lospoliticosveracruz.com\/?p=45900#breadcrumb"},"inLanguage":"es","potentialAction":[{"@type":"ReadAction","target":["https:\/\/lospoliticosveracruz.com\/?p=45900"]}]},{"@type":"BreadcrumbList","@id":"https:\/\/lospoliticosveracruz.com\/?p=45900#breadcrumb","itemListElement":[{"@type":"ListItem","position":1,"name":"Portada","item":"https:\/\/lospoliticosveracruz.com\/"},{"@type":"ListItem","position":2,"name":"Xalapa y el auge de la moda nacional en diciembre"}]},{"@type":"WebSite","@id":"https:\/\/lospoliticosveracruz.com\/#website","url":"https:\/\/lospoliticosveracruz.com\/","name":"Los pol\u00edticos Veracruz","description":"","publisher":{"@id":"https:\/\/lospoliticosveracruz.com\/#organization"},"potentialAction":[{"@type":"SearchAction","target":{"@type":"EntryPoint","urlTemplate":"https:\/\/lospoliticosveracruz.com\/?s={search_term_string}"},"query-input":{"@type":"PropertyValueSpecification","valueRequired":true,"valueName":"search_term_string"}}],"inLanguage":"es"},{"@type":"Organization","@id":"https:\/\/lospoliticosveracruz.com\/#organization","name":"Los pol\u00edticos Veracruz","url":"https:\/\/lospoliticosveracruz.com\/","logo":{"@type":"ImageObject","inLanguage":"es","@id":"https:\/\/lospoliticosveracruz.com\/#\/schema\/logo\/image\/","url":"https:\/\/lospoliticosveracruz.com\/wp-content\/uploads\/2025\/12\/Logo-Nuevo-LOS-POLITICOS-1.jpg","contentUrl":"https:\/\/lospoliticosveracruz.com\/wp-content\/uploads\/2025\/12\/Logo-Nuevo-LOS-POLITICOS-1.jpg","width":260,"height":70,"caption":"Los pol\u00edticos Veracruz"},"image":{"@id":"https:\/\/lospoliticosveracruz.com\/#\/schema\/logo\/image\/"},"sameAs":["https:\/\/www.facebook.com\/people\/Notimemes-de-los-Polticos\/61565672886568\/","https:\/\/x.com\/LosPoliticosVer"]},{"@type":"Person","@id":"https:\/\/lospoliticosveracruz.com\/#\/schema\/person\/b8702bb0e538456e6efd07080bf2a4a2","name":"Lo viste en Los Pol\u00edticos","image":{"@type":"ImageObject","inLanguage":"es","@id":"https:\/\/secure.gravatar.com\/avatar\/3a8de04a2656d44082be478bd6c086daa447c4651605818287b9532d3d0bd435?s=96&d=mm&r=g","url":"https:\/\/secure.gravatar.com\/avatar\/3a8de04a2656d44082be478bd6c086daa447c4651605818287b9532d3d0bd435?s=96&d=mm&r=g","contentUrl":"https:\/\/secure.gravatar.com\/avatar\/3a8de04a2656d44082be478bd6c086daa447c4651605818287b9532d3d0bd435?s=96&d=mm&r=g","caption":"Lo viste en Los Pol\u00edticos"},"url":"https:\/\/lospoliticosveracruz.com\/?author=2"}]}},"_links":{"self":[{"href":"https:\/\/lospoliticosveracruz.com\/index.php?rest_route=\/wp\/v2\/posts\/45900","targetHints":{"allow":["GET"]}}],"collection":[{"href":"https:\/\/lospoliticosveracruz.com\/index.php?rest_route=\/wp\/v2\/posts"}],"about":[{"href":"https:\/\/lospoliticosveracruz.com\/index.php?rest_route=\/wp\/v2\/types\/post"}],"author":[{"embeddable":true,"href":"https:\/\/lospoliticosveracruz.com\/index.php?rest_route=\/wp\/v2\/users\/2"}],"replies":[{"embeddable":true,"href":"https:\/\/lospoliticosveracruz.com\/index.php?rest_route=%2Fwp%2Fv2%2Fcomments&post=45900"}],"version-history":[{"count":1,"href":"https:\/\/lospoliticosveracruz.com\/index.php?rest_route=\/wp\/v2\/posts\/45900\/revisions"}],"predecessor-version":[{"id":45902,"href":"https:\/\/lospoliticosveracruz.com\/index.php?rest_route=\/wp\/v2\/posts\/45900\/revisions\/45902"}],"wp:attachment":[{"href":"https:\/\/lospoliticosveracruz.com\/index.php?rest_route=%2Fwp%2Fv2%2Fmedia&parent=45900"}],"wp:term":[{"taxonomy":"category","embeddable":true,"href":"https:\/\/lospoliticosveracruz.com\/index.php?rest_route=%2Fwp%2Fv2%2Fcategories&post=45900"},{"taxonomy":"post_tag","embeddable":true,"href":"https:\/\/lospoliticosveracruz.com\/index.php?rest_route=%2Fwp%2Fv2%2Ftags&post=45900"}],"curies":[{"name":"wp","href":"https:\/\/api.w.org\/{rel}","templated":true}]}}