{"id":45910,"date":"2018-11-26T22:37:45","date_gmt":"2018-11-27T04:37:45","guid":{"rendered":"http:\/\/www.lospoliticosveracruz.com.mx\/?p=45910"},"modified":"2018-11-26T22:37:45","modified_gmt":"2018-11-27T04:37:45","slug":"de-ninos-y-salarios-legislativos","status":"publish","type":"post","link":"https:\/\/lospoliticosveracruz.com\/?p=45910","title":{"rendered":"De ni\u00f1os y salarios legislativos"},"content":{"rendered":"<p><strong>Salvador Mu\u00f1oz<\/strong><\/p>\n<p><em>Los Pol\u00edticos<\/em><\/p>\n<p><span style=\"font-weight: 400;\">Me siento en una de las salas de los pasillos legislativos donde est\u00e1n los cubiles de los diputados, mientras edito un video. Un ni\u00f1o en un sill\u00f3n, voltea con insistencia y se revuelve en el asiento. Abstra\u00eddo, nom\u00e1s lo alcanzo a ver con el rabillo del ojo y veo que estira el cuello y creo que busca a la autora de sus d\u00edas (dixit Mem\u00edn Pingu\u00edn) porque alcanzo a escuchar que dice \u201c\u00bfMam\u00e1aa?\u201d una y otra vez\u2026<\/span><\/p>\n<p><span style=\"font-weight: 400;\">La comparecencia de Enrique P\u00e9rez Rodr\u00edguez, titular de la SEV, ya inici\u00f3, incluso con rebambaramba\u2026 fue recibido entre insultos a la entrada del Congreso por una comitiva que supongo, eran maestros\u2026 termino mi edici\u00f3n y me levanto dejando al ni\u00f1o all\u00ed, llamando a su mam\u00e1\u2026<\/span><\/p>\n<p><span style=\"font-weight: 400;\">Ya en el auditorio Sebasti\u00e1n Lerdo de Tejada estoy tomando fotos, cuando alguien se me acerca al o\u00eddo y me pregunta si puede manifestarse\u2026<\/span><\/p>\n<p><span style=\"font-weight: 400;\">\u2013\u00bfC\u00f3mo?<\/span><\/p>\n<p><span style=\"font-weight: 400;\">\u2013Si puedo sacar una manta&#8230;\u2013 me dice una se\u00f1ora.<\/span><\/p>\n<p><span style=\"font-weight: 400;\">\u2013Yo creo que s\u00ed\u2026<\/span><\/p>\n<p><span style=\"font-weight: 400;\">\u2013Pero los de Seguridad\u2026<\/span><\/p>\n<p><span style=\"font-weight: 400;\">\u2013Te van a conminar a que bajes la pancarta y si gritas, a que salgas del auditorio\u2026 s\u00f3lo que si te manifiestas, hazlo en el pasillo de enmedio\u2013 le sugiero para que al menos la tenga al alcance de mi lente.<\/span><\/p>\n<p><span style=\"font-weight: 400;\">Intercambia unas expresiones con otra mujer y escucho que se pondr\u00e1n atr\u00e1s de la diputada Erika Ayala. Antes de despedirse me agradece y me dice:<\/span><\/p>\n<p><span style=\"font-weight: 400;\">\u2013Me llamo Topacio\u2026<\/span><\/p>\n<p><span style=\"font-weight: 400;\">Rebobino: Citlali Topacio Ram\u00edrez Hern\u00e1ndez o Hern\u00e1ndez Ram\u00edrez\u2026 algo as\u00ed, lideresa de una agrupaci\u00f3n llamada ARCO, que si no mal recuerdo, fue detenida a inicios de la administraci\u00f3n yunista por bloquear la avenida L\u00e1zaro C\u00e1rdenas a la altura de la SEV y en donde a los conductores de las unidades les ped\u00eda su agrupaci\u00f3n una \u201ccuota voluntaria\u201d de entre 50 y 200 pesos, seg\u00fan cuentan los anales de la historia\u2026 o Google.<\/span><\/p>\n<p><span style=\"font-weight: 400;\">II<\/span><\/p>\n<p><span style=\"font-weight: 400;\">Mientras tanto, en los pasillos administrativos del Congreso local, se cuenta que est\u00e1n con todo busc\u00e1ndole hasta donde no a Carlos Fuentes Urrutia, quien fungiera en la pasada Legislatura como secretario de Servicios Administrativos y Financieros del Congreso del Estado. La l\u00f3gica es \u00e9sta: si pueden pegarle a \u201cChico\u201d, entonces le pueden pegar a \u201cCheco\u201d, Sergio Hern\u00e1ndez, y por ende, a la bancada blanquiazul, y en consecuencia, al PAN, que dicho sea de paso, con una sola diputada ha sido suficiente para corregirle la plana a m\u00e1s de tres o cinco diputados de Morena.<\/span><\/p>\n<p><span style=\"font-weight: 400;\">No s\u00e9 si chamaquearon al diputado Juan Javier G\u00f3mez Cazar\u00edn o \u00e9ste chamaque\u00f3 a los reporteros d\u00e1ndoles una nota con datos viejos\u2026<\/span><\/p>\n<p><span style=\"font-weight: 400;\">La LXIII Legislatura fue un caso singular cuando \u201chered\u00f3\u201d un sinn\u00famero de nuevas plazas al Congreso de dos a\u00f1os.<\/span><\/p>\n<p><span style=\"font-weight: 400;\">El sueldo \u00e9se de 60 mil pesos que citan hoy en diversos medios, es el mismo que hace dos a\u00f1os se dio a conocer para una secretaria. \u00bfOfensivo? Totalmente, pero ha de estar acuerdo que puede ser en la misma proporci\u00f3n igual de envidiable\u2026 hace dos a\u00f1os igual, hab\u00eda por ah\u00ed otra secretaria con sueldo de 74 mil pesos\u2026 aunque claro, hablamos de sindicalizados y ya lo dijo el mismo G\u00f3mez Cazar\u00edn: no se va a meter con el Sindicato.<\/span><\/p>\n<p><span style=\"font-weight: 400;\">Lo que s\u00ed uno espera por parte del titular de la Jucopo, es que cumpla su promesa de que as\u00ed como no ocurri\u00f3 en la LXIV Legislatura, en la LXV tampoco haya estos privilegios que ofenden a quienes a madrazos, apenas si ganan al mes, el 5 por ciento de los sueldos de sus compa\u00f1eros sindicalizados que son objeto de desprecio\u2026 y de envidia.<\/span><\/p>\n<p><span style=\"font-weight: 400;\">Estuve dos horas en la comparecencia y de plano, opt\u00e9 por adelantar trabajo y sal\u00ed. El ni\u00f1o del sill\u00f3n a\u00fan estaba a la espera de su madre\u2026 m\u00e1s tarde me enter\u00e9 que ella pas\u00f3 por \u00e9l\u2026 era Topacio.<\/span><\/p>\n<p>&nbsp;<\/p>\n<p><span style=\"font-weight: 400;\">smcainito@gmail.com<\/span><\/p>\n","protected":false},"excerpt":{"rendered":"<p>Salvador Mu\u00f1oz Los Pol\u00edticos Me siento en una de las salas de los pasillos legislativos donde est\u00e1n los cubiles de los diputados, mientras edito un video. Un ni\u00f1o en un sill\u00f3n, voltea con insistencia y se revuelve en el asiento. Abstra\u00eddo, nom\u00e1s lo alcanzo a ver con el rabillo del ojo y veo que estira [&hellip;]<\/p>\n","protected":false},"author":2,"featured_media":0,"comment_status":"open","ping_status":"open","sticky":false,"template":"","format":"standard","meta":{"tdm_status":"","tdm_grid_status":"","footnotes":""},"categories":[70],"tags":[1697,13239,3049,12695,88],"class_list":{"0":"post-45910","1":"post","2":"type-post","3":"status-publish","4":"format-standard","6":"category-de-opinion","7":"tag-carlos-fuentes-urrutia","8":"tag-citlali-topacio-ramirez-hernandez","9":"tag-enrique-perez-rodriguez","10":"tag-juan-javier-gomez-cazarin","11":"tag-sev"},"yoast_head":"<!-- This site is optimized with the Yoast SEO plugin v27.4 - https:\/\/yoast.com\/product\/yoast-seo-wordpress\/ -->\n<title>De ni\u00f1os y salarios legislativos - Los pol\u00edticos Veracruz<\/title>\n<meta name=\"robots\" content=\"index, follow, max-snippet:-1, max-image-preview:large, max-video-preview:-1\" \/>\n<link rel=\"canonical\" href=\"https:\/\/lospoliticosveracruz.com\/?p=45910\" \/>\n<meta property=\"og:locale\" content=\"es_ES\" \/>\n<meta property=\"og:type\" content=\"article\" \/>\n<meta property=\"og:title\" content=\"De ni\u00f1os y salarios legislativos - Los pol\u00edticos Veracruz\" \/>\n<meta property=\"og:description\" content=\"Salvador Mu\u00f1oz Los Pol\u00edticos Me siento en una de las salas de los pasillos legislativos donde est\u00e1n los cubiles de los diputados, mientras edito un video. Un ni\u00f1o en un sill\u00f3n, voltea con insistencia y se revuelve en el asiento. Abstra\u00eddo, nom\u00e1s lo alcanzo a ver con el rabillo del ojo y veo que estira [&hellip;]\" \/>\n<meta property=\"og:url\" content=\"https:\/\/lospoliticosveracruz.com\/?p=45910\" \/>\n<meta property=\"og:site_name\" content=\"Los pol\u00edticos Veracruz\" \/>\n<meta property=\"article:publisher\" content=\"https:\/\/www.facebook.com\/people\/Notimemes-de-los-Polticos\/61565672886568\/\" \/>\n<meta property=\"article:published_time\" content=\"2018-11-27T04:37:45+00:00\" \/>\n<meta property=\"og:image\" content=\"https:\/\/lospoliticosveracruz.com\/wp-content\/uploads\/2016\/07\/Logo-Dor.jpg\" \/>\n\t<meta property=\"og:image:width\" content=\"200\" \/>\n\t<meta property=\"og:image:height\" content=\"200\" \/>\n\t<meta property=\"og:image:type\" content=\"image\/jpeg\" \/>\n<meta name=\"author\" content=\"Lo viste en Los Pol\u00edticos\" \/>\n<meta name=\"twitter:card\" content=\"summary_large_image\" \/>\n<meta name=\"twitter:creator\" content=\"@LosPoliticosVer\" \/>\n<meta name=\"twitter:site\" content=\"@LosPoliticosVer\" \/>\n<meta name=\"twitter:label1\" content=\"Escrito por\" \/>\n\t<meta name=\"twitter:data1\" content=\"Lo viste en Los Pol\u00edticos\" \/>\n\t<meta name=\"twitter:label2\" content=\"Tiempo de lectura\" \/>\n\t<meta name=\"twitter:data2\" content=\"3 minutos\" \/>\n<script type=\"application\/ld+json\" class=\"yoast-schema-graph\">{\"@context\":\"https:\\\/\\\/schema.org\",\"@graph\":[{\"@type\":\"Article\",\"@id\":\"https:\\\/\\\/lospoliticosveracruz.com\\\/?p=45910#article\",\"isPartOf\":{\"@id\":\"https:\\\/\\\/lospoliticosveracruz.com\\\/?p=45910\"},\"author\":{\"name\":\"Lo viste en Los Pol\u00edticos\",\"@id\":\"https:\\\/\\\/lospoliticosveracruz.com\\\/#\\\/schema\\\/person\\\/b8702bb0e538456e6efd07080bf2a4a2\"},\"headline\":\"De ni\u00f1os y salarios legislativos\",\"datePublished\":\"2018-11-27T04:37:45+00:00\",\"mainEntityOfPage\":{\"@id\":\"https:\\\/\\\/lospoliticosveracruz.com\\\/?p=45910\"},\"wordCount\":686,\"commentCount\":0,\"publisher\":{\"@id\":\"https:\\\/\\\/lospoliticosveracruz.com\\\/#organization\"},\"keywords\":[\"Carlos Fuentes Urrutia\",\"Citlali Topacio Ram\u00edrez Hern\u00e1ndez\",\"Enrique P\u00e9rez Rodr\u00edguez\",\"Juan Javier G\u00f3mez Cazar\u00edn\",\"SEV\"],\"articleSection\":[\"De Opini\u00f3n\"],\"inLanguage\":\"es\",\"potentialAction\":[{\"@type\":\"CommentAction\",\"name\":\"Comment\",\"target\":[\"https:\\\/\\\/lospoliticosveracruz.com\\\/?p=45910#respond\"]}]},{\"@type\":\"WebPage\",\"@id\":\"https:\\\/\\\/lospoliticosveracruz.com\\\/?p=45910\",\"url\":\"https:\\\/\\\/lospoliticosveracruz.com\\\/?p=45910\",\"name\":\"De ni\u00f1os y salarios legislativos - Los pol\u00edticos Veracruz\",\"isPartOf\":{\"@id\":\"https:\\\/\\\/lospoliticosveracruz.com\\\/#website\"},\"datePublished\":\"2018-11-27T04:37:45+00:00\",\"breadcrumb\":{\"@id\":\"https:\\\/\\\/lospoliticosveracruz.com\\\/?p=45910#breadcrumb\"},\"inLanguage\":\"es\",\"potentialAction\":[{\"@type\":\"ReadAction\",\"target\":[\"https:\\\/\\\/lospoliticosveracruz.com\\\/?p=45910\"]}]},{\"@type\":\"BreadcrumbList\",\"@id\":\"https:\\\/\\\/lospoliticosveracruz.com\\\/?p=45910#breadcrumb\",\"itemListElement\":[{\"@type\":\"ListItem\",\"position\":1,\"name\":\"Portada\",\"item\":\"https:\\\/\\\/lospoliticosveracruz.com\\\/\"},{\"@type\":\"ListItem\",\"position\":2,\"name\":\"De ni\u00f1os y salarios legislativos\"}]},{\"@type\":\"WebSite\",\"@id\":\"https:\\\/\\\/lospoliticosveracruz.com\\\/#website\",\"url\":\"https:\\\/\\\/lospoliticosveracruz.com\\\/\",\"name\":\"Los pol\u00edticos Veracruz\",\"description\":\"\",\"publisher\":{\"@id\":\"https:\\\/\\\/lospoliticosveracruz.com\\\/#organization\"},\"potentialAction\":[{\"@type\":\"SearchAction\",\"target\":{\"@type\":\"EntryPoint\",\"urlTemplate\":\"https:\\\/\\\/lospoliticosveracruz.com\\\/?s={search_term_string}\"},\"query-input\":{\"@type\":\"PropertyValueSpecification\",\"valueRequired\":true,\"valueName\":\"search_term_string\"}}],\"inLanguage\":\"es\"},{\"@type\":\"Organization\",\"@id\":\"https:\\\/\\\/lospoliticosveracruz.com\\\/#organization\",\"name\":\"Los pol\u00edticos Veracruz\",\"url\":\"https:\\\/\\\/lospoliticosveracruz.com\\\/\",\"logo\":{\"@type\":\"ImageObject\",\"inLanguage\":\"es\",\"@id\":\"https:\\\/\\\/lospoliticosveracruz.com\\\/#\\\/schema\\\/logo\\\/image\\\/\",\"url\":\"https:\\\/\\\/lospoliticosveracruz.com\\\/wp-content\\\/uploads\\\/2025\\\/12\\\/Logo-Nuevo-LOS-POLITICOS-1.jpg\",\"contentUrl\":\"https:\\\/\\\/lospoliticosveracruz.com\\\/wp-content\\\/uploads\\\/2025\\\/12\\\/Logo-Nuevo-LOS-POLITICOS-1.jpg\",\"width\":260,\"height\":70,\"caption\":\"Los pol\u00edticos Veracruz\"},\"image\":{\"@id\":\"https:\\\/\\\/lospoliticosveracruz.com\\\/#\\\/schema\\\/logo\\\/image\\\/\"},\"sameAs\":[\"https:\\\/\\\/www.facebook.com\\\/people\\\/Notimemes-de-los-Polticos\\\/61565672886568\\\/\",\"https:\\\/\\\/x.com\\\/LosPoliticosVer\"]},{\"@type\":\"Person\",\"@id\":\"https:\\\/\\\/lospoliticosveracruz.com\\\/#\\\/schema\\\/person\\\/b8702bb0e538456e6efd07080bf2a4a2\",\"name\":\"Lo viste en Los Pol\u00edticos\",\"image\":{\"@type\":\"ImageObject\",\"inLanguage\":\"es\",\"@id\":\"https:\\\/\\\/secure.gravatar.com\\\/avatar\\\/3a8de04a2656d44082be478bd6c086daa447c4651605818287b9532d3d0bd435?s=96&d=mm&r=g\",\"url\":\"https:\\\/\\\/secure.gravatar.com\\\/avatar\\\/3a8de04a2656d44082be478bd6c086daa447c4651605818287b9532d3d0bd435?s=96&d=mm&r=g\",\"contentUrl\":\"https:\\\/\\\/secure.gravatar.com\\\/avatar\\\/3a8de04a2656d44082be478bd6c086daa447c4651605818287b9532d3d0bd435?s=96&d=mm&r=g\",\"caption\":\"Lo viste en Los Pol\u00edticos\"},\"url\":\"https:\\\/\\\/lospoliticosveracruz.com\\\/?author=2\"}]}<\/script>\n<!-- \/ Yoast SEO plugin. -->","yoast_head_json":{"title":"De ni\u00f1os y salarios legislativos - Los pol\u00edticos Veracruz","robots":{"index":"index","follow":"follow","max-snippet":"max-snippet:-1","max-image-preview":"max-image-preview:large","max-video-preview":"max-video-preview:-1"},"canonical":"https:\/\/lospoliticosveracruz.com\/?p=45910","og_locale":"es_ES","og_type":"article","og_title":"De ni\u00f1os y salarios legislativos - Los pol\u00edticos Veracruz","og_description":"Salvador Mu\u00f1oz Los Pol\u00edticos Me siento en una de las salas de los pasillos legislativos donde est\u00e1n los cubiles de los diputados, mientras edito un video. Un ni\u00f1o en un sill\u00f3n, voltea con insistencia y se revuelve en el asiento. Abstra\u00eddo, nom\u00e1s lo alcanzo a ver con el rabillo del ojo y veo que estira [&hellip;]","og_url":"https:\/\/lospoliticosveracruz.com\/?p=45910","og_site_name":"Los pol\u00edticos Veracruz","article_publisher":"https:\/\/www.facebook.com\/people\/Notimemes-de-los-Polticos\/61565672886568\/","article_published_time":"2018-11-27T04:37:45+00:00","og_image":[{"width":200,"height":200,"url":"https:\/\/lospoliticosveracruz.com\/wp-content\/uploads\/2016\/07\/Logo-Dor.jpg","type":"image\/jpeg"}],"author":"Lo viste en Los Pol\u00edticos","twitter_card":"summary_large_image","twitter_creator":"@LosPoliticosVer","twitter_site":"@LosPoliticosVer","twitter_misc":{"Escrito por":"Lo viste en Los Pol\u00edticos","Tiempo de lectura":"3 minutos"},"schema":{"@context":"https:\/\/schema.org","@graph":[{"@type":"Article","@id":"https:\/\/lospoliticosveracruz.com\/?p=45910#article","isPartOf":{"@id":"https:\/\/lospoliticosveracruz.com\/?p=45910"},"author":{"name":"Lo viste en Los Pol\u00edticos","@id":"https:\/\/lospoliticosveracruz.com\/#\/schema\/person\/b8702bb0e538456e6efd07080bf2a4a2"},"headline":"De ni\u00f1os y salarios legislativos","datePublished":"2018-11-27T04:37:45+00:00","mainEntityOfPage":{"@id":"https:\/\/lospoliticosveracruz.com\/?p=45910"},"wordCount":686,"commentCount":0,"publisher":{"@id":"https:\/\/lospoliticosveracruz.com\/#organization"},"keywords":["Carlos Fuentes Urrutia","Citlali Topacio Ram\u00edrez Hern\u00e1ndez","Enrique P\u00e9rez Rodr\u00edguez","Juan Javier G\u00f3mez Cazar\u00edn","SEV"],"articleSection":["De Opini\u00f3n"],"inLanguage":"es","potentialAction":[{"@type":"CommentAction","name":"Comment","target":["https:\/\/lospoliticosveracruz.com\/?p=45910#respond"]}]},{"@type":"WebPage","@id":"https:\/\/lospoliticosveracruz.com\/?p=45910","url":"https:\/\/lospoliticosveracruz.com\/?p=45910","name":"De ni\u00f1os y salarios legislativos - Los pol\u00edticos Veracruz","isPartOf":{"@id":"https:\/\/lospoliticosveracruz.com\/#website"},"datePublished":"2018-11-27T04:37:45+00:00","breadcrumb":{"@id":"https:\/\/lospoliticosveracruz.com\/?p=45910#breadcrumb"},"inLanguage":"es","potentialAction":[{"@type":"ReadAction","target":["https:\/\/lospoliticosveracruz.com\/?p=45910"]}]},{"@type":"BreadcrumbList","@id":"https:\/\/lospoliticosveracruz.com\/?p=45910#breadcrumb","itemListElement":[{"@type":"ListItem","position":1,"name":"Portada","item":"https:\/\/lospoliticosveracruz.com\/"},{"@type":"ListItem","position":2,"name":"De ni\u00f1os y salarios legislativos"}]},{"@type":"WebSite","@id":"https:\/\/lospoliticosveracruz.com\/#website","url":"https:\/\/lospoliticosveracruz.com\/","name":"Los pol\u00edticos Veracruz","description":"","publisher":{"@id":"https:\/\/lospoliticosveracruz.com\/#organization"},"potentialAction":[{"@type":"SearchAction","target":{"@type":"EntryPoint","urlTemplate":"https:\/\/lospoliticosveracruz.com\/?s={search_term_string}"},"query-input":{"@type":"PropertyValueSpecification","valueRequired":true,"valueName":"search_term_string"}}],"inLanguage":"es"},{"@type":"Organization","@id":"https:\/\/lospoliticosveracruz.com\/#organization","name":"Los pol\u00edticos Veracruz","url":"https:\/\/lospoliticosveracruz.com\/","logo":{"@type":"ImageObject","inLanguage":"es","@id":"https:\/\/lospoliticosveracruz.com\/#\/schema\/logo\/image\/","url":"https:\/\/lospoliticosveracruz.com\/wp-content\/uploads\/2025\/12\/Logo-Nuevo-LOS-POLITICOS-1.jpg","contentUrl":"https:\/\/lospoliticosveracruz.com\/wp-content\/uploads\/2025\/12\/Logo-Nuevo-LOS-POLITICOS-1.jpg","width":260,"height":70,"caption":"Los pol\u00edticos Veracruz"},"image":{"@id":"https:\/\/lospoliticosveracruz.com\/#\/schema\/logo\/image\/"},"sameAs":["https:\/\/www.facebook.com\/people\/Notimemes-de-los-Polticos\/61565672886568\/","https:\/\/x.com\/LosPoliticosVer"]},{"@type":"Person","@id":"https:\/\/lospoliticosveracruz.com\/#\/schema\/person\/b8702bb0e538456e6efd07080bf2a4a2","name":"Lo viste en Los Pol\u00edticos","image":{"@type":"ImageObject","inLanguage":"es","@id":"https:\/\/secure.gravatar.com\/avatar\/3a8de04a2656d44082be478bd6c086daa447c4651605818287b9532d3d0bd435?s=96&d=mm&r=g","url":"https:\/\/secure.gravatar.com\/avatar\/3a8de04a2656d44082be478bd6c086daa447c4651605818287b9532d3d0bd435?s=96&d=mm&r=g","contentUrl":"https:\/\/secure.gravatar.com\/avatar\/3a8de04a2656d44082be478bd6c086daa447c4651605818287b9532d3d0bd435?s=96&d=mm&r=g","caption":"Lo viste en Los Pol\u00edticos"},"url":"https:\/\/lospoliticosveracruz.com\/?author=2"}]}},"_links":{"self":[{"href":"https:\/\/lospoliticosveracruz.com\/index.php?rest_route=\/wp\/v2\/posts\/45910","targetHints":{"allow":["GET"]}}],"collection":[{"href":"https:\/\/lospoliticosveracruz.com\/index.php?rest_route=\/wp\/v2\/posts"}],"about":[{"href":"https:\/\/lospoliticosveracruz.com\/index.php?rest_route=\/wp\/v2\/types\/post"}],"author":[{"embeddable":true,"href":"https:\/\/lospoliticosveracruz.com\/index.php?rest_route=\/wp\/v2\/users\/2"}],"replies":[{"embeddable":true,"href":"https:\/\/lospoliticosveracruz.com\/index.php?rest_route=%2Fwp%2Fv2%2Fcomments&post=45910"}],"version-history":[{"count":1,"href":"https:\/\/lospoliticosveracruz.com\/index.php?rest_route=\/wp\/v2\/posts\/45910\/revisions"}],"predecessor-version":[{"id":45912,"href":"https:\/\/lospoliticosveracruz.com\/index.php?rest_route=\/wp\/v2\/posts\/45910\/revisions\/45912"}],"wp:attachment":[{"href":"https:\/\/lospoliticosveracruz.com\/index.php?rest_route=%2Fwp%2Fv2%2Fmedia&parent=45910"}],"wp:term":[{"taxonomy":"category","embeddable":true,"href":"https:\/\/lospoliticosveracruz.com\/index.php?rest_route=%2Fwp%2Fv2%2Fcategories&post=45910"},{"taxonomy":"post_tag","embeddable":true,"href":"https:\/\/lospoliticosveracruz.com\/index.php?rest_route=%2Fwp%2Fv2%2Ftags&post=45910"}],"curies":[{"name":"wp","href":"https:\/\/api.w.org\/{rel}","templated":true}]}}