{"id":45949,"date":"2018-11-29T22:52:31","date_gmt":"2018-11-30T04:52:31","guid":{"rendered":"http:\/\/www.lospoliticosveracruz.com.mx\/?p=45949"},"modified":"2018-11-29T22:52:31","modified_gmt":"2018-11-30T04:52:31","slug":"los-diputados-ante-el-gober","status":"publish","type":"post","link":"https:\/\/lospoliticosveracruz.com\/?p=45949","title":{"rendered":"Los diputados ante el Gober"},"content":{"rendered":"<p><strong>Salvador Mu\u00f1oz<\/strong><\/p>\n<p><em>Los Pol\u00edticos<\/em><\/p>\n<p><span style=\"font-weight: 400;\">Es innegable. El discurso de la diputada Margarita Corro Mendoza fue muy bueno, al grado de calificarlo de \u201cExcelente\u201d. Muy buena dicci\u00f3n. Mejor interpretaci\u00f3n. Si hago caso a lo que dijo el Gobernador, se notan los a\u00f1os en la pol\u00edtica de la representante del distrito por Cosamaloapan; y si nos llev\u00e1ramos por su oficio, odont\u00f3loga, podr\u00edamos igual decir que \u00a1sac\u00f3 el colmillo! S\u00ed, me refiero a su intervenci\u00f3n durante la comparecencia del Gobernador Miguel \u00c1ngel Yunes Linares, donde se le fue con todo. Nos queda claro que Corro Mendoza ha de fungir como ariete de Morena ante la forma en que se conduce en Tribuna\u2026 lo hace muy bien\u2026<\/span><\/p>\n<p><span style=\"font-weight: 400;\">He tenido tambi\u00e9n oportunidad de escuchar a otra diputada de ese partido, Elizabeth Cervantes de la Cruz, joven menuda que tiene facilidad de palabra y es seguro que bien encauzada (no encausada, porque ya est\u00e1), pudiera darle lustre a la a veces opaca participaci\u00f3n de Morena en el \u00e1mbito legislativo\u2026 por ah\u00ed tambi\u00e9n se le ven ganas a Raymundo Andrade Rivera pero a veces parece que trae freno de mano \u00a1y pegado!<\/span><\/p>\n<p><span style=\"font-weight: 400;\">Quedan a deber Maleno Rosales Torres, quien gener\u00f3 expectativas cuando tra\u00eda bronca con Juan Javier G\u00f3mez Cazar\u00edn\u2026 \u00bfd\u00f3nde est\u00e1 ese liderazgo? Y hablando de esta cualidad, igual El Car\u00f3n G\u00f3mez Cazar\u00edn tiene que verse como lo que es, un cabeza de manada y poner el ejemplo\u2026 \u00bfY Amado? \u00a1Chinitas! Toda esa experiencia desperdiciada en la mullida curul. Lo mismo ocurre con M\u00f3nica Robles&#8230;<\/span><\/p>\n<p><span style=\"font-weight: 400;\">Del resto de los diputados morenos, me agrada el entusiasmo de Henri Christophe (su Majestad Negra) G\u00f3mez S\u00e1nchez. Se le dice as\u00ed, por el nombre del \u201cYanga haitiano\u201d que llev\u00f3 la revoluci\u00f3n a esa isla, lleg\u00f3 a ser presidente y luego\u2026 \u00a1Rey de Hait\u00ed! Esto nos dice la historia\u2026 la lectura de masas nos cuenta que hubo una novela semanal llamada \u201cFuego\u201d que narraba la historia de Henri Christophe. No puedo dejar de hacer notar las ganas de V\u00edctor Emmanuel Vargas Barrientos, el diputado m\u00e1s largo del Congreso\u2026 los dem\u00e1s, como lo dec\u00eda, parecen Diputados del Silencio\u2026 aunque hay casos en los que es mejor que permanezcan as\u00ed, porque si no, se vuelven \u201cchunga nacional\u201d.<\/span><\/p>\n<p><span style=\"font-weight: 400;\">Lo que s\u00ed es claro es que Margarita Corro es una excelente oradora y su discurso no tiene desperdicio\u2026 salvo por un ligero detalle\u2026<\/span><\/p>\n<p><span style=\"font-weight: 400;\">II<\/span><\/p>\n<p><span style=\"font-weight: 400;\">El diputado Rub\u00e9n R\u00edos Uribe caus\u00f3 buena impresi\u00f3n por la posici\u00f3n que dio de parte del Grupo Del Lado Correcto de la Historia, donde dijo que criticar el trabajo del Gobernador no abona al fortalecimiento de las instituciones en Veracruz, donde fue aplaudido por la concurrencia y hasta por diputados del PAN. Asimismo, reconoci\u00f3 el respeto que dio MAYL a la voluntad ciudadana en las pasadas elecciones, prueba de ello, es que Morena y Del Lado Correcto de la Historia conforman la mayor\u00eda en el Congreso local\u2026 y los morenos no aplaudieron. R\u00edos Uribe igual acept\u00f3 que Yunes Linares supo cumplir la palabra que empe\u00f1\u00f3 de que la transici\u00f3n de poderes se llevar\u00eda de manera civilizada y arm\u00f3nicamente. No hubo preguntas, \u201cporque \u00e9stas ya hab\u00edan sido planteadas a los secretarios de despacho\u201d y remat\u00f3 que el juicio al Gobierno de Yunes Linares, es una tarea del pueblo veracruzano y de la historia.<\/span><\/p>\n<p><span style=\"font-weight: 400;\">III<\/span><\/p>\n<p><span style=\"font-weight: 400;\">Dos casos para la ara\u00f1a:<\/span><\/p>\n<p><span style=\"font-weight: 400;\">1.- Notable la ausencia de tres diputados del PAN: Enrique Cambranis y Nora Jessica Lagunes J\u00e1uregui (del clan Chapito) as\u00ed como Rodrigo Garc\u00eda Escalante\u2026 aunque cabe precisar que la dama lleg\u00f3 a su curul, pero despu\u00e9s \u00a1desapareci\u00f3! Eso s\u00ed, ni el chogoste\u00f1o ni el de P\u00e1nuco se vieron. \u00bfPor qu\u00e9 habr\u00e1 sido el desplante para con el Gobernador?<\/span><\/p>\n<p><span style=\"font-weight: 400;\">2.- Jorge Moreno Salinas habla en nombre de los diputados del PRI. Su pronunciamiento como preguntas fueron tersas cuando se esperaba un poco m\u00e1s en funci\u00f3n de ser oposici\u00f3n y ya muy exagerado, por la relaci\u00f3n que guarda este legislador con H\u00e9ctor Yunes Landa, ene-primo (enemigo, pues) de Miguel \u00c1ngel Yunes Linares\u2026<\/span><\/p>\n<p><span style=\"font-weight: 400;\">Por cierto, ya que citamos a H\u00e9ctor Yunes Landa, recuerdo que al inicio de la sesi\u00f3n, Jos\u00e9 Manuel Pozos Castro anunci\u00f3 que iba a pasar un representante por bancada o diputado si carec\u00eda de \u00e9sta\u2026 \u00bfpor qu\u00e9 no pas\u00f3 Andrea?<\/span><\/p>\n<p><span style=\"font-weight: 400;\">A m\u00ed no me crean, pero se dice que Jorge Moreno Salinas ten\u00eda que haber incluido en el posicionamiento a Andrea Yunes, es decir, PRI y Verde Ecologista, pero la omisi\u00f3n provoc\u00f3 que la doctora saliera muy encabronada\u2026 no se sabe si con el amigo de su pap\u00e1 o con la bancada del PRI\u2026 \u00a1o ambos!<\/span><\/p>\n<p><span style=\"font-weight: 400;\">IV<\/span><\/p>\n<p><span style=\"font-weight: 400;\">Pero les dec\u00eda al principio\u2026 el discurso de Margarita Corro goza de excelente ret\u00f3rica\u2026 se nota que pusieron a trabajar a los asesores. Agregue a ello que la diputada es ducha para la oratoria. \u00a1Vamos! \u00a1Deleit\u00f3 el o\u00eddo de los diputados de Morena y lejos de avergonzar a la bancada, le dio enjundia para que estallaran en aplausos durante sus dos intervenciones\u2026 salvo por un ligero detalle que el Gobernador Yunes Linares le hizo notar: \u201cMuchos juicios de valor, pocas precisiones y casi ninguna pregunta\u201d.<\/span><\/p>\n<p><span style=\"font-weight: 400;\">As\u00ed es\u2026 le faltaron datos duros y menos ret\u00f3rica.<\/span><\/p>\n<p><span style=\"font-weight: 400;\">Esto fue la comparencia del Gober ante la LXV Legislatura\u2026 dejando vara alta para lo que viene&#8230;<\/span><\/p>\n<p>&nbsp;<\/p>\n<p><span style=\"font-weight: 400;\">smcainito@gmail.com<\/span><\/p>\n","protected":false},"excerpt":{"rendered":"<p>Salvador Mu\u00f1oz Los Pol\u00edticos Es innegable. El discurso de la diputada Margarita Corro Mendoza fue muy bueno, al grado de calificarlo de \u201cExcelente\u201d. Muy buena dicci\u00f3n. Mejor interpretaci\u00f3n. Si hago caso a lo que dijo el Gobernador, se notan los a\u00f1os en la pol\u00edtica de la representante del distrito por Cosamaloapan; y si nos llev\u00e1ramos [&hellip;]<\/p>\n","protected":false},"author":2,"featured_media":0,"comment_status":"open","ping_status":"open","sticky":false,"template":"","format":"standard","meta":{"tdm_status":"","tdm_grid_status":"","footnotes":""},"categories":[70],"tags":[5618,5320,3659,13184,2226,348,13006,4619,12695,13264,13063,13187,428,12654,13203,3722,13125],"class_list":{"0":"post-45949","1":"post","2":"type-post","3":"status-publish","4":"format-standard","6":"category-de-opinion","7":"tag-amado-cruz-malpica","8":"tag-andrea-yunes-yunes","9":"tag-cosamaloapan","10":"tag-elizabeth-cervantes-de-la-cruz","11":"tag-enrique-cambranis","12":"tag-hector-yunes-landa","13":"tag-henri-christophe-gomez-sanchez","14":"tag-jorge-moreno-salinas","15":"tag-juan-javier-gomez-cazarin","16":"tag-majestad-negra","17":"tag-maleno-rosales-torres","18":"tag-margarita-corro-mendoza","19":"tag-miguel-angel-yunes-linares","20":"tag-nora-jessica-lagunes-jauregui","21":"tag-raymundo-andrade-rivera","22":"tag-rodrigo-garcia-escalante","23":"tag-ruben-rios-uribe"},"yoast_head":"<!-- This site is optimized with the Yoast SEO plugin v27.4 - https:\/\/yoast.com\/product\/yoast-seo-wordpress\/ -->\n<title>Los diputados ante el Gober - Los pol\u00edticos Veracruz<\/title>\n<meta name=\"robots\" content=\"index, follow, max-snippet:-1, max-image-preview:large, max-video-preview:-1\" \/>\n<link rel=\"canonical\" href=\"https:\/\/lospoliticosveracruz.com\/?p=45949\" \/>\n<meta property=\"og:locale\" content=\"es_ES\" \/>\n<meta property=\"og:type\" content=\"article\" \/>\n<meta property=\"og:title\" content=\"Los diputados ante el Gober - Los pol\u00edticos Veracruz\" \/>\n<meta property=\"og:description\" content=\"Salvador Mu\u00f1oz Los Pol\u00edticos Es innegable. El discurso de la diputada Margarita Corro Mendoza fue muy bueno, al grado de calificarlo de \u201cExcelente\u201d. Muy buena dicci\u00f3n. Mejor interpretaci\u00f3n. Si hago caso a lo que dijo el Gobernador, se notan los a\u00f1os en la pol\u00edtica de la representante del distrito por Cosamaloapan; y si nos llev\u00e1ramos [&hellip;]\" \/>\n<meta property=\"og:url\" content=\"https:\/\/lospoliticosveracruz.com\/?p=45949\" \/>\n<meta property=\"og:site_name\" content=\"Los pol\u00edticos Veracruz\" \/>\n<meta property=\"article:publisher\" content=\"https:\/\/www.facebook.com\/people\/Notimemes-de-los-Polticos\/61565672886568\/\" \/>\n<meta property=\"article:published_time\" content=\"2018-11-30T04:52:31+00:00\" \/>\n<meta property=\"og:image\" content=\"https:\/\/lospoliticosveracruz.com\/wp-content\/uploads\/2016\/07\/Logo-Dor.jpg\" \/>\n\t<meta property=\"og:image:width\" content=\"200\" \/>\n\t<meta property=\"og:image:height\" content=\"200\" \/>\n\t<meta property=\"og:image:type\" content=\"image\/jpeg\" \/>\n<meta name=\"author\" content=\"Lo viste en Los Pol\u00edticos\" \/>\n<meta name=\"twitter:card\" content=\"summary_large_image\" \/>\n<meta name=\"twitter:creator\" content=\"@LosPoliticosVer\" \/>\n<meta name=\"twitter:site\" content=\"@LosPoliticosVer\" \/>\n<meta name=\"twitter:label1\" content=\"Escrito por\" \/>\n\t<meta name=\"twitter:data1\" content=\"Lo viste en Los Pol\u00edticos\" \/>\n\t<meta name=\"twitter:label2\" content=\"Tiempo de lectura\" \/>\n\t<meta name=\"twitter:data2\" content=\"5 minutos\" \/>\n<script type=\"application\/ld+json\" class=\"yoast-schema-graph\">{\"@context\":\"https:\\\/\\\/schema.org\",\"@graph\":[{\"@type\":\"Article\",\"@id\":\"https:\\\/\\\/lospoliticosveracruz.com\\\/?p=45949#article\",\"isPartOf\":{\"@id\":\"https:\\\/\\\/lospoliticosveracruz.com\\\/?p=45949\"},\"author\":{\"name\":\"Lo viste en Los Pol\u00edticos\",\"@id\":\"https:\\\/\\\/lospoliticosveracruz.com\\\/#\\\/schema\\\/person\\\/b8702bb0e538456e6efd07080bf2a4a2\"},\"headline\":\"Los diputados ante el Gober\",\"datePublished\":\"2018-11-30T04:52:31+00:00\",\"mainEntityOfPage\":{\"@id\":\"https:\\\/\\\/lospoliticosveracruz.com\\\/?p=45949\"},\"wordCount\":931,\"commentCount\":0,\"publisher\":{\"@id\":\"https:\\\/\\\/lospoliticosveracruz.com\\\/#organization\"},\"keywords\":[\"Amado Cruz Malpica\",\"Andrea Yunes Yunes\",\"Cosamaloapan\",\"Elizabeth Cervantes de la Cruz\",\"Enrique Cambranis\",\"H\u00e9ctor Yunes Landa\",\"Henri Christophe G\u00f3mez S\u00e1nchez\",\"Jorge Moreno Salinas\",\"Juan Javier G\u00f3mez Cazar\u00edn\",\"Majestad Negra\",\"Maleno Rosales Torres\",\"Margarita Corro Mendoza\",\"Miguel Angel Yunes Linares\",\"Nora Jessica Lagunes J\u00e1uregui\",\"Raymundo Andrade Rivera\",\"Rodrigo Garc\u00eda Escalante\",\"Rub\u00e9n R\u00edos Uribe\"],\"articleSection\":[\"De Opini\u00f3n\"],\"inLanguage\":\"es\",\"potentialAction\":[{\"@type\":\"CommentAction\",\"name\":\"Comment\",\"target\":[\"https:\\\/\\\/lospoliticosveracruz.com\\\/?p=45949#respond\"]}]},{\"@type\":\"WebPage\",\"@id\":\"https:\\\/\\\/lospoliticosveracruz.com\\\/?p=45949\",\"url\":\"https:\\\/\\\/lospoliticosveracruz.com\\\/?p=45949\",\"name\":\"Los diputados ante el Gober - Los pol\u00edticos Veracruz\",\"isPartOf\":{\"@id\":\"https:\\\/\\\/lospoliticosveracruz.com\\\/#website\"},\"datePublished\":\"2018-11-30T04:52:31+00:00\",\"breadcrumb\":{\"@id\":\"https:\\\/\\\/lospoliticosveracruz.com\\\/?p=45949#breadcrumb\"},\"inLanguage\":\"es\",\"potentialAction\":[{\"@type\":\"ReadAction\",\"target\":[\"https:\\\/\\\/lospoliticosveracruz.com\\\/?p=45949\"]}]},{\"@type\":\"BreadcrumbList\",\"@id\":\"https:\\\/\\\/lospoliticosveracruz.com\\\/?p=45949#breadcrumb\",\"itemListElement\":[{\"@type\":\"ListItem\",\"position\":1,\"name\":\"Portada\",\"item\":\"https:\\\/\\\/lospoliticosveracruz.com\\\/\"},{\"@type\":\"ListItem\",\"position\":2,\"name\":\"Los diputados ante el Gober\"}]},{\"@type\":\"WebSite\",\"@id\":\"https:\\\/\\\/lospoliticosveracruz.com\\\/#website\",\"url\":\"https:\\\/\\\/lospoliticosveracruz.com\\\/\",\"name\":\"Los pol\u00edticos Veracruz\",\"description\":\"\",\"publisher\":{\"@id\":\"https:\\\/\\\/lospoliticosveracruz.com\\\/#organization\"},\"potentialAction\":[{\"@type\":\"SearchAction\",\"target\":{\"@type\":\"EntryPoint\",\"urlTemplate\":\"https:\\\/\\\/lospoliticosveracruz.com\\\/?s={search_term_string}\"},\"query-input\":{\"@type\":\"PropertyValueSpecification\",\"valueRequired\":true,\"valueName\":\"search_term_string\"}}],\"inLanguage\":\"es\"},{\"@type\":\"Organization\",\"@id\":\"https:\\\/\\\/lospoliticosveracruz.com\\\/#organization\",\"name\":\"Los pol\u00edticos Veracruz\",\"url\":\"https:\\\/\\\/lospoliticosveracruz.com\\\/\",\"logo\":{\"@type\":\"ImageObject\",\"inLanguage\":\"es\",\"@id\":\"https:\\\/\\\/lospoliticosveracruz.com\\\/#\\\/schema\\\/logo\\\/image\\\/\",\"url\":\"https:\\\/\\\/lospoliticosveracruz.com\\\/wp-content\\\/uploads\\\/2025\\\/12\\\/Logo-Nuevo-LOS-POLITICOS-1.jpg\",\"contentUrl\":\"https:\\\/\\\/lospoliticosveracruz.com\\\/wp-content\\\/uploads\\\/2025\\\/12\\\/Logo-Nuevo-LOS-POLITICOS-1.jpg\",\"width\":260,\"height\":70,\"caption\":\"Los pol\u00edticos Veracruz\"},\"image\":{\"@id\":\"https:\\\/\\\/lospoliticosveracruz.com\\\/#\\\/schema\\\/logo\\\/image\\\/\"},\"sameAs\":[\"https:\\\/\\\/www.facebook.com\\\/people\\\/Notimemes-de-los-Polticos\\\/61565672886568\\\/\",\"https:\\\/\\\/x.com\\\/LosPoliticosVer\"]},{\"@type\":\"Person\",\"@id\":\"https:\\\/\\\/lospoliticosveracruz.com\\\/#\\\/schema\\\/person\\\/b8702bb0e538456e6efd07080bf2a4a2\",\"name\":\"Lo viste en Los Pol\u00edticos\",\"image\":{\"@type\":\"ImageObject\",\"inLanguage\":\"es\",\"@id\":\"https:\\\/\\\/secure.gravatar.com\\\/avatar\\\/3a8de04a2656d44082be478bd6c086daa447c4651605818287b9532d3d0bd435?s=96&d=mm&r=g\",\"url\":\"https:\\\/\\\/secure.gravatar.com\\\/avatar\\\/3a8de04a2656d44082be478bd6c086daa447c4651605818287b9532d3d0bd435?s=96&d=mm&r=g\",\"contentUrl\":\"https:\\\/\\\/secure.gravatar.com\\\/avatar\\\/3a8de04a2656d44082be478bd6c086daa447c4651605818287b9532d3d0bd435?s=96&d=mm&r=g\",\"caption\":\"Lo viste en Los Pol\u00edticos\"},\"url\":\"https:\\\/\\\/lospoliticosveracruz.com\\\/?author=2\"}]}<\/script>\n<!-- \/ Yoast SEO plugin. -->","yoast_head_json":{"title":"Los diputados ante el Gober - Los pol\u00edticos Veracruz","robots":{"index":"index","follow":"follow","max-snippet":"max-snippet:-1","max-image-preview":"max-image-preview:large","max-video-preview":"max-video-preview:-1"},"canonical":"https:\/\/lospoliticosveracruz.com\/?p=45949","og_locale":"es_ES","og_type":"article","og_title":"Los diputados ante el Gober - Los pol\u00edticos Veracruz","og_description":"Salvador Mu\u00f1oz Los Pol\u00edticos Es innegable. El discurso de la diputada Margarita Corro Mendoza fue muy bueno, al grado de calificarlo de \u201cExcelente\u201d. Muy buena dicci\u00f3n. Mejor interpretaci\u00f3n. Si hago caso a lo que dijo el Gobernador, se notan los a\u00f1os en la pol\u00edtica de la representante del distrito por Cosamaloapan; y si nos llev\u00e1ramos [&hellip;]","og_url":"https:\/\/lospoliticosveracruz.com\/?p=45949","og_site_name":"Los pol\u00edticos Veracruz","article_publisher":"https:\/\/www.facebook.com\/people\/Notimemes-de-los-Polticos\/61565672886568\/","article_published_time":"2018-11-30T04:52:31+00:00","og_image":[{"width":200,"height":200,"url":"https:\/\/lospoliticosveracruz.com\/wp-content\/uploads\/2016\/07\/Logo-Dor.jpg","type":"image\/jpeg"}],"author":"Lo viste en Los Pol\u00edticos","twitter_card":"summary_large_image","twitter_creator":"@LosPoliticosVer","twitter_site":"@LosPoliticosVer","twitter_misc":{"Escrito por":"Lo viste en Los Pol\u00edticos","Tiempo de lectura":"5 minutos"},"schema":{"@context":"https:\/\/schema.org","@graph":[{"@type":"Article","@id":"https:\/\/lospoliticosveracruz.com\/?p=45949#article","isPartOf":{"@id":"https:\/\/lospoliticosveracruz.com\/?p=45949"},"author":{"name":"Lo viste en Los Pol\u00edticos","@id":"https:\/\/lospoliticosveracruz.com\/#\/schema\/person\/b8702bb0e538456e6efd07080bf2a4a2"},"headline":"Los diputados ante el Gober","datePublished":"2018-11-30T04:52:31+00:00","mainEntityOfPage":{"@id":"https:\/\/lospoliticosveracruz.com\/?p=45949"},"wordCount":931,"commentCount":0,"publisher":{"@id":"https:\/\/lospoliticosveracruz.com\/#organization"},"keywords":["Amado Cruz Malpica","Andrea Yunes Yunes","Cosamaloapan","Elizabeth Cervantes de la Cruz","Enrique Cambranis","H\u00e9ctor Yunes Landa","Henri Christophe G\u00f3mez S\u00e1nchez","Jorge Moreno Salinas","Juan Javier G\u00f3mez Cazar\u00edn","Majestad Negra","Maleno Rosales Torres","Margarita Corro Mendoza","Miguel Angel Yunes Linares","Nora Jessica Lagunes J\u00e1uregui","Raymundo Andrade Rivera","Rodrigo Garc\u00eda Escalante","Rub\u00e9n R\u00edos Uribe"],"articleSection":["De Opini\u00f3n"],"inLanguage":"es","potentialAction":[{"@type":"CommentAction","name":"Comment","target":["https:\/\/lospoliticosveracruz.com\/?p=45949#respond"]}]},{"@type":"WebPage","@id":"https:\/\/lospoliticosveracruz.com\/?p=45949","url":"https:\/\/lospoliticosveracruz.com\/?p=45949","name":"Los diputados ante el Gober - Los pol\u00edticos Veracruz","isPartOf":{"@id":"https:\/\/lospoliticosveracruz.com\/#website"},"datePublished":"2018-11-30T04:52:31+00:00","breadcrumb":{"@id":"https:\/\/lospoliticosveracruz.com\/?p=45949#breadcrumb"},"inLanguage":"es","potentialAction":[{"@type":"ReadAction","target":["https:\/\/lospoliticosveracruz.com\/?p=45949"]}]},{"@type":"BreadcrumbList","@id":"https:\/\/lospoliticosveracruz.com\/?p=45949#breadcrumb","itemListElement":[{"@type":"ListItem","position":1,"name":"Portada","item":"https:\/\/lospoliticosveracruz.com\/"},{"@type":"ListItem","position":2,"name":"Los diputados ante el Gober"}]},{"@type":"WebSite","@id":"https:\/\/lospoliticosveracruz.com\/#website","url":"https:\/\/lospoliticosveracruz.com\/","name":"Los pol\u00edticos Veracruz","description":"","publisher":{"@id":"https:\/\/lospoliticosveracruz.com\/#organization"},"potentialAction":[{"@type":"SearchAction","target":{"@type":"EntryPoint","urlTemplate":"https:\/\/lospoliticosveracruz.com\/?s={search_term_string}"},"query-input":{"@type":"PropertyValueSpecification","valueRequired":true,"valueName":"search_term_string"}}],"inLanguage":"es"},{"@type":"Organization","@id":"https:\/\/lospoliticosveracruz.com\/#organization","name":"Los pol\u00edticos Veracruz","url":"https:\/\/lospoliticosveracruz.com\/","logo":{"@type":"ImageObject","inLanguage":"es","@id":"https:\/\/lospoliticosveracruz.com\/#\/schema\/logo\/image\/","url":"https:\/\/lospoliticosveracruz.com\/wp-content\/uploads\/2025\/12\/Logo-Nuevo-LOS-POLITICOS-1.jpg","contentUrl":"https:\/\/lospoliticosveracruz.com\/wp-content\/uploads\/2025\/12\/Logo-Nuevo-LOS-POLITICOS-1.jpg","width":260,"height":70,"caption":"Los pol\u00edticos Veracruz"},"image":{"@id":"https:\/\/lospoliticosveracruz.com\/#\/schema\/logo\/image\/"},"sameAs":["https:\/\/www.facebook.com\/people\/Notimemes-de-los-Polticos\/61565672886568\/","https:\/\/x.com\/LosPoliticosVer"]},{"@type":"Person","@id":"https:\/\/lospoliticosveracruz.com\/#\/schema\/person\/b8702bb0e538456e6efd07080bf2a4a2","name":"Lo viste en Los Pol\u00edticos","image":{"@type":"ImageObject","inLanguage":"es","@id":"https:\/\/secure.gravatar.com\/avatar\/3a8de04a2656d44082be478bd6c086daa447c4651605818287b9532d3d0bd435?s=96&d=mm&r=g","url":"https:\/\/secure.gravatar.com\/avatar\/3a8de04a2656d44082be478bd6c086daa447c4651605818287b9532d3d0bd435?s=96&d=mm&r=g","contentUrl":"https:\/\/secure.gravatar.com\/avatar\/3a8de04a2656d44082be478bd6c086daa447c4651605818287b9532d3d0bd435?s=96&d=mm&r=g","caption":"Lo viste en Los Pol\u00edticos"},"url":"https:\/\/lospoliticosveracruz.com\/?author=2"}]}},"_links":{"self":[{"href":"https:\/\/lospoliticosveracruz.com\/index.php?rest_route=\/wp\/v2\/posts\/45949","targetHints":{"allow":["GET"]}}],"collection":[{"href":"https:\/\/lospoliticosveracruz.com\/index.php?rest_route=\/wp\/v2\/posts"}],"about":[{"href":"https:\/\/lospoliticosveracruz.com\/index.php?rest_route=\/wp\/v2\/types\/post"}],"author":[{"embeddable":true,"href":"https:\/\/lospoliticosveracruz.com\/index.php?rest_route=\/wp\/v2\/users\/2"}],"replies":[{"embeddable":true,"href":"https:\/\/lospoliticosveracruz.com\/index.php?rest_route=%2Fwp%2Fv2%2Fcomments&post=45949"}],"version-history":[{"count":1,"href":"https:\/\/lospoliticosveracruz.com\/index.php?rest_route=\/wp\/v2\/posts\/45949\/revisions"}],"predecessor-version":[{"id":45951,"href":"https:\/\/lospoliticosveracruz.com\/index.php?rest_route=\/wp\/v2\/posts\/45949\/revisions\/45951"}],"wp:attachment":[{"href":"https:\/\/lospoliticosveracruz.com\/index.php?rest_route=%2Fwp%2Fv2%2Fmedia&parent=45949"}],"wp:term":[{"taxonomy":"category","embeddable":true,"href":"https:\/\/lospoliticosveracruz.com\/index.php?rest_route=%2Fwp%2Fv2%2Fcategories&post=45949"},{"taxonomy":"post_tag","embeddable":true,"href":"https:\/\/lospoliticosveracruz.com\/index.php?rest_route=%2Fwp%2Fv2%2Ftags&post=45949"}],"curies":[{"name":"wp","href":"https:\/\/api.w.org\/{rel}","templated":true}]}}