{"id":45961,"date":"2018-11-29T21:58:41","date_gmt":"2018-11-30T03:58:41","guid":{"rendered":"http:\/\/www.lospoliticosveracruz.com.mx\/?p=45961"},"modified":"2018-11-29T21:58:41","modified_gmt":"2018-11-30T03:58:41","slug":"dos-anos-que-terminan","status":"publish","type":"post","link":"https:\/\/lospoliticosveracruz.com\/?p=45961","title":{"rendered":"Dos a\u00f1os que terminan"},"content":{"rendered":"<p><strong>Felipe de Jes\u00fas Fern\u00e1ndez Basilio<\/strong><\/p>\n<p><em>Desde A Janela<\/em><\/p>\n<p>El pr\u00f3ximo 30 de noviembre termina el gobierno estatal de Veracruz encabezado por Miguel \u00c1ngel Yunes Linares, un gobierno que como todos tuvo sus claroscuros y que a mi juicio ha sido pr\u00e1cticamente linchado en casi todos los medios de comunicaci\u00f3n locales, quienes quiz\u00e1 no comprendieron las circunstancias particulares de esta administraci\u00f3n o simplemente no se adaptaron a dejar vivir a expensas del gobierno, tal y como suced\u00eda en los tiempos del PRI.<\/p>\n<p>Mas centr\u00e1ndonos en el primero de los aspectos, no voy a decir que ha sido un gobierno maravilloso, ya que esos no existen, pero s\u00ed es injusto aseverar que fue igual o peor a los de Duarte o Herrera como ahora circula en casi todos los medios locales, ya que para hacer un balance m\u00e1s justo de lo que ha sido esta administraci\u00f3n debemos de tomar en consideraci\u00f3n\u00a0 esas circunstancias particulares que elevaron por mucho el nivel de dificultad que cualquier administraci\u00f3n enfrenta al momento de asumir el encargo.<\/p>\n<p>Siendo la primera de ellas que cuando Yunes Linares asumi\u00f3 la gubernatura encontr\u00f3 un estado en ruina, v\u00edctima de uno de los m\u00e1s brutales saqueos a las arcas p\u00fablicas que se hayan conocido en M\u00e9xico y como consecuencia de ello el caos en todo el estado era notable y no hab\u00eda un solo sector p\u00fablico que se encontrara libre de ese caos; ya que los incumplimientos econ\u00f3micos eran tan grandes que produjeron un descontento tanto en trabajadores como en diversos acreedores, siendo \u00e9ste a tal grado que el estado estaba al borde de la anarqu\u00eda y para ello basta con recordar la situaci\u00f3n que se vivi\u00f3 en noviembre de 2016 cuando hab\u00edan bloqueos no solo en las sedes del ejecutivo estatal sino en todas las carreteras del estado.<\/p>\n<p>Mientras que la segunda de esas circunstancias particulares lo fue el micro periodo para el que fue electo, ya que solo fueron dos a\u00f1os, un tiempo menor a lo que duraban los ayuntamientos y que siempre dec\u00edan que era muy corto para hacer algo importante, resultando el factor tiempo clave para poder ejercer una administraci\u00f3n aceptable y m\u00e1s cuando se parte de la ruina.<\/p>\n<p>Y unida a las anteriores, tenemos a la tercera de las circunstancias particulares que enmarcaron a la administraci\u00f3n que termina y \u00e9sta consiste en la enorme deuda p\u00fablica contra\u00edda tanto para llevar a cabo el desfalco de Duarte como para costear las d\u00e1divas que Herrera repart\u00eda a diestra y siniestra y que la misma, como toda deuda impagable, crece y crece cada d\u00eda y lo m\u00e1s que se pudo hacer es refinanciarla para lograr que los pagos fueran m\u00e1s accesibles as\u00ed como tratar rede recuperar lo robado, m\u00e1s es sabido que los procesos judiciales tendientes a ello, duran mucho m\u00e1s que dos a\u00f1os.<\/p>\n<p>Ahora que hemos visto estas circunstancias especiales, podemos tener un punto de partida m\u00e1s justo para opinar sobre la administraci\u00f3n que vive sus postrimer\u00edas y ahora s\u00ed abordar algunos de los claroscuros de la misma.<\/p>\n<p>En primer lugar, es importante referir que la principal promesa que hizo Yunes y con la que gan\u00f3 la gubernatura fue investigar y en su caso perseguir penalmente a quienes provocaron el desfalco, ya sea para castigarlos o para recuperar lo que se llevaron; tarea a la que se avoc\u00f3 desde el primer instante de su administraci\u00f3n y en la que avanz\u00f3 lo m\u00e1s que pudo pese a las limitaciones temporales, procesales y al problema en que se convirti\u00f3 la encubridora PGR, la que en lugar de procurar justicia se convirti\u00f3 en un obst\u00e1culo para poder iniciar m\u00e1s procesos legales.<\/p>\n<p>De igual manera Miguel \u00c1ngel Y\u00fanez recobr\u00f3 la gobernabilidad en el estado pese al deterioro en que se encontraba \u00e9sta a ra\u00edz de la fuga de Duarte y como consecuencia de ello, el orden volvi\u00f3 a verse en las calles y caminos de la entidad.<\/p>\n<p>Tambi\u00e9n y pese a las limitaciones financieras se construyeron y\/o rehabilitaron tanto carreteras como edificios destinados al servicio p\u00fablico en cualquiera de sus facetas, cosas que son bastante notorias.<\/p>\n<p>As\u00ed como otro de sus aciertos fue el reestructurar la deuda p\u00fablica y hacer que los pagos fueran m\u00e1s c\u00f3modos para la entidad, ya que no hay que olvidar que dicha deuda es millonaria mas como todo adeudo se tiene que pagar.<\/p>\n<p>Por otra parte y dentro de los errores que se cometieron en esta administraci\u00f3n podemos mencionar el haber hecho a la ligera y de manera populista la promesa de resolver en seis meses la inseguridad existente en el estado, ya que cualquiera sabe que se trata de un problema de gran magnitud a nivel nacional y que no es nada sencillo de resolverlo ni mucho menos en tan corto plazo y por lo mismo solo con una buena dosis de soberbia y con otra de exceso de confianza es que el gobernador hizo esa promesa.<\/p>\n<p>Otro de los yerros de la administraci\u00f3n que concluye consiste en haber nombrado a una persona notoriamente incondicional como titular la Fiscal\u00eda General del Estado, con lo que aparte de vulnerar la autonom\u00eda de la instituci\u00f3n, repiti\u00f3 exactamente lo mismo que se criticaba de la anterior administraci\u00f3n estatal y aunque se puede arg\u00fcir que necesitaba a alguien de confianza para encabezar a la instituci\u00f3n encargada de cumplir su principal objetivo, tambi\u00e9n es cierto que existen en el estado muchas personas independientes y capaces de llevar a cabo esa encomienda sin vulnerar la autonom\u00eda de la Fiscal\u00eda.<\/p>\n<p>As\u00ed mismo y ligado al error se\u00f1alado en el p\u00e1rrafo que antecede, ya que el origen de ambos es la obsesi\u00f3n del gobernador por tener a un incondicional que realice las encomiendas que considera necesarias y que sobre todo pueda controlar a su antojo tal y como sucedi\u00f3 en el Maximato, fue el imponer a su hijo como candidato a sucederlo en el cargo; lo que se vio exactamente igual de desaseado que el actuar de los hermanos Moreira en Coahuila, as\u00ed como tambi\u00e9n demostr\u00f3 que el gobernador no confiaba, si es que la hab\u00eda, en la democracia interna de sus partidos.<\/p>\n<p>Y el \u00faltimo error que se\u00f1alo respecto del gobierno que concluye con el mes es que no se distanci\u00f3 al cien por ciento de las anteriores administraciones, ya que en algunos casos se reciclaron personajes de dudosa reputaci\u00f3n ligados a la \u201cdocena tr\u00e1gica\u201d, lo cual hizo que se viera incompleta la lucha en contra de quienes colaboraron en la ruina del estado.<\/p>\n<p>Mas haciendo un balance general, se puede concluir que el saldo es favorable para el gobernador que se va, ya que restaur\u00f3 el orden en el estado y principalmente hasta donde pudo recuper\u00f3 parte de lo que fue robado y sent\u00f3 en el banquillo de los acusados a muchos de los que cometieron atrocidades financieras y humanas en los a\u00f1os anteriores al inicio de su gesti\u00f3n y ese fue su objetivo principal y la raz\u00f3n por la que fue electo para ocupar el cargo.<\/p>\n<p>Esperemos que el gobierno que sigue contin\u00fae en la misma l\u00ednea, ya que en verdad le queda la vara muy alta en un estado urgido de orden y justicia.<\/p>\n<p>&nbsp;<\/p>\n<p><a href=\"mailto:felfebas@gmail.com\">felfebas@gmail.com<\/a><\/p>\n<p>Twitter: @FelipeFBasilio<\/p>\n","protected":false},"excerpt":{"rendered":"<p>Felipe de Jes\u00fas Fern\u00e1ndez Basilio Desde A Janela El pr\u00f3ximo 30 de noviembre termina el gobierno estatal de Veracruz encabezado por Miguel \u00c1ngel Yunes Linares, un gobierno que como todos tuvo sus claroscuros y que a mi juicio ha sido pr\u00e1cticamente linchado en casi todos los medios de comunicaci\u00f3n locales, quienes quiz\u00e1 no comprendieron las [&hellip;]<\/p>\n","protected":false},"author":2,"featured_media":0,"comment_status":"open","ping_status":"open","sticky":false,"template":"","format":"standard","meta":{"tdm_status":"","tdm_grid_status":"","footnotes":""},"categories":[70],"tags":[428,195],"class_list":{"0":"post-45961","1":"post","2":"type-post","3":"status-publish","4":"format-standard","6":"category-de-opinion","7":"tag-miguel-angel-yunes-linares","8":"tag-veracruz"},"yoast_head":"<!-- This site is optimized with the Yoast SEO plugin v27.4 - https:\/\/yoast.com\/product\/yoast-seo-wordpress\/ -->\n<title>Dos a\u00f1os que terminan - Los pol\u00edticos Veracruz<\/title>\n<meta name=\"robots\" content=\"index, follow, max-snippet:-1, max-image-preview:large, max-video-preview:-1\" \/>\n<link rel=\"canonical\" href=\"https:\/\/lospoliticosveracruz.com\/?p=45961\" \/>\n<meta property=\"og:locale\" content=\"es_ES\" \/>\n<meta property=\"og:type\" content=\"article\" \/>\n<meta property=\"og:title\" content=\"Dos a\u00f1os que terminan - Los pol\u00edticos Veracruz\" \/>\n<meta property=\"og:description\" content=\"Felipe de Jes\u00fas Fern\u00e1ndez Basilio Desde A Janela El pr\u00f3ximo 30 de noviembre termina el gobierno estatal de Veracruz encabezado por Miguel \u00c1ngel Yunes Linares, un gobierno que como todos tuvo sus claroscuros y que a mi juicio ha sido pr\u00e1cticamente linchado en casi todos los medios de comunicaci\u00f3n locales, quienes quiz\u00e1 no comprendieron las [&hellip;]\" \/>\n<meta property=\"og:url\" content=\"https:\/\/lospoliticosveracruz.com\/?p=45961\" \/>\n<meta property=\"og:site_name\" content=\"Los pol\u00edticos Veracruz\" \/>\n<meta property=\"article:publisher\" content=\"https:\/\/www.facebook.com\/people\/Notimemes-de-los-Polticos\/61565672886568\/\" \/>\n<meta property=\"article:published_time\" content=\"2018-11-30T03:58:41+00:00\" \/>\n<meta property=\"og:image\" content=\"https:\/\/lospoliticosveracruz.com\/wp-content\/uploads\/2016\/07\/Logo-Dor.jpg\" \/>\n\t<meta property=\"og:image:width\" content=\"200\" \/>\n\t<meta property=\"og:image:height\" content=\"200\" \/>\n\t<meta property=\"og:image:type\" content=\"image\/jpeg\" \/>\n<meta name=\"author\" content=\"Lo viste en Los Pol\u00edticos\" \/>\n<meta name=\"twitter:card\" content=\"summary_large_image\" \/>\n<meta name=\"twitter:creator\" content=\"@LosPoliticosVer\" \/>\n<meta name=\"twitter:site\" content=\"@LosPoliticosVer\" \/>\n<meta name=\"twitter:label1\" content=\"Escrito por\" \/>\n\t<meta name=\"twitter:data1\" content=\"Lo viste en Los Pol\u00edticos\" \/>\n\t<meta name=\"twitter:label2\" content=\"Tiempo de lectura\" \/>\n\t<meta name=\"twitter:data2\" content=\"6 minutos\" \/>\n<script type=\"application\/ld+json\" class=\"yoast-schema-graph\">{\"@context\":\"https:\\\/\\\/schema.org\",\"@graph\":[{\"@type\":\"Article\",\"@id\":\"https:\\\/\\\/lospoliticosveracruz.com\\\/?p=45961#article\",\"isPartOf\":{\"@id\":\"https:\\\/\\\/lospoliticosveracruz.com\\\/?p=45961\"},\"author\":{\"name\":\"Lo viste en Los Pol\u00edticos\",\"@id\":\"https:\\\/\\\/lospoliticosveracruz.com\\\/#\\\/schema\\\/person\\\/b8702bb0e538456e6efd07080bf2a4a2\"},\"headline\":\"Dos a\u00f1os que terminan\",\"datePublished\":\"2018-11-30T03:58:41+00:00\",\"mainEntityOfPage\":{\"@id\":\"https:\\\/\\\/lospoliticosveracruz.com\\\/?p=45961\"},\"wordCount\":1269,\"commentCount\":0,\"publisher\":{\"@id\":\"https:\\\/\\\/lospoliticosveracruz.com\\\/#organization\"},\"keywords\":[\"Miguel Angel Yunes Linares\",\"Veracruz\"],\"articleSection\":[\"De Opini\u00f3n\"],\"inLanguage\":\"es\",\"potentialAction\":[{\"@type\":\"CommentAction\",\"name\":\"Comment\",\"target\":[\"https:\\\/\\\/lospoliticosveracruz.com\\\/?p=45961#respond\"]}]},{\"@type\":\"WebPage\",\"@id\":\"https:\\\/\\\/lospoliticosveracruz.com\\\/?p=45961\",\"url\":\"https:\\\/\\\/lospoliticosveracruz.com\\\/?p=45961\",\"name\":\"Dos a\u00f1os que terminan - Los pol\u00edticos Veracruz\",\"isPartOf\":{\"@id\":\"https:\\\/\\\/lospoliticosveracruz.com\\\/#website\"},\"datePublished\":\"2018-11-30T03:58:41+00:00\",\"breadcrumb\":{\"@id\":\"https:\\\/\\\/lospoliticosveracruz.com\\\/?p=45961#breadcrumb\"},\"inLanguage\":\"es\",\"potentialAction\":[{\"@type\":\"ReadAction\",\"target\":[\"https:\\\/\\\/lospoliticosveracruz.com\\\/?p=45961\"]}]},{\"@type\":\"BreadcrumbList\",\"@id\":\"https:\\\/\\\/lospoliticosveracruz.com\\\/?p=45961#breadcrumb\",\"itemListElement\":[{\"@type\":\"ListItem\",\"position\":1,\"name\":\"Portada\",\"item\":\"https:\\\/\\\/lospoliticosveracruz.com\\\/\"},{\"@type\":\"ListItem\",\"position\":2,\"name\":\"Dos a\u00f1os que terminan\"}]},{\"@type\":\"WebSite\",\"@id\":\"https:\\\/\\\/lospoliticosveracruz.com\\\/#website\",\"url\":\"https:\\\/\\\/lospoliticosveracruz.com\\\/\",\"name\":\"Los pol\u00edticos Veracruz\",\"description\":\"\",\"publisher\":{\"@id\":\"https:\\\/\\\/lospoliticosveracruz.com\\\/#organization\"},\"potentialAction\":[{\"@type\":\"SearchAction\",\"target\":{\"@type\":\"EntryPoint\",\"urlTemplate\":\"https:\\\/\\\/lospoliticosveracruz.com\\\/?s={search_term_string}\"},\"query-input\":{\"@type\":\"PropertyValueSpecification\",\"valueRequired\":true,\"valueName\":\"search_term_string\"}}],\"inLanguage\":\"es\"},{\"@type\":\"Organization\",\"@id\":\"https:\\\/\\\/lospoliticosveracruz.com\\\/#organization\",\"name\":\"Los pol\u00edticos Veracruz\",\"url\":\"https:\\\/\\\/lospoliticosveracruz.com\\\/\",\"logo\":{\"@type\":\"ImageObject\",\"inLanguage\":\"es\",\"@id\":\"https:\\\/\\\/lospoliticosveracruz.com\\\/#\\\/schema\\\/logo\\\/image\\\/\",\"url\":\"https:\\\/\\\/lospoliticosveracruz.com\\\/wp-content\\\/uploads\\\/2025\\\/12\\\/Logo-Nuevo-LOS-POLITICOS-1.jpg\",\"contentUrl\":\"https:\\\/\\\/lospoliticosveracruz.com\\\/wp-content\\\/uploads\\\/2025\\\/12\\\/Logo-Nuevo-LOS-POLITICOS-1.jpg\",\"width\":260,\"height\":70,\"caption\":\"Los pol\u00edticos Veracruz\"},\"image\":{\"@id\":\"https:\\\/\\\/lospoliticosveracruz.com\\\/#\\\/schema\\\/logo\\\/image\\\/\"},\"sameAs\":[\"https:\\\/\\\/www.facebook.com\\\/people\\\/Notimemes-de-los-Polticos\\\/61565672886568\\\/\",\"https:\\\/\\\/x.com\\\/LosPoliticosVer\"]},{\"@type\":\"Person\",\"@id\":\"https:\\\/\\\/lospoliticosveracruz.com\\\/#\\\/schema\\\/person\\\/b8702bb0e538456e6efd07080bf2a4a2\",\"name\":\"Lo viste en Los Pol\u00edticos\",\"image\":{\"@type\":\"ImageObject\",\"inLanguage\":\"es\",\"@id\":\"https:\\\/\\\/secure.gravatar.com\\\/avatar\\\/3a8de04a2656d44082be478bd6c086daa447c4651605818287b9532d3d0bd435?s=96&d=mm&r=g\",\"url\":\"https:\\\/\\\/secure.gravatar.com\\\/avatar\\\/3a8de04a2656d44082be478bd6c086daa447c4651605818287b9532d3d0bd435?s=96&d=mm&r=g\",\"contentUrl\":\"https:\\\/\\\/secure.gravatar.com\\\/avatar\\\/3a8de04a2656d44082be478bd6c086daa447c4651605818287b9532d3d0bd435?s=96&d=mm&r=g\",\"caption\":\"Lo viste en Los Pol\u00edticos\"},\"url\":\"https:\\\/\\\/lospoliticosveracruz.com\\\/?author=2\"}]}<\/script>\n<!-- \/ Yoast SEO plugin. -->","yoast_head_json":{"title":"Dos a\u00f1os que terminan - Los pol\u00edticos Veracruz","robots":{"index":"index","follow":"follow","max-snippet":"max-snippet:-1","max-image-preview":"max-image-preview:large","max-video-preview":"max-video-preview:-1"},"canonical":"https:\/\/lospoliticosveracruz.com\/?p=45961","og_locale":"es_ES","og_type":"article","og_title":"Dos a\u00f1os que terminan - Los pol\u00edticos Veracruz","og_description":"Felipe de Jes\u00fas Fern\u00e1ndez Basilio Desde A Janela El pr\u00f3ximo 30 de noviembre termina el gobierno estatal de Veracruz encabezado por Miguel \u00c1ngel Yunes Linares, un gobierno que como todos tuvo sus claroscuros y que a mi juicio ha sido pr\u00e1cticamente linchado en casi todos los medios de comunicaci\u00f3n locales, quienes quiz\u00e1 no comprendieron las [&hellip;]","og_url":"https:\/\/lospoliticosveracruz.com\/?p=45961","og_site_name":"Los pol\u00edticos Veracruz","article_publisher":"https:\/\/www.facebook.com\/people\/Notimemes-de-los-Polticos\/61565672886568\/","article_published_time":"2018-11-30T03:58:41+00:00","og_image":[{"width":200,"height":200,"url":"https:\/\/lospoliticosveracruz.com\/wp-content\/uploads\/2016\/07\/Logo-Dor.jpg","type":"image\/jpeg"}],"author":"Lo viste en Los Pol\u00edticos","twitter_card":"summary_large_image","twitter_creator":"@LosPoliticosVer","twitter_site":"@LosPoliticosVer","twitter_misc":{"Escrito por":"Lo viste en Los Pol\u00edticos","Tiempo de lectura":"6 minutos"},"schema":{"@context":"https:\/\/schema.org","@graph":[{"@type":"Article","@id":"https:\/\/lospoliticosveracruz.com\/?p=45961#article","isPartOf":{"@id":"https:\/\/lospoliticosveracruz.com\/?p=45961"},"author":{"name":"Lo viste en Los Pol\u00edticos","@id":"https:\/\/lospoliticosveracruz.com\/#\/schema\/person\/b8702bb0e538456e6efd07080bf2a4a2"},"headline":"Dos a\u00f1os que terminan","datePublished":"2018-11-30T03:58:41+00:00","mainEntityOfPage":{"@id":"https:\/\/lospoliticosveracruz.com\/?p=45961"},"wordCount":1269,"commentCount":0,"publisher":{"@id":"https:\/\/lospoliticosveracruz.com\/#organization"},"keywords":["Miguel Angel Yunes Linares","Veracruz"],"articleSection":["De Opini\u00f3n"],"inLanguage":"es","potentialAction":[{"@type":"CommentAction","name":"Comment","target":["https:\/\/lospoliticosveracruz.com\/?p=45961#respond"]}]},{"@type":"WebPage","@id":"https:\/\/lospoliticosveracruz.com\/?p=45961","url":"https:\/\/lospoliticosveracruz.com\/?p=45961","name":"Dos a\u00f1os que terminan - Los pol\u00edticos Veracruz","isPartOf":{"@id":"https:\/\/lospoliticosveracruz.com\/#website"},"datePublished":"2018-11-30T03:58:41+00:00","breadcrumb":{"@id":"https:\/\/lospoliticosveracruz.com\/?p=45961#breadcrumb"},"inLanguage":"es","potentialAction":[{"@type":"ReadAction","target":["https:\/\/lospoliticosveracruz.com\/?p=45961"]}]},{"@type":"BreadcrumbList","@id":"https:\/\/lospoliticosveracruz.com\/?p=45961#breadcrumb","itemListElement":[{"@type":"ListItem","position":1,"name":"Portada","item":"https:\/\/lospoliticosveracruz.com\/"},{"@type":"ListItem","position":2,"name":"Dos a\u00f1os que terminan"}]},{"@type":"WebSite","@id":"https:\/\/lospoliticosveracruz.com\/#website","url":"https:\/\/lospoliticosveracruz.com\/","name":"Los pol\u00edticos Veracruz","description":"","publisher":{"@id":"https:\/\/lospoliticosveracruz.com\/#organization"},"potentialAction":[{"@type":"SearchAction","target":{"@type":"EntryPoint","urlTemplate":"https:\/\/lospoliticosveracruz.com\/?s={search_term_string}"},"query-input":{"@type":"PropertyValueSpecification","valueRequired":true,"valueName":"search_term_string"}}],"inLanguage":"es"},{"@type":"Organization","@id":"https:\/\/lospoliticosveracruz.com\/#organization","name":"Los pol\u00edticos Veracruz","url":"https:\/\/lospoliticosveracruz.com\/","logo":{"@type":"ImageObject","inLanguage":"es","@id":"https:\/\/lospoliticosveracruz.com\/#\/schema\/logo\/image\/","url":"https:\/\/lospoliticosveracruz.com\/wp-content\/uploads\/2025\/12\/Logo-Nuevo-LOS-POLITICOS-1.jpg","contentUrl":"https:\/\/lospoliticosveracruz.com\/wp-content\/uploads\/2025\/12\/Logo-Nuevo-LOS-POLITICOS-1.jpg","width":260,"height":70,"caption":"Los pol\u00edticos Veracruz"},"image":{"@id":"https:\/\/lospoliticosveracruz.com\/#\/schema\/logo\/image\/"},"sameAs":["https:\/\/www.facebook.com\/people\/Notimemes-de-los-Polticos\/61565672886568\/","https:\/\/x.com\/LosPoliticosVer"]},{"@type":"Person","@id":"https:\/\/lospoliticosveracruz.com\/#\/schema\/person\/b8702bb0e538456e6efd07080bf2a4a2","name":"Lo viste en Los Pol\u00edticos","image":{"@type":"ImageObject","inLanguage":"es","@id":"https:\/\/secure.gravatar.com\/avatar\/3a8de04a2656d44082be478bd6c086daa447c4651605818287b9532d3d0bd435?s=96&d=mm&r=g","url":"https:\/\/secure.gravatar.com\/avatar\/3a8de04a2656d44082be478bd6c086daa447c4651605818287b9532d3d0bd435?s=96&d=mm&r=g","contentUrl":"https:\/\/secure.gravatar.com\/avatar\/3a8de04a2656d44082be478bd6c086daa447c4651605818287b9532d3d0bd435?s=96&d=mm&r=g","caption":"Lo viste en Los Pol\u00edticos"},"url":"https:\/\/lospoliticosveracruz.com\/?author=2"}]}},"_links":{"self":[{"href":"https:\/\/lospoliticosveracruz.com\/index.php?rest_route=\/wp\/v2\/posts\/45961","targetHints":{"allow":["GET"]}}],"collection":[{"href":"https:\/\/lospoliticosveracruz.com\/index.php?rest_route=\/wp\/v2\/posts"}],"about":[{"href":"https:\/\/lospoliticosveracruz.com\/index.php?rest_route=\/wp\/v2\/types\/post"}],"author":[{"embeddable":true,"href":"https:\/\/lospoliticosveracruz.com\/index.php?rest_route=\/wp\/v2\/users\/2"}],"replies":[{"embeddable":true,"href":"https:\/\/lospoliticosveracruz.com\/index.php?rest_route=%2Fwp%2Fv2%2Fcomments&post=45961"}],"version-history":[{"count":1,"href":"https:\/\/lospoliticosveracruz.com\/index.php?rest_route=\/wp\/v2\/posts\/45961\/revisions"}],"predecessor-version":[{"id":45963,"href":"https:\/\/lospoliticosveracruz.com\/index.php?rest_route=\/wp\/v2\/posts\/45961\/revisions\/45963"}],"wp:attachment":[{"href":"https:\/\/lospoliticosveracruz.com\/index.php?rest_route=%2Fwp%2Fv2%2Fmedia&parent=45961"}],"wp:term":[{"taxonomy":"category","embeddable":true,"href":"https:\/\/lospoliticosveracruz.com\/index.php?rest_route=%2Fwp%2Fv2%2Fcategories&post=45961"},{"taxonomy":"post_tag","embeddable":true,"href":"https:\/\/lospoliticosveracruz.com\/index.php?rest_route=%2Fwp%2Fv2%2Ftags&post=45961"}],"curies":[{"name":"wp","href":"https:\/\/api.w.org\/{rel}","templated":true}]}}