{"id":46018,"date":"2018-12-05T08:16:01","date_gmt":"2018-12-05T14:16:01","guid":{"rendered":"http:\/\/www.lospoliticosveracruz.com.mx\/?p=46018"},"modified":"2018-12-05T14:27:33","modified_gmt":"2018-12-05T20:27:33","slug":"un-atole-de-avena-y-la-liberacion-de-duartistas","status":"publish","type":"post","link":"https:\/\/lospoliticosveracruz.com\/?p=46018","title":{"rendered":"Un atole de avena y la \u00abliberaci\u00f3n\u00bb de Duartistas"},"content":{"rendered":"<p><strong>Jorge Flores Lara<\/strong><\/p>\n<p><em>Coordinador General del Frente Democr\u00e1tico Veracruzano<\/em><\/p>\n<p>&nbsp;<\/p>\n<p>Son las 7 de la ma\u00f1ana y mientras sorbo un atole de avena en Tantoyuca, me entero de la liberaci\u00f3n de Berm\u00fadez Zurita, Audirac, Pancho Valencia, quienes estaban detenidos por delitos que siguen agraviando al pueblo de Veracruz. El argumento; procedieron los amparos por la mala integraci\u00f3n de los expedientes en el proceso que se les siguen.<br \/>\nLas lecturas afloran, de ser cierto el motivo, ser\u00e1 necesario reconocer la vulnerabilidad de la sociedad ante el Sistema Penal Adversarial y Acusatorio, en la exigencia de procuraci\u00f3n de justicia. La otra interpretaci\u00f3n ser\u00eda m\u00e1s tortuosa, dar cr\u00e9dito a las voces que anunciaron un pacto entre Fidel Herrera, Duarte y el actual gobernador d\u00e9 Veracruz, hecho que por s\u00ed solo debe alertarnos en la posible instalaci\u00f3n de una \u00e9poca donde la corrupci\u00f3n y la impunidad signen los tiempos.<br \/>\nEl horror de la inseguridad, la violencia, el narcotr\u00e1fico, el dolor de la pobreza, la desigualdad, la mala calidad de vida, la inmundicia de la corrupci\u00f3n, no son un mito, Veracruz vive las secuelas de tales actos, al grado que de la insatisfacci\u00f3n por lo alcanzado en lo que iba de a\u00f1o y medio del gobierno anterior y en esa acumulaci\u00f3n de hartazgo el pueblo opt\u00f3 por otra v\u00eda, entiendo que la inconformidad al menos en nuestro estado, era porque los resultados se quedaban cortos ante la expectativa, clamaban c\u00e1rcel para Spinoso, Mota, Ben\u00edtez, Alberto Silva, etc. etc. Que devolvieran lo robado, que se hiciera justicia. No, no era un invento el desfiguramiento social, econ\u00f3mico y pol\u00edtico, los testimonios a 5 d\u00edas del nuevo gobierno siguen llenando discursos de denuncias y sentencias. Hoy ante lo acontecido expreso mi enojo, mi tristeza ante la inmensa simulaci\u00f3n. El vaso de atole de avena que termine por consumir me costo diez pesos, \u00bfen cuanto le saldr\u00e1 el que le est\u00e1n recetando al pueblo veracruzano?<\/p>\n<p>&nbsp;<\/p>\n","protected":false},"excerpt":{"rendered":"<p>Jorge Flores Lara Coordinador General del Frente Democr\u00e1tico Veracruzano &nbsp; Son las 7 de la ma\u00f1ana y mientras sorbo un atole de avena en Tantoyuca, me entero de la liberaci\u00f3n de Berm\u00fadez Zurita, Audirac, Pancho Valencia, quienes estaban detenidos por delitos que siguen agraviando al pueblo de Veracruz. El argumento; procedieron los amparos por la [&hellip;]<\/p>\n","protected":false},"author":2,"featured_media":0,"comment_status":"open","ping_status":"open","sticky":false,"template":"","format":"standard","meta":{"tdm_status":"","tdm_grid_status":"","footnotes":""},"categories":[72],"tags":[960,3738,13306,5169,496,1899,752],"class_list":{"0":"post-46018","1":"post","2":"type-post","3":"status-publish","4":"format-standard","6":"category-palomazos","7":"tag-arturo-bermudez-zurita","8":"tag-francisco-valencia-garcia","9":"tag-frente-democratico-veracruzano","10":"tag-jorge-flores-lara","11":"tag-luis-angel-bravo-contreras","12":"tag-mauricio-audirac-murillo","13":"tag-tantoyuca"},"yoast_head":"<!-- This site is optimized with the Yoast SEO plugin v27.4 - https:\/\/yoast.com\/product\/yoast-seo-wordpress\/ -->\n<title>Un atole de avena y la &quot;liberaci\u00f3n&quot; de Duartistas - Los pol\u00edticos Veracruz<\/title>\n<meta name=\"robots\" content=\"index, follow, max-snippet:-1, max-image-preview:large, max-video-preview:-1\" \/>\n<link rel=\"canonical\" href=\"https:\/\/lospoliticosveracruz.com\/?p=46018\" \/>\n<meta property=\"og:locale\" content=\"es_ES\" \/>\n<meta property=\"og:type\" content=\"article\" \/>\n<meta property=\"og:title\" content=\"Un atole de avena y la &quot;liberaci\u00f3n&quot; de Duartistas - Los pol\u00edticos Veracruz\" \/>\n<meta property=\"og:description\" content=\"Jorge Flores Lara Coordinador General del Frente Democr\u00e1tico Veracruzano &nbsp; Son las 7 de la ma\u00f1ana y mientras sorbo un atole de avena en Tantoyuca, me entero de la liberaci\u00f3n de Berm\u00fadez Zurita, Audirac, Pancho Valencia, quienes estaban detenidos por delitos que siguen agraviando al pueblo de Veracruz. El argumento; procedieron los amparos por la [&hellip;]\" \/>\n<meta property=\"og:url\" content=\"https:\/\/lospoliticosveracruz.com\/?p=46018\" \/>\n<meta property=\"og:site_name\" content=\"Los pol\u00edticos Veracruz\" \/>\n<meta property=\"article:publisher\" content=\"https:\/\/www.facebook.com\/people\/Notimemes-de-los-Polticos\/61565672886568\/\" \/>\n<meta property=\"article:published_time\" content=\"2018-12-05T14:16:01+00:00\" \/>\n<meta property=\"article:modified_time\" content=\"2018-12-05T20:27:33+00:00\" \/>\n<meta property=\"og:image\" content=\"https:\/\/lospoliticosveracruz.com\/wp-content\/uploads\/2016\/07\/Logo-Dor.jpg\" \/>\n\t<meta property=\"og:image:width\" content=\"200\" \/>\n\t<meta property=\"og:image:height\" content=\"200\" \/>\n\t<meta property=\"og:image:type\" content=\"image\/jpeg\" \/>\n<meta name=\"author\" content=\"Lo viste en Los Pol\u00edticos\" \/>\n<meta name=\"twitter:card\" content=\"summary_large_image\" \/>\n<meta name=\"twitter:creator\" content=\"@LosPoliticosVer\" \/>\n<meta name=\"twitter:site\" content=\"@LosPoliticosVer\" \/>\n<meta name=\"twitter:label1\" content=\"Escrito por\" \/>\n\t<meta name=\"twitter:data1\" content=\"Lo viste en Los Pol\u00edticos\" \/>\n\t<meta name=\"twitter:label2\" content=\"Tiempo de lectura\" \/>\n\t<meta name=\"twitter:data2\" content=\"2 minutos\" \/>\n<script type=\"application\/ld+json\" class=\"yoast-schema-graph\">{\"@context\":\"https:\\\/\\\/schema.org\",\"@graph\":[{\"@type\":\"Article\",\"@id\":\"https:\\\/\\\/lospoliticosveracruz.com\\\/?p=46018#article\",\"isPartOf\":{\"@id\":\"https:\\\/\\\/lospoliticosveracruz.com\\\/?p=46018\"},\"author\":{\"name\":\"Lo viste en Los Pol\u00edticos\",\"@id\":\"https:\\\/\\\/lospoliticosveracruz.com\\\/#\\\/schema\\\/person\\\/b8702bb0e538456e6efd07080bf2a4a2\"},\"headline\":\"Un atole de avena y la \u00abliberaci\u00f3n\u00bb de Duartistas\",\"datePublished\":\"2018-12-05T14:16:01+00:00\",\"dateModified\":\"2018-12-05T20:27:33+00:00\",\"mainEntityOfPage\":{\"@id\":\"https:\\\/\\\/lospoliticosveracruz.com\\\/?p=46018\"},\"wordCount\":350,\"commentCount\":0,\"publisher\":{\"@id\":\"https:\\\/\\\/lospoliticosveracruz.com\\\/#organization\"},\"keywords\":[\"Arturo Berm\u00fadez Zurita\",\"Francisco Valencia Garc\u00eda\",\"Frente Democr\u00e1tico Veracruzano\",\"Jorge Flores Lara\",\"Luis Angel Bravo Contreras\",\"Mauricio Audirac Murillo\",\"Tantoyuca\"],\"articleSection\":[\"Palomazos\"],\"inLanguage\":\"es\",\"potentialAction\":[{\"@type\":\"CommentAction\",\"name\":\"Comment\",\"target\":[\"https:\\\/\\\/lospoliticosveracruz.com\\\/?p=46018#respond\"]}]},{\"@type\":\"WebPage\",\"@id\":\"https:\\\/\\\/lospoliticosveracruz.com\\\/?p=46018\",\"url\":\"https:\\\/\\\/lospoliticosveracruz.com\\\/?p=46018\",\"name\":\"Un atole de avena y la \\\"liberaci\u00f3n\\\" de Duartistas - Los pol\u00edticos Veracruz\",\"isPartOf\":{\"@id\":\"https:\\\/\\\/lospoliticosveracruz.com\\\/#website\"},\"datePublished\":\"2018-12-05T14:16:01+00:00\",\"dateModified\":\"2018-12-05T20:27:33+00:00\",\"breadcrumb\":{\"@id\":\"https:\\\/\\\/lospoliticosveracruz.com\\\/?p=46018#breadcrumb\"},\"inLanguage\":\"es\",\"potentialAction\":[{\"@type\":\"ReadAction\",\"target\":[\"https:\\\/\\\/lospoliticosveracruz.com\\\/?p=46018\"]}]},{\"@type\":\"BreadcrumbList\",\"@id\":\"https:\\\/\\\/lospoliticosveracruz.com\\\/?p=46018#breadcrumb\",\"itemListElement\":[{\"@type\":\"ListItem\",\"position\":1,\"name\":\"Portada\",\"item\":\"https:\\\/\\\/lospoliticosveracruz.com\\\/\"},{\"@type\":\"ListItem\",\"position\":2,\"name\":\"Un atole de avena y la \u00abliberaci\u00f3n\u00bb de Duartistas\"}]},{\"@type\":\"WebSite\",\"@id\":\"https:\\\/\\\/lospoliticosveracruz.com\\\/#website\",\"url\":\"https:\\\/\\\/lospoliticosveracruz.com\\\/\",\"name\":\"Los pol\u00edticos Veracruz\",\"description\":\"\",\"publisher\":{\"@id\":\"https:\\\/\\\/lospoliticosveracruz.com\\\/#organization\"},\"potentialAction\":[{\"@type\":\"SearchAction\",\"target\":{\"@type\":\"EntryPoint\",\"urlTemplate\":\"https:\\\/\\\/lospoliticosveracruz.com\\\/?s={search_term_string}\"},\"query-input\":{\"@type\":\"PropertyValueSpecification\",\"valueRequired\":true,\"valueName\":\"search_term_string\"}}],\"inLanguage\":\"es\"},{\"@type\":\"Organization\",\"@id\":\"https:\\\/\\\/lospoliticosveracruz.com\\\/#organization\",\"name\":\"Los pol\u00edticos Veracruz\",\"url\":\"https:\\\/\\\/lospoliticosveracruz.com\\\/\",\"logo\":{\"@type\":\"ImageObject\",\"inLanguage\":\"es\",\"@id\":\"https:\\\/\\\/lospoliticosveracruz.com\\\/#\\\/schema\\\/logo\\\/image\\\/\",\"url\":\"https:\\\/\\\/lospoliticosveracruz.com\\\/wp-content\\\/uploads\\\/2025\\\/12\\\/Logo-Nuevo-LOS-POLITICOS-1.jpg\",\"contentUrl\":\"https:\\\/\\\/lospoliticosveracruz.com\\\/wp-content\\\/uploads\\\/2025\\\/12\\\/Logo-Nuevo-LOS-POLITICOS-1.jpg\",\"width\":260,\"height\":70,\"caption\":\"Los pol\u00edticos Veracruz\"},\"image\":{\"@id\":\"https:\\\/\\\/lospoliticosveracruz.com\\\/#\\\/schema\\\/logo\\\/image\\\/\"},\"sameAs\":[\"https:\\\/\\\/www.facebook.com\\\/people\\\/Notimemes-de-los-Polticos\\\/61565672886568\\\/\",\"https:\\\/\\\/x.com\\\/LosPoliticosVer\"]},{\"@type\":\"Person\",\"@id\":\"https:\\\/\\\/lospoliticosveracruz.com\\\/#\\\/schema\\\/person\\\/b8702bb0e538456e6efd07080bf2a4a2\",\"name\":\"Lo viste en Los Pol\u00edticos\",\"image\":{\"@type\":\"ImageObject\",\"inLanguage\":\"es\",\"@id\":\"https:\\\/\\\/secure.gravatar.com\\\/avatar\\\/3a8de04a2656d44082be478bd6c086daa447c4651605818287b9532d3d0bd435?s=96&d=mm&r=g\",\"url\":\"https:\\\/\\\/secure.gravatar.com\\\/avatar\\\/3a8de04a2656d44082be478bd6c086daa447c4651605818287b9532d3d0bd435?s=96&d=mm&r=g\",\"contentUrl\":\"https:\\\/\\\/secure.gravatar.com\\\/avatar\\\/3a8de04a2656d44082be478bd6c086daa447c4651605818287b9532d3d0bd435?s=96&d=mm&r=g\",\"caption\":\"Lo viste en Los Pol\u00edticos\"},\"url\":\"https:\\\/\\\/lospoliticosveracruz.com\\\/?author=2\"}]}<\/script>\n<!-- \/ Yoast SEO plugin. -->","yoast_head_json":{"title":"Un atole de avena y la \"liberaci\u00f3n\" de Duartistas - Los pol\u00edticos Veracruz","robots":{"index":"index","follow":"follow","max-snippet":"max-snippet:-1","max-image-preview":"max-image-preview:large","max-video-preview":"max-video-preview:-1"},"canonical":"https:\/\/lospoliticosveracruz.com\/?p=46018","og_locale":"es_ES","og_type":"article","og_title":"Un atole de avena y la \"liberaci\u00f3n\" de Duartistas - Los pol\u00edticos Veracruz","og_description":"Jorge Flores Lara Coordinador General del Frente Democr\u00e1tico Veracruzano &nbsp; Son las 7 de la ma\u00f1ana y mientras sorbo un atole de avena en Tantoyuca, me entero de la liberaci\u00f3n de Berm\u00fadez Zurita, Audirac, Pancho Valencia, quienes estaban detenidos por delitos que siguen agraviando al pueblo de Veracruz. El argumento; procedieron los amparos por la [&hellip;]","og_url":"https:\/\/lospoliticosveracruz.com\/?p=46018","og_site_name":"Los pol\u00edticos Veracruz","article_publisher":"https:\/\/www.facebook.com\/people\/Notimemes-de-los-Polticos\/61565672886568\/","article_published_time":"2018-12-05T14:16:01+00:00","article_modified_time":"2018-12-05T20:27:33+00:00","og_image":[{"width":200,"height":200,"url":"https:\/\/lospoliticosveracruz.com\/wp-content\/uploads\/2016\/07\/Logo-Dor.jpg","type":"image\/jpeg"}],"author":"Lo viste en Los Pol\u00edticos","twitter_card":"summary_large_image","twitter_creator":"@LosPoliticosVer","twitter_site":"@LosPoliticosVer","twitter_misc":{"Escrito por":"Lo viste en Los Pol\u00edticos","Tiempo de lectura":"2 minutos"},"schema":{"@context":"https:\/\/schema.org","@graph":[{"@type":"Article","@id":"https:\/\/lospoliticosveracruz.com\/?p=46018#article","isPartOf":{"@id":"https:\/\/lospoliticosveracruz.com\/?p=46018"},"author":{"name":"Lo viste en Los Pol\u00edticos","@id":"https:\/\/lospoliticosveracruz.com\/#\/schema\/person\/b8702bb0e538456e6efd07080bf2a4a2"},"headline":"Un atole de avena y la \u00abliberaci\u00f3n\u00bb de Duartistas","datePublished":"2018-12-05T14:16:01+00:00","dateModified":"2018-12-05T20:27:33+00:00","mainEntityOfPage":{"@id":"https:\/\/lospoliticosveracruz.com\/?p=46018"},"wordCount":350,"commentCount":0,"publisher":{"@id":"https:\/\/lospoliticosveracruz.com\/#organization"},"keywords":["Arturo Berm\u00fadez Zurita","Francisco Valencia Garc\u00eda","Frente Democr\u00e1tico Veracruzano","Jorge Flores Lara","Luis Angel Bravo Contreras","Mauricio Audirac Murillo","Tantoyuca"],"articleSection":["Palomazos"],"inLanguage":"es","potentialAction":[{"@type":"CommentAction","name":"Comment","target":["https:\/\/lospoliticosveracruz.com\/?p=46018#respond"]}]},{"@type":"WebPage","@id":"https:\/\/lospoliticosveracruz.com\/?p=46018","url":"https:\/\/lospoliticosveracruz.com\/?p=46018","name":"Un atole de avena y la \"liberaci\u00f3n\" de Duartistas - Los pol\u00edticos Veracruz","isPartOf":{"@id":"https:\/\/lospoliticosveracruz.com\/#website"},"datePublished":"2018-12-05T14:16:01+00:00","dateModified":"2018-12-05T20:27:33+00:00","breadcrumb":{"@id":"https:\/\/lospoliticosveracruz.com\/?p=46018#breadcrumb"},"inLanguage":"es","potentialAction":[{"@type":"ReadAction","target":["https:\/\/lospoliticosveracruz.com\/?p=46018"]}]},{"@type":"BreadcrumbList","@id":"https:\/\/lospoliticosveracruz.com\/?p=46018#breadcrumb","itemListElement":[{"@type":"ListItem","position":1,"name":"Portada","item":"https:\/\/lospoliticosveracruz.com\/"},{"@type":"ListItem","position":2,"name":"Un atole de avena y la \u00abliberaci\u00f3n\u00bb de Duartistas"}]},{"@type":"WebSite","@id":"https:\/\/lospoliticosveracruz.com\/#website","url":"https:\/\/lospoliticosveracruz.com\/","name":"Los pol\u00edticos Veracruz","description":"","publisher":{"@id":"https:\/\/lospoliticosveracruz.com\/#organization"},"potentialAction":[{"@type":"SearchAction","target":{"@type":"EntryPoint","urlTemplate":"https:\/\/lospoliticosveracruz.com\/?s={search_term_string}"},"query-input":{"@type":"PropertyValueSpecification","valueRequired":true,"valueName":"search_term_string"}}],"inLanguage":"es"},{"@type":"Organization","@id":"https:\/\/lospoliticosveracruz.com\/#organization","name":"Los pol\u00edticos Veracruz","url":"https:\/\/lospoliticosveracruz.com\/","logo":{"@type":"ImageObject","inLanguage":"es","@id":"https:\/\/lospoliticosveracruz.com\/#\/schema\/logo\/image\/","url":"https:\/\/lospoliticosveracruz.com\/wp-content\/uploads\/2025\/12\/Logo-Nuevo-LOS-POLITICOS-1.jpg","contentUrl":"https:\/\/lospoliticosveracruz.com\/wp-content\/uploads\/2025\/12\/Logo-Nuevo-LOS-POLITICOS-1.jpg","width":260,"height":70,"caption":"Los pol\u00edticos Veracruz"},"image":{"@id":"https:\/\/lospoliticosveracruz.com\/#\/schema\/logo\/image\/"},"sameAs":["https:\/\/www.facebook.com\/people\/Notimemes-de-los-Polticos\/61565672886568\/","https:\/\/x.com\/LosPoliticosVer"]},{"@type":"Person","@id":"https:\/\/lospoliticosveracruz.com\/#\/schema\/person\/b8702bb0e538456e6efd07080bf2a4a2","name":"Lo viste en Los Pol\u00edticos","image":{"@type":"ImageObject","inLanguage":"es","@id":"https:\/\/secure.gravatar.com\/avatar\/3a8de04a2656d44082be478bd6c086daa447c4651605818287b9532d3d0bd435?s=96&d=mm&r=g","url":"https:\/\/secure.gravatar.com\/avatar\/3a8de04a2656d44082be478bd6c086daa447c4651605818287b9532d3d0bd435?s=96&d=mm&r=g","contentUrl":"https:\/\/secure.gravatar.com\/avatar\/3a8de04a2656d44082be478bd6c086daa447c4651605818287b9532d3d0bd435?s=96&d=mm&r=g","caption":"Lo viste en Los Pol\u00edticos"},"url":"https:\/\/lospoliticosveracruz.com\/?author=2"}]}},"_links":{"self":[{"href":"https:\/\/lospoliticosveracruz.com\/index.php?rest_route=\/wp\/v2\/posts\/46018","targetHints":{"allow":["GET"]}}],"collection":[{"href":"https:\/\/lospoliticosveracruz.com\/index.php?rest_route=\/wp\/v2\/posts"}],"about":[{"href":"https:\/\/lospoliticosveracruz.com\/index.php?rest_route=\/wp\/v2\/types\/post"}],"author":[{"embeddable":true,"href":"https:\/\/lospoliticosveracruz.com\/index.php?rest_route=\/wp\/v2\/users\/2"}],"replies":[{"embeddable":true,"href":"https:\/\/lospoliticosveracruz.com\/index.php?rest_route=%2Fwp%2Fv2%2Fcomments&post=46018"}],"version-history":[{"count":2,"href":"https:\/\/lospoliticosveracruz.com\/index.php?rest_route=\/wp\/v2\/posts\/46018\/revisions"}],"predecessor-version":[{"id":46031,"href":"https:\/\/lospoliticosveracruz.com\/index.php?rest_route=\/wp\/v2\/posts\/46018\/revisions\/46031"}],"wp:attachment":[{"href":"https:\/\/lospoliticosveracruz.com\/index.php?rest_route=%2Fwp%2Fv2%2Fmedia&parent=46018"}],"wp:term":[{"taxonomy":"category","embeddable":true,"href":"https:\/\/lospoliticosveracruz.com\/index.php?rest_route=%2Fwp%2Fv2%2Fcategories&post=46018"},{"taxonomy":"post_tag","embeddable":true,"href":"https:\/\/lospoliticosveracruz.com\/index.php?rest_route=%2Fwp%2Fv2%2Ftags&post=46018"}],"curies":[{"name":"wp","href":"https:\/\/api.w.org\/{rel}","templated":true}]}}