{"id":46032,"date":"2018-12-05T15:11:57","date_gmt":"2018-12-05T21:11:57","guid":{"rendered":"http:\/\/www.lospoliticosveracruz.com.mx\/?p=46032"},"modified":"2018-12-05T15:11:57","modified_gmt":"2018-12-05T21:11:57","slug":"jovenes-el-70-de-nuestros-fieles-la-luz-del-mundo","status":"publish","type":"post","link":"https:\/\/lospoliticosveracruz.com\/?p=46032","title":{"rendered":"J\u00f3venes, el 70% de nuestros fieles: La Luz del Mundo"},"content":{"rendered":"<p>De los 1.8 millones de fieles que tiene La Luz del Mundo en M\u00e9xico, alrededor del 70% son j\u00f3venes, menores a 35 a\u00f1os, lo que ha permitido a la Iglesia prevenirlos de los vicios y ser un agente real de cambio, se\u00f1al\u00f3 el pastor Eliezer Guti\u00e9rrez Avelar, Ministro de Comunicaci\u00f3n Social de la organizaci\u00f3n.<\/p>\n<p>En rueda de prensa celebrada en la Ciudad de M\u00e9xico, Eliezer Guti\u00e9rrez destac\u00f3 el crecimiento que ha tenido este a\u00f1o la iglesia, bajo la direcci\u00f3n del Ap\u00f3stol de Jesucristo Naas\u00f3n Joaqu\u00edn Garc\u00eda y dio a conocer que 70 mil j\u00f3venes fueron enviados a 50 pa\u00edses y 400 municipios de M\u00e9xico el pasado mes de noviembre.<\/p>\n<p>Destac\u00f3 que para lograrlo, se realizaron grandes concentraciones de j\u00f3venes misioneros: en Centro Am\u00e9rica, en el pa\u00eds de el Salvador el 9 de septiembre con 20 mil j\u00f3venes; en Sudam\u00e9rica, en Medell\u00edn, Colombia, con 15 mil j\u00f3venes, el 7 de octubre; en el Ecosantuario de Amozoc, en el Estado de Puebla, con 25 mil j\u00f3venes el 7 de octubre, y en la Uni\u00f3n Americana en el Estado de Texas, con 5 mil j\u00f3venes, el pasado 14 de octubre.<\/p>\n<p>Entre los pa\u00edses a los que fueron enviados destacan Sud\u00e1frica, Mozambique y Guinea Ecuatorial en \u00c1frica, as\u00ed como a Europa en pa\u00edses como Alemania, Rusia, Espa\u00f1a.<\/p>\n<p>Se\u00f1al\u00f3 que desde hace dos a\u00f1os, de la misma manera fueron enviados 12 mil se\u00f1oritas y j\u00f3venes como misioneros, para predicar y anunciar el evangelio de Jesucristo, logrando nuevas misiones. Cit\u00f3 como ejemplos, los pa\u00edses de\u00a0 Rusia estableci\u00e9ndose en la Ciudad de Mosc\u00fa, as\u00ed como en B\u00e9lgica, en la Ciudad de Bruselas. Tambi\u00e9n en el medio oriente en el pa\u00eds Israel en la localidad de Nazaret.<\/p>\n<p>Por otro lado, el portavoz de la Iglesia, Silem Garc\u00eda Pe\u00f1a, mencion\u00f3 que en d\u00edas recientes concluy\u00f3 la d\u00e9cima cuarta etapa de la gira universal del Ap\u00f3stol Naas\u00f3n Joaqu\u00edn, que abarc\u00f3 los estados de Nuevo Le\u00f3n, Coahuila, Chihuahua, Sonora, Baja California Norte y Baja California Sur, donde llev\u00f3 a cabo reuniones multitudinarias en los principales centros de convenciones de sus capitales. Dentro de su mensaje motiv\u00f3 a los fieles a ser mejores cristianos y ciudadanos en un marco de respeto a los derechos humanos y valores universales.<\/p>\n<p>El vocero mencion\u00f3 que el trabajo que hace la Asociaci\u00f3n Religiosa, da como resultado una cultura de paz y respeto, a la dignidad ontol\u00f3gica del ser humano, as\u00ed como una trasformaci\u00f3n de la vida de las personas que reciben el Evangelio de Jesucristo, y por ende abona en la construcci\u00f3n de una sociedad con valores y principios \u00e9ticos, que influyen en su forma de pensar, sentir y actuar, que le permite el desarrollo saludable. Es decir, logrando una mejor calidad de vida.<\/p>\n<p>Finalmente, el portavoz se\u00f1al\u00f3 que la iglesia es respetuosa de los gobiernos y de las leyes que de ella emanen. Enfatiz\u00f3 que desde su \u00e1mbito institucional y el respeto al Estado Laico la iglesia trabaja de manera permanente en los 58 pa\u00edses donde tiene actualmente presencia, generando un cambio de paradigma en la forma de vivir de las personas, y una alternativa que se alza para la sociedad, en un momento que estamos viviendo de ausencia de valores que trae como consecuencia inseguridad, delincuencia, desintegraci\u00f3n familiar, falta de oportunidades en desarrollo integral, pero que con los valores del Evangelio es posible revertirlo.<\/p>\n<p><a href=\"http:\/\/www.lospoliticosveracruz.com.mx\/wp-content\/uploads\/2018\/12\/Silem-2.jpeg\"><img loading=\"lazy\" decoding=\"async\" class=\"aligncenter size-full wp-image-46033\" src=\"http:\/\/www.lospoliticosveracruz.com.mx\/wp-content\/uploads\/2018\/12\/Silem-2.jpeg\" alt=\"Silem 2\" width=\"600\" height=\"364\" \/><\/a><\/p>\n","protected":false},"excerpt":{"rendered":"<p>De los 1.8 millones de fieles que tiene La Luz del Mundo en M\u00e9xico, alrededor del 70% son j\u00f3venes, menores a 35 a\u00f1os, lo que ha permitido a la Iglesia prevenirlos de los vicios y ser un agente real de cambio, se\u00f1al\u00f3 el pastor Eliezer Guti\u00e9rrez Avelar, Ministro de Comunicaci\u00f3n Social de la organizaci\u00f3n. En [&hellip;]<\/p>\n","protected":false},"author":2,"featured_media":0,"comment_status":"open","ping_status":"open","sticky":false,"template":"","format":"standard","meta":{"tdm_status":"","tdm_grid_status":"","footnotes":""},"categories":[6446],"tags":[3795,13314,13316,319,13315,4794,3141,248],"class_list":{"0":"post-46032","1":"post","2":"type-post","3":"status-publish","4":"format-standard","6":"category-la-nota","7":"tag-ciudad-de-mexico","8":"tag-eliezer-gutierrez-avelar","9":"tag-evangelio-de-jesucristo","10":"tag-iglesia","11":"tag-jovenes-misioneros","12":"tag-la-luz-del-mundo","13":"tag-naason-joaquin-garcia","14":"tag-silem-garcia-pena"},"yoast_head":"<!-- This site is optimized with the Yoast SEO plugin v27.4 - https:\/\/yoast.com\/product\/yoast-seo-wordpress\/ -->\n<title>J\u00f3venes, el 70% de nuestros fieles: La Luz del Mundo - Los pol\u00edticos Veracruz<\/title>\n<meta name=\"robots\" content=\"index, follow, max-snippet:-1, max-image-preview:large, max-video-preview:-1\" \/>\n<link rel=\"canonical\" href=\"https:\/\/lospoliticosveracruz.com\/?p=46032\" \/>\n<meta property=\"og:locale\" content=\"es_ES\" \/>\n<meta property=\"og:type\" content=\"article\" \/>\n<meta property=\"og:title\" content=\"J\u00f3venes, el 70% de nuestros fieles: La Luz del Mundo - Los pol\u00edticos Veracruz\" \/>\n<meta property=\"og:description\" content=\"De los 1.8 millones de fieles que tiene La Luz del Mundo en M\u00e9xico, alrededor del 70% son j\u00f3venes, menores a 35 a\u00f1os, lo que ha permitido a la Iglesia prevenirlos de los vicios y ser un agente real de cambio, se\u00f1al\u00f3 el pastor Eliezer Guti\u00e9rrez Avelar, Ministro de Comunicaci\u00f3n Social de la organizaci\u00f3n. En [&hellip;]\" \/>\n<meta property=\"og:url\" content=\"https:\/\/lospoliticosveracruz.com\/?p=46032\" \/>\n<meta property=\"og:site_name\" content=\"Los pol\u00edticos Veracruz\" \/>\n<meta property=\"article:publisher\" content=\"https:\/\/www.facebook.com\/people\/Notimemes-de-los-Polticos\/61565672886568\/\" \/>\n<meta property=\"article:published_time\" content=\"2018-12-05T21:11:57+00:00\" \/>\n<meta property=\"og:image\" content=\"http:\/\/www.lospoliticosveracruz.com.mx\/wp-content\/uploads\/2018\/12\/Silem-2.jpeg\" \/>\n<meta name=\"author\" content=\"Lo viste en Los Pol\u00edticos\" \/>\n<meta name=\"twitter:card\" content=\"summary_large_image\" \/>\n<meta name=\"twitter:creator\" content=\"@LosPoliticosVer\" \/>\n<meta name=\"twitter:site\" content=\"@LosPoliticosVer\" \/>\n<meta name=\"twitter:label1\" content=\"Escrito por\" \/>\n\t<meta name=\"twitter:data1\" content=\"Lo viste en Los Pol\u00edticos\" \/>\n\t<meta name=\"twitter:label2\" content=\"Tiempo de lectura\" \/>\n\t<meta name=\"twitter:data2\" content=\"3 minutos\" \/>\n<script type=\"application\/ld+json\" class=\"yoast-schema-graph\">{\"@context\":\"https:\\\/\\\/schema.org\",\"@graph\":[{\"@type\":\"Article\",\"@id\":\"https:\\\/\\\/lospoliticosveracruz.com\\\/?p=46032#article\",\"isPartOf\":{\"@id\":\"https:\\\/\\\/lospoliticosveracruz.com\\\/?p=46032\"},\"author\":{\"name\":\"Lo viste en Los Pol\u00edticos\",\"@id\":\"https:\\\/\\\/lospoliticosveracruz.com\\\/#\\\/schema\\\/person\\\/b8702bb0e538456e6efd07080bf2a4a2\"},\"headline\":\"J\u00f3venes, el 70% de nuestros fieles: La Luz del Mundo\",\"datePublished\":\"2018-12-05T21:11:57+00:00\",\"mainEntityOfPage\":{\"@id\":\"https:\\\/\\\/lospoliticosveracruz.com\\\/?p=46032\"},\"wordCount\":600,\"commentCount\":0,\"publisher\":{\"@id\":\"https:\\\/\\\/lospoliticosveracruz.com\\\/#organization\"},\"image\":{\"@id\":\"https:\\\/\\\/lospoliticosveracruz.com\\\/?p=46032#primaryimage\"},\"thumbnailUrl\":\"http:\\\/\\\/www.lospoliticosveracruz.com.mx\\\/wp-content\\\/uploads\\\/2018\\\/12\\\/Silem-2.jpeg\",\"keywords\":[\"Ciudad de M\u00e9xico\",\"Eliezer Guti\u00e9rrez Avelar\",\"evangelio de Jesucristo\",\"Iglesia\",\"j\u00f3venes misioneros\",\"La Luz del Mundo\",\"Naas\u00f3n Joaqu\u00edn Garc\u00eda\",\"Silem Garc\u00eda Pe\u00f1a\"],\"articleSection\":[\"La Nota\"],\"inLanguage\":\"es\",\"potentialAction\":[{\"@type\":\"CommentAction\",\"name\":\"Comment\",\"target\":[\"https:\\\/\\\/lospoliticosveracruz.com\\\/?p=46032#respond\"]}]},{\"@type\":\"WebPage\",\"@id\":\"https:\\\/\\\/lospoliticosveracruz.com\\\/?p=46032\",\"url\":\"https:\\\/\\\/lospoliticosveracruz.com\\\/?p=46032\",\"name\":\"J\u00f3venes, el 70% de nuestros fieles: La Luz del Mundo - Los pol\u00edticos Veracruz\",\"isPartOf\":{\"@id\":\"https:\\\/\\\/lospoliticosveracruz.com\\\/#website\"},\"primaryImageOfPage\":{\"@id\":\"https:\\\/\\\/lospoliticosveracruz.com\\\/?p=46032#primaryimage\"},\"image\":{\"@id\":\"https:\\\/\\\/lospoliticosveracruz.com\\\/?p=46032#primaryimage\"},\"thumbnailUrl\":\"http:\\\/\\\/www.lospoliticosveracruz.com.mx\\\/wp-content\\\/uploads\\\/2018\\\/12\\\/Silem-2.jpeg\",\"datePublished\":\"2018-12-05T21:11:57+00:00\",\"breadcrumb\":{\"@id\":\"https:\\\/\\\/lospoliticosveracruz.com\\\/?p=46032#breadcrumb\"},\"inLanguage\":\"es\",\"potentialAction\":[{\"@type\":\"ReadAction\",\"target\":[\"https:\\\/\\\/lospoliticosveracruz.com\\\/?p=46032\"]}]},{\"@type\":\"ImageObject\",\"inLanguage\":\"es\",\"@id\":\"https:\\\/\\\/lospoliticosveracruz.com\\\/?p=46032#primaryimage\",\"url\":\"http:\\\/\\\/www.lospoliticosveracruz.com.mx\\\/wp-content\\\/uploads\\\/2018\\\/12\\\/Silem-2.jpeg\",\"contentUrl\":\"http:\\\/\\\/www.lospoliticosveracruz.com.mx\\\/wp-content\\\/uploads\\\/2018\\\/12\\\/Silem-2.jpeg\"},{\"@type\":\"BreadcrumbList\",\"@id\":\"https:\\\/\\\/lospoliticosveracruz.com\\\/?p=46032#breadcrumb\",\"itemListElement\":[{\"@type\":\"ListItem\",\"position\":1,\"name\":\"Portada\",\"item\":\"https:\\\/\\\/lospoliticosveracruz.com\\\/\"},{\"@type\":\"ListItem\",\"position\":2,\"name\":\"J\u00f3venes, el 70% de nuestros fieles: La Luz del Mundo\"}]},{\"@type\":\"WebSite\",\"@id\":\"https:\\\/\\\/lospoliticosveracruz.com\\\/#website\",\"url\":\"https:\\\/\\\/lospoliticosveracruz.com\\\/\",\"name\":\"Los pol\u00edticos Veracruz\",\"description\":\"\",\"publisher\":{\"@id\":\"https:\\\/\\\/lospoliticosveracruz.com\\\/#organization\"},\"potentialAction\":[{\"@type\":\"SearchAction\",\"target\":{\"@type\":\"EntryPoint\",\"urlTemplate\":\"https:\\\/\\\/lospoliticosveracruz.com\\\/?s={search_term_string}\"},\"query-input\":{\"@type\":\"PropertyValueSpecification\",\"valueRequired\":true,\"valueName\":\"search_term_string\"}}],\"inLanguage\":\"es\"},{\"@type\":\"Organization\",\"@id\":\"https:\\\/\\\/lospoliticosveracruz.com\\\/#organization\",\"name\":\"Los pol\u00edticos Veracruz\",\"url\":\"https:\\\/\\\/lospoliticosveracruz.com\\\/\",\"logo\":{\"@type\":\"ImageObject\",\"inLanguage\":\"es\",\"@id\":\"https:\\\/\\\/lospoliticosveracruz.com\\\/#\\\/schema\\\/logo\\\/image\\\/\",\"url\":\"https:\\\/\\\/lospoliticosveracruz.com\\\/wp-content\\\/uploads\\\/2025\\\/12\\\/Logo-Nuevo-LOS-POLITICOS-1.jpg\",\"contentUrl\":\"https:\\\/\\\/lospoliticosveracruz.com\\\/wp-content\\\/uploads\\\/2025\\\/12\\\/Logo-Nuevo-LOS-POLITICOS-1.jpg\",\"width\":260,\"height\":70,\"caption\":\"Los pol\u00edticos Veracruz\"},\"image\":{\"@id\":\"https:\\\/\\\/lospoliticosveracruz.com\\\/#\\\/schema\\\/logo\\\/image\\\/\"},\"sameAs\":[\"https:\\\/\\\/www.facebook.com\\\/people\\\/Notimemes-de-los-Polticos\\\/61565672886568\\\/\",\"https:\\\/\\\/x.com\\\/LosPoliticosVer\"]},{\"@type\":\"Person\",\"@id\":\"https:\\\/\\\/lospoliticosveracruz.com\\\/#\\\/schema\\\/person\\\/b8702bb0e538456e6efd07080bf2a4a2\",\"name\":\"Lo viste en Los Pol\u00edticos\",\"image\":{\"@type\":\"ImageObject\",\"inLanguage\":\"es\",\"@id\":\"https:\\\/\\\/secure.gravatar.com\\\/avatar\\\/3a8de04a2656d44082be478bd6c086daa447c4651605818287b9532d3d0bd435?s=96&d=mm&r=g\",\"url\":\"https:\\\/\\\/secure.gravatar.com\\\/avatar\\\/3a8de04a2656d44082be478bd6c086daa447c4651605818287b9532d3d0bd435?s=96&d=mm&r=g\",\"contentUrl\":\"https:\\\/\\\/secure.gravatar.com\\\/avatar\\\/3a8de04a2656d44082be478bd6c086daa447c4651605818287b9532d3d0bd435?s=96&d=mm&r=g\",\"caption\":\"Lo viste en Los Pol\u00edticos\"},\"url\":\"https:\\\/\\\/lospoliticosveracruz.com\\\/?author=2\"}]}<\/script>\n<!-- \/ Yoast SEO plugin. -->","yoast_head_json":{"title":"J\u00f3venes, el 70% de nuestros fieles: La Luz del Mundo - Los pol\u00edticos Veracruz","robots":{"index":"index","follow":"follow","max-snippet":"max-snippet:-1","max-image-preview":"max-image-preview:large","max-video-preview":"max-video-preview:-1"},"canonical":"https:\/\/lospoliticosveracruz.com\/?p=46032","og_locale":"es_ES","og_type":"article","og_title":"J\u00f3venes, el 70% de nuestros fieles: La Luz del Mundo - Los pol\u00edticos Veracruz","og_description":"De los 1.8 millones de fieles que tiene La Luz del Mundo en M\u00e9xico, alrededor del 70% son j\u00f3venes, menores a 35 a\u00f1os, lo que ha permitido a la Iglesia prevenirlos de los vicios y ser un agente real de cambio, se\u00f1al\u00f3 el pastor Eliezer Guti\u00e9rrez Avelar, Ministro de Comunicaci\u00f3n Social de la organizaci\u00f3n. En [&hellip;]","og_url":"https:\/\/lospoliticosveracruz.com\/?p=46032","og_site_name":"Los pol\u00edticos Veracruz","article_publisher":"https:\/\/www.facebook.com\/people\/Notimemes-de-los-Polticos\/61565672886568\/","article_published_time":"2018-12-05T21:11:57+00:00","og_image":[{"url":"http:\/\/www.lospoliticosveracruz.com.mx\/wp-content\/uploads\/2018\/12\/Silem-2.jpeg","type":"","width":"","height":""}],"author":"Lo viste en Los Pol\u00edticos","twitter_card":"summary_large_image","twitter_creator":"@LosPoliticosVer","twitter_site":"@LosPoliticosVer","twitter_misc":{"Escrito por":"Lo viste en Los Pol\u00edticos","Tiempo de lectura":"3 minutos"},"schema":{"@context":"https:\/\/schema.org","@graph":[{"@type":"Article","@id":"https:\/\/lospoliticosveracruz.com\/?p=46032#article","isPartOf":{"@id":"https:\/\/lospoliticosveracruz.com\/?p=46032"},"author":{"name":"Lo viste en Los Pol\u00edticos","@id":"https:\/\/lospoliticosveracruz.com\/#\/schema\/person\/b8702bb0e538456e6efd07080bf2a4a2"},"headline":"J\u00f3venes, el 70% de nuestros fieles: La Luz del Mundo","datePublished":"2018-12-05T21:11:57+00:00","mainEntityOfPage":{"@id":"https:\/\/lospoliticosveracruz.com\/?p=46032"},"wordCount":600,"commentCount":0,"publisher":{"@id":"https:\/\/lospoliticosveracruz.com\/#organization"},"image":{"@id":"https:\/\/lospoliticosveracruz.com\/?p=46032#primaryimage"},"thumbnailUrl":"http:\/\/www.lospoliticosveracruz.com.mx\/wp-content\/uploads\/2018\/12\/Silem-2.jpeg","keywords":["Ciudad de M\u00e9xico","Eliezer Guti\u00e9rrez Avelar","evangelio de Jesucristo","Iglesia","j\u00f3venes misioneros","La Luz del Mundo","Naas\u00f3n Joaqu\u00edn Garc\u00eda","Silem Garc\u00eda Pe\u00f1a"],"articleSection":["La Nota"],"inLanguage":"es","potentialAction":[{"@type":"CommentAction","name":"Comment","target":["https:\/\/lospoliticosveracruz.com\/?p=46032#respond"]}]},{"@type":"WebPage","@id":"https:\/\/lospoliticosveracruz.com\/?p=46032","url":"https:\/\/lospoliticosveracruz.com\/?p=46032","name":"J\u00f3venes, el 70% de nuestros fieles: La Luz del Mundo - Los pol\u00edticos Veracruz","isPartOf":{"@id":"https:\/\/lospoliticosveracruz.com\/#website"},"primaryImageOfPage":{"@id":"https:\/\/lospoliticosveracruz.com\/?p=46032#primaryimage"},"image":{"@id":"https:\/\/lospoliticosveracruz.com\/?p=46032#primaryimage"},"thumbnailUrl":"http:\/\/www.lospoliticosveracruz.com.mx\/wp-content\/uploads\/2018\/12\/Silem-2.jpeg","datePublished":"2018-12-05T21:11:57+00:00","breadcrumb":{"@id":"https:\/\/lospoliticosveracruz.com\/?p=46032#breadcrumb"},"inLanguage":"es","potentialAction":[{"@type":"ReadAction","target":["https:\/\/lospoliticosveracruz.com\/?p=46032"]}]},{"@type":"ImageObject","inLanguage":"es","@id":"https:\/\/lospoliticosveracruz.com\/?p=46032#primaryimage","url":"http:\/\/www.lospoliticosveracruz.com.mx\/wp-content\/uploads\/2018\/12\/Silem-2.jpeg","contentUrl":"http:\/\/www.lospoliticosveracruz.com.mx\/wp-content\/uploads\/2018\/12\/Silem-2.jpeg"},{"@type":"BreadcrumbList","@id":"https:\/\/lospoliticosveracruz.com\/?p=46032#breadcrumb","itemListElement":[{"@type":"ListItem","position":1,"name":"Portada","item":"https:\/\/lospoliticosveracruz.com\/"},{"@type":"ListItem","position":2,"name":"J\u00f3venes, el 70% de nuestros fieles: La Luz del Mundo"}]},{"@type":"WebSite","@id":"https:\/\/lospoliticosveracruz.com\/#website","url":"https:\/\/lospoliticosveracruz.com\/","name":"Los pol\u00edticos Veracruz","description":"","publisher":{"@id":"https:\/\/lospoliticosveracruz.com\/#organization"},"potentialAction":[{"@type":"SearchAction","target":{"@type":"EntryPoint","urlTemplate":"https:\/\/lospoliticosveracruz.com\/?s={search_term_string}"},"query-input":{"@type":"PropertyValueSpecification","valueRequired":true,"valueName":"search_term_string"}}],"inLanguage":"es"},{"@type":"Organization","@id":"https:\/\/lospoliticosveracruz.com\/#organization","name":"Los pol\u00edticos Veracruz","url":"https:\/\/lospoliticosveracruz.com\/","logo":{"@type":"ImageObject","inLanguage":"es","@id":"https:\/\/lospoliticosveracruz.com\/#\/schema\/logo\/image\/","url":"https:\/\/lospoliticosveracruz.com\/wp-content\/uploads\/2025\/12\/Logo-Nuevo-LOS-POLITICOS-1.jpg","contentUrl":"https:\/\/lospoliticosveracruz.com\/wp-content\/uploads\/2025\/12\/Logo-Nuevo-LOS-POLITICOS-1.jpg","width":260,"height":70,"caption":"Los pol\u00edticos Veracruz"},"image":{"@id":"https:\/\/lospoliticosveracruz.com\/#\/schema\/logo\/image\/"},"sameAs":["https:\/\/www.facebook.com\/people\/Notimemes-de-los-Polticos\/61565672886568\/","https:\/\/x.com\/LosPoliticosVer"]},{"@type":"Person","@id":"https:\/\/lospoliticosveracruz.com\/#\/schema\/person\/b8702bb0e538456e6efd07080bf2a4a2","name":"Lo viste en Los Pol\u00edticos","image":{"@type":"ImageObject","inLanguage":"es","@id":"https:\/\/secure.gravatar.com\/avatar\/3a8de04a2656d44082be478bd6c086daa447c4651605818287b9532d3d0bd435?s=96&d=mm&r=g","url":"https:\/\/secure.gravatar.com\/avatar\/3a8de04a2656d44082be478bd6c086daa447c4651605818287b9532d3d0bd435?s=96&d=mm&r=g","contentUrl":"https:\/\/secure.gravatar.com\/avatar\/3a8de04a2656d44082be478bd6c086daa447c4651605818287b9532d3d0bd435?s=96&d=mm&r=g","caption":"Lo viste en Los Pol\u00edticos"},"url":"https:\/\/lospoliticosveracruz.com\/?author=2"}]}},"_links":{"self":[{"href":"https:\/\/lospoliticosveracruz.com\/index.php?rest_route=\/wp\/v2\/posts\/46032","targetHints":{"allow":["GET"]}}],"collection":[{"href":"https:\/\/lospoliticosveracruz.com\/index.php?rest_route=\/wp\/v2\/posts"}],"about":[{"href":"https:\/\/lospoliticosveracruz.com\/index.php?rest_route=\/wp\/v2\/types\/post"}],"author":[{"embeddable":true,"href":"https:\/\/lospoliticosveracruz.com\/index.php?rest_route=\/wp\/v2\/users\/2"}],"replies":[{"embeddable":true,"href":"https:\/\/lospoliticosveracruz.com\/index.php?rest_route=%2Fwp%2Fv2%2Fcomments&post=46032"}],"version-history":[{"count":1,"href":"https:\/\/lospoliticosveracruz.com\/index.php?rest_route=\/wp\/v2\/posts\/46032\/revisions"}],"predecessor-version":[{"id":46035,"href":"https:\/\/lospoliticosveracruz.com\/index.php?rest_route=\/wp\/v2\/posts\/46032\/revisions\/46035"}],"wp:attachment":[{"href":"https:\/\/lospoliticosveracruz.com\/index.php?rest_route=%2Fwp%2Fv2%2Fmedia&parent=46032"}],"wp:term":[{"taxonomy":"category","embeddable":true,"href":"https:\/\/lospoliticosveracruz.com\/index.php?rest_route=%2Fwp%2Fv2%2Fcategories&post=46032"},{"taxonomy":"post_tag","embeddable":true,"href":"https:\/\/lospoliticosveracruz.com\/index.php?rest_route=%2Fwp%2Fv2%2Ftags&post=46032"}],"curies":[{"name":"wp","href":"https:\/\/api.w.org\/{rel}","templated":true}]}}