{"id":46039,"date":"2018-12-05T22:46:52","date_gmt":"2018-12-06T04:46:52","guid":{"rendered":"http:\/\/www.lospoliticosveracruz.com.mx\/?p=46039"},"modified":"2018-12-05T22:46:52","modified_gmt":"2018-12-06T04:46:52","slug":"bermudez-cuitlahuac-y-ariel","status":"publish","type":"post","link":"https:\/\/lospoliticosveracruz.com\/?p=46039","title":{"rendered":"Berm\u00fadez, Cuitl\u00e1huac y Ariel"},"content":{"rendered":"<p><strong>Salvador Mu\u00f1oz<\/strong><\/p>\n<p><em>Los Pol\u00edticos<\/em><\/p>\n<p><span style=\"font-weight: 400;\">Si ayer comentaba de ese raro regocijo que hab\u00eda en la gente porque hubiera ejecuciones y muertos en el gobierno de Cuitl\u00e1huac, el clima es tan similar al festejo de quienes se congratulan con la salida de los duartistas para enfrentar su proceso desde la comodidad de su casa.<\/span><\/p>\n<p><span style=\"font-weight: 400;\">\u00bfQui\u00e9n, en su sano juicio, celebra que los que son acusados de la desaparici\u00f3n forzada de j\u00f3venes, ejecutados, as\u00ed como el saqueo de un estado, anden en la calle como si nada?<\/span><\/p>\n<p><span style=\"font-weight: 400;\">El ambiente se enrarece cuando hay quienes citan que el Gober Cuic es responsable de ello \u201cqu\u00e9 casualidad que llegando, van saliendo\u201d. Hay quienes podr\u00edan responder que es un asunto de \u00edndole judicial \u00a1y hasta federal! que se les haya cambiado sus medidas cautelares a los duartistas, pero entonces se bifurca la extra\u00f1eza:<\/span><\/p>\n<p><span style=\"font-weight: 400;\">1.- El Peje-dente pidi\u00f3 trato terso para los duartistas\u2026<\/span><\/p>\n<p><span style=\"font-weight: 400;\">2.- \u00bfPor qu\u00e9 cambiaron de opini\u00f3n los jueces a cinco d\u00edas de la asunci\u00f3n del Peje-dente?<\/span><\/p>\n<p><span style=\"font-weight: 400;\">Lo turbio y sucio ser\u00eda pensar que en aras de quitar al Fiscal Jorge Winckler, se \u201clibere\u201d a personajes de la talla de Arturo Berm\u00fadez\u2026<\/span><\/p>\n<p><span style=\"font-weight: 400;\">\u00bfCu\u00e1l es el siguiente paso?<\/span><\/p>\n<p><span style=\"font-weight: 400;\">Luis \u00c1ngel Bravo en libertad, que dicho sea de paso, hoy pide a gritos la prensa cuando antes la rechazaba&#8230; <\/span><\/p>\n<p><span style=\"font-weight: 400;\">Y el colof\u00f3n: La salida de Javier Duarte de Ochoa con vuelo a Londres\u2026<\/span><\/p>\n<p><span style=\"font-weight: 400;\">No\u00e9 Zavaleta, reportero de Proceso, escribe en su Twitter: \u201c\u00a1Viva Arturo Berm\u00fadez!, grit\u00f3 al borde de desgarrarse la garganta, Edmundo Mart\u00ednez Zaleta, exdirector de Tr\u00e1nsito al ver salir a su exjefe de prisi\u00f3n; y ese gutural grito es el grito de la impunidad, de la humillaci\u00f3n, de la violaci\u00f3n de la dignidad ciudadana\u2026 es la risa de Duarte\u201d.<\/span><\/p>\n<p><span style=\"font-weight: 400;\">II<\/span><\/p>\n<p><span style=\"font-weight: 400;\">La noche del martes, me dec\u00edan que hab\u00edan incrementado las cuotas en el Tecnol\u00f3gico de Xalapa hasta por 700 pesos y a\u00fan m\u00e1s: que el mismo Gober Cuic le hab\u00eda pedido la direcci\u00f3n del ITSX a Juan Enrique Ramos. Las dos dudas que me llevaron a ese plantel educativo las respondi\u00f3 sin querer Garc\u00eda Jim\u00e9nez durante el discurso que dio a la comunidad estudiantil.<\/span><\/p>\n<p><span style=\"font-weight: 400;\">1.- Se dirigi\u00f3 al alumnado diciendo que hab\u00eda escuchado la queja de altos cobros de inscripciones, lo que fue respondido por los chavos con gritos y aplausos. \u201cLe voy a pedir al director que le haga una reducci\u00f3n\u2026 que le haga una rebajita\u201d.<\/span><\/p>\n<p><span style=\"font-weight: 400;\">2.- Cuando explica el porqu\u00e9 se designa como director del Instituto Tecnol\u00f3gico Superior de Xalapa al maestro Walter Luis S\u00e1iz Gonz\u00e1lez, se podr\u00eda resumir en \u201cser agradecido\u201d.<\/span><\/p>\n<p><span style=\"font-weight: 400;\">Cuenta a los estudiantes que tuvo dos encuentros especiales con S\u00e1iz Gonz\u00e1lez. El primero, cuando fue su maestro en la Universidad y que para ayudar a los j\u00f3venes, hac\u00eda libros de Circuitos El\u00e9ctricos donde explicaba a detalle para facilitar el aprendizaje&#8230; \u201cTiene la vocaci\u00f3n de ense\u00f1ar\u201d. El segundo encuentro, la beca que obtuvo para estudiar en Manchester, originalmente no era para Cuitl\u00e1huac Garc\u00eda, \u201cera para dos grandes maestros de la facultad de Ingenier\u00eda Mec\u00e1nica El\u00e9ctrica, Rafael Lozano y Walter S\u00e1iz\u201d, quienes le dijeron: \u201cCuitl\u00e1huac, t\u00f3mala t\u00fa; vete a preparar\u2026\u201d y as\u00ed fue como lleg\u00f3 a Manchester\u2026 y as\u00ed fue como lleg\u00f3 a la direcci\u00f3n del Tecno de Xalapa\u2026 \u201cporque sabe dirigir y sabe ense\u00f1ar\u201d.<\/span><\/p>\n<p><span style=\"font-weight: 400;\">III<\/span><\/p>\n<p><span style=\"font-weight: 400;\">Pilar Ram\u00edrez me deja en claro algo: a veces tengo que hacer a un lado el sarcasmo. \u00c9ste es su comentario: \u201cSe ve que la nota anterior no fue reporteada, si lo fuera, se hubieran enterado que no est\u00e1 todo tranquilo en RTV, al contrario hay un gran alboroto, precisamente por la intenci\u00f3n de darle una subdirecci\u00f3n a Ariel Ortiz. Se trata del l\u00edder sindical del STIRT, el sindicato que tiene la titularidad del contrato colectivo. Durante el sexenio de Duarte adem\u00e1s de ser el l\u00edder sindical fue nombrado subdirector de Deportes. En esta doble funci\u00f3n lesion\u00f3 los derechos de los trabajadores pues no iba a defenderlos, se dedic\u00f3 m\u00e1s bien a defender su puesto. Ra\u00fal Mart\u00ednez del PAN le quit\u00f3 la subdirecci\u00f3n pero sigui\u00f3 como l\u00edder del STIRT y se ali\u00f3 a los nuevos directivos en detrimento de la situaci\u00f3n de los trabajadores, los dos a\u00f1os anteriores fueron de un acoso terrible hacia la gente de RTV. Ahora resulta que est\u00e1 muy bien con los morenistas, o por lo menos con alguno de ellos, pues ha propalado que est\u00e1 \u2018muy bien recomendado\u2019. La indignaci\u00f3n por este intento de nombramiento es muy grande. Es una ofensa a los trabajadores de RTV\u201d.<\/span><\/p>\n<p><span style=\"font-weight: 400;\">Servida.<\/span><\/p>\n<p><span style=\"font-weight: 400;\">Por otro lado, se entiende a Pilar, pues en RTV hablan mucho de la probabilidad de que, despu\u00e9s de que bajaron a Ariel ortiz de la sub de Operaciones, lo vuelvan a colocar en la sub de Deportes\u2026 \u00a1aguas! porque muchos agremiados sindicales est\u00e1n de \u201c\u00a1M\u00edrame y no me toques\u201d y capaz que arman una revuelta&#8230; \u00bfel malestar con Ariel? porque dicen que hizo renunciar a Puestos de Confianza a varios sindicalizados con el pretexto de que eran de base y no pod\u00edan entonces, ser de Confianza\u2026 \u00a1plop! Pero \u00e9l s\u00ed pudo ser Subdirector, Sindicalizado \u00a1y adem\u00e1s dirigente sindical! A ello agr\u00e9guele el Contrato Colectivo que como es sabido, se negocia entre dos en detrimento de muchos.<\/span><\/p>\n<p><span style=\"font-weight: 400;\">Ya como an\u00e9cdota, en RTV hay dos sindicatos: El<\/span><span style=\"font-weight: 400;\"> de Trabajadores de la Industria de la Radio y la Televisi\u00f3n en RTV (Stirt-RTV) con el Profe Ariel; y el de Trabajadores al Servicio de RTV (Stsrtv), con Chucho Alem\u00e1n. Cuentan que cuando le entregaron el nombramiento de Subdirector de Operaciones a Ariel Ortiz, que se engorila todito Chucho Alem\u00e1n y que sale azotando puertas\u2026 en la noche, se le baj\u00f3 el coraje cuando supo que le hab\u00edan invalidado el nombramiento al del Stirt\u2026<\/span><\/p>\n<p>&nbsp;<\/p>\n<p><span style=\"font-weight: 400;\">smcainito@gmail.com<\/span><\/p>\n<p>&nbsp;<\/p>\n","protected":false},"excerpt":{"rendered":"<p>Salvador Mu\u00f1oz Los Pol\u00edticos Si ayer comentaba de ese raro regocijo que hab\u00eda en la gente porque hubiera ejecuciones y muertos en el gobierno de Cuitl\u00e1huac, el clima es tan similar al festejo de quienes se congratulan con la salida de los duartistas para enfrentar su proceso desde la comodidad de su casa. \u00bfQui\u00e9n, en [&hellip;]<\/p>\n","protected":false},"author":2,"featured_media":0,"comment_status":"open","ping_status":"open","sticky":false,"template":"","format":"standard","meta":{"tdm_status":"","tdm_grid_status":"","footnotes":""},"categories":[70],"tags":[13320,2215,260,6869,13317,1506,6026,334,13319,647,2646,5318],"class_list":{"0":"post-46039","1":"post","2":"type-post","3":"status-publish","4":"format-standard","6":"category-de-opinion","7":"tag-chucho-aleman","8":"tag-edmundo-martinez-zaleta","9":"tag-javier-duarte-de-ochoa","10":"tag-jorge-winckler","11":"tag-juan-enrique-ramos","12":"tag-luis-angel-bravo","13":"tag-noe-zavaleta","14":"tag-proceso","15":"tag-rafael-lozano","16":"tag-rtv","17":"tag-salvador-munoz","18":"tag-tecnologico-de-xalapa"},"yoast_head":"<!-- This site is optimized with the Yoast SEO plugin v27.4 - https:\/\/yoast.com\/product\/yoast-seo-wordpress\/ -->\n<title>Berm\u00fadez, Cuitl\u00e1huac y Ariel - Los pol\u00edticos Veracruz<\/title>\n<meta name=\"robots\" content=\"index, follow, max-snippet:-1, max-image-preview:large, max-video-preview:-1\" \/>\n<link rel=\"canonical\" href=\"https:\/\/lospoliticosveracruz.com\/?p=46039\" \/>\n<meta property=\"og:locale\" content=\"es_ES\" \/>\n<meta property=\"og:type\" content=\"article\" \/>\n<meta property=\"og:title\" content=\"Berm\u00fadez, Cuitl\u00e1huac y Ariel - Los pol\u00edticos Veracruz\" \/>\n<meta property=\"og:description\" content=\"Salvador Mu\u00f1oz Los Pol\u00edticos Si ayer comentaba de ese raro regocijo que hab\u00eda en la gente porque hubiera ejecuciones y muertos en el gobierno de Cuitl\u00e1huac, el clima es tan similar al festejo de quienes se congratulan con la salida de los duartistas para enfrentar su proceso desde la comodidad de su casa. \u00bfQui\u00e9n, en [&hellip;]\" \/>\n<meta property=\"og:url\" content=\"https:\/\/lospoliticosveracruz.com\/?p=46039\" \/>\n<meta property=\"og:site_name\" content=\"Los pol\u00edticos Veracruz\" \/>\n<meta property=\"article:publisher\" content=\"https:\/\/www.facebook.com\/people\/Notimemes-de-los-Polticos\/61565672886568\/\" \/>\n<meta property=\"article:published_time\" content=\"2018-12-06T04:46:52+00:00\" \/>\n<meta property=\"og:image\" content=\"https:\/\/lospoliticosveracruz.com\/wp-content\/uploads\/2016\/07\/Logo-Dor.jpg\" \/>\n\t<meta property=\"og:image:width\" content=\"200\" \/>\n\t<meta property=\"og:image:height\" content=\"200\" \/>\n\t<meta property=\"og:image:type\" content=\"image\/jpeg\" \/>\n<meta name=\"author\" content=\"Lo viste en Los Pol\u00edticos\" \/>\n<meta name=\"twitter:card\" content=\"summary_large_image\" \/>\n<meta name=\"twitter:creator\" content=\"@LosPoliticosVer\" \/>\n<meta name=\"twitter:site\" content=\"@LosPoliticosVer\" \/>\n<meta name=\"twitter:label1\" content=\"Escrito por\" \/>\n\t<meta name=\"twitter:data1\" content=\"Lo viste en Los Pol\u00edticos\" \/>\n\t<meta name=\"twitter:label2\" content=\"Tiempo de lectura\" \/>\n\t<meta name=\"twitter:data2\" content=\"5 minutos\" \/>\n<script type=\"application\/ld+json\" class=\"yoast-schema-graph\">{\"@context\":\"https:\\\/\\\/schema.org\",\"@graph\":[{\"@type\":\"Article\",\"@id\":\"https:\\\/\\\/lospoliticosveracruz.com\\\/?p=46039#article\",\"isPartOf\":{\"@id\":\"https:\\\/\\\/lospoliticosveracruz.com\\\/?p=46039\"},\"author\":{\"name\":\"Lo viste en Los Pol\u00edticos\",\"@id\":\"https:\\\/\\\/lospoliticosveracruz.com\\\/#\\\/schema\\\/person\\\/b8702bb0e538456e6efd07080bf2a4a2\"},\"headline\":\"Berm\u00fadez, Cuitl\u00e1huac y Ariel\",\"datePublished\":\"2018-12-06T04:46:52+00:00\",\"mainEntityOfPage\":{\"@id\":\"https:\\\/\\\/lospoliticosveracruz.com\\\/?p=46039\"},\"wordCount\":1027,\"commentCount\":0,\"publisher\":{\"@id\":\"https:\\\/\\\/lospoliticosveracruz.com\\\/#organization\"},\"keywords\":[\"Chucho Alem\u00e1n\",\"Edmundo Mart\u00ednez Zaleta\",\"Javier Duarte de Ochoa\",\"Jorge Winckler\",\"Juan Enrique Ramos\",\"Luis Angel Bravo\",\"No\u00e9 Zavaleta\",\"Proceso\",\"Rafael Lozano\",\"RTV\",\"Salvador Mu\u00f1oz\",\"Tecnol\u00f3gico de Xalapa\"],\"articleSection\":[\"De Opini\u00f3n\"],\"inLanguage\":\"es\",\"potentialAction\":[{\"@type\":\"CommentAction\",\"name\":\"Comment\",\"target\":[\"https:\\\/\\\/lospoliticosveracruz.com\\\/?p=46039#respond\"]}]},{\"@type\":\"WebPage\",\"@id\":\"https:\\\/\\\/lospoliticosveracruz.com\\\/?p=46039\",\"url\":\"https:\\\/\\\/lospoliticosveracruz.com\\\/?p=46039\",\"name\":\"Berm\u00fadez, Cuitl\u00e1huac y Ariel - Los pol\u00edticos Veracruz\",\"isPartOf\":{\"@id\":\"https:\\\/\\\/lospoliticosveracruz.com\\\/#website\"},\"datePublished\":\"2018-12-06T04:46:52+00:00\",\"breadcrumb\":{\"@id\":\"https:\\\/\\\/lospoliticosveracruz.com\\\/?p=46039#breadcrumb\"},\"inLanguage\":\"es\",\"potentialAction\":[{\"@type\":\"ReadAction\",\"target\":[\"https:\\\/\\\/lospoliticosveracruz.com\\\/?p=46039\"]}]},{\"@type\":\"BreadcrumbList\",\"@id\":\"https:\\\/\\\/lospoliticosveracruz.com\\\/?p=46039#breadcrumb\",\"itemListElement\":[{\"@type\":\"ListItem\",\"position\":1,\"name\":\"Portada\",\"item\":\"https:\\\/\\\/lospoliticosveracruz.com\\\/\"},{\"@type\":\"ListItem\",\"position\":2,\"name\":\"Berm\u00fadez, Cuitl\u00e1huac y Ariel\"}]},{\"@type\":\"WebSite\",\"@id\":\"https:\\\/\\\/lospoliticosveracruz.com\\\/#website\",\"url\":\"https:\\\/\\\/lospoliticosveracruz.com\\\/\",\"name\":\"Los pol\u00edticos Veracruz\",\"description\":\"\",\"publisher\":{\"@id\":\"https:\\\/\\\/lospoliticosveracruz.com\\\/#organization\"},\"potentialAction\":[{\"@type\":\"SearchAction\",\"target\":{\"@type\":\"EntryPoint\",\"urlTemplate\":\"https:\\\/\\\/lospoliticosveracruz.com\\\/?s={search_term_string}\"},\"query-input\":{\"@type\":\"PropertyValueSpecification\",\"valueRequired\":true,\"valueName\":\"search_term_string\"}}],\"inLanguage\":\"es\"},{\"@type\":\"Organization\",\"@id\":\"https:\\\/\\\/lospoliticosveracruz.com\\\/#organization\",\"name\":\"Los pol\u00edticos Veracruz\",\"url\":\"https:\\\/\\\/lospoliticosveracruz.com\\\/\",\"logo\":{\"@type\":\"ImageObject\",\"inLanguage\":\"es\",\"@id\":\"https:\\\/\\\/lospoliticosveracruz.com\\\/#\\\/schema\\\/logo\\\/image\\\/\",\"url\":\"https:\\\/\\\/lospoliticosveracruz.com\\\/wp-content\\\/uploads\\\/2025\\\/12\\\/Logo-Nuevo-LOS-POLITICOS-1.jpg\",\"contentUrl\":\"https:\\\/\\\/lospoliticosveracruz.com\\\/wp-content\\\/uploads\\\/2025\\\/12\\\/Logo-Nuevo-LOS-POLITICOS-1.jpg\",\"width\":260,\"height\":70,\"caption\":\"Los pol\u00edticos Veracruz\"},\"image\":{\"@id\":\"https:\\\/\\\/lospoliticosveracruz.com\\\/#\\\/schema\\\/logo\\\/image\\\/\"},\"sameAs\":[\"https:\\\/\\\/www.facebook.com\\\/people\\\/Notimemes-de-los-Polticos\\\/61565672886568\\\/\",\"https:\\\/\\\/x.com\\\/LosPoliticosVer\"]},{\"@type\":\"Person\",\"@id\":\"https:\\\/\\\/lospoliticosveracruz.com\\\/#\\\/schema\\\/person\\\/b8702bb0e538456e6efd07080bf2a4a2\",\"name\":\"Lo viste en Los Pol\u00edticos\",\"image\":{\"@type\":\"ImageObject\",\"inLanguage\":\"es\",\"@id\":\"https:\\\/\\\/secure.gravatar.com\\\/avatar\\\/3a8de04a2656d44082be478bd6c086daa447c4651605818287b9532d3d0bd435?s=96&d=mm&r=g\",\"url\":\"https:\\\/\\\/secure.gravatar.com\\\/avatar\\\/3a8de04a2656d44082be478bd6c086daa447c4651605818287b9532d3d0bd435?s=96&d=mm&r=g\",\"contentUrl\":\"https:\\\/\\\/secure.gravatar.com\\\/avatar\\\/3a8de04a2656d44082be478bd6c086daa447c4651605818287b9532d3d0bd435?s=96&d=mm&r=g\",\"caption\":\"Lo viste en Los Pol\u00edticos\"},\"url\":\"https:\\\/\\\/lospoliticosveracruz.com\\\/?author=2\"}]}<\/script>\n<!-- \/ Yoast SEO plugin. -->","yoast_head_json":{"title":"Berm\u00fadez, Cuitl\u00e1huac y Ariel - Los pol\u00edticos Veracruz","robots":{"index":"index","follow":"follow","max-snippet":"max-snippet:-1","max-image-preview":"max-image-preview:large","max-video-preview":"max-video-preview:-1"},"canonical":"https:\/\/lospoliticosveracruz.com\/?p=46039","og_locale":"es_ES","og_type":"article","og_title":"Berm\u00fadez, Cuitl\u00e1huac y Ariel - Los pol\u00edticos Veracruz","og_description":"Salvador Mu\u00f1oz Los Pol\u00edticos Si ayer comentaba de ese raro regocijo que hab\u00eda en la gente porque hubiera ejecuciones y muertos en el gobierno de Cuitl\u00e1huac, el clima es tan similar al festejo de quienes se congratulan con la salida de los duartistas para enfrentar su proceso desde la comodidad de su casa. \u00bfQui\u00e9n, en [&hellip;]","og_url":"https:\/\/lospoliticosveracruz.com\/?p=46039","og_site_name":"Los pol\u00edticos Veracruz","article_publisher":"https:\/\/www.facebook.com\/people\/Notimemes-de-los-Polticos\/61565672886568\/","article_published_time":"2018-12-06T04:46:52+00:00","og_image":[{"width":200,"height":200,"url":"https:\/\/lospoliticosveracruz.com\/wp-content\/uploads\/2016\/07\/Logo-Dor.jpg","type":"image\/jpeg"}],"author":"Lo viste en Los Pol\u00edticos","twitter_card":"summary_large_image","twitter_creator":"@LosPoliticosVer","twitter_site":"@LosPoliticosVer","twitter_misc":{"Escrito por":"Lo viste en Los Pol\u00edticos","Tiempo de lectura":"5 minutos"},"schema":{"@context":"https:\/\/schema.org","@graph":[{"@type":"Article","@id":"https:\/\/lospoliticosveracruz.com\/?p=46039#article","isPartOf":{"@id":"https:\/\/lospoliticosveracruz.com\/?p=46039"},"author":{"name":"Lo viste en Los Pol\u00edticos","@id":"https:\/\/lospoliticosveracruz.com\/#\/schema\/person\/b8702bb0e538456e6efd07080bf2a4a2"},"headline":"Berm\u00fadez, Cuitl\u00e1huac y Ariel","datePublished":"2018-12-06T04:46:52+00:00","mainEntityOfPage":{"@id":"https:\/\/lospoliticosveracruz.com\/?p=46039"},"wordCount":1027,"commentCount":0,"publisher":{"@id":"https:\/\/lospoliticosveracruz.com\/#organization"},"keywords":["Chucho Alem\u00e1n","Edmundo Mart\u00ednez Zaleta","Javier Duarte de Ochoa","Jorge Winckler","Juan Enrique Ramos","Luis Angel Bravo","No\u00e9 Zavaleta","Proceso","Rafael Lozano","RTV","Salvador Mu\u00f1oz","Tecnol\u00f3gico de Xalapa"],"articleSection":["De Opini\u00f3n"],"inLanguage":"es","potentialAction":[{"@type":"CommentAction","name":"Comment","target":["https:\/\/lospoliticosveracruz.com\/?p=46039#respond"]}]},{"@type":"WebPage","@id":"https:\/\/lospoliticosveracruz.com\/?p=46039","url":"https:\/\/lospoliticosveracruz.com\/?p=46039","name":"Berm\u00fadez, Cuitl\u00e1huac y Ariel - Los pol\u00edticos Veracruz","isPartOf":{"@id":"https:\/\/lospoliticosveracruz.com\/#website"},"datePublished":"2018-12-06T04:46:52+00:00","breadcrumb":{"@id":"https:\/\/lospoliticosveracruz.com\/?p=46039#breadcrumb"},"inLanguage":"es","potentialAction":[{"@type":"ReadAction","target":["https:\/\/lospoliticosveracruz.com\/?p=46039"]}]},{"@type":"BreadcrumbList","@id":"https:\/\/lospoliticosveracruz.com\/?p=46039#breadcrumb","itemListElement":[{"@type":"ListItem","position":1,"name":"Portada","item":"https:\/\/lospoliticosveracruz.com\/"},{"@type":"ListItem","position":2,"name":"Berm\u00fadez, Cuitl\u00e1huac y Ariel"}]},{"@type":"WebSite","@id":"https:\/\/lospoliticosveracruz.com\/#website","url":"https:\/\/lospoliticosveracruz.com\/","name":"Los pol\u00edticos Veracruz","description":"","publisher":{"@id":"https:\/\/lospoliticosveracruz.com\/#organization"},"potentialAction":[{"@type":"SearchAction","target":{"@type":"EntryPoint","urlTemplate":"https:\/\/lospoliticosveracruz.com\/?s={search_term_string}"},"query-input":{"@type":"PropertyValueSpecification","valueRequired":true,"valueName":"search_term_string"}}],"inLanguage":"es"},{"@type":"Organization","@id":"https:\/\/lospoliticosveracruz.com\/#organization","name":"Los pol\u00edticos Veracruz","url":"https:\/\/lospoliticosveracruz.com\/","logo":{"@type":"ImageObject","inLanguage":"es","@id":"https:\/\/lospoliticosveracruz.com\/#\/schema\/logo\/image\/","url":"https:\/\/lospoliticosveracruz.com\/wp-content\/uploads\/2025\/12\/Logo-Nuevo-LOS-POLITICOS-1.jpg","contentUrl":"https:\/\/lospoliticosveracruz.com\/wp-content\/uploads\/2025\/12\/Logo-Nuevo-LOS-POLITICOS-1.jpg","width":260,"height":70,"caption":"Los pol\u00edticos Veracruz"},"image":{"@id":"https:\/\/lospoliticosveracruz.com\/#\/schema\/logo\/image\/"},"sameAs":["https:\/\/www.facebook.com\/people\/Notimemes-de-los-Polticos\/61565672886568\/","https:\/\/x.com\/LosPoliticosVer"]},{"@type":"Person","@id":"https:\/\/lospoliticosveracruz.com\/#\/schema\/person\/b8702bb0e538456e6efd07080bf2a4a2","name":"Lo viste en Los Pol\u00edticos","image":{"@type":"ImageObject","inLanguage":"es","@id":"https:\/\/secure.gravatar.com\/avatar\/3a8de04a2656d44082be478bd6c086daa447c4651605818287b9532d3d0bd435?s=96&d=mm&r=g","url":"https:\/\/secure.gravatar.com\/avatar\/3a8de04a2656d44082be478bd6c086daa447c4651605818287b9532d3d0bd435?s=96&d=mm&r=g","contentUrl":"https:\/\/secure.gravatar.com\/avatar\/3a8de04a2656d44082be478bd6c086daa447c4651605818287b9532d3d0bd435?s=96&d=mm&r=g","caption":"Lo viste en Los Pol\u00edticos"},"url":"https:\/\/lospoliticosveracruz.com\/?author=2"}]}},"_links":{"self":[{"href":"https:\/\/lospoliticosveracruz.com\/index.php?rest_route=\/wp\/v2\/posts\/46039","targetHints":{"allow":["GET"]}}],"collection":[{"href":"https:\/\/lospoliticosveracruz.com\/index.php?rest_route=\/wp\/v2\/posts"}],"about":[{"href":"https:\/\/lospoliticosveracruz.com\/index.php?rest_route=\/wp\/v2\/types\/post"}],"author":[{"embeddable":true,"href":"https:\/\/lospoliticosveracruz.com\/index.php?rest_route=\/wp\/v2\/users\/2"}],"replies":[{"embeddable":true,"href":"https:\/\/lospoliticosveracruz.com\/index.php?rest_route=%2Fwp%2Fv2%2Fcomments&post=46039"}],"version-history":[{"count":1,"href":"https:\/\/lospoliticosveracruz.com\/index.php?rest_route=\/wp\/v2\/posts\/46039\/revisions"}],"predecessor-version":[{"id":46041,"href":"https:\/\/lospoliticosveracruz.com\/index.php?rest_route=\/wp\/v2\/posts\/46039\/revisions\/46041"}],"wp:attachment":[{"href":"https:\/\/lospoliticosveracruz.com\/index.php?rest_route=%2Fwp%2Fv2%2Fmedia&parent=46039"}],"wp:term":[{"taxonomy":"category","embeddable":true,"href":"https:\/\/lospoliticosveracruz.com\/index.php?rest_route=%2Fwp%2Fv2%2Fcategories&post=46039"},{"taxonomy":"post_tag","embeddable":true,"href":"https:\/\/lospoliticosveracruz.com\/index.php?rest_route=%2Fwp%2Fv2%2Ftags&post=46039"}],"curies":[{"name":"wp","href":"https:\/\/api.w.org\/{rel}","templated":true}]}}