{"id":46047,"date":"2018-12-05T22:41:52","date_gmt":"2018-12-06T04:41:52","guid":{"rendered":"http:\/\/www.lospoliticosveracruz.com.mx\/?p=46047"},"modified":"2018-12-05T22:41:52","modified_gmt":"2018-12-06T04:41:52","slug":"el-cuento","status":"publish","type":"post","link":"https:\/\/lospoliticosveracruz.com\/?p=46047","title":{"rendered":"El Cuento"},"content":{"rendered":"<p>&nbsp;<\/p>\n<p><strong><span style=\"color: #000000; font-size: medium;\">Brenda Caballero<\/span><\/strong><\/p>\n<p><em>N\u00fameros Rojos<\/em><\/p>\n<p>&nbsp;<\/p>\n<p><span style=\"color: #000000; font-size: medium;\">\u00a0<\/span><\/p>\n<p><span style=\"color: #000000; font-size: medium;\">\u201cS\u00ed los perros ladran es se\u00f1al de que vamos avanzando\u201d \u00a0fue lo primero que pens\u00e9 al recibir un mensaje de whats app \u00a0el lunes por la ma\u00f1ana sobre el \u201csupuesto\u201d comportamiento indecoroso por exceso de bebidas alcoh\u00f3licas de la diputada veracruzana Anil\u00fa Ingram en un restaurante de Mazaryk en la Ciudad de M\u00e9xico. En realidad no le di importancia, pues hoy en d\u00eda cualquiera puede escribir una historia y circularla por redes sociales sin que sea verdad. Apenas hab\u00eda cerrado el comunicador y ya me lo volv\u00edan a mandar\u2026 ahhh pero ahora acompa\u00f1ado de una foto. \u00a1Esto ya es campa\u00f1a! Y mire que no es \u00e9poca electoral.<\/span><\/p>\n<p><span style=\"color: #000000; font-size: medium;\">\u201cEl Cuento\u201d as\u00ed se llama el restaurante de la colonia Polanco donde se centr\u00f3 el otro cuento que me compartieron tom\u00f3 mayor relevancia pues diversos portales de noticias lo empezaron a manejar y hasta compartir en Facebook.<\/span><\/p>\n<p><span style=\"color: #000000; font-size: medium;\">Entonces regres\u00e9 a ver la foto detenidamente. No conozco El Cuento, el restaurante, porque este cuento que andan circulando contra Anil\u00fa Ingram me queda claro que es \u201cfuego amigo\u201d y se corrobora porque la foto fue tomada desde la misma mesa. \u00a1Ah jijos! Ahora hasta tiene uno que cuidarse de los \u201camigos\u201d con los que uno sale.<\/span><\/p>\n<p><span style=\"color: #000000; font-size: medium;\">Y la pregunta surge \u00bfqui\u00e9n est\u00e1 interesado en denostar con tanta bajeza a la diputada del PRI?<\/span><\/p>\n<p><span style=\"color: #000000; font-size: medium;\">Por lo que se ve les urge destruir su imagen y reputaci\u00f3n porque de su trabajo nunca hablan. Y es que la diputada ha tuiteado diversas actividades como la reuni\u00f3n con el Sindicato de Trabajadores de la Industria de la Radiodifusi\u00f3n, Televisi\u00f3n, Telecomunicaciones, Similares y Conexos de la Rep\u00fablica Mexicana (S.T.I.R.T.T.) para sumarlo a la conmemoraci\u00f3n y festejo de los 500 a\u00f1os del Puerto de Veracruz, adem\u00e1s de que el d\u00eda de ayer como parte de la Comisi\u00f3n de Infraestructura atendi\u00f3 al gobernador de Coahuila, Miguel Riquelme.<\/span><\/p>\n<p><span style=\"color: #000000; font-size: medium;\">El d\u00eda de hoy la diputada Ingram presentar\u00e1 una iniciativa para quitar la doble tributaci\u00f3n a los agentes aduanales en las importaciones y el d\u00eda viernes estar\u00e1 presente en el Puerto de Veracruz en la feria de servicios al lado del diputado local Juan Carlos Molina Palacios.<\/span><\/p>\n<p><span style=\"color: #000000; font-size: medium;\">No cabe duda que mientras m\u00e1s hablan, Anil\u00fa trabaja m\u00e1s.<\/span><\/p>\n<p><span style=\"color: #000000; font-size: medium;\">\u00a0<\/span><\/p>\n<p><b><i><span style=\"color: #000000; font-size: medium;\">Por lo que menos tienen<\/span><\/i><\/b><\/p>\n<p><span style=\"color: #000000; font-size: medium;\">\u00a0<\/span><\/p>\n<p><span style=\"color: #000000; font-size: medium;\">Han pasado seis d\u00edas de la toma de protesta del gobernador Cuitl\u00e1huac Garc\u00eda Jim\u00e9nez y las cosas empiezan a tranquilizarse en algunas oficinas de gobierno del estado ante la ola de despidos, incluso se escucha que no habr\u00e1 movimientos de baja hasta finalizar el mes de diciembre, sin embargo no deben de cantar victoria los jefes de departamento, pues \u201cla instrucci\u00f3n\u201d es sustituirlos a todos. Por lo que ser\u00e1 hasta dentro de tres meses cuando est\u00e9n los ajustes totales.<\/span><\/p>\n<p><span style=\"color: #000000; font-size: medium;\">Para minimizar el hecho, pues los morenos no quieren echarse a la burocracia igual que lo hizo el ex gobernador Miguel \u00c1ngel Yunes Linares ya se anda corriendo el rumor de que el dinero que se les quite a los altos funcionarios ser\u00e1 para los empleados de base que ganen menos, como un acto de justicia. \u00a1L\u00e1stima que no sea retroactivo!<\/span><\/p>\n<p><span style=\"color: #000000; font-size: medium;\">\u00a0<\/span><\/p>\n<p><b><i><span style=\"color: #000000; font-size: medium;\">Subsecretario de a Pie<\/span><\/i><\/b><\/p>\n<p><span style=\"color: #000000; font-size: medium;\">Donde dicen andan muy contentos es en la Sefiplan, pues el director de ingresos Ricardo Rodr\u00edguez D\u00edaz salud\u00f3 personalmente de mano a todos sus empleados desde su primer d\u00eda de labores y les abri\u00f3 las puertas de su oficina y la atenci\u00f3n de su Secretario Particular para lo que se les ofreciera.<\/span><\/p>\n<p><span style=\"color: #000000; font-size: medium;\">Aseguran que el subsecretario, el cual dicen, tiene aspecto de h\u00edpster no usa el elevador, y eso que est\u00e1 en el quinto piso. Sube y baja las escaleras como cualquier empleado. \u00bfSer\u00e1 por la cuarta transformaci\u00f3n?<\/span><\/p>\n<p><span style=\"color: #000000; font-size: medium;\">\u00a0<\/span><\/p>\n<p><span style=\"color: #000000; font-size: medium;\">@NumerosRojos_BC<\/span><\/p>\n<p><a href=\"mailto:caballero_brenda@hotmail.com\"><span style=\"color: #0000ff; font-size: medium;\">caballero_brenda@hotmail.com<\/span><\/a><\/p>\n","protected":false},"excerpt":{"rendered":"<p>&nbsp; Brenda Caballero N\u00fameros Rojos &nbsp; \u00a0 \u201cS\u00ed los perros ladran es se\u00f1al de que vamos avanzando\u201d \u00a0fue lo primero que pens\u00e9 al recibir un mensaje de whats app \u00a0el lunes por la ma\u00f1ana sobre el \u201csupuesto\u201d comportamiento indecoroso por exceso de bebidas alcoh\u00f3licas de la diputada veracruzana Anil\u00fa Ingram en un restaurante de Mazaryk [&hellip;]<\/p>\n","protected":false},"author":2,"featured_media":0,"comment_status":"open","ping_status":"open","sticky":false,"template":"","format":"standard","meta":{"tdm_status":"","tdm_grid_status":"","footnotes":""},"categories":[70],"tags":[],"class_list":{"0":"post-46047","1":"post","2":"type-post","3":"status-publish","4":"format-standard","6":"category-de-opinion"},"yoast_head":"<!-- This site is optimized with the Yoast SEO plugin v27.4 - https:\/\/yoast.com\/product\/yoast-seo-wordpress\/ -->\n<title>El Cuento - Los pol\u00edticos Veracruz<\/title>\n<meta name=\"robots\" content=\"index, follow, max-snippet:-1, max-image-preview:large, max-video-preview:-1\" \/>\n<link rel=\"canonical\" href=\"https:\/\/lospoliticosveracruz.com\/?p=46047\" \/>\n<meta property=\"og:locale\" content=\"es_ES\" \/>\n<meta property=\"og:type\" content=\"article\" \/>\n<meta property=\"og:title\" content=\"El Cuento - Los pol\u00edticos Veracruz\" \/>\n<meta property=\"og:description\" content=\"&nbsp; Brenda Caballero N\u00fameros Rojos &nbsp; \u00a0 \u201cS\u00ed los perros ladran es se\u00f1al de que vamos avanzando\u201d \u00a0fue lo primero que pens\u00e9 al recibir un mensaje de whats app \u00a0el lunes por la ma\u00f1ana sobre el \u201csupuesto\u201d comportamiento indecoroso por exceso de bebidas alcoh\u00f3licas de la diputada veracruzana Anil\u00fa Ingram en un restaurante de Mazaryk [&hellip;]\" \/>\n<meta property=\"og:url\" content=\"https:\/\/lospoliticosveracruz.com\/?p=46047\" \/>\n<meta property=\"og:site_name\" content=\"Los pol\u00edticos Veracruz\" \/>\n<meta property=\"article:publisher\" content=\"https:\/\/www.facebook.com\/people\/Notimemes-de-los-Polticos\/61565672886568\/\" \/>\n<meta property=\"article:published_time\" content=\"2018-12-06T04:41:52+00:00\" \/>\n<meta property=\"og:image\" content=\"https:\/\/lospoliticosveracruz.com\/wp-content\/uploads\/2016\/07\/Logo-Dor.jpg\" \/>\n\t<meta property=\"og:image:width\" content=\"200\" \/>\n\t<meta property=\"og:image:height\" content=\"200\" \/>\n\t<meta property=\"og:image:type\" content=\"image\/jpeg\" \/>\n<meta name=\"author\" content=\"Lo viste en Los Pol\u00edticos\" \/>\n<meta name=\"twitter:card\" content=\"summary_large_image\" \/>\n<meta name=\"twitter:creator\" content=\"@LosPoliticosVer\" \/>\n<meta name=\"twitter:site\" content=\"@LosPoliticosVer\" \/>\n<meta name=\"twitter:label1\" content=\"Escrito por\" \/>\n\t<meta name=\"twitter:data1\" content=\"Lo viste en Los Pol\u00edticos\" \/>\n\t<meta name=\"twitter:label2\" content=\"Tiempo de lectura\" \/>\n\t<meta name=\"twitter:data2\" content=\"3 minutos\" \/>\n<script type=\"application\/ld+json\" class=\"yoast-schema-graph\">{\"@context\":\"https:\\\/\\\/schema.org\",\"@graph\":[{\"@type\":\"Article\",\"@id\":\"https:\\\/\\\/lospoliticosveracruz.com\\\/?p=46047#article\",\"isPartOf\":{\"@id\":\"https:\\\/\\\/lospoliticosveracruz.com\\\/?p=46047\"},\"author\":{\"name\":\"Lo viste en Los Pol\u00edticos\",\"@id\":\"https:\\\/\\\/lospoliticosveracruz.com\\\/#\\\/schema\\\/person\\\/b8702bb0e538456e6efd07080bf2a4a2\"},\"headline\":\"El Cuento\",\"datePublished\":\"2018-12-06T04:41:52+00:00\",\"mainEntityOfPage\":{\"@id\":\"https:\\\/\\\/lospoliticosveracruz.com\\\/?p=46047\"},\"wordCount\":656,\"commentCount\":0,\"publisher\":{\"@id\":\"https:\\\/\\\/lospoliticosveracruz.com\\\/#organization\"},\"articleSection\":[\"De Opini\u00f3n\"],\"inLanguage\":\"es\",\"potentialAction\":[{\"@type\":\"CommentAction\",\"name\":\"Comment\",\"target\":[\"https:\\\/\\\/lospoliticosveracruz.com\\\/?p=46047#respond\"]}]},{\"@type\":\"WebPage\",\"@id\":\"https:\\\/\\\/lospoliticosveracruz.com\\\/?p=46047\",\"url\":\"https:\\\/\\\/lospoliticosveracruz.com\\\/?p=46047\",\"name\":\"El Cuento - Los pol\u00edticos Veracruz\",\"isPartOf\":{\"@id\":\"https:\\\/\\\/lospoliticosveracruz.com\\\/#website\"},\"datePublished\":\"2018-12-06T04:41:52+00:00\",\"breadcrumb\":{\"@id\":\"https:\\\/\\\/lospoliticosveracruz.com\\\/?p=46047#breadcrumb\"},\"inLanguage\":\"es\",\"potentialAction\":[{\"@type\":\"ReadAction\",\"target\":[\"https:\\\/\\\/lospoliticosveracruz.com\\\/?p=46047\"]}]},{\"@type\":\"BreadcrumbList\",\"@id\":\"https:\\\/\\\/lospoliticosveracruz.com\\\/?p=46047#breadcrumb\",\"itemListElement\":[{\"@type\":\"ListItem\",\"position\":1,\"name\":\"Portada\",\"item\":\"https:\\\/\\\/lospoliticosveracruz.com\\\/\"},{\"@type\":\"ListItem\",\"position\":2,\"name\":\"El Cuento\"}]},{\"@type\":\"WebSite\",\"@id\":\"https:\\\/\\\/lospoliticosveracruz.com\\\/#website\",\"url\":\"https:\\\/\\\/lospoliticosveracruz.com\\\/\",\"name\":\"Los pol\u00edticos Veracruz\",\"description\":\"\",\"publisher\":{\"@id\":\"https:\\\/\\\/lospoliticosveracruz.com\\\/#organization\"},\"potentialAction\":[{\"@type\":\"SearchAction\",\"target\":{\"@type\":\"EntryPoint\",\"urlTemplate\":\"https:\\\/\\\/lospoliticosveracruz.com\\\/?s={search_term_string}\"},\"query-input\":{\"@type\":\"PropertyValueSpecification\",\"valueRequired\":true,\"valueName\":\"search_term_string\"}}],\"inLanguage\":\"es\"},{\"@type\":\"Organization\",\"@id\":\"https:\\\/\\\/lospoliticosveracruz.com\\\/#organization\",\"name\":\"Los pol\u00edticos Veracruz\",\"url\":\"https:\\\/\\\/lospoliticosveracruz.com\\\/\",\"logo\":{\"@type\":\"ImageObject\",\"inLanguage\":\"es\",\"@id\":\"https:\\\/\\\/lospoliticosveracruz.com\\\/#\\\/schema\\\/logo\\\/image\\\/\",\"url\":\"https:\\\/\\\/lospoliticosveracruz.com\\\/wp-content\\\/uploads\\\/2025\\\/12\\\/Logo-Nuevo-LOS-POLITICOS-1.jpg\",\"contentUrl\":\"https:\\\/\\\/lospoliticosveracruz.com\\\/wp-content\\\/uploads\\\/2025\\\/12\\\/Logo-Nuevo-LOS-POLITICOS-1.jpg\",\"width\":260,\"height\":70,\"caption\":\"Los pol\u00edticos Veracruz\"},\"image\":{\"@id\":\"https:\\\/\\\/lospoliticosveracruz.com\\\/#\\\/schema\\\/logo\\\/image\\\/\"},\"sameAs\":[\"https:\\\/\\\/www.facebook.com\\\/people\\\/Notimemes-de-los-Polticos\\\/61565672886568\\\/\",\"https:\\\/\\\/x.com\\\/LosPoliticosVer\"]},{\"@type\":\"Person\",\"@id\":\"https:\\\/\\\/lospoliticosveracruz.com\\\/#\\\/schema\\\/person\\\/b8702bb0e538456e6efd07080bf2a4a2\",\"name\":\"Lo viste en Los Pol\u00edticos\",\"image\":{\"@type\":\"ImageObject\",\"inLanguage\":\"es\",\"@id\":\"https:\\\/\\\/secure.gravatar.com\\\/avatar\\\/3a8de04a2656d44082be478bd6c086daa447c4651605818287b9532d3d0bd435?s=96&d=mm&r=g\",\"url\":\"https:\\\/\\\/secure.gravatar.com\\\/avatar\\\/3a8de04a2656d44082be478bd6c086daa447c4651605818287b9532d3d0bd435?s=96&d=mm&r=g\",\"contentUrl\":\"https:\\\/\\\/secure.gravatar.com\\\/avatar\\\/3a8de04a2656d44082be478bd6c086daa447c4651605818287b9532d3d0bd435?s=96&d=mm&r=g\",\"caption\":\"Lo viste en Los Pol\u00edticos\"},\"url\":\"https:\\\/\\\/lospoliticosveracruz.com\\\/?author=2\"}]}<\/script>\n<!-- \/ Yoast SEO plugin. -->","yoast_head_json":{"title":"El Cuento - Los pol\u00edticos Veracruz","robots":{"index":"index","follow":"follow","max-snippet":"max-snippet:-1","max-image-preview":"max-image-preview:large","max-video-preview":"max-video-preview:-1"},"canonical":"https:\/\/lospoliticosveracruz.com\/?p=46047","og_locale":"es_ES","og_type":"article","og_title":"El Cuento - Los pol\u00edticos Veracruz","og_description":"&nbsp; Brenda Caballero N\u00fameros Rojos &nbsp; \u00a0 \u201cS\u00ed los perros ladran es se\u00f1al de que vamos avanzando\u201d \u00a0fue lo primero que pens\u00e9 al recibir un mensaje de whats app \u00a0el lunes por la ma\u00f1ana sobre el \u201csupuesto\u201d comportamiento indecoroso por exceso de bebidas alcoh\u00f3licas de la diputada veracruzana Anil\u00fa Ingram en un restaurante de Mazaryk [&hellip;]","og_url":"https:\/\/lospoliticosveracruz.com\/?p=46047","og_site_name":"Los pol\u00edticos Veracruz","article_publisher":"https:\/\/www.facebook.com\/people\/Notimemes-de-los-Polticos\/61565672886568\/","article_published_time":"2018-12-06T04:41:52+00:00","og_image":[{"width":200,"height":200,"url":"https:\/\/lospoliticosveracruz.com\/wp-content\/uploads\/2016\/07\/Logo-Dor.jpg","type":"image\/jpeg"}],"author":"Lo viste en Los Pol\u00edticos","twitter_card":"summary_large_image","twitter_creator":"@LosPoliticosVer","twitter_site":"@LosPoliticosVer","twitter_misc":{"Escrito por":"Lo viste en Los Pol\u00edticos","Tiempo de lectura":"3 minutos"},"schema":{"@context":"https:\/\/schema.org","@graph":[{"@type":"Article","@id":"https:\/\/lospoliticosveracruz.com\/?p=46047#article","isPartOf":{"@id":"https:\/\/lospoliticosveracruz.com\/?p=46047"},"author":{"name":"Lo viste en Los Pol\u00edticos","@id":"https:\/\/lospoliticosveracruz.com\/#\/schema\/person\/b8702bb0e538456e6efd07080bf2a4a2"},"headline":"El Cuento","datePublished":"2018-12-06T04:41:52+00:00","mainEntityOfPage":{"@id":"https:\/\/lospoliticosveracruz.com\/?p=46047"},"wordCount":656,"commentCount":0,"publisher":{"@id":"https:\/\/lospoliticosveracruz.com\/#organization"},"articleSection":["De Opini\u00f3n"],"inLanguage":"es","potentialAction":[{"@type":"CommentAction","name":"Comment","target":["https:\/\/lospoliticosveracruz.com\/?p=46047#respond"]}]},{"@type":"WebPage","@id":"https:\/\/lospoliticosveracruz.com\/?p=46047","url":"https:\/\/lospoliticosveracruz.com\/?p=46047","name":"El Cuento - Los pol\u00edticos Veracruz","isPartOf":{"@id":"https:\/\/lospoliticosveracruz.com\/#website"},"datePublished":"2018-12-06T04:41:52+00:00","breadcrumb":{"@id":"https:\/\/lospoliticosveracruz.com\/?p=46047#breadcrumb"},"inLanguage":"es","potentialAction":[{"@type":"ReadAction","target":["https:\/\/lospoliticosveracruz.com\/?p=46047"]}]},{"@type":"BreadcrumbList","@id":"https:\/\/lospoliticosveracruz.com\/?p=46047#breadcrumb","itemListElement":[{"@type":"ListItem","position":1,"name":"Portada","item":"https:\/\/lospoliticosveracruz.com\/"},{"@type":"ListItem","position":2,"name":"El Cuento"}]},{"@type":"WebSite","@id":"https:\/\/lospoliticosveracruz.com\/#website","url":"https:\/\/lospoliticosveracruz.com\/","name":"Los pol\u00edticos Veracruz","description":"","publisher":{"@id":"https:\/\/lospoliticosveracruz.com\/#organization"},"potentialAction":[{"@type":"SearchAction","target":{"@type":"EntryPoint","urlTemplate":"https:\/\/lospoliticosveracruz.com\/?s={search_term_string}"},"query-input":{"@type":"PropertyValueSpecification","valueRequired":true,"valueName":"search_term_string"}}],"inLanguage":"es"},{"@type":"Organization","@id":"https:\/\/lospoliticosveracruz.com\/#organization","name":"Los pol\u00edticos Veracruz","url":"https:\/\/lospoliticosveracruz.com\/","logo":{"@type":"ImageObject","inLanguage":"es","@id":"https:\/\/lospoliticosveracruz.com\/#\/schema\/logo\/image\/","url":"https:\/\/lospoliticosveracruz.com\/wp-content\/uploads\/2025\/12\/Logo-Nuevo-LOS-POLITICOS-1.jpg","contentUrl":"https:\/\/lospoliticosveracruz.com\/wp-content\/uploads\/2025\/12\/Logo-Nuevo-LOS-POLITICOS-1.jpg","width":260,"height":70,"caption":"Los pol\u00edticos Veracruz"},"image":{"@id":"https:\/\/lospoliticosveracruz.com\/#\/schema\/logo\/image\/"},"sameAs":["https:\/\/www.facebook.com\/people\/Notimemes-de-los-Polticos\/61565672886568\/","https:\/\/x.com\/LosPoliticosVer"]},{"@type":"Person","@id":"https:\/\/lospoliticosveracruz.com\/#\/schema\/person\/b8702bb0e538456e6efd07080bf2a4a2","name":"Lo viste en Los Pol\u00edticos","image":{"@type":"ImageObject","inLanguage":"es","@id":"https:\/\/secure.gravatar.com\/avatar\/3a8de04a2656d44082be478bd6c086daa447c4651605818287b9532d3d0bd435?s=96&d=mm&r=g","url":"https:\/\/secure.gravatar.com\/avatar\/3a8de04a2656d44082be478bd6c086daa447c4651605818287b9532d3d0bd435?s=96&d=mm&r=g","contentUrl":"https:\/\/secure.gravatar.com\/avatar\/3a8de04a2656d44082be478bd6c086daa447c4651605818287b9532d3d0bd435?s=96&d=mm&r=g","caption":"Lo viste en Los Pol\u00edticos"},"url":"https:\/\/lospoliticosveracruz.com\/?author=2"}]}},"_links":{"self":[{"href":"https:\/\/lospoliticosveracruz.com\/index.php?rest_route=\/wp\/v2\/posts\/46047","targetHints":{"allow":["GET"]}}],"collection":[{"href":"https:\/\/lospoliticosveracruz.com\/index.php?rest_route=\/wp\/v2\/posts"}],"about":[{"href":"https:\/\/lospoliticosveracruz.com\/index.php?rest_route=\/wp\/v2\/types\/post"}],"author":[{"embeddable":true,"href":"https:\/\/lospoliticosveracruz.com\/index.php?rest_route=\/wp\/v2\/users\/2"}],"replies":[{"embeddable":true,"href":"https:\/\/lospoliticosveracruz.com\/index.php?rest_route=%2Fwp%2Fv2%2Fcomments&post=46047"}],"version-history":[{"count":1,"href":"https:\/\/lospoliticosveracruz.com\/index.php?rest_route=\/wp\/v2\/posts\/46047\/revisions"}],"predecessor-version":[{"id":46049,"href":"https:\/\/lospoliticosveracruz.com\/index.php?rest_route=\/wp\/v2\/posts\/46047\/revisions\/46049"}],"wp:attachment":[{"href":"https:\/\/lospoliticosveracruz.com\/index.php?rest_route=%2Fwp%2Fv2%2Fmedia&parent=46047"}],"wp:term":[{"taxonomy":"category","embeddable":true,"href":"https:\/\/lospoliticosveracruz.com\/index.php?rest_route=%2Fwp%2Fv2%2Fcategories&post=46047"},{"taxonomy":"post_tag","embeddable":true,"href":"https:\/\/lospoliticosveracruz.com\/index.php?rest_route=%2Fwp%2Fv2%2Ftags&post=46047"}],"curies":[{"name":"wp","href":"https:\/\/api.w.org\/{rel}","templated":true}]}}