{"id":46102,"date":"2018-12-10T22:52:02","date_gmt":"2018-12-11T04:52:02","guid":{"rendered":"http:\/\/www.lospoliticosveracruz.com.mx\/?p=46102"},"modified":"2018-12-11T07:47:26","modified_gmt":"2018-12-11T13:47:26","slug":"mas-partidos-politicos","status":"publish","type":"post","link":"https:\/\/lospoliticosveracruz.com\/?p=46102","title":{"rendered":"\u00bfM\u00e1s partidos pol\u00edticos?"},"content":{"rendered":"<p><strong>Salvador Mu\u00f1oz<\/strong><\/p>\n<p><em>Los Pol\u00edticos<\/em><\/p>\n<p><span style=\"font-weight: 400;\">Pregunto: \u00bfQu\u00e9 opina de que puedan surgir m\u00e1s partidos pol\u00edticos en Veracruz?<\/span><\/p>\n<p><span style=\"font-weight: 400;\">La respuesta puede ser variada y en mi caso, yo responder\u00eda algo as\u00ed como \u201c\u00a1Qu\u00e9 hueva!\u201d, quiz\u00e1s motivado por la experiencia m\u00e1s reciente que significaron tres partidos: El Revolucionario Veracruzano, el Alternativa Veracruzana y el Cardenista.<\/span><\/p>\n<p><span style=\"font-weight: 400;\">Los tres ya desaparecidos y tanto el PRV como el PC, identificados como extensi\u00f3n del Partido Revolucionario Institucional en la plenitud del pinche poder; mientras tanto, el AVE volaba al nido que mejor se prestara a sus intereses, y como ejemplo baste recordar esa foto inolvidable de su entonces dirigente, Alfredo Tress con Pepe Mancha, en 2016, que hablaba de una posible alianza entre este partido con el PAN. Horas m\u00e1s tarde, aparec\u00eda el AVE mayor al lado de Javier Duarte, con lo que se romp\u00eda cualquier posibilidad de alianza con el blanquiazul.<\/span><\/p>\n<p><span style=\"font-weight: 400;\">Si hay inter\u00e9s en crear nuevos partidos en Veracruz es porque posiblemente, al menos los tres partidos m\u00e1s representativos en la entidad, como son Morena, PAN y PRI, no llenan las expectativas ideol\u00f3gicas de un ciudadano.<\/span><\/p>\n<p><span style=\"font-weight: 400;\">Este lunes, Paco Garrido S\u00e1nchez present\u00f3 lo que llam\u00f3 la construcci\u00f3n del Proyecto Podemos Partido Pol\u00edtico Estatal\u2026<\/span><\/p>\n<p><span style=\"font-weight: 400;\">En Veracruz, se empieza a mover, sin hacer mucho ruido, Dem\u00f3cratas Partido Pol\u00edtico Nacional, que por no ver \u201cDemocracia\u201d en el resto de los partidos, \u201cun grupo de personas con liderazgo pol\u00edtico, social y ciudadano, en lo individual y provenientes de diversos organizaciones civiles, partidos y agrupaciones pol\u00edticos nacionales y locales, hemos decidido unirnos para construir un nuevo partido pol\u00edtico nacional como una alternativa democr\u00e1tica de participaci\u00f3n pol\u00edtico electoral en M\u00e9xico\u201d.<\/span><\/p>\n<p><span style=\"font-weight: 400;\">La asociaci\u00f3n pol\u00edtica identificada por mucho tiempo por ser rama del PRI (cuando estaba en plenitud del pinche poder) y reciente del panismo, V\u00eda Veracruzana, anunci\u00f3 hace poco que a partir de enero, buscar\u00e1 conformarse como un partido pol\u00edtico.<\/span><\/p>\n<p><span style=\"font-weight: 400;\">Se insiste\u2026 los pol\u00edticos tienen el derecho de hacer cuanto partido se les ocurra\u2026 los ciudadanos podemos darles la oportunidad, como ha ocurrido con Nueva Alianza o el mismo PES (por hablar de los m\u00e1s recientes), que igual, sacarlos de la ubre presupuestal.<\/span><\/p>\n<p><span style=\"font-weight: 400;\">Ahora le pregunto\u2026 \u00bfcree que necesitamos de m\u00e1s partidos pol\u00edticos o con los que tenemos, sobran y basta?<\/span><\/p>\n<p>&nbsp;<\/p>\n<p>&nbsp;<\/p>\n<p><em>smcainito@gmail.com<\/em><\/p>\n<p>&nbsp;<\/p>\n","protected":false},"excerpt":{"rendered":"<p>Salvador Mu\u00f1oz Los Pol\u00edticos Pregunto: \u00bfQu\u00e9 opina de que puedan surgir m\u00e1s partidos pol\u00edticos en Veracruz? La respuesta puede ser variada y en mi caso, yo responder\u00eda algo as\u00ed como \u201c\u00a1Qu\u00e9 hueva!\u201d, quiz\u00e1s motivado por la experiencia m\u00e1s reciente que significaron tres partidos: El Revolucionario Veracruzano, el Alternativa Veracruzana y el Cardenista. Los tres ya [&hellip;]<\/p>\n","protected":false},"author":2,"featured_media":0,"comment_status":"open","ping_status":"open","sticky":false,"template":"","format":"standard","meta":{"tdm_status":"","tdm_grid_status":"","footnotes":""},"categories":[70],"tags":[13366,1026,3616,266,13364,3626,1949,13363,13365,251,2646,195],"class_list":{"0":"post-46102","1":"post","2":"type-post","3":"status-publish","4":"format-standard","6":"category-de-opinion","7":"tag-democratas","8":"tag-morena","9":"tag-paco-garrido-sanchez","10":"tag-pan","11":"tag-partido-alternativa-veracruzana","12":"tag-partido-cardenista","13":"tag-partido-revolucionario-institucional","14":"tag-partido-revolucionario-veracruzano","15":"tag-podemos","16":"tag-pri","17":"tag-salvador-munoz","18":"tag-veracruz"},"yoast_head":"<!-- This site is optimized with the Yoast SEO plugin v27.4 - https:\/\/yoast.com\/product\/yoast-seo-wordpress\/ -->\n<title>\u00bfM\u00e1s partidos pol\u00edticos? - Los pol\u00edticos Veracruz<\/title>\n<meta name=\"robots\" content=\"index, follow, max-snippet:-1, max-image-preview:large, max-video-preview:-1\" \/>\n<link rel=\"canonical\" href=\"https:\/\/lospoliticosveracruz.com\/?p=46102\" \/>\n<meta property=\"og:locale\" content=\"es_ES\" \/>\n<meta property=\"og:type\" content=\"article\" \/>\n<meta property=\"og:title\" content=\"\u00bfM\u00e1s partidos pol\u00edticos? - Los pol\u00edticos Veracruz\" \/>\n<meta property=\"og:description\" content=\"Salvador Mu\u00f1oz Los Pol\u00edticos Pregunto: \u00bfQu\u00e9 opina de que puedan surgir m\u00e1s partidos pol\u00edticos en Veracruz? La respuesta puede ser variada y en mi caso, yo responder\u00eda algo as\u00ed como \u201c\u00a1Qu\u00e9 hueva!\u201d, quiz\u00e1s motivado por la experiencia m\u00e1s reciente que significaron tres partidos: El Revolucionario Veracruzano, el Alternativa Veracruzana y el Cardenista. Los tres ya [&hellip;]\" \/>\n<meta property=\"og:url\" content=\"https:\/\/lospoliticosveracruz.com\/?p=46102\" \/>\n<meta property=\"og:site_name\" content=\"Los pol\u00edticos Veracruz\" \/>\n<meta property=\"article:publisher\" content=\"https:\/\/www.facebook.com\/people\/Notimemes-de-los-Polticos\/61565672886568\/\" \/>\n<meta property=\"article:published_time\" content=\"2018-12-11T04:52:02+00:00\" \/>\n<meta property=\"article:modified_time\" content=\"2018-12-11T13:47:26+00:00\" \/>\n<meta property=\"og:image\" content=\"https:\/\/lospoliticosveracruz.com\/wp-content\/uploads\/2016\/07\/Logo-Dor.jpg\" \/>\n\t<meta property=\"og:image:width\" content=\"200\" \/>\n\t<meta property=\"og:image:height\" content=\"200\" \/>\n\t<meta property=\"og:image:type\" content=\"image\/jpeg\" \/>\n<meta name=\"author\" content=\"Lo viste en Los Pol\u00edticos\" \/>\n<meta name=\"twitter:card\" content=\"summary_large_image\" \/>\n<meta name=\"twitter:creator\" content=\"@LosPoliticosVer\" \/>\n<meta name=\"twitter:site\" content=\"@LosPoliticosVer\" \/>\n<meta name=\"twitter:label1\" content=\"Escrito por\" \/>\n\t<meta name=\"twitter:data1\" content=\"Lo viste en Los Pol\u00edticos\" \/>\n\t<meta name=\"twitter:label2\" content=\"Tiempo de lectura\" \/>\n\t<meta name=\"twitter:data2\" content=\"2 minutos\" \/>\n<script type=\"application\/ld+json\" class=\"yoast-schema-graph\">{\"@context\":\"https:\\\/\\\/schema.org\",\"@graph\":[{\"@type\":\"Article\",\"@id\":\"https:\\\/\\\/lospoliticosveracruz.com\\\/?p=46102#article\",\"isPartOf\":{\"@id\":\"https:\\\/\\\/lospoliticosveracruz.com\\\/?p=46102\"},\"author\":{\"name\":\"Lo viste en Los Pol\u00edticos\",\"@id\":\"https:\\\/\\\/lospoliticosveracruz.com\\\/#\\\/schema\\\/person\\\/b8702bb0e538456e6efd07080bf2a4a2\"},\"headline\":\"\u00bfM\u00e1s partidos pol\u00edticos?\",\"datePublished\":\"2018-12-11T04:52:02+00:00\",\"dateModified\":\"2018-12-11T13:47:26+00:00\",\"mainEntityOfPage\":{\"@id\":\"https:\\\/\\\/lospoliticosveracruz.com\\\/?p=46102\"},\"wordCount\":413,\"commentCount\":0,\"publisher\":{\"@id\":\"https:\\\/\\\/lospoliticosveracruz.com\\\/#organization\"},\"keywords\":[\"Dem\u00f3cratas\",\"Morena\",\"Paco Garrido S\u00e1nchez\",\"PAN\",\"Partido Alternativa Veracruzana\",\"Partido Cardenista\",\"Partido Revolucionario Institucional\",\"Partido Revolucionario Veracruzano\",\"Podemos\",\"PRI\",\"Salvador Mu\u00f1oz\",\"Veracruz\"],\"articleSection\":[\"De Opini\u00f3n\"],\"inLanguage\":\"es\",\"potentialAction\":[{\"@type\":\"CommentAction\",\"name\":\"Comment\",\"target\":[\"https:\\\/\\\/lospoliticosveracruz.com\\\/?p=46102#respond\"]}]},{\"@type\":\"WebPage\",\"@id\":\"https:\\\/\\\/lospoliticosveracruz.com\\\/?p=46102\",\"url\":\"https:\\\/\\\/lospoliticosveracruz.com\\\/?p=46102\",\"name\":\"\u00bfM\u00e1s partidos pol\u00edticos? - Los pol\u00edticos Veracruz\",\"isPartOf\":{\"@id\":\"https:\\\/\\\/lospoliticosveracruz.com\\\/#website\"},\"datePublished\":\"2018-12-11T04:52:02+00:00\",\"dateModified\":\"2018-12-11T13:47:26+00:00\",\"breadcrumb\":{\"@id\":\"https:\\\/\\\/lospoliticosveracruz.com\\\/?p=46102#breadcrumb\"},\"inLanguage\":\"es\",\"potentialAction\":[{\"@type\":\"ReadAction\",\"target\":[\"https:\\\/\\\/lospoliticosveracruz.com\\\/?p=46102\"]}]},{\"@type\":\"BreadcrumbList\",\"@id\":\"https:\\\/\\\/lospoliticosveracruz.com\\\/?p=46102#breadcrumb\",\"itemListElement\":[{\"@type\":\"ListItem\",\"position\":1,\"name\":\"Portada\",\"item\":\"https:\\\/\\\/lospoliticosveracruz.com\\\/\"},{\"@type\":\"ListItem\",\"position\":2,\"name\":\"\u00bfM\u00e1s partidos pol\u00edticos?\"}]},{\"@type\":\"WebSite\",\"@id\":\"https:\\\/\\\/lospoliticosveracruz.com\\\/#website\",\"url\":\"https:\\\/\\\/lospoliticosveracruz.com\\\/\",\"name\":\"Los pol\u00edticos Veracruz\",\"description\":\"\",\"publisher\":{\"@id\":\"https:\\\/\\\/lospoliticosveracruz.com\\\/#organization\"},\"potentialAction\":[{\"@type\":\"SearchAction\",\"target\":{\"@type\":\"EntryPoint\",\"urlTemplate\":\"https:\\\/\\\/lospoliticosveracruz.com\\\/?s={search_term_string}\"},\"query-input\":{\"@type\":\"PropertyValueSpecification\",\"valueRequired\":true,\"valueName\":\"search_term_string\"}}],\"inLanguage\":\"es\"},{\"@type\":\"Organization\",\"@id\":\"https:\\\/\\\/lospoliticosveracruz.com\\\/#organization\",\"name\":\"Los pol\u00edticos Veracruz\",\"url\":\"https:\\\/\\\/lospoliticosveracruz.com\\\/\",\"logo\":{\"@type\":\"ImageObject\",\"inLanguage\":\"es\",\"@id\":\"https:\\\/\\\/lospoliticosveracruz.com\\\/#\\\/schema\\\/logo\\\/image\\\/\",\"url\":\"https:\\\/\\\/lospoliticosveracruz.com\\\/wp-content\\\/uploads\\\/2025\\\/12\\\/Logo-Nuevo-LOS-POLITICOS-1.jpg\",\"contentUrl\":\"https:\\\/\\\/lospoliticosveracruz.com\\\/wp-content\\\/uploads\\\/2025\\\/12\\\/Logo-Nuevo-LOS-POLITICOS-1.jpg\",\"width\":260,\"height\":70,\"caption\":\"Los pol\u00edticos Veracruz\"},\"image\":{\"@id\":\"https:\\\/\\\/lospoliticosveracruz.com\\\/#\\\/schema\\\/logo\\\/image\\\/\"},\"sameAs\":[\"https:\\\/\\\/www.facebook.com\\\/people\\\/Notimemes-de-los-Polticos\\\/61565672886568\\\/\",\"https:\\\/\\\/x.com\\\/LosPoliticosVer\"]},{\"@type\":\"Person\",\"@id\":\"https:\\\/\\\/lospoliticosveracruz.com\\\/#\\\/schema\\\/person\\\/b8702bb0e538456e6efd07080bf2a4a2\",\"name\":\"Lo viste en Los Pol\u00edticos\",\"image\":{\"@type\":\"ImageObject\",\"inLanguage\":\"es\",\"@id\":\"https:\\\/\\\/secure.gravatar.com\\\/avatar\\\/3a8de04a2656d44082be478bd6c086daa447c4651605818287b9532d3d0bd435?s=96&d=mm&r=g\",\"url\":\"https:\\\/\\\/secure.gravatar.com\\\/avatar\\\/3a8de04a2656d44082be478bd6c086daa447c4651605818287b9532d3d0bd435?s=96&d=mm&r=g\",\"contentUrl\":\"https:\\\/\\\/secure.gravatar.com\\\/avatar\\\/3a8de04a2656d44082be478bd6c086daa447c4651605818287b9532d3d0bd435?s=96&d=mm&r=g\",\"caption\":\"Lo viste en Los Pol\u00edticos\"},\"url\":\"https:\\\/\\\/lospoliticosveracruz.com\\\/?author=2\"}]}<\/script>\n<!-- \/ Yoast SEO plugin. -->","yoast_head_json":{"title":"\u00bfM\u00e1s partidos pol\u00edticos? - Los pol\u00edticos Veracruz","robots":{"index":"index","follow":"follow","max-snippet":"max-snippet:-1","max-image-preview":"max-image-preview:large","max-video-preview":"max-video-preview:-1"},"canonical":"https:\/\/lospoliticosveracruz.com\/?p=46102","og_locale":"es_ES","og_type":"article","og_title":"\u00bfM\u00e1s partidos pol\u00edticos? - Los pol\u00edticos Veracruz","og_description":"Salvador Mu\u00f1oz Los Pol\u00edticos Pregunto: \u00bfQu\u00e9 opina de que puedan surgir m\u00e1s partidos pol\u00edticos en Veracruz? La respuesta puede ser variada y en mi caso, yo responder\u00eda algo as\u00ed como \u201c\u00a1Qu\u00e9 hueva!\u201d, quiz\u00e1s motivado por la experiencia m\u00e1s reciente que significaron tres partidos: El Revolucionario Veracruzano, el Alternativa Veracruzana y el Cardenista. Los tres ya [&hellip;]","og_url":"https:\/\/lospoliticosveracruz.com\/?p=46102","og_site_name":"Los pol\u00edticos Veracruz","article_publisher":"https:\/\/www.facebook.com\/people\/Notimemes-de-los-Polticos\/61565672886568\/","article_published_time":"2018-12-11T04:52:02+00:00","article_modified_time":"2018-12-11T13:47:26+00:00","og_image":[{"width":200,"height":200,"url":"https:\/\/lospoliticosveracruz.com\/wp-content\/uploads\/2016\/07\/Logo-Dor.jpg","type":"image\/jpeg"}],"author":"Lo viste en Los Pol\u00edticos","twitter_card":"summary_large_image","twitter_creator":"@LosPoliticosVer","twitter_site":"@LosPoliticosVer","twitter_misc":{"Escrito por":"Lo viste en Los Pol\u00edticos","Tiempo de lectura":"2 minutos"},"schema":{"@context":"https:\/\/schema.org","@graph":[{"@type":"Article","@id":"https:\/\/lospoliticosveracruz.com\/?p=46102#article","isPartOf":{"@id":"https:\/\/lospoliticosveracruz.com\/?p=46102"},"author":{"name":"Lo viste en Los Pol\u00edticos","@id":"https:\/\/lospoliticosveracruz.com\/#\/schema\/person\/b8702bb0e538456e6efd07080bf2a4a2"},"headline":"\u00bfM\u00e1s partidos pol\u00edticos?","datePublished":"2018-12-11T04:52:02+00:00","dateModified":"2018-12-11T13:47:26+00:00","mainEntityOfPage":{"@id":"https:\/\/lospoliticosveracruz.com\/?p=46102"},"wordCount":413,"commentCount":0,"publisher":{"@id":"https:\/\/lospoliticosveracruz.com\/#organization"},"keywords":["Dem\u00f3cratas","Morena","Paco Garrido S\u00e1nchez","PAN","Partido Alternativa Veracruzana","Partido Cardenista","Partido Revolucionario Institucional","Partido Revolucionario Veracruzano","Podemos","PRI","Salvador Mu\u00f1oz","Veracruz"],"articleSection":["De Opini\u00f3n"],"inLanguage":"es","potentialAction":[{"@type":"CommentAction","name":"Comment","target":["https:\/\/lospoliticosveracruz.com\/?p=46102#respond"]}]},{"@type":"WebPage","@id":"https:\/\/lospoliticosveracruz.com\/?p=46102","url":"https:\/\/lospoliticosveracruz.com\/?p=46102","name":"\u00bfM\u00e1s partidos pol\u00edticos? - Los pol\u00edticos Veracruz","isPartOf":{"@id":"https:\/\/lospoliticosveracruz.com\/#website"},"datePublished":"2018-12-11T04:52:02+00:00","dateModified":"2018-12-11T13:47:26+00:00","breadcrumb":{"@id":"https:\/\/lospoliticosveracruz.com\/?p=46102#breadcrumb"},"inLanguage":"es","potentialAction":[{"@type":"ReadAction","target":["https:\/\/lospoliticosveracruz.com\/?p=46102"]}]},{"@type":"BreadcrumbList","@id":"https:\/\/lospoliticosveracruz.com\/?p=46102#breadcrumb","itemListElement":[{"@type":"ListItem","position":1,"name":"Portada","item":"https:\/\/lospoliticosveracruz.com\/"},{"@type":"ListItem","position":2,"name":"\u00bfM\u00e1s partidos pol\u00edticos?"}]},{"@type":"WebSite","@id":"https:\/\/lospoliticosveracruz.com\/#website","url":"https:\/\/lospoliticosveracruz.com\/","name":"Los pol\u00edticos Veracruz","description":"","publisher":{"@id":"https:\/\/lospoliticosveracruz.com\/#organization"},"potentialAction":[{"@type":"SearchAction","target":{"@type":"EntryPoint","urlTemplate":"https:\/\/lospoliticosveracruz.com\/?s={search_term_string}"},"query-input":{"@type":"PropertyValueSpecification","valueRequired":true,"valueName":"search_term_string"}}],"inLanguage":"es"},{"@type":"Organization","@id":"https:\/\/lospoliticosveracruz.com\/#organization","name":"Los pol\u00edticos Veracruz","url":"https:\/\/lospoliticosveracruz.com\/","logo":{"@type":"ImageObject","inLanguage":"es","@id":"https:\/\/lospoliticosveracruz.com\/#\/schema\/logo\/image\/","url":"https:\/\/lospoliticosveracruz.com\/wp-content\/uploads\/2025\/12\/Logo-Nuevo-LOS-POLITICOS-1.jpg","contentUrl":"https:\/\/lospoliticosveracruz.com\/wp-content\/uploads\/2025\/12\/Logo-Nuevo-LOS-POLITICOS-1.jpg","width":260,"height":70,"caption":"Los pol\u00edticos Veracruz"},"image":{"@id":"https:\/\/lospoliticosveracruz.com\/#\/schema\/logo\/image\/"},"sameAs":["https:\/\/www.facebook.com\/people\/Notimemes-de-los-Polticos\/61565672886568\/","https:\/\/x.com\/LosPoliticosVer"]},{"@type":"Person","@id":"https:\/\/lospoliticosveracruz.com\/#\/schema\/person\/b8702bb0e538456e6efd07080bf2a4a2","name":"Lo viste en Los Pol\u00edticos","image":{"@type":"ImageObject","inLanguage":"es","@id":"https:\/\/secure.gravatar.com\/avatar\/3a8de04a2656d44082be478bd6c086daa447c4651605818287b9532d3d0bd435?s=96&d=mm&r=g","url":"https:\/\/secure.gravatar.com\/avatar\/3a8de04a2656d44082be478bd6c086daa447c4651605818287b9532d3d0bd435?s=96&d=mm&r=g","contentUrl":"https:\/\/secure.gravatar.com\/avatar\/3a8de04a2656d44082be478bd6c086daa447c4651605818287b9532d3d0bd435?s=96&d=mm&r=g","caption":"Lo viste en Los Pol\u00edticos"},"url":"https:\/\/lospoliticosveracruz.com\/?author=2"}]}},"_links":{"self":[{"href":"https:\/\/lospoliticosveracruz.com\/index.php?rest_route=\/wp\/v2\/posts\/46102","targetHints":{"allow":["GET"]}}],"collection":[{"href":"https:\/\/lospoliticosveracruz.com\/index.php?rest_route=\/wp\/v2\/posts"}],"about":[{"href":"https:\/\/lospoliticosveracruz.com\/index.php?rest_route=\/wp\/v2\/types\/post"}],"author":[{"embeddable":true,"href":"https:\/\/lospoliticosveracruz.com\/index.php?rest_route=\/wp\/v2\/users\/2"}],"replies":[{"embeddable":true,"href":"https:\/\/lospoliticosveracruz.com\/index.php?rest_route=%2Fwp%2Fv2%2Fcomments&post=46102"}],"version-history":[{"count":2,"href":"https:\/\/lospoliticosveracruz.com\/index.php?rest_route=\/wp\/v2\/posts\/46102\/revisions"}],"predecessor-version":[{"id":46114,"href":"https:\/\/lospoliticosveracruz.com\/index.php?rest_route=\/wp\/v2\/posts\/46102\/revisions\/46114"}],"wp:attachment":[{"href":"https:\/\/lospoliticosveracruz.com\/index.php?rest_route=%2Fwp%2Fv2%2Fmedia&parent=46102"}],"wp:term":[{"taxonomy":"category","embeddable":true,"href":"https:\/\/lospoliticosveracruz.com\/index.php?rest_route=%2Fwp%2Fv2%2Fcategories&post=46102"},{"taxonomy":"post_tag","embeddable":true,"href":"https:\/\/lospoliticosveracruz.com\/index.php?rest_route=%2Fwp%2Fv2%2Ftags&post=46102"}],"curies":[{"name":"wp","href":"https:\/\/api.w.org\/{rel}","templated":true}]}}