{"id":46122,"date":"2018-12-11T22:18:23","date_gmt":"2018-12-12T04:18:23","guid":{"rendered":"http:\/\/www.lospoliticosveracruz.com.mx\/?p=46122"},"modified":"2018-12-11T22:18:23","modified_gmt":"2018-12-12T04:18:23","slug":"winckler-y-el-pinito-de-navidad","status":"publish","type":"post","link":"https:\/\/lospoliticosveracruz.com\/?p=46122","title":{"rendered":"Winckler y el pinito de navidad"},"content":{"rendered":"<p><strong>Salvador Mu\u00f1oz<\/strong><\/p>\n<p><em>Los Pol\u00edticos<\/em><\/p>\n<p><span style=\"font-weight: 400;\">La Fiscal\u00eda de Veracruz en cualquier estado del pa\u00eds y quiz\u00e1s del mundo, ser\u00eda vista con benepl\u00e1cito, s\u00f3lo por el hecho de haber actuado contra ex funcionarios de una administraci\u00f3n que cualquier ciudadano bien nacido de esta entidad, pudiera calificar de merecido el ejercicio de la Ley. Aunque ya lo hemos comentado por ac\u00e1 en otra ocasi\u00f3n: S\u00ed, se aplica la Ley, pero todav\u00eda se est\u00e1 a la espera de que prevalezca la justicia, entendida \u00e9sta cuando se condene a prisi\u00f3n a los que saquearon a Veracruz\u2026 agreguemos el trabajo realizado en la investigaci\u00f3n en torno a los casos de desaparici\u00f3n forzada donde est\u00e1n involucrados elementos de Seguridad P\u00fablica, \u201cdesde el m\u00e1s alto rango hasta rasos\u201d; algunos, fuera de Pacho; otros, en \u00e9l. En su justa dimensi\u00f3n, me recuerda el caso de Argentina, donde quienes participaron en la desaparici\u00f3n de j\u00f3venes fueron acusados por cr\u00edmenes de lesa humanidad. No s\u00e9 si ac\u00e1 alcance ese grado.<\/span><\/p>\n<p><span style=\"font-weight: 400;\">La labor de la Fiscal\u00eda pareciera que se concentra en temas como \u201clos duartistas\u201d y \u201cdesaparecidos\u201d cual si fuera su \u00fanica actividad o todos los esfuerzos fueran concentrados en estos dos t\u00f3picos y los \u00fanicos a los que tuviera que responder. Al menos \u00e9sta es la percepci\u00f3n medi\u00e1tica en la que se ha resumido la labor de la FGE.<\/span><\/p>\n<p><span style=\"font-weight: 400;\">En lo que concierne a Jorge Winckler Ortiz, su figura se centr\u00f3 primero en su actividad en las redes sociales, desde aquella famosa imagen en que se hinca para tomarle una foto al entonces gobernador electo o constitucional, a la foto donde prepara paella; despu\u00e9s, caus\u00f3 la indignaci\u00f3n total cuando se atrevi\u00f3 a bloquear en twitter a periodistas que llevaron su queja ante las autoridades correspondientes exigiendo respeto al derecho a la informaci\u00f3n.<\/span><\/p>\n<p><span style=\"font-weight: 400;\">(Amigos que hoy militan en Morena ya no me responden al Whatsapp y estoy seguro que los m\u00e1s, me bloquearon\u2026 eso debiera ser m\u00e1s gacho y condenable\u2026 para m\u00e1s, diputados de reciente cu\u00f1o como G\u00f3mez Cazar\u00edn o hasta el secretario de Gobierno, Eric Cisneros, me toleran, que no me tragan, pero se abren al ejercicio de la Libertad de Expresi\u00f3n; ni se diga Aldo Valerio e Iv\u00e1n Joseph Luna, de Comunicaci\u00f3n Social del Congreso local y Gobierno del Estado, respectivamente\u2026 pero los que se dec\u00edan mis amigos&#8230;)<\/span><\/p>\n<p><span style=\"font-weight: 400;\">Resumiendo: La Fiscal\u00eda General de Veracruz es Duartismo, Desaparecidos y las redes sociales de Jorge Winckler, por supuesto, dentro de la percepci\u00f3n que medi\u00e1ticamente se ha dado a este organismo aut\u00f3nomo.<\/span><\/p>\n<p><span style=\"font-weight: 400;\">Sin embargo, dejamos pasar por los asuntos pol\u00edticos, otros temas como puede ser la actuaci\u00f3n de la Fiscal\u00eda en cuesti\u00f3n de otros delitos que si bien, cada d\u00eda, circulan por las redes su trabajo, pasa inadvertido.<\/span><\/p>\n<p><span style=\"font-weight: 400;\">Por eso, cuando veo el informe de actividades que dio el pasado lunes, me pregunto: \u00bfY por qu\u00e9 no supimos de esto en la semana que pas\u00f3, pero s\u00ed del pleito ranchero que se traen el Gober Cuic, el secretario de Gobierno, el Congreso local contra el Fiscal?:<\/span><\/p>\n<p><span style=\"font-weight: 400;\">Se obtuvo sentencia condenatoria a una banda de secuestradores que operaba en la zona de Papantla; la Unidad Especializada en Combate al Secuestro (UECS) rescat\u00f3 con vida a una v\u00edctima y detuvo en flagrancia a 5 probables miembros de una banda de secuestradores que operaba en la zona sur del Estado. Las detenciones fueron legalizadas y el 6 de diciembre, fueron vinculados a proceso por el delito de secuestro agravado; la UECS rescat\u00f3 con vida a una v\u00edctima y detuvo en flagrancia a 4 estudiantes probables miembros de una banda de secuestradores que operaba en la zona centro del Estado; el pasado 3, la Fiscal\u00eda Especializada en Personas Desaparecidas logr\u00f3 la vinculaci\u00f3n a proceso de dos elementos de la Secretar\u00eda de Seguridad P\u00fablica del Estado, por su probable participaci\u00f3n en la desaparici\u00f3n forzada de Cristian Rom\u00e1n \u201cN\u201d, quien fuera detenido la madrugada del 5 de junio del a\u00f1o en curso en Coatzacoalcos, sin que hasta la fecha se tenga noticia de su suerte o paradero; el 6, la Fiscal\u00eda Especializada en Personas Desaparecidas logr\u00f3 la vinculaci\u00f3n a proceso de Patricio \u00abN\u00bb, por su probable participaci\u00f3n en los delitos de desaparici\u00f3n cometida por particulares y ocultamiento de cuerpos, cometidos en agravio de Rogelio \u201cV\u201d, hechos ocurridos en Xico, el 21 de junio de 2016.<\/span><\/p>\n<p><span style=\"font-weight: 400;\">Agregue que el d\u00eda 8 de diciembre, Magdaleno \u201cN\u201d priv\u00f3 de la vida de 37 pu\u00f1adas a quien fuera su pareja sentimental. Fue detenido a las pocas horas. Sume la detenci\u00f3n de cinco probables homicidas, tres responsables de abuso sexual, dos violadores, cinco pederastas, entre otros\u2026 todo esto, en una semana.<\/span><\/p>\n<p><span style=\"font-weight: 400;\">Los comunic\u00f3logos dir\u00e1n que hay una falla en el trabajo de difusi\u00f3n de la labor de la Fiscal\u00eda y que por eso, no se ve, o lo que es peor, \u00a1no se siente! Estoy de acuerdo.<\/span><\/p>\n<p><span style=\"font-weight: 400;\">Hay quienes dicen que si fuera pol\u00edtico, Jorge Winckler debe de poner su renuncia ante el Gobernador, y tambi\u00e9n estoy de acuerdo\u2026 deber\u00eda de hacer eso Jorge Winckler Ortiz\u2026 siempre y cuando fuera pol\u00edtico, pero no lo es\u2026 no es un pol\u00edtico, y su forma de ser lo demuestra\u2026 es el Fiscal, el Fiscal de la foto hincada, el de la paella, el del bloqueo, \u00e9se es el personaje que en medios se ha dibujado, cuyo trabajo lo concentran en uno o dos t\u00f3picos, pero del resto del trabajo poco se habla.<\/span><\/p>\n<p><span style=\"font-weight: 400;\">As\u00ed, en una semana de trabajo, expone a grosso modo los resultados de la labor de la Fiscal\u00eda\u2026 un trabajo que repercute en la sociedad\u2026 estar\u00eda bien que igual, el Gobernador, el secretario de Gobierno, el Congreso, nos dijeran qu\u00e9 hicieron en y por Veracruz en esta semana adem\u00e1s de prender el pinito de navidad.<\/span><\/p>\n<p>&nbsp;<\/p>\n<p><span style=\"font-weight: 400;\">smcainito@gmail.com<\/span><\/p>\n","protected":false},"excerpt":{"rendered":"<p>Salvador Mu\u00f1oz Los Pol\u00edticos La Fiscal\u00eda de Veracruz en cualquier estado del pa\u00eds y quiz\u00e1s del mundo, ser\u00eda vista con benepl\u00e1cito, s\u00f3lo por el hecho de haber actuado contra ex funcionarios de una administraci\u00f3n que cualquier ciudadano bien nacido de esta entidad, pudiera calificar de merecido el ejercicio de la Ley. Aunque ya lo hemos [&hellip;]<\/p>\n","protected":false},"author":2,"featured_media":0,"comment_status":"open","ping_status":"open","sticky":false,"template":"","format":"standard","meta":{"tdm_status":"","tdm_grid_status":"","footnotes":""},"categories":[70],"tags":[2473,13379,6150,2646,177,195],"class_list":{"0":"post-46122","1":"post","2":"type-post","3":"status-publish","4":"format-standard","6":"category-de-opinion","7":"tag-duartismo","8":"tag-fiscalia-de-veracruz","9":"tag-jorge-winckler-ortiz","10":"tag-salvador-munoz","11":"tag-seguridad-publica","12":"tag-veracruz"},"yoast_head":"<!-- This site is optimized with the Yoast SEO plugin v27.4 - https:\/\/yoast.com\/product\/yoast-seo-wordpress\/ -->\n<title>Winckler y el pinito de navidad - Los pol\u00edticos Veracruz<\/title>\n<meta name=\"robots\" content=\"index, follow, max-snippet:-1, max-image-preview:large, max-video-preview:-1\" \/>\n<link rel=\"canonical\" href=\"https:\/\/lospoliticosveracruz.com\/?p=46122\" \/>\n<meta property=\"og:locale\" content=\"es_ES\" \/>\n<meta property=\"og:type\" content=\"article\" \/>\n<meta property=\"og:title\" content=\"Winckler y el pinito de navidad - Los pol\u00edticos Veracruz\" \/>\n<meta property=\"og:description\" content=\"Salvador Mu\u00f1oz Los Pol\u00edticos La Fiscal\u00eda de Veracruz en cualquier estado del pa\u00eds y quiz\u00e1s del mundo, ser\u00eda vista con benepl\u00e1cito, s\u00f3lo por el hecho de haber actuado contra ex funcionarios de una administraci\u00f3n que cualquier ciudadano bien nacido de esta entidad, pudiera calificar de merecido el ejercicio de la Ley. Aunque ya lo hemos [&hellip;]\" \/>\n<meta property=\"og:url\" content=\"https:\/\/lospoliticosveracruz.com\/?p=46122\" \/>\n<meta property=\"og:site_name\" content=\"Los pol\u00edticos Veracruz\" \/>\n<meta property=\"article:publisher\" content=\"https:\/\/www.facebook.com\/people\/Notimemes-de-los-Polticos\/61565672886568\/\" \/>\n<meta property=\"article:published_time\" content=\"2018-12-12T04:18:23+00:00\" \/>\n<meta property=\"og:image\" content=\"https:\/\/lospoliticosveracruz.com\/wp-content\/uploads\/2016\/07\/Logo-Dor.jpg\" \/>\n\t<meta property=\"og:image:width\" content=\"200\" \/>\n\t<meta property=\"og:image:height\" content=\"200\" \/>\n\t<meta property=\"og:image:type\" content=\"image\/jpeg\" \/>\n<meta name=\"author\" content=\"Lo viste en Los Pol\u00edticos\" \/>\n<meta name=\"twitter:card\" content=\"summary_large_image\" \/>\n<meta name=\"twitter:creator\" content=\"@LosPoliticosVer\" \/>\n<meta name=\"twitter:site\" content=\"@LosPoliticosVer\" \/>\n<meta name=\"twitter:label1\" content=\"Escrito por\" \/>\n\t<meta name=\"twitter:data1\" content=\"Lo viste en Los Pol\u00edticos\" \/>\n\t<meta name=\"twitter:label2\" content=\"Tiempo de lectura\" \/>\n\t<meta name=\"twitter:data2\" content=\"5 minutos\" \/>\n<script type=\"application\/ld+json\" class=\"yoast-schema-graph\">{\"@context\":\"https:\\\/\\\/schema.org\",\"@graph\":[{\"@type\":\"Article\",\"@id\":\"https:\\\/\\\/lospoliticosveracruz.com\\\/?p=46122#article\",\"isPartOf\":{\"@id\":\"https:\\\/\\\/lospoliticosveracruz.com\\\/?p=46122\"},\"author\":{\"name\":\"Lo viste en Los Pol\u00edticos\",\"@id\":\"https:\\\/\\\/lospoliticosveracruz.com\\\/#\\\/schema\\\/person\\\/b8702bb0e538456e6efd07080bf2a4a2\"},\"headline\":\"Winckler y el pinito de navidad\",\"datePublished\":\"2018-12-12T04:18:23+00:00\",\"mainEntityOfPage\":{\"@id\":\"https:\\\/\\\/lospoliticosveracruz.com\\\/?p=46122\"},\"wordCount\":1017,\"commentCount\":0,\"publisher\":{\"@id\":\"https:\\\/\\\/lospoliticosveracruz.com\\\/#organization\"},\"keywords\":[\"Duartismo\",\"Fiscal\u00eda de Veracruz\",\"Jorge Winckler Ortiz\",\"Salvador Mu\u00f1oz\",\"Seguridad P\u00fablica\",\"Veracruz\"],\"articleSection\":[\"De Opini\u00f3n\"],\"inLanguage\":\"es\",\"potentialAction\":[{\"@type\":\"CommentAction\",\"name\":\"Comment\",\"target\":[\"https:\\\/\\\/lospoliticosveracruz.com\\\/?p=46122#respond\"]}]},{\"@type\":\"WebPage\",\"@id\":\"https:\\\/\\\/lospoliticosveracruz.com\\\/?p=46122\",\"url\":\"https:\\\/\\\/lospoliticosveracruz.com\\\/?p=46122\",\"name\":\"Winckler y el pinito de navidad - Los pol\u00edticos Veracruz\",\"isPartOf\":{\"@id\":\"https:\\\/\\\/lospoliticosveracruz.com\\\/#website\"},\"datePublished\":\"2018-12-12T04:18:23+00:00\",\"breadcrumb\":{\"@id\":\"https:\\\/\\\/lospoliticosveracruz.com\\\/?p=46122#breadcrumb\"},\"inLanguage\":\"es\",\"potentialAction\":[{\"@type\":\"ReadAction\",\"target\":[\"https:\\\/\\\/lospoliticosveracruz.com\\\/?p=46122\"]}]},{\"@type\":\"BreadcrumbList\",\"@id\":\"https:\\\/\\\/lospoliticosveracruz.com\\\/?p=46122#breadcrumb\",\"itemListElement\":[{\"@type\":\"ListItem\",\"position\":1,\"name\":\"Portada\",\"item\":\"https:\\\/\\\/lospoliticosveracruz.com\\\/\"},{\"@type\":\"ListItem\",\"position\":2,\"name\":\"Winckler y el pinito de navidad\"}]},{\"@type\":\"WebSite\",\"@id\":\"https:\\\/\\\/lospoliticosveracruz.com\\\/#website\",\"url\":\"https:\\\/\\\/lospoliticosveracruz.com\\\/\",\"name\":\"Los pol\u00edticos Veracruz\",\"description\":\"\",\"publisher\":{\"@id\":\"https:\\\/\\\/lospoliticosveracruz.com\\\/#organization\"},\"potentialAction\":[{\"@type\":\"SearchAction\",\"target\":{\"@type\":\"EntryPoint\",\"urlTemplate\":\"https:\\\/\\\/lospoliticosveracruz.com\\\/?s={search_term_string}\"},\"query-input\":{\"@type\":\"PropertyValueSpecification\",\"valueRequired\":true,\"valueName\":\"search_term_string\"}}],\"inLanguage\":\"es\"},{\"@type\":\"Organization\",\"@id\":\"https:\\\/\\\/lospoliticosveracruz.com\\\/#organization\",\"name\":\"Los pol\u00edticos Veracruz\",\"url\":\"https:\\\/\\\/lospoliticosveracruz.com\\\/\",\"logo\":{\"@type\":\"ImageObject\",\"inLanguage\":\"es\",\"@id\":\"https:\\\/\\\/lospoliticosveracruz.com\\\/#\\\/schema\\\/logo\\\/image\\\/\",\"url\":\"https:\\\/\\\/lospoliticosveracruz.com\\\/wp-content\\\/uploads\\\/2025\\\/12\\\/Logo-Nuevo-LOS-POLITICOS-1.jpg\",\"contentUrl\":\"https:\\\/\\\/lospoliticosveracruz.com\\\/wp-content\\\/uploads\\\/2025\\\/12\\\/Logo-Nuevo-LOS-POLITICOS-1.jpg\",\"width\":260,\"height\":70,\"caption\":\"Los pol\u00edticos Veracruz\"},\"image\":{\"@id\":\"https:\\\/\\\/lospoliticosveracruz.com\\\/#\\\/schema\\\/logo\\\/image\\\/\"},\"sameAs\":[\"https:\\\/\\\/www.facebook.com\\\/people\\\/Notimemes-de-los-Polticos\\\/61565672886568\\\/\",\"https:\\\/\\\/x.com\\\/LosPoliticosVer\"]},{\"@type\":\"Person\",\"@id\":\"https:\\\/\\\/lospoliticosveracruz.com\\\/#\\\/schema\\\/person\\\/b8702bb0e538456e6efd07080bf2a4a2\",\"name\":\"Lo viste en Los Pol\u00edticos\",\"image\":{\"@type\":\"ImageObject\",\"inLanguage\":\"es\",\"@id\":\"https:\\\/\\\/secure.gravatar.com\\\/avatar\\\/3a8de04a2656d44082be478bd6c086daa447c4651605818287b9532d3d0bd435?s=96&d=mm&r=g\",\"url\":\"https:\\\/\\\/secure.gravatar.com\\\/avatar\\\/3a8de04a2656d44082be478bd6c086daa447c4651605818287b9532d3d0bd435?s=96&d=mm&r=g\",\"contentUrl\":\"https:\\\/\\\/secure.gravatar.com\\\/avatar\\\/3a8de04a2656d44082be478bd6c086daa447c4651605818287b9532d3d0bd435?s=96&d=mm&r=g\",\"caption\":\"Lo viste en Los Pol\u00edticos\"},\"url\":\"https:\\\/\\\/lospoliticosveracruz.com\\\/?author=2\"}]}<\/script>\n<!-- \/ Yoast SEO plugin. -->","yoast_head_json":{"title":"Winckler y el pinito de navidad - Los pol\u00edticos Veracruz","robots":{"index":"index","follow":"follow","max-snippet":"max-snippet:-1","max-image-preview":"max-image-preview:large","max-video-preview":"max-video-preview:-1"},"canonical":"https:\/\/lospoliticosveracruz.com\/?p=46122","og_locale":"es_ES","og_type":"article","og_title":"Winckler y el pinito de navidad - Los pol\u00edticos Veracruz","og_description":"Salvador Mu\u00f1oz Los Pol\u00edticos La Fiscal\u00eda de Veracruz en cualquier estado del pa\u00eds y quiz\u00e1s del mundo, ser\u00eda vista con benepl\u00e1cito, s\u00f3lo por el hecho de haber actuado contra ex funcionarios de una administraci\u00f3n que cualquier ciudadano bien nacido de esta entidad, pudiera calificar de merecido el ejercicio de la Ley. Aunque ya lo hemos [&hellip;]","og_url":"https:\/\/lospoliticosveracruz.com\/?p=46122","og_site_name":"Los pol\u00edticos Veracruz","article_publisher":"https:\/\/www.facebook.com\/people\/Notimemes-de-los-Polticos\/61565672886568\/","article_published_time":"2018-12-12T04:18:23+00:00","og_image":[{"width":200,"height":200,"url":"https:\/\/lospoliticosveracruz.com\/wp-content\/uploads\/2016\/07\/Logo-Dor.jpg","type":"image\/jpeg"}],"author":"Lo viste en Los Pol\u00edticos","twitter_card":"summary_large_image","twitter_creator":"@LosPoliticosVer","twitter_site":"@LosPoliticosVer","twitter_misc":{"Escrito por":"Lo viste en Los Pol\u00edticos","Tiempo de lectura":"5 minutos"},"schema":{"@context":"https:\/\/schema.org","@graph":[{"@type":"Article","@id":"https:\/\/lospoliticosveracruz.com\/?p=46122#article","isPartOf":{"@id":"https:\/\/lospoliticosveracruz.com\/?p=46122"},"author":{"name":"Lo viste en Los Pol\u00edticos","@id":"https:\/\/lospoliticosveracruz.com\/#\/schema\/person\/b8702bb0e538456e6efd07080bf2a4a2"},"headline":"Winckler y el pinito de navidad","datePublished":"2018-12-12T04:18:23+00:00","mainEntityOfPage":{"@id":"https:\/\/lospoliticosveracruz.com\/?p=46122"},"wordCount":1017,"commentCount":0,"publisher":{"@id":"https:\/\/lospoliticosveracruz.com\/#organization"},"keywords":["Duartismo","Fiscal\u00eda de Veracruz","Jorge Winckler Ortiz","Salvador Mu\u00f1oz","Seguridad P\u00fablica","Veracruz"],"articleSection":["De Opini\u00f3n"],"inLanguage":"es","potentialAction":[{"@type":"CommentAction","name":"Comment","target":["https:\/\/lospoliticosveracruz.com\/?p=46122#respond"]}]},{"@type":"WebPage","@id":"https:\/\/lospoliticosveracruz.com\/?p=46122","url":"https:\/\/lospoliticosveracruz.com\/?p=46122","name":"Winckler y el pinito de navidad - Los pol\u00edticos Veracruz","isPartOf":{"@id":"https:\/\/lospoliticosveracruz.com\/#website"},"datePublished":"2018-12-12T04:18:23+00:00","breadcrumb":{"@id":"https:\/\/lospoliticosveracruz.com\/?p=46122#breadcrumb"},"inLanguage":"es","potentialAction":[{"@type":"ReadAction","target":["https:\/\/lospoliticosveracruz.com\/?p=46122"]}]},{"@type":"BreadcrumbList","@id":"https:\/\/lospoliticosveracruz.com\/?p=46122#breadcrumb","itemListElement":[{"@type":"ListItem","position":1,"name":"Portada","item":"https:\/\/lospoliticosveracruz.com\/"},{"@type":"ListItem","position":2,"name":"Winckler y el pinito de navidad"}]},{"@type":"WebSite","@id":"https:\/\/lospoliticosveracruz.com\/#website","url":"https:\/\/lospoliticosveracruz.com\/","name":"Los pol\u00edticos Veracruz","description":"","publisher":{"@id":"https:\/\/lospoliticosveracruz.com\/#organization"},"potentialAction":[{"@type":"SearchAction","target":{"@type":"EntryPoint","urlTemplate":"https:\/\/lospoliticosveracruz.com\/?s={search_term_string}"},"query-input":{"@type":"PropertyValueSpecification","valueRequired":true,"valueName":"search_term_string"}}],"inLanguage":"es"},{"@type":"Organization","@id":"https:\/\/lospoliticosveracruz.com\/#organization","name":"Los pol\u00edticos Veracruz","url":"https:\/\/lospoliticosveracruz.com\/","logo":{"@type":"ImageObject","inLanguage":"es","@id":"https:\/\/lospoliticosveracruz.com\/#\/schema\/logo\/image\/","url":"https:\/\/lospoliticosveracruz.com\/wp-content\/uploads\/2025\/12\/Logo-Nuevo-LOS-POLITICOS-1.jpg","contentUrl":"https:\/\/lospoliticosveracruz.com\/wp-content\/uploads\/2025\/12\/Logo-Nuevo-LOS-POLITICOS-1.jpg","width":260,"height":70,"caption":"Los pol\u00edticos Veracruz"},"image":{"@id":"https:\/\/lospoliticosveracruz.com\/#\/schema\/logo\/image\/"},"sameAs":["https:\/\/www.facebook.com\/people\/Notimemes-de-los-Polticos\/61565672886568\/","https:\/\/x.com\/LosPoliticosVer"]},{"@type":"Person","@id":"https:\/\/lospoliticosveracruz.com\/#\/schema\/person\/b8702bb0e538456e6efd07080bf2a4a2","name":"Lo viste en Los Pol\u00edticos","image":{"@type":"ImageObject","inLanguage":"es","@id":"https:\/\/secure.gravatar.com\/avatar\/3a8de04a2656d44082be478bd6c086daa447c4651605818287b9532d3d0bd435?s=96&d=mm&r=g","url":"https:\/\/secure.gravatar.com\/avatar\/3a8de04a2656d44082be478bd6c086daa447c4651605818287b9532d3d0bd435?s=96&d=mm&r=g","contentUrl":"https:\/\/secure.gravatar.com\/avatar\/3a8de04a2656d44082be478bd6c086daa447c4651605818287b9532d3d0bd435?s=96&d=mm&r=g","caption":"Lo viste en Los Pol\u00edticos"},"url":"https:\/\/lospoliticosveracruz.com\/?author=2"}]}},"_links":{"self":[{"href":"https:\/\/lospoliticosveracruz.com\/index.php?rest_route=\/wp\/v2\/posts\/46122","targetHints":{"allow":["GET"]}}],"collection":[{"href":"https:\/\/lospoliticosveracruz.com\/index.php?rest_route=\/wp\/v2\/posts"}],"about":[{"href":"https:\/\/lospoliticosveracruz.com\/index.php?rest_route=\/wp\/v2\/types\/post"}],"author":[{"embeddable":true,"href":"https:\/\/lospoliticosveracruz.com\/index.php?rest_route=\/wp\/v2\/users\/2"}],"replies":[{"embeddable":true,"href":"https:\/\/lospoliticosveracruz.com\/index.php?rest_route=%2Fwp%2Fv2%2Fcomments&post=46122"}],"version-history":[{"count":1,"href":"https:\/\/lospoliticosveracruz.com\/index.php?rest_route=\/wp\/v2\/posts\/46122\/revisions"}],"predecessor-version":[{"id":46124,"href":"https:\/\/lospoliticosveracruz.com\/index.php?rest_route=\/wp\/v2\/posts\/46122\/revisions\/46124"}],"wp:attachment":[{"href":"https:\/\/lospoliticosveracruz.com\/index.php?rest_route=%2Fwp%2Fv2%2Fmedia&parent=46122"}],"wp:term":[{"taxonomy":"category","embeddable":true,"href":"https:\/\/lospoliticosveracruz.com\/index.php?rest_route=%2Fwp%2Fv2%2Fcategories&post=46122"},{"taxonomy":"post_tag","embeddable":true,"href":"https:\/\/lospoliticosveracruz.com\/index.php?rest_route=%2Fwp%2Fv2%2Ftags&post=46122"}],"curies":[{"name":"wp","href":"https:\/\/api.w.org\/{rel}","templated":true}]}}