{"id":46166,"date":"2018-12-14T12:16:04","date_gmt":"2018-12-14T18:16:04","guid":{"rendered":"http:\/\/www.lospoliticosveracruz.com.mx\/?p=46166"},"modified":"2018-12-14T12:24:34","modified_gmt":"2018-12-14T18:24:34","slug":"falta-civilidad","status":"publish","type":"post","link":"https:\/\/lospoliticosveracruz.com\/?p=46166","title":{"rendered":"Falta civilidad"},"content":{"rendered":"<p><strong>Naldy Rodr\u00edguez<\/strong><\/p>\n<p><em>Transparencia 3.0<\/em><\/p>\n<p>Civilidad: Sustantivo femenino. Es la cualidad o caracter\u00edstica de lo sociable, cordial, moderaci\u00f3n, prudencia, templanza y la urbanidad, el buen comportamiento del ciudadano, dice un diccionario digital.<\/p>\n<p>Los aparentes avances en materia de derechos humanos y sentencias de avanzada para llegar a la reparaci\u00f3n integral del da\u00f1o y no repetici\u00f3n de violaciones se ven frenados cuando las abusos son parte del d\u00eda a d\u00eda, cuando el poderoso pisotea al m\u00e1s indefenso solo porque puede y quiere.<\/p>\n<p>Adem\u00e1s de las atrocidades que llegamos a escuchar o leer como el reciente asesinato de una mujer en una comunidad de Papantla cuando discut\u00eda con su esposo (el homicida) o la menor de edad originaria de Zozocolco v\u00edctima de violaci\u00f3n tumultuaria y despu\u00e9s herida letalmente.<\/p>\n<p>Poco o nada se valora la vida del pr\u00f3jimo en nuestra sociedad y se ve reflejado en el deshonroso primer lugar en feminicidios y el cuarto en homicidios. Sin duda, Veracruz ha vivido en los \u00faltimos a\u00f1os una descomposici\u00f3n en el tejido social&#8230; falta civilidad.<\/p>\n<p>En un reciente foro ciudadano por los Derechos Humanos organizado por \u201cContralor\u00eda Ciudadana Coatepec\u201d y \u201cReconstruyendo juntos acciones por M\u00e9xico\u201d en el que particip\u00e9, varios asistentes coincidieron en que falta regresar a lo elemental: \u00e9tica y civismo para que a trav\u00e9s de los valores se pueda\u00a0\u00a0 combatir la violencia y la discriminaci\u00f3n, no s\u00f3lo contra las mujeres, contra cualquier individuo sin importar sexo, raza o preferencias.<\/p>\n<p>Ya ni siquiera se imparte en el nivel b\u00e1sico esa materia, que es cuando tenemos m\u00e1s posibilidades de formar. La cambiaron por algo as\u00ed como habilidades del pensamiento. En el libro de textode primero y segundo a\u00f1o de primariase elimin\u00f3 de la ense\u00f1anza \u201cFormaci\u00f3n c\u00edvica y \u00a0\u00e9tica.<\/p>\n<p>Ojal\u00e1 consideraran el clamor de muchos padres y volvieran a incorporar\u00a0 la materia de civismo en todos los niveles educativos.<\/p>\n<p>Por lo pronto, \u201cContralor\u00eda Ciudadana Coatepec\u201d y \u201cReconstruyendo juntos acciones por M\u00e9xico\u201d\u00a0 se encuentran organizados \u201cpara tratar de hacer un cambio en la sociedad\u201d. La\u00a0 primera organizaci\u00f3n se integra por personas que fueron v\u00edctimas de la delincuencia y preocupados por la inseguridad decidieron hacerle frente.\u00a0 Al inicio tuvieron miedo, pero ahora lo asumen con responsabilidad y valor.<\/p>\n<p>Al final, a las tres ponentes que participamos en el conversatorio sobre Equidad de g\u00e9nero nos preguntaron \u00bfQu\u00e9 hacen para atender el tema de feminidicios? Yo, de alg\u00fan modo, trato de visibilizar y sensibilizar sobre los diferentes tipos de violencia y formas de discriminaci\u00f3n, contra la mujer y grupos vulnerables.\u00a0\u00a0 \u00bfT\u00fa qu\u00e9 haces?<\/p>\n<p>Twitter @ydlan<\/p>\n<p>Transparencia3.0@hotmail.com<\/p>\n","protected":false},"excerpt":{"rendered":"<p>Naldy Rodr\u00edguez Transparencia 3.0 Civilidad: Sustantivo femenino. Es la cualidad o caracter\u00edstica de lo sociable, cordial, moderaci\u00f3n, prudencia, templanza y la urbanidad, el buen comportamiento del ciudadano, dice un diccionario digital. Los aparentes avances en materia de derechos humanos y sentencias de avanzada para llegar a la reparaci\u00f3n integral del da\u00f1o y no repetici\u00f3n de [&hellip;]<\/p>\n","protected":false},"author":2,"featured_media":0,"comment_status":"open","ping_status":"open","sticky":false,"template":"","format":"standard","meta":{"tdm_status":"","tdm_grid_status":"","footnotes":""},"categories":[70],"tags":[13389,13354,4430,5281,3315,13362,4183],"class_list":{"0":"post-46166","1":"post","2":"type-post","3":"status-publish","4":"format-standard","6":"category-de-opinion","7":"tag-civilidad","8":"tag-contraloria-ciudadana-coatepec","9":"tag-derechos-humanos","10":"tag-naldy-rodriguez","11":"tag-papantla","12":"tag-reconstruyendo-juntos-acciones-por-mexico","13":"tag-zozocolco"},"yoast_head":"<!-- This site is optimized with the Yoast SEO plugin v27.4 - https:\/\/yoast.com\/product\/yoast-seo-wordpress\/ -->\n<title>Falta civilidad - Los pol\u00edticos Veracruz<\/title>\n<meta name=\"robots\" content=\"index, follow, max-snippet:-1, max-image-preview:large, max-video-preview:-1\" \/>\n<link rel=\"canonical\" href=\"https:\/\/lospoliticosveracruz.com\/?p=46166\" \/>\n<meta property=\"og:locale\" content=\"es_ES\" \/>\n<meta property=\"og:type\" content=\"article\" \/>\n<meta property=\"og:title\" content=\"Falta civilidad - Los pol\u00edticos Veracruz\" \/>\n<meta property=\"og:description\" content=\"Naldy Rodr\u00edguez Transparencia 3.0 Civilidad: Sustantivo femenino. Es la cualidad o caracter\u00edstica de lo sociable, cordial, moderaci\u00f3n, prudencia, templanza y la urbanidad, el buen comportamiento del ciudadano, dice un diccionario digital. Los aparentes avances en materia de derechos humanos y sentencias de avanzada para llegar a la reparaci\u00f3n integral del da\u00f1o y no repetici\u00f3n de [&hellip;]\" \/>\n<meta property=\"og:url\" content=\"https:\/\/lospoliticosveracruz.com\/?p=46166\" \/>\n<meta property=\"og:site_name\" content=\"Los pol\u00edticos Veracruz\" \/>\n<meta property=\"article:publisher\" content=\"https:\/\/www.facebook.com\/people\/Notimemes-de-los-Polticos\/61565672886568\/\" \/>\n<meta property=\"article:published_time\" content=\"2018-12-14T18:16:04+00:00\" \/>\n<meta property=\"article:modified_time\" content=\"2018-12-14T18:24:34+00:00\" \/>\n<meta property=\"og:image\" content=\"https:\/\/lospoliticosveracruz.com\/wp-content\/uploads\/2016\/07\/Logo-Dor.jpg\" \/>\n\t<meta property=\"og:image:width\" content=\"200\" \/>\n\t<meta property=\"og:image:height\" content=\"200\" \/>\n\t<meta property=\"og:image:type\" content=\"image\/jpeg\" \/>\n<meta name=\"author\" content=\"Lo viste en Los Pol\u00edticos\" \/>\n<meta name=\"twitter:card\" content=\"summary_large_image\" \/>\n<meta name=\"twitter:creator\" content=\"@LosPoliticosVer\" \/>\n<meta name=\"twitter:site\" content=\"@LosPoliticosVer\" \/>\n<meta name=\"twitter:label1\" content=\"Escrito por\" \/>\n\t<meta name=\"twitter:data1\" content=\"Lo viste en Los Pol\u00edticos\" \/>\n\t<meta name=\"twitter:label2\" content=\"Tiempo de lectura\" \/>\n\t<meta name=\"twitter:data2\" content=\"2 minutos\" \/>\n<script type=\"application\/ld+json\" class=\"yoast-schema-graph\">{\"@context\":\"https:\\\/\\\/schema.org\",\"@graph\":[{\"@type\":\"Article\",\"@id\":\"https:\\\/\\\/lospoliticosveracruz.com\\\/?p=46166#article\",\"isPartOf\":{\"@id\":\"https:\\\/\\\/lospoliticosveracruz.com\\\/?p=46166\"},\"author\":{\"name\":\"Lo viste en Los Pol\u00edticos\",\"@id\":\"https:\\\/\\\/lospoliticosveracruz.com\\\/#\\\/schema\\\/person\\\/b8702bb0e538456e6efd07080bf2a4a2\"},\"headline\":\"Falta civilidad\",\"datePublished\":\"2018-12-14T18:16:04+00:00\",\"dateModified\":\"2018-12-14T18:24:34+00:00\",\"mainEntityOfPage\":{\"@id\":\"https:\\\/\\\/lospoliticosveracruz.com\\\/?p=46166\"},\"wordCount\":454,\"commentCount\":0,\"publisher\":{\"@id\":\"https:\\\/\\\/lospoliticosveracruz.com\\\/#organization\"},\"keywords\":[\"civilidad\",\"Contralor\u00eda Ciudadana Coatepec\",\"derechos humanos\",\"Naldy Rodr\u00edguez\",\"Papantla\",\"Reconstruyendo Juntos Acciones por M\u00e9xico\",\"Zozocolco\"],\"articleSection\":[\"De Opini\u00f3n\"],\"inLanguage\":\"es\",\"potentialAction\":[{\"@type\":\"CommentAction\",\"name\":\"Comment\",\"target\":[\"https:\\\/\\\/lospoliticosveracruz.com\\\/?p=46166#respond\"]}]},{\"@type\":\"WebPage\",\"@id\":\"https:\\\/\\\/lospoliticosveracruz.com\\\/?p=46166\",\"url\":\"https:\\\/\\\/lospoliticosveracruz.com\\\/?p=46166\",\"name\":\"Falta civilidad - Los pol\u00edticos Veracruz\",\"isPartOf\":{\"@id\":\"https:\\\/\\\/lospoliticosveracruz.com\\\/#website\"},\"datePublished\":\"2018-12-14T18:16:04+00:00\",\"dateModified\":\"2018-12-14T18:24:34+00:00\",\"breadcrumb\":{\"@id\":\"https:\\\/\\\/lospoliticosveracruz.com\\\/?p=46166#breadcrumb\"},\"inLanguage\":\"es\",\"potentialAction\":[{\"@type\":\"ReadAction\",\"target\":[\"https:\\\/\\\/lospoliticosveracruz.com\\\/?p=46166\"]}]},{\"@type\":\"BreadcrumbList\",\"@id\":\"https:\\\/\\\/lospoliticosveracruz.com\\\/?p=46166#breadcrumb\",\"itemListElement\":[{\"@type\":\"ListItem\",\"position\":1,\"name\":\"Portada\",\"item\":\"https:\\\/\\\/lospoliticosveracruz.com\\\/\"},{\"@type\":\"ListItem\",\"position\":2,\"name\":\"Falta civilidad\"}]},{\"@type\":\"WebSite\",\"@id\":\"https:\\\/\\\/lospoliticosveracruz.com\\\/#website\",\"url\":\"https:\\\/\\\/lospoliticosveracruz.com\\\/\",\"name\":\"Los pol\u00edticos Veracruz\",\"description\":\"\",\"publisher\":{\"@id\":\"https:\\\/\\\/lospoliticosveracruz.com\\\/#organization\"},\"potentialAction\":[{\"@type\":\"SearchAction\",\"target\":{\"@type\":\"EntryPoint\",\"urlTemplate\":\"https:\\\/\\\/lospoliticosveracruz.com\\\/?s={search_term_string}\"},\"query-input\":{\"@type\":\"PropertyValueSpecification\",\"valueRequired\":true,\"valueName\":\"search_term_string\"}}],\"inLanguage\":\"es\"},{\"@type\":\"Organization\",\"@id\":\"https:\\\/\\\/lospoliticosveracruz.com\\\/#organization\",\"name\":\"Los pol\u00edticos Veracruz\",\"url\":\"https:\\\/\\\/lospoliticosveracruz.com\\\/\",\"logo\":{\"@type\":\"ImageObject\",\"inLanguage\":\"es\",\"@id\":\"https:\\\/\\\/lospoliticosveracruz.com\\\/#\\\/schema\\\/logo\\\/image\\\/\",\"url\":\"https:\\\/\\\/lospoliticosveracruz.com\\\/wp-content\\\/uploads\\\/2025\\\/12\\\/Logo-Nuevo-LOS-POLITICOS-1.jpg\",\"contentUrl\":\"https:\\\/\\\/lospoliticosveracruz.com\\\/wp-content\\\/uploads\\\/2025\\\/12\\\/Logo-Nuevo-LOS-POLITICOS-1.jpg\",\"width\":260,\"height\":70,\"caption\":\"Los pol\u00edticos Veracruz\"},\"image\":{\"@id\":\"https:\\\/\\\/lospoliticosveracruz.com\\\/#\\\/schema\\\/logo\\\/image\\\/\"},\"sameAs\":[\"https:\\\/\\\/www.facebook.com\\\/people\\\/Notimemes-de-los-Polticos\\\/61565672886568\\\/\",\"https:\\\/\\\/x.com\\\/LosPoliticosVer\"]},{\"@type\":\"Person\",\"@id\":\"https:\\\/\\\/lospoliticosveracruz.com\\\/#\\\/schema\\\/person\\\/b8702bb0e538456e6efd07080bf2a4a2\",\"name\":\"Lo viste en Los Pol\u00edticos\",\"image\":{\"@type\":\"ImageObject\",\"inLanguage\":\"es\",\"@id\":\"https:\\\/\\\/secure.gravatar.com\\\/avatar\\\/3a8de04a2656d44082be478bd6c086daa447c4651605818287b9532d3d0bd435?s=96&d=mm&r=g\",\"url\":\"https:\\\/\\\/secure.gravatar.com\\\/avatar\\\/3a8de04a2656d44082be478bd6c086daa447c4651605818287b9532d3d0bd435?s=96&d=mm&r=g\",\"contentUrl\":\"https:\\\/\\\/secure.gravatar.com\\\/avatar\\\/3a8de04a2656d44082be478bd6c086daa447c4651605818287b9532d3d0bd435?s=96&d=mm&r=g\",\"caption\":\"Lo viste en Los Pol\u00edticos\"},\"url\":\"https:\\\/\\\/lospoliticosveracruz.com\\\/?author=2\"}]}<\/script>\n<!-- \/ Yoast SEO plugin. -->","yoast_head_json":{"title":"Falta civilidad - Los pol\u00edticos Veracruz","robots":{"index":"index","follow":"follow","max-snippet":"max-snippet:-1","max-image-preview":"max-image-preview:large","max-video-preview":"max-video-preview:-1"},"canonical":"https:\/\/lospoliticosveracruz.com\/?p=46166","og_locale":"es_ES","og_type":"article","og_title":"Falta civilidad - Los pol\u00edticos Veracruz","og_description":"Naldy Rodr\u00edguez Transparencia 3.0 Civilidad: Sustantivo femenino. Es la cualidad o caracter\u00edstica de lo sociable, cordial, moderaci\u00f3n, prudencia, templanza y la urbanidad, el buen comportamiento del ciudadano, dice un diccionario digital. Los aparentes avances en materia de derechos humanos y sentencias de avanzada para llegar a la reparaci\u00f3n integral del da\u00f1o y no repetici\u00f3n de [&hellip;]","og_url":"https:\/\/lospoliticosveracruz.com\/?p=46166","og_site_name":"Los pol\u00edticos Veracruz","article_publisher":"https:\/\/www.facebook.com\/people\/Notimemes-de-los-Polticos\/61565672886568\/","article_published_time":"2018-12-14T18:16:04+00:00","article_modified_time":"2018-12-14T18:24:34+00:00","og_image":[{"width":200,"height":200,"url":"https:\/\/lospoliticosveracruz.com\/wp-content\/uploads\/2016\/07\/Logo-Dor.jpg","type":"image\/jpeg"}],"author":"Lo viste en Los Pol\u00edticos","twitter_card":"summary_large_image","twitter_creator":"@LosPoliticosVer","twitter_site":"@LosPoliticosVer","twitter_misc":{"Escrito por":"Lo viste en Los Pol\u00edticos","Tiempo de lectura":"2 minutos"},"schema":{"@context":"https:\/\/schema.org","@graph":[{"@type":"Article","@id":"https:\/\/lospoliticosveracruz.com\/?p=46166#article","isPartOf":{"@id":"https:\/\/lospoliticosveracruz.com\/?p=46166"},"author":{"name":"Lo viste en Los Pol\u00edticos","@id":"https:\/\/lospoliticosveracruz.com\/#\/schema\/person\/b8702bb0e538456e6efd07080bf2a4a2"},"headline":"Falta civilidad","datePublished":"2018-12-14T18:16:04+00:00","dateModified":"2018-12-14T18:24:34+00:00","mainEntityOfPage":{"@id":"https:\/\/lospoliticosveracruz.com\/?p=46166"},"wordCount":454,"commentCount":0,"publisher":{"@id":"https:\/\/lospoliticosveracruz.com\/#organization"},"keywords":["civilidad","Contralor\u00eda Ciudadana Coatepec","derechos humanos","Naldy Rodr\u00edguez","Papantla","Reconstruyendo Juntos Acciones por M\u00e9xico","Zozocolco"],"articleSection":["De Opini\u00f3n"],"inLanguage":"es","potentialAction":[{"@type":"CommentAction","name":"Comment","target":["https:\/\/lospoliticosveracruz.com\/?p=46166#respond"]}]},{"@type":"WebPage","@id":"https:\/\/lospoliticosveracruz.com\/?p=46166","url":"https:\/\/lospoliticosveracruz.com\/?p=46166","name":"Falta civilidad - Los pol\u00edticos Veracruz","isPartOf":{"@id":"https:\/\/lospoliticosveracruz.com\/#website"},"datePublished":"2018-12-14T18:16:04+00:00","dateModified":"2018-12-14T18:24:34+00:00","breadcrumb":{"@id":"https:\/\/lospoliticosveracruz.com\/?p=46166#breadcrumb"},"inLanguage":"es","potentialAction":[{"@type":"ReadAction","target":["https:\/\/lospoliticosveracruz.com\/?p=46166"]}]},{"@type":"BreadcrumbList","@id":"https:\/\/lospoliticosveracruz.com\/?p=46166#breadcrumb","itemListElement":[{"@type":"ListItem","position":1,"name":"Portada","item":"https:\/\/lospoliticosveracruz.com\/"},{"@type":"ListItem","position":2,"name":"Falta civilidad"}]},{"@type":"WebSite","@id":"https:\/\/lospoliticosveracruz.com\/#website","url":"https:\/\/lospoliticosveracruz.com\/","name":"Los pol\u00edticos Veracruz","description":"","publisher":{"@id":"https:\/\/lospoliticosveracruz.com\/#organization"},"potentialAction":[{"@type":"SearchAction","target":{"@type":"EntryPoint","urlTemplate":"https:\/\/lospoliticosveracruz.com\/?s={search_term_string}"},"query-input":{"@type":"PropertyValueSpecification","valueRequired":true,"valueName":"search_term_string"}}],"inLanguage":"es"},{"@type":"Organization","@id":"https:\/\/lospoliticosveracruz.com\/#organization","name":"Los pol\u00edticos Veracruz","url":"https:\/\/lospoliticosveracruz.com\/","logo":{"@type":"ImageObject","inLanguage":"es","@id":"https:\/\/lospoliticosveracruz.com\/#\/schema\/logo\/image\/","url":"https:\/\/lospoliticosveracruz.com\/wp-content\/uploads\/2025\/12\/Logo-Nuevo-LOS-POLITICOS-1.jpg","contentUrl":"https:\/\/lospoliticosveracruz.com\/wp-content\/uploads\/2025\/12\/Logo-Nuevo-LOS-POLITICOS-1.jpg","width":260,"height":70,"caption":"Los pol\u00edticos Veracruz"},"image":{"@id":"https:\/\/lospoliticosveracruz.com\/#\/schema\/logo\/image\/"},"sameAs":["https:\/\/www.facebook.com\/people\/Notimemes-de-los-Polticos\/61565672886568\/","https:\/\/x.com\/LosPoliticosVer"]},{"@type":"Person","@id":"https:\/\/lospoliticosveracruz.com\/#\/schema\/person\/b8702bb0e538456e6efd07080bf2a4a2","name":"Lo viste en Los Pol\u00edticos","image":{"@type":"ImageObject","inLanguage":"es","@id":"https:\/\/secure.gravatar.com\/avatar\/3a8de04a2656d44082be478bd6c086daa447c4651605818287b9532d3d0bd435?s=96&d=mm&r=g","url":"https:\/\/secure.gravatar.com\/avatar\/3a8de04a2656d44082be478bd6c086daa447c4651605818287b9532d3d0bd435?s=96&d=mm&r=g","contentUrl":"https:\/\/secure.gravatar.com\/avatar\/3a8de04a2656d44082be478bd6c086daa447c4651605818287b9532d3d0bd435?s=96&d=mm&r=g","caption":"Lo viste en Los Pol\u00edticos"},"url":"https:\/\/lospoliticosveracruz.com\/?author=2"}]}},"_links":{"self":[{"href":"https:\/\/lospoliticosveracruz.com\/index.php?rest_route=\/wp\/v2\/posts\/46166","targetHints":{"allow":["GET"]}}],"collection":[{"href":"https:\/\/lospoliticosveracruz.com\/index.php?rest_route=\/wp\/v2\/posts"}],"about":[{"href":"https:\/\/lospoliticosveracruz.com\/index.php?rest_route=\/wp\/v2\/types\/post"}],"author":[{"embeddable":true,"href":"https:\/\/lospoliticosveracruz.com\/index.php?rest_route=\/wp\/v2\/users\/2"}],"replies":[{"embeddable":true,"href":"https:\/\/lospoliticosveracruz.com\/index.php?rest_route=%2Fwp%2Fv2%2Fcomments&post=46166"}],"version-history":[{"count":2,"href":"https:\/\/lospoliticosveracruz.com\/index.php?rest_route=\/wp\/v2\/posts\/46166\/revisions"}],"predecessor-version":[{"id":46169,"href":"https:\/\/lospoliticosveracruz.com\/index.php?rest_route=\/wp\/v2\/posts\/46166\/revisions\/46169"}],"wp:attachment":[{"href":"https:\/\/lospoliticosveracruz.com\/index.php?rest_route=%2Fwp%2Fv2%2Fmedia&parent=46166"}],"wp:term":[{"taxonomy":"category","embeddable":true,"href":"https:\/\/lospoliticosveracruz.com\/index.php?rest_route=%2Fwp%2Fv2%2Fcategories&post=46166"},{"taxonomy":"post_tag","embeddable":true,"href":"https:\/\/lospoliticosveracruz.com\/index.php?rest_route=%2Fwp%2Fv2%2Ftags&post=46166"}],"curies":[{"name":"wp","href":"https:\/\/api.w.org\/{rel}","templated":true}]}}